{"id":9673,"date":"2019-04-25T12:30:12","date_gmt":"2019-04-25T15:30:12","guid":{"rendered":"http:\/\/www.scuola.cl\/sivm\/?p=9673"},"modified":"2019-04-25T12:31:34","modified_gmt":"2019-04-25T15:31:34","slug":"opera-la-forza-del-destino","status":"publish","type":"post","link":"https:\/\/www.scuola.cl\/sivm\/opera-la-forza-del-destino\/","title":{"rendered":"\u00d3pera \u201cLa Forza del Destino\u201d"},"content":{"rendered":"\n<p><\/p>\n\n\n\n<p><\/p>\n\n\n\n<p>Como es tradici\u00f3n en la Scuola, los\nalumnos de IV Medio invitados por el colegio, asistieron al Teatro Municipal de\nSantiago. En esta ocasi\u00f3n tuvieron la oportunidad de ver la \u00d3pera \u201cLa Forza del\nDestino\u201d del compositor italiano Giuseppe Verdi.<\/p>\n\n\n\n<p>Los estudiantes, acompa\u00f1ados por un\ngrupo de profesores y personal de la Scuola, pudieron disfrutar de esta\naclamada \u00f3pera que no se representaba en Chile hace 60 a\u00f1os.<\/p>\n\n\n\n<p>Semanas antes los alumnos tuvieron\nuna charla a cargo de Gianpaolo Martelli, experto en m\u00fasica docta y Giuseppe\nVerdi, quien les hizo una interesante ponencia sobre esta obra contando\nsignificativos detalles, lo que les permiti\u00f3 enfrentarse a la \u00f3pera de una\nmanera mucho m\u00e1s preparada. <\/p>\n\n\n\n<p>Destacamos el excelente\ncomportamiento de los alumnos tanto fuera como dentro del teatro.<\/p>\n\n\n\n<p><strong>Complimenti<\/strong>!<\/p>\n\n\n\n<p><\/p>\n\n\n\n<p><a href=\"https:\/\/www.facebook.com\/scuolaitaliana.santiago\/photos\/pcb.1300564173424890\/1300563556758285\/?type=3&amp;theater\">Galer\u00eda de fotos<\/a><\/p>\n\n\n\n<figure class=\"wp-block-image\"><img loading=\"lazy\" decoding=\"async\" width=\"700\" height=\"474\" src=\"http:\/\/www.scuola.cl\/sivm\/wp-content\/uploads\/2019\/04\/opera-2-web-700x474.jpg\" alt=\"\" class=\"wp-image-9675\" srcset=\"https:\/\/www.scuola.cl\/sivm\/wp-content\/uploads\/2019\/04\/opera-2-web-700x474.jpg 700w, https:\/\/www.scuola.cl\/sivm\/wp-content\/uploads\/2019\/04\/opera-2-web-250x169.jpg 250w, https:\/\/www.scuola.cl\/sivm\/wp-content\/uploads\/2019\/04\/opera-2-web-768x521.jpg 768w, https:\/\/www.scuola.cl\/sivm\/wp-content\/uploads\/2019\/04\/opera-2-web-120x81.jpg 120w, https:\/\/www.scuola.cl\/sivm\/wp-content\/uploads\/2019\/04\/opera-2-web.jpg 900w\" sizes=\"auto, (max-width: 700px) 100vw, 700px\" \/><\/figure>\n","protected":false},"excerpt":{"rendered":"Como es tradici\u00f3n en la Scuola, los alumnos de IV invitados por el colegio, asistieron al Teatro Municipal. En esta ocasi\u00f3n tuvieron la oportunidad de ver la \u00d3pera \u201cLa Forza del Destino\u201d del compositor italiano Giuseppe Verdi.","protected":false},"author":2,"featured_media":9674,"comment_status":"open","ping_status":"open","sticky":false,"template":"","format":"standard","meta":{"_acf_changed":false,"footnotes":""},"categories":[22,5,24],"tags":[],"class_list":["post-9673","post","type-post","status-publish","format-standard","has-post-thumbnail","hentry","category-cultura","category-noticias","category-scuola"],"acf":[],"yoast_head":"<!-- This site is optimized with the Yoast SEO plugin v27.1.1 - https:\/\/yoast.com\/product\/yoast-seo-wordpress\/ -->\n<title>\u00d3pera \u201cLa Forza del Destino\u201d - Scuola Italiana<\/title>\n<meta name=\"robots\" content=\"index, follow, max-snippet:-1, max-image-preview:large, max-video-preview:-1\" \/>\n<link rel=\"canonical\" href=\"https:\/\/www.scuola.cl\/sivm\/opera-la-forza-del-destino\/\" \/>\n<meta property=\"og:locale\" content=\"es_ES\" \/>\n<meta property=\"og:type\" content=\"article\" \/>\n<meta property=\"og:title\" content=\"\u00d3pera \u201cLa Forza del Destino\u201d - Scuola Italiana\" \/>\n<meta property=\"og:description\" content=\"Como es tradici\u00f3n en la Scuola, los alumnos de IV invitados por el colegio, asistieron al Teatro Municipal. En esta ocasi\u00f3n tuvieron la oportunidad de ver la \u00d3pera \u201cLa Forza del Destino\u201d del compositor italiano Giuseppe Verdi.\" \/>\n<meta property=\"og:url\" content=\"https:\/\/www.scuola.cl\/sivm\/opera-la-forza-del-destino\/\" \/>\n<meta property=\"og:site_name\" content=\"Scuola Italiana\" \/>\n<meta property=\"article:published_time\" content=\"2019-04-25T15:30:12+00:00\" \/>\n<meta property=\"article:modified_time\" content=\"2019-04-25T15:31:34+00:00\" \/>\n<meta property=\"og:image\" content=\"https:\/\/www.scuola.cl\/sivm\/wp-content\/uploads\/2019\/04\/opera-web.jpg\" \/>\n\t<meta property=\"og:image:width\" content=\"900\" \/>\n\t<meta property=\"og:image:height\" content=\"610\" \/>\n\t<meta property=\"og:image:type\" content=\"image\/jpeg\" \/>\n<meta name=\"author\" content=\"Comunicaciones\" \/>\n<meta name=\"twitter:card\" content=\"summary_large_image\" \/>\n<meta name=\"twitter:label1\" content=\"Escrito por\" \/>\n\t<meta name=\"twitter:data1\" content=\"Comunicaciones\" \/>\n\t<meta name=\"twitter:label2\" content=\"Tiempo de lectura\" \/>\n\t<meta name=\"twitter:data2\" content=\"1 minuto\" \/>\n<script type=\"application\/ld+json\" class=\"yoast-schema-graph\">{\"@context\":\"https:\/\/schema.org\",\"@graph\":[{\"@type\":\"Article\",\"@id\":\"https:\/\/www.scuola.cl\/sivm\/opera-la-forza-del-destino\/#article\",\"isPartOf\":{\"@id\":\"https:\/\/www.scuola.cl\/sivm\/opera-la-forza-del-destino\/\"},\"author\":{\"name\":\"Comunicaciones\",\"@id\":\"https:\/\/www.scuola.cl\/sivm\/#\/schema\/person\/2ac68abc1b548ee6d8e16c4d3727d1b2\"},\"headline\":\"\u00d3pera \u201cLa Forza del Destino\u201d\",\"datePublished\":\"2019-04-25T15:30:12+00:00\",\"dateModified\":\"2019-04-25T15:31:34+00:00\",\"mainEntityOfPage\":{\"@id\":\"https:\/\/www.scuola.cl\/sivm\/opera-la-forza-del-destino\/\"},\"wordCount\":141,\"commentCount\":0,\"publisher\":{\"@id\":\"https:\/\/www.scuola.cl\/sivm\/#organization\"},\"image\":{\"@id\":\"https:\/\/www.scuola.cl\/sivm\/opera-la-forza-del-destino\/#primaryimage\"},\"thumbnailUrl\":\"https:\/\/www.scuola.cl\/sivm\/wp-content\/uploads\/2019\/04\/opera-web.jpg\",\"articleSection\":[\"Cultura\",\"Noticias\",\"Scuola\"],\"inLanguage\":\"es\",\"potentialAction\":[{\"@type\":\"CommentAction\",\"name\":\"Comment\",\"target\":[\"https:\/\/www.scuola.cl\/sivm\/opera-la-forza-del-destino\/#respond\"]}]},{\"@type\":\"WebPage\",\"@id\":\"https:\/\/www.scuola.cl\/sivm\/opera-la-forza-del-destino\/\",\"url\":\"https:\/\/www.scuola.cl\/sivm\/opera-la-forza-del-destino\/\",\"name\":\"\u00d3pera \u201cLa Forza del Destino\u201d - Scuola Italiana\",\"isPartOf\":{\"@id\":\"https:\/\/www.scuola.cl\/sivm\/#website\"},\"primaryImageOfPage\":{\"@id\":\"https:\/\/www.scuola.cl\/sivm\/opera-la-forza-del-destino\/#primaryimage\"},\"image\":{\"@id\":\"https:\/\/www.scuola.cl\/sivm\/opera-la-forza-del-destino\/#primaryimage\"},\"thumbnailUrl\":\"https:\/\/www.scuola.cl\/sivm\/wp-content\/uploads\/2019\/04\/opera-web.jpg\",\"datePublished\":\"2019-04-25T15:30:12+00:00\",\"dateModified\":\"2019-04-25T15:31:34+00:00\",\"breadcrumb\":{\"@id\":\"https:\/\/www.scuola.cl\/sivm\/opera-la-forza-del-destino\/#breadcrumb\"},\"inLanguage\":\"es\",\"potentialAction\":[{\"@type\":\"ReadAction\",\"target\":[\"https:\/\/www.scuola.cl\/sivm\/opera-la-forza-del-destino\/\"]}]},{\"@type\":\"ImageObject\",\"inLanguage\":\"es\",\"@id\":\"https:\/\/www.scuola.cl\/sivm\/opera-la-forza-del-destino\/#primaryimage\",\"url\":\"https:\/\/www.scuola.cl\/sivm\/wp-content\/uploads\/2019\/04\/opera-web.jpg\",\"contentUrl\":\"https:\/\/www.scuola.cl\/sivm\/wp-content\/uploads\/2019\/04\/opera-web.jpg\",\"width\":900,\"height\":610},{\"@type\":\"BreadcrumbList\",\"@id\":\"https:\/\/www.scuola.cl\/sivm\/opera-la-forza-del-destino\/#breadcrumb\",\"itemListElement\":[{\"@type\":\"ListItem\",\"position\":1,\"name\":\"Inicio\",\"item\":\"https:\/\/www.scuola.cl\/sivm\/\"},{\"@type\":\"ListItem\",\"position\":2,\"name\":\"Noticias\",\"item\":\"https:\/\/www.scuola.cl\/sivm\/category\/noticias\/\"},{\"@type\":\"ListItem\",\"position\":3,\"name\":\"Hist\u00f3ricos\",\"item\":\"https:\/\/www.scuola.cl\/sivm\/category\/noticias\/historicos\/\"},{\"@type\":\"ListItem\",\"position\":4,\"name\":\"Scuola\",\"item\":\"https:\/\/www.scuola.cl\/sivm\/category\/noticias\/historicos\/scuola\/\"},{\"@type\":\"ListItem\",\"position\":5,\"name\":\"\u00d3pera \u201cLa Forza del Destino\u201d\"}]},{\"@type\":\"WebSite\",\"@id\":\"https:\/\/www.scuola.cl\/sivm\/#website\",\"url\":\"https:\/\/www.scuola.cl\/sivm\/\",\"name\":\"Scuola Italiana\",\"description\":\"Vittorio Montiglio\",\"publisher\":{\"@id\":\"https:\/\/www.scuola.cl\/sivm\/#organization\"},\"potentialAction\":[{\"@type\":\"SearchAction\",\"target\":{\"@type\":\"EntryPoint\",\"urlTemplate\":\"https:\/\/www.scuola.cl\/sivm\/?s={search_term_string}\"},\"query-input\":{\"@type\":\"PropertyValueSpecification\",\"valueRequired\":true,\"valueName\":\"search_term_string\"}}],\"inLanguage\":\"es\"},{\"@type\":\"Organization\",\"@id\":\"https:\/\/www.scuola.cl\/sivm\/#organization\",\"name\":\"Scuola Italiana Vittorio Montiglio\",\"url\":\"https:\/\/www.scuola.cl\/sivm\/\",\"logo\":{\"@type\":\"ImageObject\",\"inLanguage\":\"es\",\"@id\":\"https:\/\/www.scuola.cl\/sivm\/#\/schema\/logo\/image\/\",\"url\":\"https:\/\/www.scuola.cl\/sivm\/wp-content\/uploads\/2019\/06\/Logo_Scuola-01-001-1000x1000.png\",\"contentUrl\":\"https:\/\/www.scuola.cl\/sivm\/wp-content\/uploads\/2019\/06\/Logo_Scuola-01-001-1000x1000.png\",\"width\":1000,\"height\":1000,\"caption\":\"Scuola Italiana Vittorio Montiglio\"},\"image\":{\"@id\":\"https:\/\/www.scuola.cl\/sivm\/#\/schema\/logo\/image\/\"}},{\"@type\":\"Person\",\"@id\":\"https:\/\/www.scuola.cl\/sivm\/#\/schema\/person\/2ac68abc1b548ee6d8e16c4d3727d1b2\",\"name\":\"Comunicaciones\",\"image\":{\"@type\":\"ImageObject\",\"inLanguage\":\"es\",\"@id\":\"https:\/\/www.scuola.cl\/sivm\/#\/schema\/person\/image\/\",\"url\":\"https:\/\/secure.gravatar.com\/avatar\/0b29fd7cdce1ec9939eded19ce85d6ed73acf03fb52d098b0641aed356fe6aeb?s=96&d=mm&r=g\",\"contentUrl\":\"https:\/\/secure.gravatar.com\/avatar\/0b29fd7cdce1ec9939eded19ce85d6ed73acf03fb52d098b0641aed356fe6aeb?s=96&d=mm&r=g\",\"caption\":\"Comunicaciones\"},\"url\":\"https:\/\/www.scuola.cl\/sivm\/author\/comunicaciones-scuola\/\"}]}<\/script>\n<!-- \/ Yoast SEO plugin. -->","yoast_head_json":{"title":"\u00d3pera \u201cLa Forza del Destino\u201d - Scuola Italiana","robots":{"index":"index","follow":"follow","max-snippet":"max-snippet:-1","max-image-preview":"max-image-preview:large","max-video-preview":"max-video-preview:-1"},"canonical":"https:\/\/www.scuola.cl\/sivm\/opera-la-forza-del-destino\/","og_locale":"es_ES","og_type":"article","og_title":"\u00d3pera \u201cLa Forza del Destino\u201d - Scuola Italiana","og_description":"Como es tradici\u00f3n en la Scuola, los alumnos de IV invitados por el colegio, asistieron al Teatro Municipal. En esta ocasi\u00f3n tuvieron la oportunidad de ver la \u00d3pera \u201cLa Forza del Destino\u201d del compositor italiano Giuseppe Verdi.","og_url":"https:\/\/www.scuola.cl\/sivm\/opera-la-forza-del-destino\/","og_site_name":"Scuola Italiana","article_published_time":"2019-04-25T15:30:12+00:00","article_modified_time":"2019-04-25T15:31:34+00:00","og_image":[{"width":900,"height":610,"url":"https:\/\/www.scuola.cl\/sivm\/wp-content\/uploads\/2019\/04\/opera-web.jpg","type":"image\/jpeg"}],"author":"Comunicaciones","twitter_card":"summary_large_image","twitter_misc":{"Escrito por":"Comunicaciones","Tiempo de lectura":"1 minuto"},"schema":{"@context":"https:\/\/schema.org","@graph":[{"@type":"Article","@id":"https:\/\/www.scuola.cl\/sivm\/opera-la-forza-del-destino\/#article","isPartOf":{"@id":"https:\/\/www.scuola.cl\/sivm\/opera-la-forza-del-destino\/"},"author":{"name":"Comunicaciones","@id":"https:\/\/www.scuola.cl\/sivm\/#\/schema\/person\/2ac68abc1b548ee6d8e16c4d3727d1b2"},"headline":"\u00d3pera \u201cLa Forza del Destino\u201d","datePublished":"2019-04-25T15:30:12+00:00","dateModified":"2019-04-25T15:31:34+00:00","mainEntityOfPage":{"@id":"https:\/\/www.scuola.cl\/sivm\/opera-la-forza-del-destino\/"},"wordCount":141,"commentCount":0,"publisher":{"@id":"https:\/\/www.scuola.cl\/sivm\/#organization"},"image":{"@id":"https:\/\/www.scuola.cl\/sivm\/opera-la-forza-del-destino\/#primaryimage"},"thumbnailUrl":"https:\/\/www.scuola.cl\/sivm\/wp-content\/uploads\/2019\/04\/opera-web.jpg","articleSection":["Cultura","Noticias","Scuola"],"inLanguage":"es","potentialAction":[{"@type":"CommentAction","name":"Comment","target":["https:\/\/www.scuola.cl\/sivm\/opera-la-forza-del-destino\/#respond"]}]},{"@type":"WebPage","@id":"https:\/\/www.scuola.cl\/sivm\/opera-la-forza-del-destino\/","url":"https:\/\/www.scuola.cl\/sivm\/opera-la-forza-del-destino\/","name":"\u00d3pera \u201cLa Forza del Destino\u201d - Scuola Italiana","isPartOf":{"@id":"https:\/\/www.scuola.cl\/sivm\/#website"},"primaryImageOfPage":{"@id":"https:\/\/www.scuola.cl\/sivm\/opera-la-forza-del-destino\/#primaryimage"},"image":{"@id":"https:\/\/www.scuola.cl\/sivm\/opera-la-forza-del-destino\/#primaryimage"},"thumbnailUrl":"https:\/\/www.scuola.cl\/sivm\/wp-content\/uploads\/2019\/04\/opera-web.jpg","datePublished":"2019-04-25T15:30:12+00:00","dateModified":"2019-04-25T15:31:34+00:00","breadcrumb":{"@id":"https:\/\/www.scuola.cl\/sivm\/opera-la-forza-del-destino\/#breadcrumb"},"inLanguage":"es","potentialAction":[{"@type":"ReadAction","target":["https:\/\/www.scuola.cl\/sivm\/opera-la-forza-del-destino\/"]}]},{"@type":"ImageObject","inLanguage":"es","@id":"https:\/\/www.scuola.cl\/sivm\/opera-la-forza-del-destino\/#primaryimage","url":"https:\/\/www.scuola.cl\/sivm\/wp-content\/uploads\/2019\/04\/opera-web.jpg","contentUrl":"https:\/\/www.scuola.cl\/sivm\/wp-content\/uploads\/2019\/04\/opera-web.jpg","width":900,"height":610},{"@type":"BreadcrumbList","@id":"https:\/\/www.scuola.cl\/sivm\/opera-la-forza-del-destino\/#breadcrumb","itemListElement":[{"@type":"ListItem","position":1,"name":"Inicio","item":"https:\/\/www.scuola.cl\/sivm\/"},{"@type":"ListItem","position":2,"name":"Noticias","item":"https:\/\/www.scuola.cl\/sivm\/category\/noticias\/"},{"@type":"ListItem","position":3,"name":"Hist\u00f3ricos","item":"https:\/\/www.scuola.cl\/sivm\/category\/noticias\/historicos\/"},{"@type":"ListItem","position":4,"name":"Scuola","item":"https:\/\/www.scuola.cl\/sivm\/category\/noticias\/historicos\/scuola\/"},{"@type":"ListItem","position":5,"name":"\u00d3pera \u201cLa Forza del Destino\u201d"}]},{"@type":"WebSite","@id":"https:\/\/www.scuola.cl\/sivm\/#website","url":"https:\/\/www.scuola.cl\/sivm\/","name":"Scuola Italiana","description":"Vittorio Montiglio","publisher":{"@id":"https:\/\/www.scuola.cl\/sivm\/#organization"},"potentialAction":[{"@type":"SearchAction","target":{"@type":"EntryPoint","urlTemplate":"https:\/\/www.scuola.cl\/sivm\/?s={search_term_string}"},"query-input":{"@type":"PropertyValueSpecification","valueRequired":true,"valueName":"search_term_string"}}],"inLanguage":"es"},{"@type":"Organization","@id":"https:\/\/www.scuola.cl\/sivm\/#organization","name":"Scuola Italiana Vittorio Montiglio","url":"https:\/\/www.scuola.cl\/sivm\/","logo":{"@type":"ImageObject","inLanguage":"es","@id":"https:\/\/www.scuola.cl\/sivm\/#\/schema\/logo\/image\/","url":"https:\/\/www.scuola.cl\/sivm\/wp-content\/uploads\/2019\/06\/Logo_Scuola-01-001-1000x1000.png","contentUrl":"https:\/\/www.scuola.cl\/sivm\/wp-content\/uploads\/2019\/06\/Logo_Scuola-01-001-1000x1000.png","width":1000,"height":1000,"caption":"Scuola Italiana Vittorio Montiglio"},"image":{"@id":"https:\/\/www.scuola.cl\/sivm\/#\/schema\/logo\/image\/"}},{"@type":"Person","@id":"https:\/\/www.scuola.cl\/sivm\/#\/schema\/person\/2ac68abc1b548ee6d8e16c4d3727d1b2","name":"Comunicaciones","image":{"@type":"ImageObject","inLanguage":"es","@id":"https:\/\/www.scuola.cl\/sivm\/#\/schema\/person\/image\/","url":"https:\/\/secure.gravatar.com\/avatar\/0b29fd7cdce1ec9939eded19ce85d6ed73acf03fb52d098b0641aed356fe6aeb?s=96&d=mm&r=g","contentUrl":"https:\/\/secure.gravatar.com\/avatar\/0b29fd7cdce1ec9939eded19ce85d6ed73acf03fb52d098b0641aed356fe6aeb?s=96&d=mm&r=g","caption":"Comunicaciones"},"url":"https:\/\/www.scuola.cl\/sivm\/author\/comunicaciones-scuola\/"}]}},"_links":{"self":[{"href":"https:\/\/www.scuola.cl\/sivm\/wp-json\/wp\/v2\/posts\/9673","targetHints":{"allow":["GET"]}}],"collection":[{"href":"https:\/\/www.scuola.cl\/sivm\/wp-json\/wp\/v2\/posts"}],"about":[{"href":"https:\/\/www.scuola.cl\/sivm\/wp-json\/wp\/v2\/types\/post"}],"author":[{"embeddable":true,"href":"https:\/\/www.scuola.cl\/sivm\/wp-json\/wp\/v2\/users\/2"}],"replies":[{"embeddable":true,"href":"https:\/\/www.scuola.cl\/sivm\/wp-json\/wp\/v2\/comments?post=9673"}],"version-history":[{"count":2,"href":"https:\/\/www.scuola.cl\/sivm\/wp-json\/wp\/v2\/posts\/9673\/revisions"}],"predecessor-version":[{"id":9677,"href":"https:\/\/www.scuola.cl\/sivm\/wp-json\/wp\/v2\/posts\/9673\/revisions\/9677"}],"wp:featuredmedia":[{"embeddable":true,"href":"https:\/\/www.scuola.cl\/sivm\/wp-json\/wp\/v2\/media\/9674"}],"wp:attachment":[{"href":"https:\/\/www.scuola.cl\/sivm\/wp-json\/wp\/v2\/media?parent=9673"}],"wp:term":[{"taxonomy":"category","embeddable":true,"href":"https:\/\/www.scuola.cl\/sivm\/wp-json\/wp\/v2\/categories?post=9673"},{"taxonomy":"post_tag","embeddable":true,"href":"https:\/\/www.scuola.cl\/sivm\/wp-json\/wp\/v2\/tags?post=9673"}],"curies":[{"name":"wp","href":"https:\/\/api.w.org\/{rel}","templated":true}]}}