{"id":7644,"date":"2018-08-13T13:11:37","date_gmt":"2018-08-13T16:11:37","guid":{"rendered":"http:\/\/www.scuola.cl\/sivm\/?p=7644"},"modified":"2018-08-23T10:36:30","modified_gmt":"2018-08-23T13:36:30","slug":"proyecto-grabando-cielo","status":"publish","type":"post","link":"https:\/\/www.scuola.cl\/sivm\/proyecto-grabando-cielo\/","title":{"rendered":"Proyecto \u00abGrabando el Cielo\u00bb"},"content":{"rendered":"<p>Los Diferenciados de Arte y Matem\u00e1ticas de III medio formar\u00e1n parte del proyecto educativo \u00abGrabando el Cielo\u00bb, que organiza el programa de Outreach del Simons Observatory (SO)*.<br \/>\nLa primera actividad se desarroll\u00f3 el lunes 13 de agosto, con una charla a cargo del astr\u00f3nomo italiano Paolo Calisse, quien expuso al grupo de alumnos, sobre el trabajo que desarrollan en el observatorio.<\/p>\n<div class=\"text_exposed_show\">\n<p>Luego los alumnos, a trav\u00e9s de la t\u00e9cnica del grabado, deber\u00e1n elaborar im\u00e1genes inspiradas en el trabajo de investigaci\u00f3n que se realiza en este observatorio, los que ser\u00e1n publicados en un libro, vinculando de esta manera las ciencias y el arte.<\/p>\n<p>* Simons Observatory (SO), es un observatorio astron\u00f3mico que se desarrollar\u00e1 en los pr\u00f3ximos a\u00f1os en nuestro pa\u00eds y se ubicar\u00e1 en el Alto Desierto de Atacama. Su objetivo principal estar\u00e1 enfocado en el estudio del origen del universo, c\u00f3mo comenz\u00f3, de qu\u00e9 est\u00e1 hecho y c\u00f3mo evolucion\u00f3 hasta su estado actual.<\/p>\n<p>&nbsp;<\/p>\n<\/div>\n<p><img loading=\"lazy\" decoding=\"async\" width=\"700\" height=\"474\" class=\"alignnone size-large wp-image-7638\" src=\"http:\/\/www.scuola.cl\/sivm\/wp-content\/uploads\/2018\/08\/grabando-el-cielo-700x474.jpg\" alt=\"grabando el cielo\" srcset=\"https:\/\/www.scuola.cl\/sivm\/wp-content\/uploads\/2018\/08\/grabando-el-cielo-700x474.jpg 700w, https:\/\/www.scuola.cl\/sivm\/wp-content\/uploads\/2018\/08\/grabando-el-cielo-250x169.jpg 250w, https:\/\/www.scuola.cl\/sivm\/wp-content\/uploads\/2018\/08\/grabando-el-cielo-768x521.jpg 768w, https:\/\/www.scuola.cl\/sivm\/wp-content\/uploads\/2018\/08\/grabando-el-cielo-120x81.jpg 120w, https:\/\/www.scuola.cl\/sivm\/wp-content\/uploads\/2018\/08\/grabando-el-cielo.jpg 900w\" sizes=\"auto, (max-width: 700px) 100vw, 700px\" \/><\/p>\n","protected":false},"excerpt":{"rendered":"Los Diferenciados de Arte y Matem\u00e1ticas de III medio, formar\u00e1n parte del proyecto educativo \u00abGrabando el Cielo\u00bb. Elaborar\u00e1n im\u00e1genes que ser\u00e1n publicadas en un libro, vinculando de esta manera las ciencias y el arte.","protected":false},"author":2,"featured_media":7638,"comment_status":"open","ping_status":"open","sticky":false,"template":"","format":"standard","meta":{"_acf_changed":false,"footnotes":""},"categories":[22,5,24],"tags":[],"class_list":["post-7644","post","type-post","status-publish","format-standard","has-post-thumbnail","hentry","category-cultura","category-noticias","category-scuola"],"acf":[],"yoast_head":"<!-- This site is optimized with the Yoast SEO plugin v27.1.1 - https:\/\/yoast.com\/product\/yoast-seo-wordpress\/ -->\n<title>Proyecto &quot;Grabando el Cielo&quot; - Scuola Italiana<\/title>\n<meta name=\"robots\" content=\"index, follow, max-snippet:-1, max-image-preview:large, max-video-preview:-1\" \/>\n<link rel=\"canonical\" href=\"https:\/\/www.scuola.cl\/sivm\/proyecto-grabando-cielo\/\" \/>\n<meta property=\"og:locale\" content=\"es_ES\" \/>\n<meta property=\"og:type\" content=\"article\" \/>\n<meta property=\"og:title\" content=\"Proyecto &quot;Grabando el Cielo&quot; - Scuola Italiana\" \/>\n<meta property=\"og:description\" content=\"Los Diferenciados de Arte y Matem\u00e1ticas de III medio, formar\u00e1n parte del proyecto educativo &quot;Grabando el Cielo&quot;. Elaborar\u00e1n im\u00e1genes que ser\u00e1n publicadas en un libro, vinculando de esta manera las ciencias y el arte.\" \/>\n<meta property=\"og:url\" content=\"https:\/\/www.scuola.cl\/sivm\/proyecto-grabando-cielo\/\" \/>\n<meta property=\"og:site_name\" content=\"Scuola Italiana\" \/>\n<meta property=\"article:published_time\" content=\"2018-08-13T16:11:37+00:00\" \/>\n<meta property=\"article:modified_time\" content=\"2018-08-23T13:36:30+00:00\" \/>\n<meta property=\"og:image\" content=\"https:\/\/www.scuola.cl\/sivm\/wp-content\/uploads\/2018\/08\/grabando-el-cielo.jpg\" \/>\n\t<meta property=\"og:image:width\" content=\"900\" \/>\n\t<meta property=\"og:image:height\" content=\"610\" \/>\n\t<meta property=\"og:image:type\" content=\"image\/jpeg\" \/>\n<meta name=\"author\" content=\"Comunicaciones\" \/>\n<meta name=\"twitter:card\" content=\"summary_large_image\" \/>\n<meta name=\"twitter:label1\" content=\"Escrito por\" \/>\n\t<meta name=\"twitter:data1\" content=\"Comunicaciones\" \/>\n\t<meta name=\"twitter:label2\" content=\"Tiempo de lectura\" \/>\n\t<meta name=\"twitter:data2\" content=\"1 minuto\" \/>\n<script type=\"application\/ld+json\" class=\"yoast-schema-graph\">{\"@context\":\"https:\/\/schema.org\",\"@graph\":[{\"@type\":\"Article\",\"@id\":\"https:\/\/www.scuola.cl\/sivm\/proyecto-grabando-cielo\/#article\",\"isPartOf\":{\"@id\":\"https:\/\/www.scuola.cl\/sivm\/proyecto-grabando-cielo\/\"},\"author\":{\"name\":\"Comunicaciones\",\"@id\":\"https:\/\/www.scuola.cl\/sivm\/#\/schema\/person\/2ac68abc1b548ee6d8e16c4d3727d1b2\"},\"headline\":\"Proyecto \u00abGrabando el Cielo\u00bb\",\"datePublished\":\"2018-08-13T16:11:37+00:00\",\"dateModified\":\"2018-08-23T13:36:30+00:00\",\"mainEntityOfPage\":{\"@id\":\"https:\/\/www.scuola.cl\/sivm\/proyecto-grabando-cielo\/\"},\"wordCount\":172,\"commentCount\":0,\"publisher\":{\"@id\":\"https:\/\/www.scuola.cl\/sivm\/#organization\"},\"image\":{\"@id\":\"https:\/\/www.scuola.cl\/sivm\/proyecto-grabando-cielo\/#primaryimage\"},\"thumbnailUrl\":\"https:\/\/www.scuola.cl\/sivm\/wp-content\/uploads\/2018\/08\/grabando-el-cielo.jpg\",\"articleSection\":[\"Cultura\",\"Noticias\",\"Scuola\"],\"inLanguage\":\"es\",\"potentialAction\":[{\"@type\":\"CommentAction\",\"name\":\"Comment\",\"target\":[\"https:\/\/www.scuola.cl\/sivm\/proyecto-grabando-cielo\/#respond\"]}]},{\"@type\":\"WebPage\",\"@id\":\"https:\/\/www.scuola.cl\/sivm\/proyecto-grabando-cielo\/\",\"url\":\"https:\/\/www.scuola.cl\/sivm\/proyecto-grabando-cielo\/\",\"name\":\"Proyecto \\\"Grabando el Cielo\\\" - Scuola Italiana\",\"isPartOf\":{\"@id\":\"https:\/\/www.scuola.cl\/sivm\/#website\"},\"primaryImageOfPage\":{\"@id\":\"https:\/\/www.scuola.cl\/sivm\/proyecto-grabando-cielo\/#primaryimage\"},\"image\":{\"@id\":\"https:\/\/www.scuola.cl\/sivm\/proyecto-grabando-cielo\/#primaryimage\"},\"thumbnailUrl\":\"https:\/\/www.scuola.cl\/sivm\/wp-content\/uploads\/2018\/08\/grabando-el-cielo.jpg\",\"datePublished\":\"2018-08-13T16:11:37+00:00\",\"dateModified\":\"2018-08-23T13:36:30+00:00\",\"breadcrumb\":{\"@id\":\"https:\/\/www.scuola.cl\/sivm\/proyecto-grabando-cielo\/#breadcrumb\"},\"inLanguage\":\"es\",\"potentialAction\":[{\"@type\":\"ReadAction\",\"target\":[\"https:\/\/www.scuola.cl\/sivm\/proyecto-grabando-cielo\/\"]}]},{\"@type\":\"ImageObject\",\"inLanguage\":\"es\",\"@id\":\"https:\/\/www.scuola.cl\/sivm\/proyecto-grabando-cielo\/#primaryimage\",\"url\":\"https:\/\/www.scuola.cl\/sivm\/wp-content\/uploads\/2018\/08\/grabando-el-cielo.jpg\",\"contentUrl\":\"https:\/\/www.scuola.cl\/sivm\/wp-content\/uploads\/2018\/08\/grabando-el-cielo.jpg\",\"width\":900,\"height\":610},{\"@type\":\"BreadcrumbList\",\"@id\":\"https:\/\/www.scuola.cl\/sivm\/proyecto-grabando-cielo\/#breadcrumb\",\"itemListElement\":[{\"@type\":\"ListItem\",\"position\":1,\"name\":\"Inicio\",\"item\":\"https:\/\/www.scuola.cl\/sivm\/\"},{\"@type\":\"ListItem\",\"position\":2,\"name\":\"Noticias\",\"item\":\"https:\/\/www.scuola.cl\/sivm\/category\/noticias\/\"},{\"@type\":\"ListItem\",\"position\":3,\"name\":\"Cultura\",\"item\":\"https:\/\/www.scuola.cl\/sivm\/category\/noticias\/cultura\/\"},{\"@type\":\"ListItem\",\"position\":4,\"name\":\"Proyecto \u00abGrabando el Cielo\u00bb\"}]},{\"@type\":\"WebSite\",\"@id\":\"https:\/\/www.scuola.cl\/sivm\/#website\",\"url\":\"https:\/\/www.scuola.cl\/sivm\/\",\"name\":\"Scuola Italiana\",\"description\":\"Vittorio Montiglio\",\"publisher\":{\"@id\":\"https:\/\/www.scuola.cl\/sivm\/#organization\"},\"potentialAction\":[{\"@type\":\"SearchAction\",\"target\":{\"@type\":\"EntryPoint\",\"urlTemplate\":\"https:\/\/www.scuola.cl\/sivm\/?s={search_term_string}\"},\"query-input\":{\"@type\":\"PropertyValueSpecification\",\"valueRequired\":true,\"valueName\":\"search_term_string\"}}],\"inLanguage\":\"es\"},{\"@type\":\"Organization\",\"@id\":\"https:\/\/www.scuola.cl\/sivm\/#organization\",\"name\":\"Scuola Italiana Vittorio Montiglio\",\"url\":\"https:\/\/www.scuola.cl\/sivm\/\",\"logo\":{\"@type\":\"ImageObject\",\"inLanguage\":\"es\",\"@id\":\"https:\/\/www.scuola.cl\/sivm\/#\/schema\/logo\/image\/\",\"url\":\"https:\/\/www.scuola.cl\/sivm\/wp-content\/uploads\/2019\/06\/Logo_Scuola-01-001-1000x1000.png\",\"contentUrl\":\"https:\/\/www.scuola.cl\/sivm\/wp-content\/uploads\/2019\/06\/Logo_Scuola-01-001-1000x1000.png\",\"width\":1000,\"height\":1000,\"caption\":\"Scuola Italiana Vittorio Montiglio\"},\"image\":{\"@id\":\"https:\/\/www.scuola.cl\/sivm\/#\/schema\/logo\/image\/\"}},{\"@type\":\"Person\",\"@id\":\"https:\/\/www.scuola.cl\/sivm\/#\/schema\/person\/2ac68abc1b548ee6d8e16c4d3727d1b2\",\"name\":\"Comunicaciones\",\"image\":{\"@type\":\"ImageObject\",\"inLanguage\":\"es\",\"@id\":\"https:\/\/www.scuola.cl\/sivm\/#\/schema\/person\/image\/\",\"url\":\"https:\/\/secure.gravatar.com\/avatar\/0b29fd7cdce1ec9939eded19ce85d6ed73acf03fb52d098b0641aed356fe6aeb?s=96&d=mm&r=g\",\"contentUrl\":\"https:\/\/secure.gravatar.com\/avatar\/0b29fd7cdce1ec9939eded19ce85d6ed73acf03fb52d098b0641aed356fe6aeb?s=96&d=mm&r=g\",\"caption\":\"Comunicaciones\"},\"url\":\"https:\/\/www.scuola.cl\/sivm\/author\/comunicaciones-scuola\/\"}]}<\/script>\n<!-- \/ Yoast SEO plugin. -->","yoast_head_json":{"title":"Proyecto \"Grabando el Cielo\" - Scuola Italiana","robots":{"index":"index","follow":"follow","max-snippet":"max-snippet:-1","max-image-preview":"max-image-preview:large","max-video-preview":"max-video-preview:-1"},"canonical":"https:\/\/www.scuola.cl\/sivm\/proyecto-grabando-cielo\/","og_locale":"es_ES","og_type":"article","og_title":"Proyecto \"Grabando el Cielo\" - Scuola Italiana","og_description":"Los Diferenciados de Arte y Matem\u00e1ticas de III medio, formar\u00e1n parte del proyecto educativo \"Grabando el Cielo\". Elaborar\u00e1n im\u00e1genes que ser\u00e1n publicadas en un libro, vinculando de esta manera las ciencias y el arte.","og_url":"https:\/\/www.scuola.cl\/sivm\/proyecto-grabando-cielo\/","og_site_name":"Scuola Italiana","article_published_time":"2018-08-13T16:11:37+00:00","article_modified_time":"2018-08-23T13:36:30+00:00","og_image":[{"width":900,"height":610,"url":"https:\/\/www.scuola.cl\/sivm\/wp-content\/uploads\/2018\/08\/grabando-el-cielo.jpg","type":"image\/jpeg"}],"author":"Comunicaciones","twitter_card":"summary_large_image","twitter_misc":{"Escrito por":"Comunicaciones","Tiempo de lectura":"1 minuto"},"schema":{"@context":"https:\/\/schema.org","@graph":[{"@type":"Article","@id":"https:\/\/www.scuola.cl\/sivm\/proyecto-grabando-cielo\/#article","isPartOf":{"@id":"https:\/\/www.scuola.cl\/sivm\/proyecto-grabando-cielo\/"},"author":{"name":"Comunicaciones","@id":"https:\/\/www.scuola.cl\/sivm\/#\/schema\/person\/2ac68abc1b548ee6d8e16c4d3727d1b2"},"headline":"Proyecto \u00abGrabando el Cielo\u00bb","datePublished":"2018-08-13T16:11:37+00:00","dateModified":"2018-08-23T13:36:30+00:00","mainEntityOfPage":{"@id":"https:\/\/www.scuola.cl\/sivm\/proyecto-grabando-cielo\/"},"wordCount":172,"commentCount":0,"publisher":{"@id":"https:\/\/www.scuola.cl\/sivm\/#organization"},"image":{"@id":"https:\/\/www.scuola.cl\/sivm\/proyecto-grabando-cielo\/#primaryimage"},"thumbnailUrl":"https:\/\/www.scuola.cl\/sivm\/wp-content\/uploads\/2018\/08\/grabando-el-cielo.jpg","articleSection":["Cultura","Noticias","Scuola"],"inLanguage":"es","potentialAction":[{"@type":"CommentAction","name":"Comment","target":["https:\/\/www.scuola.cl\/sivm\/proyecto-grabando-cielo\/#respond"]}]},{"@type":"WebPage","@id":"https:\/\/www.scuola.cl\/sivm\/proyecto-grabando-cielo\/","url":"https:\/\/www.scuola.cl\/sivm\/proyecto-grabando-cielo\/","name":"Proyecto \"Grabando el Cielo\" - Scuola Italiana","isPartOf":{"@id":"https:\/\/www.scuola.cl\/sivm\/#website"},"primaryImageOfPage":{"@id":"https:\/\/www.scuola.cl\/sivm\/proyecto-grabando-cielo\/#primaryimage"},"image":{"@id":"https:\/\/www.scuola.cl\/sivm\/proyecto-grabando-cielo\/#primaryimage"},"thumbnailUrl":"https:\/\/www.scuola.cl\/sivm\/wp-content\/uploads\/2018\/08\/grabando-el-cielo.jpg","datePublished":"2018-08-13T16:11:37+00:00","dateModified":"2018-08-23T13:36:30+00:00","breadcrumb":{"@id":"https:\/\/www.scuola.cl\/sivm\/proyecto-grabando-cielo\/#breadcrumb"},"inLanguage":"es","potentialAction":[{"@type":"ReadAction","target":["https:\/\/www.scuola.cl\/sivm\/proyecto-grabando-cielo\/"]}]},{"@type":"ImageObject","inLanguage":"es","@id":"https:\/\/www.scuola.cl\/sivm\/proyecto-grabando-cielo\/#primaryimage","url":"https:\/\/www.scuola.cl\/sivm\/wp-content\/uploads\/2018\/08\/grabando-el-cielo.jpg","contentUrl":"https:\/\/www.scuola.cl\/sivm\/wp-content\/uploads\/2018\/08\/grabando-el-cielo.jpg","width":900,"height":610},{"@type":"BreadcrumbList","@id":"https:\/\/www.scuola.cl\/sivm\/proyecto-grabando-cielo\/#breadcrumb","itemListElement":[{"@type":"ListItem","position":1,"name":"Inicio","item":"https:\/\/www.scuola.cl\/sivm\/"},{"@type":"ListItem","position":2,"name":"Noticias","item":"https:\/\/www.scuola.cl\/sivm\/category\/noticias\/"},{"@type":"ListItem","position":3,"name":"Cultura","item":"https:\/\/www.scuola.cl\/sivm\/category\/noticias\/cultura\/"},{"@type":"ListItem","position":4,"name":"Proyecto \u00abGrabando el Cielo\u00bb"}]},{"@type":"WebSite","@id":"https:\/\/www.scuola.cl\/sivm\/#website","url":"https:\/\/www.scuola.cl\/sivm\/","name":"Scuola Italiana","description":"Vittorio Montiglio","publisher":{"@id":"https:\/\/www.scuola.cl\/sivm\/#organization"},"potentialAction":[{"@type":"SearchAction","target":{"@type":"EntryPoint","urlTemplate":"https:\/\/www.scuola.cl\/sivm\/?s={search_term_string}"},"query-input":{"@type":"PropertyValueSpecification","valueRequired":true,"valueName":"search_term_string"}}],"inLanguage":"es"},{"@type":"Organization","@id":"https:\/\/www.scuola.cl\/sivm\/#organization","name":"Scuola Italiana Vittorio Montiglio","url":"https:\/\/www.scuola.cl\/sivm\/","logo":{"@type":"ImageObject","inLanguage":"es","@id":"https:\/\/www.scuola.cl\/sivm\/#\/schema\/logo\/image\/","url":"https:\/\/www.scuola.cl\/sivm\/wp-content\/uploads\/2019\/06\/Logo_Scuola-01-001-1000x1000.png","contentUrl":"https:\/\/www.scuola.cl\/sivm\/wp-content\/uploads\/2019\/06\/Logo_Scuola-01-001-1000x1000.png","width":1000,"height":1000,"caption":"Scuola Italiana Vittorio Montiglio"},"image":{"@id":"https:\/\/www.scuola.cl\/sivm\/#\/schema\/logo\/image\/"}},{"@type":"Person","@id":"https:\/\/www.scuola.cl\/sivm\/#\/schema\/person\/2ac68abc1b548ee6d8e16c4d3727d1b2","name":"Comunicaciones","image":{"@type":"ImageObject","inLanguage":"es","@id":"https:\/\/www.scuola.cl\/sivm\/#\/schema\/person\/image\/","url":"https:\/\/secure.gravatar.com\/avatar\/0b29fd7cdce1ec9939eded19ce85d6ed73acf03fb52d098b0641aed356fe6aeb?s=96&d=mm&r=g","contentUrl":"https:\/\/secure.gravatar.com\/avatar\/0b29fd7cdce1ec9939eded19ce85d6ed73acf03fb52d098b0641aed356fe6aeb?s=96&d=mm&r=g","caption":"Comunicaciones"},"url":"https:\/\/www.scuola.cl\/sivm\/author\/comunicaciones-scuola\/"}]}},"_links":{"self":[{"href":"https:\/\/www.scuola.cl\/sivm\/wp-json\/wp\/v2\/posts\/7644","targetHints":{"allow":["GET"]}}],"collection":[{"href":"https:\/\/www.scuola.cl\/sivm\/wp-json\/wp\/v2\/posts"}],"about":[{"href":"https:\/\/www.scuola.cl\/sivm\/wp-json\/wp\/v2\/types\/post"}],"author":[{"embeddable":true,"href":"https:\/\/www.scuola.cl\/sivm\/wp-json\/wp\/v2\/users\/2"}],"replies":[{"embeddable":true,"href":"https:\/\/www.scuola.cl\/sivm\/wp-json\/wp\/v2\/comments?post=7644"}],"version-history":[{"count":1,"href":"https:\/\/www.scuola.cl\/sivm\/wp-json\/wp\/v2\/posts\/7644\/revisions"}],"predecessor-version":[{"id":7645,"href":"https:\/\/www.scuola.cl\/sivm\/wp-json\/wp\/v2\/posts\/7644\/revisions\/7645"}],"wp:featuredmedia":[{"embeddable":true,"href":"https:\/\/www.scuola.cl\/sivm\/wp-json\/wp\/v2\/media\/7638"}],"wp:attachment":[{"href":"https:\/\/www.scuola.cl\/sivm\/wp-json\/wp\/v2\/media?parent=7644"}],"wp:term":[{"taxonomy":"category","embeddable":true,"href":"https:\/\/www.scuola.cl\/sivm\/wp-json\/wp\/v2\/categories?post=7644"},{"taxonomy":"post_tag","embeddable":true,"href":"https:\/\/www.scuola.cl\/sivm\/wp-json\/wp\/v2\/tags?post=7644"}],"curies":[{"name":"wp","href":"https:\/\/api.w.org\/{rel}","templated":true}]}}