{"id":6739,"date":"2018-05-22T16:52:02","date_gmt":"2018-05-22T19:52:02","guid":{"rendered":"http:\/\/www.scuola.cl\/sivm\/?p=6739"},"modified":"2018-05-22T16:54:47","modified_gmt":"2018-05-22T19:54:47","slug":"visita-naval-la-nido","status":"publish","type":"post","link":"https:\/\/www.scuola.cl\/sivm\/visita-naval-la-nido\/","title":{"rendered":"Visita Naval en la Nido"},"content":{"rendered":"<p><strong>(Por Vjera B\u00e9rd Direttrice d\u00b4Area)<\/strong><\/p>\n<p>&nbsp;<\/p>\n<p>Dentro del \u00abProyecto\u00a0del Mar\u00bb, los ni\u00f1os de la Scuola Nido, pudieron disfrutar diversas experiencias de aprendizaje que apuntaban a las caracter\u00edsticas de \u00e9ste, a su fauna, objetos, sucesos y personajes relevantes de la historia de nuestro pa\u00eds.<\/p>\n<p>En este contexto es que se invit\u00f3 al Teniente 2\u00b0 (Reserva Naval), Renzo Andreani, padre de Bianca, alumna del Gruppo 5, a entregar una vista breve, l\u00fadica y muy educativa del Combate Naval de Iquique, d\u00eda en que los hombres de la fr\u00e1gil Esmeralda, comandados por el Capit\u00e1n Arturo Prat Chac\u00f3n, dieron su vida por una causa que les parec\u00eda justa y necesaria.<\/p>\n<p>&nbsp;<\/p>\n<p>Agradecemos a Renzo y a todos quienes hicieron posible la realizaci\u00f3n de esta actividad!<\/p>\n<p>&nbsp;<\/p>\n<p><img loading=\"lazy\" decoding=\"async\" width=\"700\" height=\"474\" class=\"alignnone size-large wp-image-6740\" src=\"http:\/\/www.scuola.cl\/sivm\/wp-content\/uploads\/2018\/05\/visita-naval-Nido-700x474.jpg\" alt=\"visita naval Nido\" srcset=\"https:\/\/www.scuola.cl\/sivm\/wp-content\/uploads\/2018\/05\/visita-naval-Nido-700x474.jpg 700w, https:\/\/www.scuola.cl\/sivm\/wp-content\/uploads\/2018\/05\/visita-naval-Nido-250x169.jpg 250w, https:\/\/www.scuola.cl\/sivm\/wp-content\/uploads\/2018\/05\/visita-naval-Nido-768x521.jpg 768w, https:\/\/www.scuola.cl\/sivm\/wp-content\/uploads\/2018\/05\/visita-naval-Nido-120x81.jpg 120w, https:\/\/www.scuola.cl\/sivm\/wp-content\/uploads\/2018\/05\/visita-naval-Nido.jpg 900w\" sizes=\"auto, (max-width: 700px) 100vw, 700px\" \/><\/p>\n<p><img loading=\"lazy\" decoding=\"async\" width=\"700\" height=\"394\" class=\"alignnone size-large wp-image-6743\" src=\"http:\/\/www.scuola.cl\/sivm\/wp-content\/uploads\/2018\/05\/20180518_091207-700x394.jpg\" alt=\"20180518_091207\" srcset=\"https:\/\/www.scuola.cl\/sivm\/wp-content\/uploads\/2018\/05\/20180518_091207-700x394.jpg 700w, https:\/\/www.scuola.cl\/sivm\/wp-content\/uploads\/2018\/05\/20180518_091207-250x141.jpg 250w, https:\/\/www.scuola.cl\/sivm\/wp-content\/uploads\/2018\/05\/20180518_091207-768x432.jpg 768w, https:\/\/www.scuola.cl\/sivm\/wp-content\/uploads\/2018\/05\/20180518_091207-120x68.jpg 120w\" sizes=\"auto, (max-width: 700px) 100vw, 700px\" \/><\/p>\n<p>&nbsp;<\/p>\n","protected":false},"excerpt":{"rendered":"Dentro del \u00abProyecto del Mar\u00bb, los ni\u00f1os de la Scuola Nido, pudieron disfrutar diversas experiencias de aprendizaje que apuntaban a las caracter\u00edsticas de \u00e9ste y personajes de la historia del pa\u00eds.","protected":false},"author":2,"featured_media":6740,"comment_status":"open","ping_status":"open","sticky":false,"template":"","format":"standard","meta":{"_acf_changed":false,"footnotes":""},"categories":[5,24],"tags":[],"class_list":["post-6739","post","type-post","status-publish","format-standard","has-post-thumbnail","hentry","category-noticias","category-scuola"],"acf":[],"yoast_head":"<!-- This site is optimized with the Yoast SEO plugin v27.1.1 - https:\/\/yoast.com\/product\/yoast-seo-wordpress\/ -->\n<title>Visita Naval en la Nido - Scuola Italiana<\/title>\n<meta name=\"robots\" content=\"index, follow, max-snippet:-1, max-image-preview:large, max-video-preview:-1\" \/>\n<link rel=\"canonical\" href=\"https:\/\/www.scuola.cl\/sivm\/visita-naval-la-nido\/\" \/>\n<meta property=\"og:locale\" content=\"es_ES\" \/>\n<meta property=\"og:type\" content=\"article\" \/>\n<meta property=\"og:title\" content=\"Visita Naval en la Nido - Scuola Italiana\" \/>\n<meta property=\"og:description\" content=\"Dentro del &quot;Proyecto del Mar&quot;, los ni\u00f1os de la Scuola Nido, pudieron disfrutar diversas experiencias de aprendizaje que apuntaban a las caracter\u00edsticas de \u00e9ste y personajes de la historia del pa\u00eds.\" \/>\n<meta property=\"og:url\" content=\"https:\/\/www.scuola.cl\/sivm\/visita-naval-la-nido\/\" \/>\n<meta property=\"og:site_name\" content=\"Scuola Italiana\" \/>\n<meta property=\"article:published_time\" content=\"2018-05-22T19:52:02+00:00\" \/>\n<meta property=\"article:modified_time\" content=\"2018-05-22T19:54:47+00:00\" \/>\n<meta property=\"og:image\" content=\"https:\/\/www.scuola.cl\/sivm\/wp-content\/uploads\/2018\/05\/visita-naval-Nido.jpg\" \/>\n\t<meta property=\"og:image:width\" content=\"900\" \/>\n\t<meta property=\"og:image:height\" content=\"610\" \/>\n\t<meta property=\"og:image:type\" content=\"image\/jpeg\" \/>\n<meta name=\"author\" content=\"Comunicaciones\" \/>\n<meta name=\"twitter:card\" content=\"summary_large_image\" \/>\n<meta name=\"twitter:label1\" content=\"Escrito por\" \/>\n\t<meta name=\"twitter:data1\" content=\"Comunicaciones\" \/>\n\t<meta name=\"twitter:label2\" content=\"Tiempo de lectura\" \/>\n\t<meta name=\"twitter:data2\" content=\"1 minuto\" \/>\n<script type=\"application\/ld+json\" class=\"yoast-schema-graph\">{\"@context\":\"https:\/\/schema.org\",\"@graph\":[{\"@type\":\"Article\",\"@id\":\"https:\/\/www.scuola.cl\/sivm\/visita-naval-la-nido\/#article\",\"isPartOf\":{\"@id\":\"https:\/\/www.scuola.cl\/sivm\/visita-naval-la-nido\/\"},\"author\":{\"name\":\"Comunicaciones\",\"@id\":\"https:\/\/www.scuola.cl\/sivm\/#\/schema\/person\/2ac68abc1b548ee6d8e16c4d3727d1b2\"},\"headline\":\"Visita Naval en la Nido\",\"datePublished\":\"2018-05-22T19:52:02+00:00\",\"dateModified\":\"2018-05-22T19:54:47+00:00\",\"mainEntityOfPage\":{\"@id\":\"https:\/\/www.scuola.cl\/sivm\/visita-naval-la-nido\/\"},\"wordCount\":139,\"commentCount\":0,\"publisher\":{\"@id\":\"https:\/\/www.scuola.cl\/sivm\/#organization\"},\"image\":{\"@id\":\"https:\/\/www.scuola.cl\/sivm\/visita-naval-la-nido\/#primaryimage\"},\"thumbnailUrl\":\"https:\/\/www.scuola.cl\/sivm\/wp-content\/uploads\/2018\/05\/visita-naval-Nido.jpg\",\"articleSection\":[\"Noticias\",\"Scuola\"],\"inLanguage\":\"es\",\"potentialAction\":[{\"@type\":\"CommentAction\",\"name\":\"Comment\",\"target\":[\"https:\/\/www.scuola.cl\/sivm\/visita-naval-la-nido\/#respond\"]}]},{\"@type\":\"WebPage\",\"@id\":\"https:\/\/www.scuola.cl\/sivm\/visita-naval-la-nido\/\",\"url\":\"https:\/\/www.scuola.cl\/sivm\/visita-naval-la-nido\/\",\"name\":\"Visita Naval en la Nido - Scuola Italiana\",\"isPartOf\":{\"@id\":\"https:\/\/www.scuola.cl\/sivm\/#website\"},\"primaryImageOfPage\":{\"@id\":\"https:\/\/www.scuola.cl\/sivm\/visita-naval-la-nido\/#primaryimage\"},\"image\":{\"@id\":\"https:\/\/www.scuola.cl\/sivm\/visita-naval-la-nido\/#primaryimage\"},\"thumbnailUrl\":\"https:\/\/www.scuola.cl\/sivm\/wp-content\/uploads\/2018\/05\/visita-naval-Nido.jpg\",\"datePublished\":\"2018-05-22T19:52:02+00:00\",\"dateModified\":\"2018-05-22T19:54:47+00:00\",\"breadcrumb\":{\"@id\":\"https:\/\/www.scuola.cl\/sivm\/visita-naval-la-nido\/#breadcrumb\"},\"inLanguage\":\"es\",\"potentialAction\":[{\"@type\":\"ReadAction\",\"target\":[\"https:\/\/www.scuola.cl\/sivm\/visita-naval-la-nido\/\"]}]},{\"@type\":\"ImageObject\",\"inLanguage\":\"es\",\"@id\":\"https:\/\/www.scuola.cl\/sivm\/visita-naval-la-nido\/#primaryimage\",\"url\":\"https:\/\/www.scuola.cl\/sivm\/wp-content\/uploads\/2018\/05\/visita-naval-Nido.jpg\",\"contentUrl\":\"https:\/\/www.scuola.cl\/sivm\/wp-content\/uploads\/2018\/05\/visita-naval-Nido.jpg\",\"width\":900,\"height\":610},{\"@type\":\"BreadcrumbList\",\"@id\":\"https:\/\/www.scuola.cl\/sivm\/visita-naval-la-nido\/#breadcrumb\",\"itemListElement\":[{\"@type\":\"ListItem\",\"position\":1,\"name\":\"Inicio\",\"item\":\"https:\/\/www.scuola.cl\/sivm\/\"},{\"@type\":\"ListItem\",\"position\":2,\"name\":\"Noticias\",\"item\":\"https:\/\/www.scuola.cl\/sivm\/category\/noticias\/\"},{\"@type\":\"ListItem\",\"position\":3,\"name\":\"Visita Naval en la Nido\"}]},{\"@type\":\"WebSite\",\"@id\":\"https:\/\/www.scuola.cl\/sivm\/#website\",\"url\":\"https:\/\/www.scuola.cl\/sivm\/\",\"name\":\"Scuola Italiana\",\"description\":\"Vittorio Montiglio\",\"publisher\":{\"@id\":\"https:\/\/www.scuola.cl\/sivm\/#organization\"},\"potentialAction\":[{\"@type\":\"SearchAction\",\"target\":{\"@type\":\"EntryPoint\",\"urlTemplate\":\"https:\/\/www.scuola.cl\/sivm\/?s={search_term_string}\"},\"query-input\":{\"@type\":\"PropertyValueSpecification\",\"valueRequired\":true,\"valueName\":\"search_term_string\"}}],\"inLanguage\":\"es\"},{\"@type\":\"Organization\",\"@id\":\"https:\/\/www.scuola.cl\/sivm\/#organization\",\"name\":\"Scuola Italiana Vittorio Montiglio\",\"url\":\"https:\/\/www.scuola.cl\/sivm\/\",\"logo\":{\"@type\":\"ImageObject\",\"inLanguage\":\"es\",\"@id\":\"https:\/\/www.scuola.cl\/sivm\/#\/schema\/logo\/image\/\",\"url\":\"https:\/\/www.scuola.cl\/sivm\/wp-content\/uploads\/2019\/06\/Logo_Scuola-01-001-1000x1000.png\",\"contentUrl\":\"https:\/\/www.scuola.cl\/sivm\/wp-content\/uploads\/2019\/06\/Logo_Scuola-01-001-1000x1000.png\",\"width\":1000,\"height\":1000,\"caption\":\"Scuola Italiana Vittorio Montiglio\"},\"image\":{\"@id\":\"https:\/\/www.scuola.cl\/sivm\/#\/schema\/logo\/image\/\"}},{\"@type\":\"Person\",\"@id\":\"https:\/\/www.scuola.cl\/sivm\/#\/schema\/person\/2ac68abc1b548ee6d8e16c4d3727d1b2\",\"name\":\"Comunicaciones\",\"image\":{\"@type\":\"ImageObject\",\"inLanguage\":\"es\",\"@id\":\"https:\/\/www.scuola.cl\/sivm\/#\/schema\/person\/image\/\",\"url\":\"https:\/\/secure.gravatar.com\/avatar\/0b29fd7cdce1ec9939eded19ce85d6ed73acf03fb52d098b0641aed356fe6aeb?s=96&d=mm&r=g\",\"contentUrl\":\"https:\/\/secure.gravatar.com\/avatar\/0b29fd7cdce1ec9939eded19ce85d6ed73acf03fb52d098b0641aed356fe6aeb?s=96&d=mm&r=g\",\"caption\":\"Comunicaciones\"},\"url\":\"https:\/\/www.scuola.cl\/sivm\/author\/comunicaciones-scuola\/\"}]}<\/script>\n<!-- \/ Yoast SEO plugin. -->","yoast_head_json":{"title":"Visita Naval en la Nido - Scuola Italiana","robots":{"index":"index","follow":"follow","max-snippet":"max-snippet:-1","max-image-preview":"max-image-preview:large","max-video-preview":"max-video-preview:-1"},"canonical":"https:\/\/www.scuola.cl\/sivm\/visita-naval-la-nido\/","og_locale":"es_ES","og_type":"article","og_title":"Visita Naval en la Nido - Scuola Italiana","og_description":"Dentro del \"Proyecto del Mar\", los ni\u00f1os de la Scuola Nido, pudieron disfrutar diversas experiencias de aprendizaje que apuntaban a las caracter\u00edsticas de \u00e9ste y personajes de la historia del pa\u00eds.","og_url":"https:\/\/www.scuola.cl\/sivm\/visita-naval-la-nido\/","og_site_name":"Scuola Italiana","article_published_time":"2018-05-22T19:52:02+00:00","article_modified_time":"2018-05-22T19:54:47+00:00","og_image":[{"width":900,"height":610,"url":"https:\/\/www.scuola.cl\/sivm\/wp-content\/uploads\/2018\/05\/visita-naval-Nido.jpg","type":"image\/jpeg"}],"author":"Comunicaciones","twitter_card":"summary_large_image","twitter_misc":{"Escrito por":"Comunicaciones","Tiempo de lectura":"1 minuto"},"schema":{"@context":"https:\/\/schema.org","@graph":[{"@type":"Article","@id":"https:\/\/www.scuola.cl\/sivm\/visita-naval-la-nido\/#article","isPartOf":{"@id":"https:\/\/www.scuola.cl\/sivm\/visita-naval-la-nido\/"},"author":{"name":"Comunicaciones","@id":"https:\/\/www.scuola.cl\/sivm\/#\/schema\/person\/2ac68abc1b548ee6d8e16c4d3727d1b2"},"headline":"Visita Naval en la Nido","datePublished":"2018-05-22T19:52:02+00:00","dateModified":"2018-05-22T19:54:47+00:00","mainEntityOfPage":{"@id":"https:\/\/www.scuola.cl\/sivm\/visita-naval-la-nido\/"},"wordCount":139,"commentCount":0,"publisher":{"@id":"https:\/\/www.scuola.cl\/sivm\/#organization"},"image":{"@id":"https:\/\/www.scuola.cl\/sivm\/visita-naval-la-nido\/#primaryimage"},"thumbnailUrl":"https:\/\/www.scuola.cl\/sivm\/wp-content\/uploads\/2018\/05\/visita-naval-Nido.jpg","articleSection":["Noticias","Scuola"],"inLanguage":"es","potentialAction":[{"@type":"CommentAction","name":"Comment","target":["https:\/\/www.scuola.cl\/sivm\/visita-naval-la-nido\/#respond"]}]},{"@type":"WebPage","@id":"https:\/\/www.scuola.cl\/sivm\/visita-naval-la-nido\/","url":"https:\/\/www.scuola.cl\/sivm\/visita-naval-la-nido\/","name":"Visita Naval en la Nido - Scuola Italiana","isPartOf":{"@id":"https:\/\/www.scuola.cl\/sivm\/#website"},"primaryImageOfPage":{"@id":"https:\/\/www.scuola.cl\/sivm\/visita-naval-la-nido\/#primaryimage"},"image":{"@id":"https:\/\/www.scuola.cl\/sivm\/visita-naval-la-nido\/#primaryimage"},"thumbnailUrl":"https:\/\/www.scuola.cl\/sivm\/wp-content\/uploads\/2018\/05\/visita-naval-Nido.jpg","datePublished":"2018-05-22T19:52:02+00:00","dateModified":"2018-05-22T19:54:47+00:00","breadcrumb":{"@id":"https:\/\/www.scuola.cl\/sivm\/visita-naval-la-nido\/#breadcrumb"},"inLanguage":"es","potentialAction":[{"@type":"ReadAction","target":["https:\/\/www.scuola.cl\/sivm\/visita-naval-la-nido\/"]}]},{"@type":"ImageObject","inLanguage":"es","@id":"https:\/\/www.scuola.cl\/sivm\/visita-naval-la-nido\/#primaryimage","url":"https:\/\/www.scuola.cl\/sivm\/wp-content\/uploads\/2018\/05\/visita-naval-Nido.jpg","contentUrl":"https:\/\/www.scuola.cl\/sivm\/wp-content\/uploads\/2018\/05\/visita-naval-Nido.jpg","width":900,"height":610},{"@type":"BreadcrumbList","@id":"https:\/\/www.scuola.cl\/sivm\/visita-naval-la-nido\/#breadcrumb","itemListElement":[{"@type":"ListItem","position":1,"name":"Inicio","item":"https:\/\/www.scuola.cl\/sivm\/"},{"@type":"ListItem","position":2,"name":"Noticias","item":"https:\/\/www.scuola.cl\/sivm\/category\/noticias\/"},{"@type":"ListItem","position":3,"name":"Visita Naval en la Nido"}]},{"@type":"WebSite","@id":"https:\/\/www.scuola.cl\/sivm\/#website","url":"https:\/\/www.scuola.cl\/sivm\/","name":"Scuola Italiana","description":"Vittorio Montiglio","publisher":{"@id":"https:\/\/www.scuola.cl\/sivm\/#organization"},"potentialAction":[{"@type":"SearchAction","target":{"@type":"EntryPoint","urlTemplate":"https:\/\/www.scuola.cl\/sivm\/?s={search_term_string}"},"query-input":{"@type":"PropertyValueSpecification","valueRequired":true,"valueName":"search_term_string"}}],"inLanguage":"es"},{"@type":"Organization","@id":"https:\/\/www.scuola.cl\/sivm\/#organization","name":"Scuola Italiana Vittorio Montiglio","url":"https:\/\/www.scuola.cl\/sivm\/","logo":{"@type":"ImageObject","inLanguage":"es","@id":"https:\/\/www.scuola.cl\/sivm\/#\/schema\/logo\/image\/","url":"https:\/\/www.scuola.cl\/sivm\/wp-content\/uploads\/2019\/06\/Logo_Scuola-01-001-1000x1000.png","contentUrl":"https:\/\/www.scuola.cl\/sivm\/wp-content\/uploads\/2019\/06\/Logo_Scuola-01-001-1000x1000.png","width":1000,"height":1000,"caption":"Scuola Italiana Vittorio Montiglio"},"image":{"@id":"https:\/\/www.scuola.cl\/sivm\/#\/schema\/logo\/image\/"}},{"@type":"Person","@id":"https:\/\/www.scuola.cl\/sivm\/#\/schema\/person\/2ac68abc1b548ee6d8e16c4d3727d1b2","name":"Comunicaciones","image":{"@type":"ImageObject","inLanguage":"es","@id":"https:\/\/www.scuola.cl\/sivm\/#\/schema\/person\/image\/","url":"https:\/\/secure.gravatar.com\/avatar\/0b29fd7cdce1ec9939eded19ce85d6ed73acf03fb52d098b0641aed356fe6aeb?s=96&d=mm&r=g","contentUrl":"https:\/\/secure.gravatar.com\/avatar\/0b29fd7cdce1ec9939eded19ce85d6ed73acf03fb52d098b0641aed356fe6aeb?s=96&d=mm&r=g","caption":"Comunicaciones"},"url":"https:\/\/www.scuola.cl\/sivm\/author\/comunicaciones-scuola\/"}]}},"_links":{"self":[{"href":"https:\/\/www.scuola.cl\/sivm\/wp-json\/wp\/v2\/posts\/6739","targetHints":{"allow":["GET"]}}],"collection":[{"href":"https:\/\/www.scuola.cl\/sivm\/wp-json\/wp\/v2\/posts"}],"about":[{"href":"https:\/\/www.scuola.cl\/sivm\/wp-json\/wp\/v2\/types\/post"}],"author":[{"embeddable":true,"href":"https:\/\/www.scuola.cl\/sivm\/wp-json\/wp\/v2\/users\/2"}],"replies":[{"embeddable":true,"href":"https:\/\/www.scuola.cl\/sivm\/wp-json\/wp\/v2\/comments?post=6739"}],"version-history":[{"count":5,"href":"https:\/\/www.scuola.cl\/sivm\/wp-json\/wp\/v2\/posts\/6739\/revisions"}],"predecessor-version":[{"id":6746,"href":"https:\/\/www.scuola.cl\/sivm\/wp-json\/wp\/v2\/posts\/6739\/revisions\/6746"}],"wp:featuredmedia":[{"embeddable":true,"href":"https:\/\/www.scuola.cl\/sivm\/wp-json\/wp\/v2\/media\/6740"}],"wp:attachment":[{"href":"https:\/\/www.scuola.cl\/sivm\/wp-json\/wp\/v2\/media?parent=6739"}],"wp:term":[{"taxonomy":"category","embeddable":true,"href":"https:\/\/www.scuola.cl\/sivm\/wp-json\/wp\/v2\/categories?post=6739"},{"taxonomy":"post_tag","embeddable":true,"href":"https:\/\/www.scuola.cl\/sivm\/wp-json\/wp\/v2\/tags?post=6739"}],"curies":[{"name":"wp","href":"https:\/\/api.w.org\/{rel}","templated":true}]}}