{"id":6615,"date":"2018-05-09T11:59:15","date_gmt":"2018-05-09T14:59:15","guid":{"rendered":"http:\/\/www.scuola.cl\/sivm\/?p=6615"},"modified":"2018-05-14T10:02:48","modified_gmt":"2018-05-14T13:02:48","slug":"visita-ib-al-hogar-italiano","status":"publish","type":"post","link":"https:\/\/www.scuola.cl\/sivm\/visita-ib-al-hogar-italiano\/","title":{"rendered":"Visita I\u00b0B al Hogar Italiano"},"content":{"rendered":"<p><em>\u201cLa experiencia no consiste en lo que se ha vivido, sino en lo que se ha reflexionado.\u201d\u00a0<\/em><a href=\"https:\/\/www.proverbia.net\/citasautor.asp?autor=746\">Jos\u00e9 Mar\u00eda de Pereda<\/a>\u00a0<em>(1833-1906) Escritor espa\u00f1ol.\u00a0<\/em><strong>(Por alumnos I\u00b0 Medio B)<\/strong><\/p>\n<p>&nbsp;<\/p>\n<p>El 19 de abril, como curso 1\u00b0 B, visitamos durante la jornada de la ma\u00f1ana el Hogar Italiano, acompa\u00f1ados de nuestro profesor jefe Simone Mastronunzio y de la encargada de Solidaridad, la \u201ct\u00eda Pitty\u201d. Ella nos mostr\u00f3 las diferentes dependencias del lugar, del cual nos llam\u00f3 la atenci\u00f3n, la tranquilidad, los jardines y los espacios de recreaci\u00f3n.<\/p>\n<p>En nuestro recorrido nos encontramos con abuelitos entre 65 y 103 a\u00f1os. Nos entristeci\u00f3 que vimos a algunos de ellos con menor movilidad y dificultad para hablar.<\/p>\n<p>Luego nos reunimos con la Asistente Social. Ella nos dividi\u00f3 en hombres y mujeres. Nosotros comenzamos a saludar y a conversar con los abuelitos que no pod\u00edan salir de sus piezas. Un grupo de compa\u00f1eras se dirigieron a hacer las manos a las se\u00f1oras, quienes quedaron encantadas con esta actividad y repet\u00edan: \u201c\u00a1Qu\u00e9 buena idea, chiquillas!\u201d<\/p>\n<p>Supuestamente, se supon\u00eda que la primera actividad era participar en el taller de gimnasia \u00a0pero, lamentablemente, los residentes estaban resfriados y no pudimos compartir esa instancia con ellos. Sin embargo, participamos del grupo de canto, donde se les ense\u00f1a\u00a0 ejercicios para relajar las cuerdas vocales, lo cual tambi\u00e9n aprendimos. Luego, cantamos todos juntos y tres de mis compa\u00f1eros lo hicieron a t\u00edtulo personal como Chiara, quien cant\u00f3 en italiano, Andr\u00e9s toc\u00f3 guitarra y Alonso, el ukelele.<\/p>\n<p>M\u00e1s tarde, nos trasladamos al comedor para compartir, en una rica convivencia, los pastelitos que nos hab\u00edan hecho y tambi\u00e9n las cosas ricas que nosotros les hab\u00edamos llevado.<\/p>\n<p>Para finalizar, en el living un abuelo nos deleit\u00f3 tocando el piano. Lo que fue muy lindo.<\/p>\n<p>Como conclusi\u00f3n, pudimos darnos cuenta de que ellos se entretienen mucho conversando y narrando sus interesantes y, en algunos casos, impresionantes historias de vida. Adem\u00e1s,\u00a0 ellos se sienten muy c\u00f3modos y felices con nuestras visitas. Nos sentimos orgullosos de haber aportado un granito de arena. Esta actividad nos hizo apreciar m\u00e1s a\u00fan sus visiones de vida, reflexionar sobre intereses y valorar nuestras vidas, nuestras familias y, especialmente, a nuestros propios abuelos.<\/p>\n<p>&nbsp;<\/p>\n<p><img loading=\"lazy\" decoding=\"async\" width=\"700\" height=\"474\" class=\"alignnone size-large wp-image-6616\" src=\"http:\/\/www.scuola.cl\/sivm\/wp-content\/uploads\/2018\/05\/I\u00b0B-700x474.jpg\" alt=\"I\u00b0B\" srcset=\"https:\/\/www.scuola.cl\/sivm\/wp-content\/uploads\/2018\/05\/I\u00b0B-700x474.jpg 700w, https:\/\/www.scuola.cl\/sivm\/wp-content\/uploads\/2018\/05\/I\u00b0B-250x169.jpg 250w, https:\/\/www.scuola.cl\/sivm\/wp-content\/uploads\/2018\/05\/I\u00b0B-768x521.jpg 768w, https:\/\/www.scuola.cl\/sivm\/wp-content\/uploads\/2018\/05\/I\u00b0B-120x81.jpg 120w, https:\/\/www.scuola.cl\/sivm\/wp-content\/uploads\/2018\/05\/I\u00b0B.jpg 900w\" sizes=\"auto, (max-width: 700px) 100vw, 700px\" \/><\/p>\n","protected":false},"excerpt":{"rendered":"El jueves 19 de abril el I\u00b0B visit\u00f3 el Hogar Italiano acompa\u00f1ados por su profesor jefe y la encargada de Solidaridad. Los dejamos con un relato de su experiencia.","protected":false},"author":2,"featured_media":6616,"comment_status":"open","ping_status":"open","sticky":false,"template":"","format":"standard","meta":{"_acf_changed":false,"footnotes":""},"categories":[5,23],"tags":[],"class_list":["post-6615","post","type-post","status-publish","format-standard","has-post-thumbnail","hentry","category-noticias","category-solidaridad"],"acf":[],"yoast_head":"<!-- This site is optimized with the Yoast SEO plugin v27.1.1 - https:\/\/yoast.com\/product\/yoast-seo-wordpress\/ -->\n<title>Visita I\u00b0B al Hogar Italiano - Scuola Italiana<\/title>\n<meta name=\"robots\" content=\"index, follow, max-snippet:-1, max-image-preview:large, max-video-preview:-1\" \/>\n<link rel=\"canonical\" href=\"https:\/\/www.scuola.cl\/sivm\/visita-ib-al-hogar-italiano\/\" \/>\n<meta property=\"og:locale\" content=\"es_ES\" \/>\n<meta property=\"og:type\" content=\"article\" \/>\n<meta property=\"og:title\" content=\"Visita I\u00b0B al Hogar Italiano - Scuola Italiana\" \/>\n<meta property=\"og:description\" content=\"El jueves 19 de abril el I\u00b0B visit\u00f3 el Hogar Italiano acompa\u00f1ados por su profesor jefe y la encargada de Solidaridad. Los dejamos con un relato de su experiencia.\" \/>\n<meta property=\"og:url\" content=\"https:\/\/www.scuola.cl\/sivm\/visita-ib-al-hogar-italiano\/\" \/>\n<meta property=\"og:site_name\" content=\"Scuola Italiana\" \/>\n<meta property=\"article:published_time\" content=\"2018-05-09T14:59:15+00:00\" \/>\n<meta property=\"article:modified_time\" content=\"2018-05-14T13:02:48+00:00\" \/>\n<meta property=\"og:image\" content=\"https:\/\/www.scuola.cl\/sivm\/wp-content\/uploads\/2018\/05\/I\u00b0B.jpg\" \/>\n\t<meta property=\"og:image:width\" content=\"900\" \/>\n\t<meta property=\"og:image:height\" content=\"610\" \/>\n\t<meta property=\"og:image:type\" content=\"image\/jpeg\" \/>\n<meta name=\"author\" content=\"Comunicaciones\" \/>\n<meta name=\"twitter:card\" content=\"summary_large_image\" \/>\n<meta name=\"twitter:label1\" content=\"Escrito por\" \/>\n\t<meta name=\"twitter:data1\" content=\"Comunicaciones\" \/>\n\t<meta name=\"twitter:label2\" content=\"Tiempo de lectura\" \/>\n\t<meta name=\"twitter:data2\" content=\"2 minutos\" \/>\n<script type=\"application\/ld+json\" class=\"yoast-schema-graph\">{\"@context\":\"https:\/\/schema.org\",\"@graph\":[{\"@type\":\"Article\",\"@id\":\"https:\/\/www.scuola.cl\/sivm\/visita-ib-al-hogar-italiano\/#article\",\"isPartOf\":{\"@id\":\"https:\/\/www.scuola.cl\/sivm\/visita-ib-al-hogar-italiano\/\"},\"author\":{\"name\":\"Comunicaciones\",\"@id\":\"https:\/\/www.scuola.cl\/sivm\/#\/schema\/person\/2ac68abc1b548ee6d8e16c4d3727d1b2\"},\"headline\":\"Visita I\u00b0B al Hogar Italiano\",\"datePublished\":\"2018-05-09T14:59:15+00:00\",\"dateModified\":\"2018-05-14T13:02:48+00:00\",\"mainEntityOfPage\":{\"@id\":\"https:\/\/www.scuola.cl\/sivm\/visita-ib-al-hogar-italiano\/\"},\"wordCount\":392,\"commentCount\":0,\"publisher\":{\"@id\":\"https:\/\/www.scuola.cl\/sivm\/#organization\"},\"image\":{\"@id\":\"https:\/\/www.scuola.cl\/sivm\/visita-ib-al-hogar-italiano\/#primaryimage\"},\"thumbnailUrl\":\"https:\/\/www.scuola.cl\/sivm\/wp-content\/uploads\/2018\/05\/I\u00b0B.jpg\",\"articleSection\":[\"Noticias\",\"Solidaridad\"],\"inLanguage\":\"es\",\"potentialAction\":[{\"@type\":\"CommentAction\",\"name\":\"Comment\",\"target\":[\"https:\/\/www.scuola.cl\/sivm\/visita-ib-al-hogar-italiano\/#respond\"]}]},{\"@type\":\"WebPage\",\"@id\":\"https:\/\/www.scuola.cl\/sivm\/visita-ib-al-hogar-italiano\/\",\"url\":\"https:\/\/www.scuola.cl\/sivm\/visita-ib-al-hogar-italiano\/\",\"name\":\"Visita I\u00b0B al Hogar Italiano - Scuola Italiana\",\"isPartOf\":{\"@id\":\"https:\/\/www.scuola.cl\/sivm\/#website\"},\"primaryImageOfPage\":{\"@id\":\"https:\/\/www.scuola.cl\/sivm\/visita-ib-al-hogar-italiano\/#primaryimage\"},\"image\":{\"@id\":\"https:\/\/www.scuola.cl\/sivm\/visita-ib-al-hogar-italiano\/#primaryimage\"},\"thumbnailUrl\":\"https:\/\/www.scuola.cl\/sivm\/wp-content\/uploads\/2018\/05\/I\u00b0B.jpg\",\"datePublished\":\"2018-05-09T14:59:15+00:00\",\"dateModified\":\"2018-05-14T13:02:48+00:00\",\"breadcrumb\":{\"@id\":\"https:\/\/www.scuola.cl\/sivm\/visita-ib-al-hogar-italiano\/#breadcrumb\"},\"inLanguage\":\"es\",\"potentialAction\":[{\"@type\":\"ReadAction\",\"target\":[\"https:\/\/www.scuola.cl\/sivm\/visita-ib-al-hogar-italiano\/\"]}]},{\"@type\":\"ImageObject\",\"inLanguage\":\"es\",\"@id\":\"https:\/\/www.scuola.cl\/sivm\/visita-ib-al-hogar-italiano\/#primaryimage\",\"url\":\"https:\/\/www.scuola.cl\/sivm\/wp-content\/uploads\/2018\/05\/I\u00b0B.jpg\",\"contentUrl\":\"https:\/\/www.scuola.cl\/sivm\/wp-content\/uploads\/2018\/05\/I\u00b0B.jpg\",\"width\":900,\"height\":610},{\"@type\":\"BreadcrumbList\",\"@id\":\"https:\/\/www.scuola.cl\/sivm\/visita-ib-al-hogar-italiano\/#breadcrumb\",\"itemListElement\":[{\"@type\":\"ListItem\",\"position\":1,\"name\":\"Inicio\",\"item\":\"https:\/\/www.scuola.cl\/sivm\/\"},{\"@type\":\"ListItem\",\"position\":2,\"name\":\"Noticias\",\"item\":\"https:\/\/www.scuola.cl\/sivm\/category\/noticias\/\"},{\"@type\":\"ListItem\",\"position\":3,\"name\":\"Visita I\u00b0B al Hogar Italiano\"}]},{\"@type\":\"WebSite\",\"@id\":\"https:\/\/www.scuola.cl\/sivm\/#website\",\"url\":\"https:\/\/www.scuola.cl\/sivm\/\",\"name\":\"Scuola Italiana\",\"description\":\"Vittorio Montiglio\",\"publisher\":{\"@id\":\"https:\/\/www.scuola.cl\/sivm\/#organization\"},\"potentialAction\":[{\"@type\":\"SearchAction\",\"target\":{\"@type\":\"EntryPoint\",\"urlTemplate\":\"https:\/\/www.scuola.cl\/sivm\/?s={search_term_string}\"},\"query-input\":{\"@type\":\"PropertyValueSpecification\",\"valueRequired\":true,\"valueName\":\"search_term_string\"}}],\"inLanguage\":\"es\"},{\"@type\":\"Organization\",\"@id\":\"https:\/\/www.scuola.cl\/sivm\/#organization\",\"name\":\"Scuola Italiana Vittorio Montiglio\",\"url\":\"https:\/\/www.scuola.cl\/sivm\/\",\"logo\":{\"@type\":\"ImageObject\",\"inLanguage\":\"es\",\"@id\":\"https:\/\/www.scuola.cl\/sivm\/#\/schema\/logo\/image\/\",\"url\":\"https:\/\/www.scuola.cl\/sivm\/wp-content\/uploads\/2019\/06\/Logo_Scuola-01-001-1000x1000.png\",\"contentUrl\":\"https:\/\/www.scuola.cl\/sivm\/wp-content\/uploads\/2019\/06\/Logo_Scuola-01-001-1000x1000.png\",\"width\":1000,\"height\":1000,\"caption\":\"Scuola Italiana Vittorio Montiglio\"},\"image\":{\"@id\":\"https:\/\/www.scuola.cl\/sivm\/#\/schema\/logo\/image\/\"}},{\"@type\":\"Person\",\"@id\":\"https:\/\/www.scuola.cl\/sivm\/#\/schema\/person\/2ac68abc1b548ee6d8e16c4d3727d1b2\",\"name\":\"Comunicaciones\",\"image\":{\"@type\":\"ImageObject\",\"inLanguage\":\"es\",\"@id\":\"https:\/\/www.scuola.cl\/sivm\/#\/schema\/person\/image\/\",\"url\":\"https:\/\/secure.gravatar.com\/avatar\/0b29fd7cdce1ec9939eded19ce85d6ed73acf03fb52d098b0641aed356fe6aeb?s=96&d=mm&r=g\",\"contentUrl\":\"https:\/\/secure.gravatar.com\/avatar\/0b29fd7cdce1ec9939eded19ce85d6ed73acf03fb52d098b0641aed356fe6aeb?s=96&d=mm&r=g\",\"caption\":\"Comunicaciones\"},\"url\":\"https:\/\/www.scuola.cl\/sivm\/author\/comunicaciones-scuola\/\"}]}<\/script>\n<!-- \/ Yoast SEO plugin. -->","yoast_head_json":{"title":"Visita I\u00b0B al Hogar Italiano - Scuola Italiana","robots":{"index":"index","follow":"follow","max-snippet":"max-snippet:-1","max-image-preview":"max-image-preview:large","max-video-preview":"max-video-preview:-1"},"canonical":"https:\/\/www.scuola.cl\/sivm\/visita-ib-al-hogar-italiano\/","og_locale":"es_ES","og_type":"article","og_title":"Visita I\u00b0B al Hogar Italiano - Scuola Italiana","og_description":"El jueves 19 de abril el I\u00b0B visit\u00f3 el Hogar Italiano acompa\u00f1ados por su profesor jefe y la encargada de Solidaridad. Los dejamos con un relato de su experiencia.","og_url":"https:\/\/www.scuola.cl\/sivm\/visita-ib-al-hogar-italiano\/","og_site_name":"Scuola Italiana","article_published_time":"2018-05-09T14:59:15+00:00","article_modified_time":"2018-05-14T13:02:48+00:00","og_image":[{"width":900,"height":610,"url":"https:\/\/www.scuola.cl\/sivm\/wp-content\/uploads\/2018\/05\/I\u00b0B.jpg","type":"image\/jpeg"}],"author":"Comunicaciones","twitter_card":"summary_large_image","twitter_misc":{"Escrito por":"Comunicaciones","Tiempo de lectura":"2 minutos"},"schema":{"@context":"https:\/\/schema.org","@graph":[{"@type":"Article","@id":"https:\/\/www.scuola.cl\/sivm\/visita-ib-al-hogar-italiano\/#article","isPartOf":{"@id":"https:\/\/www.scuola.cl\/sivm\/visita-ib-al-hogar-italiano\/"},"author":{"name":"Comunicaciones","@id":"https:\/\/www.scuola.cl\/sivm\/#\/schema\/person\/2ac68abc1b548ee6d8e16c4d3727d1b2"},"headline":"Visita I\u00b0B al Hogar Italiano","datePublished":"2018-05-09T14:59:15+00:00","dateModified":"2018-05-14T13:02:48+00:00","mainEntityOfPage":{"@id":"https:\/\/www.scuola.cl\/sivm\/visita-ib-al-hogar-italiano\/"},"wordCount":392,"commentCount":0,"publisher":{"@id":"https:\/\/www.scuola.cl\/sivm\/#organization"},"image":{"@id":"https:\/\/www.scuola.cl\/sivm\/visita-ib-al-hogar-italiano\/#primaryimage"},"thumbnailUrl":"https:\/\/www.scuola.cl\/sivm\/wp-content\/uploads\/2018\/05\/I\u00b0B.jpg","articleSection":["Noticias","Solidaridad"],"inLanguage":"es","potentialAction":[{"@type":"CommentAction","name":"Comment","target":["https:\/\/www.scuola.cl\/sivm\/visita-ib-al-hogar-italiano\/#respond"]}]},{"@type":"WebPage","@id":"https:\/\/www.scuola.cl\/sivm\/visita-ib-al-hogar-italiano\/","url":"https:\/\/www.scuola.cl\/sivm\/visita-ib-al-hogar-italiano\/","name":"Visita I\u00b0B al Hogar Italiano - Scuola Italiana","isPartOf":{"@id":"https:\/\/www.scuola.cl\/sivm\/#website"},"primaryImageOfPage":{"@id":"https:\/\/www.scuola.cl\/sivm\/visita-ib-al-hogar-italiano\/#primaryimage"},"image":{"@id":"https:\/\/www.scuola.cl\/sivm\/visita-ib-al-hogar-italiano\/#primaryimage"},"thumbnailUrl":"https:\/\/www.scuola.cl\/sivm\/wp-content\/uploads\/2018\/05\/I\u00b0B.jpg","datePublished":"2018-05-09T14:59:15+00:00","dateModified":"2018-05-14T13:02:48+00:00","breadcrumb":{"@id":"https:\/\/www.scuola.cl\/sivm\/visita-ib-al-hogar-italiano\/#breadcrumb"},"inLanguage":"es","potentialAction":[{"@type":"ReadAction","target":["https:\/\/www.scuola.cl\/sivm\/visita-ib-al-hogar-italiano\/"]}]},{"@type":"ImageObject","inLanguage":"es","@id":"https:\/\/www.scuola.cl\/sivm\/visita-ib-al-hogar-italiano\/#primaryimage","url":"https:\/\/www.scuola.cl\/sivm\/wp-content\/uploads\/2018\/05\/I\u00b0B.jpg","contentUrl":"https:\/\/www.scuola.cl\/sivm\/wp-content\/uploads\/2018\/05\/I\u00b0B.jpg","width":900,"height":610},{"@type":"BreadcrumbList","@id":"https:\/\/www.scuola.cl\/sivm\/visita-ib-al-hogar-italiano\/#breadcrumb","itemListElement":[{"@type":"ListItem","position":1,"name":"Inicio","item":"https:\/\/www.scuola.cl\/sivm\/"},{"@type":"ListItem","position":2,"name":"Noticias","item":"https:\/\/www.scuola.cl\/sivm\/category\/noticias\/"},{"@type":"ListItem","position":3,"name":"Visita I\u00b0B al Hogar Italiano"}]},{"@type":"WebSite","@id":"https:\/\/www.scuola.cl\/sivm\/#website","url":"https:\/\/www.scuola.cl\/sivm\/","name":"Scuola Italiana","description":"Vittorio Montiglio","publisher":{"@id":"https:\/\/www.scuola.cl\/sivm\/#organization"},"potentialAction":[{"@type":"SearchAction","target":{"@type":"EntryPoint","urlTemplate":"https:\/\/www.scuola.cl\/sivm\/?s={search_term_string}"},"query-input":{"@type":"PropertyValueSpecification","valueRequired":true,"valueName":"search_term_string"}}],"inLanguage":"es"},{"@type":"Organization","@id":"https:\/\/www.scuola.cl\/sivm\/#organization","name":"Scuola Italiana Vittorio Montiglio","url":"https:\/\/www.scuola.cl\/sivm\/","logo":{"@type":"ImageObject","inLanguage":"es","@id":"https:\/\/www.scuola.cl\/sivm\/#\/schema\/logo\/image\/","url":"https:\/\/www.scuola.cl\/sivm\/wp-content\/uploads\/2019\/06\/Logo_Scuola-01-001-1000x1000.png","contentUrl":"https:\/\/www.scuola.cl\/sivm\/wp-content\/uploads\/2019\/06\/Logo_Scuola-01-001-1000x1000.png","width":1000,"height":1000,"caption":"Scuola Italiana Vittorio Montiglio"},"image":{"@id":"https:\/\/www.scuola.cl\/sivm\/#\/schema\/logo\/image\/"}},{"@type":"Person","@id":"https:\/\/www.scuola.cl\/sivm\/#\/schema\/person\/2ac68abc1b548ee6d8e16c4d3727d1b2","name":"Comunicaciones","image":{"@type":"ImageObject","inLanguage":"es","@id":"https:\/\/www.scuola.cl\/sivm\/#\/schema\/person\/image\/","url":"https:\/\/secure.gravatar.com\/avatar\/0b29fd7cdce1ec9939eded19ce85d6ed73acf03fb52d098b0641aed356fe6aeb?s=96&d=mm&r=g","contentUrl":"https:\/\/secure.gravatar.com\/avatar\/0b29fd7cdce1ec9939eded19ce85d6ed73acf03fb52d098b0641aed356fe6aeb?s=96&d=mm&r=g","caption":"Comunicaciones"},"url":"https:\/\/www.scuola.cl\/sivm\/author\/comunicaciones-scuola\/"}]}},"_links":{"self":[{"href":"https:\/\/www.scuola.cl\/sivm\/wp-json\/wp\/v2\/posts\/6615","targetHints":{"allow":["GET"]}}],"collection":[{"href":"https:\/\/www.scuola.cl\/sivm\/wp-json\/wp\/v2\/posts"}],"about":[{"href":"https:\/\/www.scuola.cl\/sivm\/wp-json\/wp\/v2\/types\/post"}],"author":[{"embeddable":true,"href":"https:\/\/www.scuola.cl\/sivm\/wp-json\/wp\/v2\/users\/2"}],"replies":[{"embeddable":true,"href":"https:\/\/www.scuola.cl\/sivm\/wp-json\/wp\/v2\/comments?post=6615"}],"version-history":[{"count":1,"href":"https:\/\/www.scuola.cl\/sivm\/wp-json\/wp\/v2\/posts\/6615\/revisions"}],"predecessor-version":[{"id":6617,"href":"https:\/\/www.scuola.cl\/sivm\/wp-json\/wp\/v2\/posts\/6615\/revisions\/6617"}],"wp:featuredmedia":[{"embeddable":true,"href":"https:\/\/www.scuola.cl\/sivm\/wp-json\/wp\/v2\/media\/6616"}],"wp:attachment":[{"href":"https:\/\/www.scuola.cl\/sivm\/wp-json\/wp\/v2\/media?parent=6615"}],"wp:term":[{"taxonomy":"category","embeddable":true,"href":"https:\/\/www.scuola.cl\/sivm\/wp-json\/wp\/v2\/categories?post=6615"},{"taxonomy":"post_tag","embeddable":true,"href":"https:\/\/www.scuola.cl\/sivm\/wp-json\/wp\/v2\/tags?post=6615"}],"curies":[{"name":"wp","href":"https:\/\/api.w.org\/{rel}","templated":true}]}}