{"id":5414,"date":"2017-11-14T11:21:55","date_gmt":"2017-11-14T14:21:55","guid":{"rendered":"http:\/\/www.scuola.cl\/sivm\/?p=5414"},"modified":"2017-11-14T11:21:55","modified_gmt":"2017-11-14T14:21:55","slug":"musical-la-bella-la-bestia","status":"publish","type":"post","link":"https:\/\/www.scuola.cl\/sivm\/musical-la-bella-la-bestia\/","title":{"rendered":"Musical \u00abLa Bella y la Bestia\u00bb"},"content":{"rendered":"<p>La semana pasada el Taller de Teatro de la Media Inferior present\u00f3 la funci\u00f3n del famoso musical \u00abLa Bella y la Bestia\u00bb, dirigidos por la profesora Luz Maria Eynaudi. El montaje fue acompa\u00f1ado por un grupo de m\u00fasicos pertenecientes al Taller de Banda que tiene la Scuola, a cargo del profesor Diego Moraga. Los alumnos demostraron en esta presentaci\u00f3n todo el esfuerzo y trabajo del a\u00f1o, destac\u00e1ndose su capacidad interpretativa, carisma y entusiasmo durante todo el desarrollo de la obra. La m\u00fasica, los apoyos audiovisuales, el vestuario y elementos escenogr\u00e1ficos, permitieron que el numeroso p\u00fablico que asisti\u00f3 a verla en las diferente funciones que brindaron, disfrutar\u00e1n de un gran espect\u00e1culo, que nuevamente pone de manifiesto el enorme talento y creatividad que nuestros alumnos poseen. Los dejamos con las reflexiones de la profesora Luz Maria Eynaudi sobre lo que implic\u00f3 hacer este trabajo: \u00abEste a\u00f1o el Taller de Teatro tuvo como objetivo realizar un musical en italiano en conjunto con el Taller de Bandas, eligiendo para presentar \u00abla Bella y la Bestia\u00bb. Como profesora del taller, estoy muy contenta y orgullosa con el trabajo logrado con los alumnos de la Media Inferior, no s\u00f3lo por la obra en s\u00ed, sino por el trabajo y progreso que tuvieron. Muchos de los que llegaron, al comienzo les costaba hablar en las improvisaciones e incluso entre sus pares, algunos son t\u00edmidos y muy sensibles a la aceptaci\u00f3n de sus compa\u00f1eros, entonces es ah\u00ed donde el teatro se manifiesta como una disciplina que entrega herramientas para manejar y vencer este tipo de circunstancias. Los alumnos en el taller aprenden a trabajar en equipo, a desenvolverse y relacionarse con otros, ser solidarios, respetuosos, tolerantes, aceptarse y conocerse, entre otras cosas. Todo esto se ve reflejado al momento de hacer la obra, al hacer un training, al escuchar las palabras de ellos al momento de referirse a sus compa\u00f1eros, a enfrentarse con sus pares en la sala de clases y familia. Esta experiencia sin duda la recordar\u00e1n, el hecho de pararse en un escenario frente a todo el colegio, actuar y cantar, es un viaje \u00fanico y m\u00e1gico. Gracias a mis alumnos por haber confiado en m\u00ed y en el proyecto, a mis compa\u00f1eros de equipo, apoderados, auxiliares y coordinadores. Nada de esto hubiese sido posible sin su aporte\u00bb<\/p>\n<p>&nbsp;<\/p>\n<p><img loading=\"lazy\" decoding=\"async\" width=\"700\" height=\"474\" class=\"alignnone size-large wp-image-5415\" src=\"http:\/\/www.scuola.cl\/sivm\/wp-content\/uploads\/2017\/11\/Bella-y-Bestia-700x474.jpg\" alt=\"Bella y Bestia\" srcset=\"https:\/\/www.scuola.cl\/sivm\/wp-content\/uploads\/2017\/11\/Bella-y-Bestia-700x474.jpg 700w, https:\/\/www.scuola.cl\/sivm\/wp-content\/uploads\/2017\/11\/Bella-y-Bestia-250x169.jpg 250w, https:\/\/www.scuola.cl\/sivm\/wp-content\/uploads\/2017\/11\/Bella-y-Bestia-768x521.jpg 768w, https:\/\/www.scuola.cl\/sivm\/wp-content\/uploads\/2017\/11\/Bella-y-Bestia-120x81.jpg 120w, https:\/\/www.scuola.cl\/sivm\/wp-content\/uploads\/2017\/11\/Bella-y-Bestia.jpg 900w\" sizes=\"auto, (max-width: 700px) 100vw, 700px\" \/><\/p>\n","protected":false},"excerpt":{"rendered":"El Taller de Teatro de la Media Inferior present\u00f3 la funci\u00f3n del famoso musical \u00abLa Bella y la Bestia\u00bb, dirigidos por la profesora Luz Maria Eynaudi. El montaje fue acompa\u00f1ado por un grupo de m\u00fasicos a cargo del profesor Diego Moraga.","protected":false},"author":2,"featured_media":5415,"comment_status":"open","ping_status":"open","sticky":false,"template":"","format":"standard","meta":{"_acf_changed":false,"footnotes":""},"categories":[5,24],"tags":[],"class_list":["post-5414","post","type-post","status-publish","format-standard","has-post-thumbnail","hentry","category-noticias","category-scuola"],"acf":[],"yoast_head":"<!-- This site is optimized with the Yoast SEO plugin v27.1.1 - https:\/\/yoast.com\/product\/yoast-seo-wordpress\/ -->\n<title>Musical &quot;La Bella y la Bestia&quot; - Scuola Italiana<\/title>\n<meta name=\"robots\" content=\"index, follow, max-snippet:-1, max-image-preview:large, max-video-preview:-1\" \/>\n<link rel=\"canonical\" href=\"https:\/\/www.scuola.cl\/sivm\/musical-la-bella-la-bestia\/\" \/>\n<meta property=\"og:locale\" content=\"es_ES\" \/>\n<meta property=\"og:type\" content=\"article\" \/>\n<meta property=\"og:title\" content=\"Musical &quot;La Bella y la Bestia&quot; - Scuola Italiana\" \/>\n<meta property=\"og:description\" content=\"El Taller de Teatro de la Media Inferior present\u00f3 la funci\u00f3n del famoso musical &quot;La Bella y la Bestia&quot;, dirigidos por la profesora Luz Maria Eynaudi. El montaje fue acompa\u00f1ado por un grupo de m\u00fasicos a cargo del profesor Diego Moraga.\" \/>\n<meta property=\"og:url\" content=\"https:\/\/www.scuola.cl\/sivm\/musical-la-bella-la-bestia\/\" \/>\n<meta property=\"og:site_name\" content=\"Scuola Italiana\" \/>\n<meta property=\"article:published_time\" content=\"2017-11-14T14:21:55+00:00\" \/>\n<meta property=\"og:image\" content=\"https:\/\/www.scuola.cl\/sivm\/wp-content\/uploads\/2017\/11\/Bella-y-Bestia.jpg\" \/>\n\t<meta property=\"og:image:width\" content=\"900\" \/>\n\t<meta property=\"og:image:height\" content=\"610\" \/>\n\t<meta property=\"og:image:type\" content=\"image\/jpeg\" \/>\n<meta name=\"author\" content=\"Comunicaciones\" \/>\n<meta name=\"twitter:card\" content=\"summary_large_image\" \/>\n<meta name=\"twitter:label1\" content=\"Escrito por\" \/>\n\t<meta name=\"twitter:data1\" content=\"Comunicaciones\" \/>\n\t<meta name=\"twitter:label2\" content=\"Tiempo de lectura\" \/>\n\t<meta name=\"twitter:data2\" content=\"2 minutos\" \/>\n<script type=\"application\/ld+json\" class=\"yoast-schema-graph\">{\"@context\":\"https:\/\/schema.org\",\"@graph\":[{\"@type\":\"Article\",\"@id\":\"https:\/\/www.scuola.cl\/sivm\/musical-la-bella-la-bestia\/#article\",\"isPartOf\":{\"@id\":\"https:\/\/www.scuola.cl\/sivm\/musical-la-bella-la-bestia\/\"},\"author\":{\"name\":\"Comunicaciones\",\"@id\":\"https:\/\/www.scuola.cl\/sivm\/#\/schema\/person\/2ac68abc1b548ee6d8e16c4d3727d1b2\"},\"headline\":\"Musical \u00abLa Bella y la Bestia\u00bb\",\"datePublished\":\"2017-11-14T14:21:55+00:00\",\"mainEntityOfPage\":{\"@id\":\"https:\/\/www.scuola.cl\/sivm\/musical-la-bella-la-bestia\/\"},\"wordCount\":409,\"commentCount\":0,\"publisher\":{\"@id\":\"https:\/\/www.scuola.cl\/sivm\/#organization\"},\"image\":{\"@id\":\"https:\/\/www.scuola.cl\/sivm\/musical-la-bella-la-bestia\/#primaryimage\"},\"thumbnailUrl\":\"https:\/\/www.scuola.cl\/sivm\/wp-content\/uploads\/2017\/11\/Bella-y-Bestia.jpg\",\"articleSection\":[\"Noticias\",\"Scuola\"],\"inLanguage\":\"es\",\"potentialAction\":[{\"@type\":\"CommentAction\",\"name\":\"Comment\",\"target\":[\"https:\/\/www.scuola.cl\/sivm\/musical-la-bella-la-bestia\/#respond\"]}]},{\"@type\":\"WebPage\",\"@id\":\"https:\/\/www.scuola.cl\/sivm\/musical-la-bella-la-bestia\/\",\"url\":\"https:\/\/www.scuola.cl\/sivm\/musical-la-bella-la-bestia\/\",\"name\":\"Musical \\\"La Bella y la Bestia\\\" - Scuola Italiana\",\"isPartOf\":{\"@id\":\"https:\/\/www.scuola.cl\/sivm\/#website\"},\"primaryImageOfPage\":{\"@id\":\"https:\/\/www.scuola.cl\/sivm\/musical-la-bella-la-bestia\/#primaryimage\"},\"image\":{\"@id\":\"https:\/\/www.scuola.cl\/sivm\/musical-la-bella-la-bestia\/#primaryimage\"},\"thumbnailUrl\":\"https:\/\/www.scuola.cl\/sivm\/wp-content\/uploads\/2017\/11\/Bella-y-Bestia.jpg\",\"datePublished\":\"2017-11-14T14:21:55+00:00\",\"breadcrumb\":{\"@id\":\"https:\/\/www.scuola.cl\/sivm\/musical-la-bella-la-bestia\/#breadcrumb\"},\"inLanguage\":\"es\",\"potentialAction\":[{\"@type\":\"ReadAction\",\"target\":[\"https:\/\/www.scuola.cl\/sivm\/musical-la-bella-la-bestia\/\"]}]},{\"@type\":\"ImageObject\",\"inLanguage\":\"es\",\"@id\":\"https:\/\/www.scuola.cl\/sivm\/musical-la-bella-la-bestia\/#primaryimage\",\"url\":\"https:\/\/www.scuola.cl\/sivm\/wp-content\/uploads\/2017\/11\/Bella-y-Bestia.jpg\",\"contentUrl\":\"https:\/\/www.scuola.cl\/sivm\/wp-content\/uploads\/2017\/11\/Bella-y-Bestia.jpg\",\"width\":900,\"height\":610},{\"@type\":\"BreadcrumbList\",\"@id\":\"https:\/\/www.scuola.cl\/sivm\/musical-la-bella-la-bestia\/#breadcrumb\",\"itemListElement\":[{\"@type\":\"ListItem\",\"position\":1,\"name\":\"Inicio\",\"item\":\"https:\/\/www.scuola.cl\/sivm\/\"},{\"@type\":\"ListItem\",\"position\":2,\"name\":\"Noticias\",\"item\":\"https:\/\/www.scuola.cl\/sivm\/category\/noticias\/\"},{\"@type\":\"ListItem\",\"position\":3,\"name\":\"Musical \u00abLa Bella y la Bestia\u00bb\"}]},{\"@type\":\"WebSite\",\"@id\":\"https:\/\/www.scuola.cl\/sivm\/#website\",\"url\":\"https:\/\/www.scuola.cl\/sivm\/\",\"name\":\"Scuola Italiana\",\"description\":\"Vittorio Montiglio\",\"publisher\":{\"@id\":\"https:\/\/www.scuola.cl\/sivm\/#organization\"},\"potentialAction\":[{\"@type\":\"SearchAction\",\"target\":{\"@type\":\"EntryPoint\",\"urlTemplate\":\"https:\/\/www.scuola.cl\/sivm\/?s={search_term_string}\"},\"query-input\":{\"@type\":\"PropertyValueSpecification\",\"valueRequired\":true,\"valueName\":\"search_term_string\"}}],\"inLanguage\":\"es\"},{\"@type\":\"Organization\",\"@id\":\"https:\/\/www.scuola.cl\/sivm\/#organization\",\"name\":\"Scuola Italiana Vittorio Montiglio\",\"url\":\"https:\/\/www.scuola.cl\/sivm\/\",\"logo\":{\"@type\":\"ImageObject\",\"inLanguage\":\"es\",\"@id\":\"https:\/\/www.scuola.cl\/sivm\/#\/schema\/logo\/image\/\",\"url\":\"https:\/\/www.scuola.cl\/sivm\/wp-content\/uploads\/2019\/06\/Logo_Scuola-01-001-1000x1000.png\",\"contentUrl\":\"https:\/\/www.scuola.cl\/sivm\/wp-content\/uploads\/2019\/06\/Logo_Scuola-01-001-1000x1000.png\",\"width\":1000,\"height\":1000,\"caption\":\"Scuola Italiana Vittorio Montiglio\"},\"image\":{\"@id\":\"https:\/\/www.scuola.cl\/sivm\/#\/schema\/logo\/image\/\"}},{\"@type\":\"Person\",\"@id\":\"https:\/\/www.scuola.cl\/sivm\/#\/schema\/person\/2ac68abc1b548ee6d8e16c4d3727d1b2\",\"name\":\"Comunicaciones\",\"image\":{\"@type\":\"ImageObject\",\"inLanguage\":\"es\",\"@id\":\"https:\/\/www.scuola.cl\/sivm\/#\/schema\/person\/image\/\",\"url\":\"https:\/\/secure.gravatar.com\/avatar\/0b29fd7cdce1ec9939eded19ce85d6ed73acf03fb52d098b0641aed356fe6aeb?s=96&d=mm&r=g\",\"contentUrl\":\"https:\/\/secure.gravatar.com\/avatar\/0b29fd7cdce1ec9939eded19ce85d6ed73acf03fb52d098b0641aed356fe6aeb?s=96&d=mm&r=g\",\"caption\":\"Comunicaciones\"},\"url\":\"https:\/\/www.scuola.cl\/sivm\/author\/comunicaciones-scuola\/\"}]}<\/script>\n<!-- \/ Yoast SEO plugin. -->","yoast_head_json":{"title":"Musical \"La Bella y la Bestia\" - Scuola Italiana","robots":{"index":"index","follow":"follow","max-snippet":"max-snippet:-1","max-image-preview":"max-image-preview:large","max-video-preview":"max-video-preview:-1"},"canonical":"https:\/\/www.scuola.cl\/sivm\/musical-la-bella-la-bestia\/","og_locale":"es_ES","og_type":"article","og_title":"Musical \"La Bella y la Bestia\" - Scuola Italiana","og_description":"El Taller de Teatro de la Media Inferior present\u00f3 la funci\u00f3n del famoso musical \"La Bella y la Bestia\", dirigidos por la profesora Luz Maria Eynaudi. El montaje fue acompa\u00f1ado por un grupo de m\u00fasicos a cargo del profesor Diego Moraga.","og_url":"https:\/\/www.scuola.cl\/sivm\/musical-la-bella-la-bestia\/","og_site_name":"Scuola Italiana","article_published_time":"2017-11-14T14:21:55+00:00","og_image":[{"width":900,"height":610,"url":"https:\/\/www.scuola.cl\/sivm\/wp-content\/uploads\/2017\/11\/Bella-y-Bestia.jpg","type":"image\/jpeg"}],"author":"Comunicaciones","twitter_card":"summary_large_image","twitter_misc":{"Escrito por":"Comunicaciones","Tiempo de lectura":"2 minutos"},"schema":{"@context":"https:\/\/schema.org","@graph":[{"@type":"Article","@id":"https:\/\/www.scuola.cl\/sivm\/musical-la-bella-la-bestia\/#article","isPartOf":{"@id":"https:\/\/www.scuola.cl\/sivm\/musical-la-bella-la-bestia\/"},"author":{"name":"Comunicaciones","@id":"https:\/\/www.scuola.cl\/sivm\/#\/schema\/person\/2ac68abc1b548ee6d8e16c4d3727d1b2"},"headline":"Musical \u00abLa Bella y la Bestia\u00bb","datePublished":"2017-11-14T14:21:55+00:00","mainEntityOfPage":{"@id":"https:\/\/www.scuola.cl\/sivm\/musical-la-bella-la-bestia\/"},"wordCount":409,"commentCount":0,"publisher":{"@id":"https:\/\/www.scuola.cl\/sivm\/#organization"},"image":{"@id":"https:\/\/www.scuola.cl\/sivm\/musical-la-bella-la-bestia\/#primaryimage"},"thumbnailUrl":"https:\/\/www.scuola.cl\/sivm\/wp-content\/uploads\/2017\/11\/Bella-y-Bestia.jpg","articleSection":["Noticias","Scuola"],"inLanguage":"es","potentialAction":[{"@type":"CommentAction","name":"Comment","target":["https:\/\/www.scuola.cl\/sivm\/musical-la-bella-la-bestia\/#respond"]}]},{"@type":"WebPage","@id":"https:\/\/www.scuola.cl\/sivm\/musical-la-bella-la-bestia\/","url":"https:\/\/www.scuola.cl\/sivm\/musical-la-bella-la-bestia\/","name":"Musical \"La Bella y la Bestia\" - Scuola Italiana","isPartOf":{"@id":"https:\/\/www.scuola.cl\/sivm\/#website"},"primaryImageOfPage":{"@id":"https:\/\/www.scuola.cl\/sivm\/musical-la-bella-la-bestia\/#primaryimage"},"image":{"@id":"https:\/\/www.scuola.cl\/sivm\/musical-la-bella-la-bestia\/#primaryimage"},"thumbnailUrl":"https:\/\/www.scuola.cl\/sivm\/wp-content\/uploads\/2017\/11\/Bella-y-Bestia.jpg","datePublished":"2017-11-14T14:21:55+00:00","breadcrumb":{"@id":"https:\/\/www.scuola.cl\/sivm\/musical-la-bella-la-bestia\/#breadcrumb"},"inLanguage":"es","potentialAction":[{"@type":"ReadAction","target":["https:\/\/www.scuola.cl\/sivm\/musical-la-bella-la-bestia\/"]}]},{"@type":"ImageObject","inLanguage":"es","@id":"https:\/\/www.scuola.cl\/sivm\/musical-la-bella-la-bestia\/#primaryimage","url":"https:\/\/www.scuola.cl\/sivm\/wp-content\/uploads\/2017\/11\/Bella-y-Bestia.jpg","contentUrl":"https:\/\/www.scuola.cl\/sivm\/wp-content\/uploads\/2017\/11\/Bella-y-Bestia.jpg","width":900,"height":610},{"@type":"BreadcrumbList","@id":"https:\/\/www.scuola.cl\/sivm\/musical-la-bella-la-bestia\/#breadcrumb","itemListElement":[{"@type":"ListItem","position":1,"name":"Inicio","item":"https:\/\/www.scuola.cl\/sivm\/"},{"@type":"ListItem","position":2,"name":"Noticias","item":"https:\/\/www.scuola.cl\/sivm\/category\/noticias\/"},{"@type":"ListItem","position":3,"name":"Musical \u00abLa Bella y la Bestia\u00bb"}]},{"@type":"WebSite","@id":"https:\/\/www.scuola.cl\/sivm\/#website","url":"https:\/\/www.scuola.cl\/sivm\/","name":"Scuola Italiana","description":"Vittorio Montiglio","publisher":{"@id":"https:\/\/www.scuola.cl\/sivm\/#organization"},"potentialAction":[{"@type":"SearchAction","target":{"@type":"EntryPoint","urlTemplate":"https:\/\/www.scuola.cl\/sivm\/?s={search_term_string}"},"query-input":{"@type":"PropertyValueSpecification","valueRequired":true,"valueName":"search_term_string"}}],"inLanguage":"es"},{"@type":"Organization","@id":"https:\/\/www.scuola.cl\/sivm\/#organization","name":"Scuola Italiana Vittorio Montiglio","url":"https:\/\/www.scuola.cl\/sivm\/","logo":{"@type":"ImageObject","inLanguage":"es","@id":"https:\/\/www.scuola.cl\/sivm\/#\/schema\/logo\/image\/","url":"https:\/\/www.scuola.cl\/sivm\/wp-content\/uploads\/2019\/06\/Logo_Scuola-01-001-1000x1000.png","contentUrl":"https:\/\/www.scuola.cl\/sivm\/wp-content\/uploads\/2019\/06\/Logo_Scuola-01-001-1000x1000.png","width":1000,"height":1000,"caption":"Scuola Italiana Vittorio Montiglio"},"image":{"@id":"https:\/\/www.scuola.cl\/sivm\/#\/schema\/logo\/image\/"}},{"@type":"Person","@id":"https:\/\/www.scuola.cl\/sivm\/#\/schema\/person\/2ac68abc1b548ee6d8e16c4d3727d1b2","name":"Comunicaciones","image":{"@type":"ImageObject","inLanguage":"es","@id":"https:\/\/www.scuola.cl\/sivm\/#\/schema\/person\/image\/","url":"https:\/\/secure.gravatar.com\/avatar\/0b29fd7cdce1ec9939eded19ce85d6ed73acf03fb52d098b0641aed356fe6aeb?s=96&d=mm&r=g","contentUrl":"https:\/\/secure.gravatar.com\/avatar\/0b29fd7cdce1ec9939eded19ce85d6ed73acf03fb52d098b0641aed356fe6aeb?s=96&d=mm&r=g","caption":"Comunicaciones"},"url":"https:\/\/www.scuola.cl\/sivm\/author\/comunicaciones-scuola\/"}]}},"_links":{"self":[{"href":"https:\/\/www.scuola.cl\/sivm\/wp-json\/wp\/v2\/posts\/5414","targetHints":{"allow":["GET"]}}],"collection":[{"href":"https:\/\/www.scuola.cl\/sivm\/wp-json\/wp\/v2\/posts"}],"about":[{"href":"https:\/\/www.scuola.cl\/sivm\/wp-json\/wp\/v2\/types\/post"}],"author":[{"embeddable":true,"href":"https:\/\/www.scuola.cl\/sivm\/wp-json\/wp\/v2\/users\/2"}],"replies":[{"embeddable":true,"href":"https:\/\/www.scuola.cl\/sivm\/wp-json\/wp\/v2\/comments?post=5414"}],"version-history":[{"count":1,"href":"https:\/\/www.scuola.cl\/sivm\/wp-json\/wp\/v2\/posts\/5414\/revisions"}],"predecessor-version":[{"id":5416,"href":"https:\/\/www.scuola.cl\/sivm\/wp-json\/wp\/v2\/posts\/5414\/revisions\/5416"}],"wp:featuredmedia":[{"embeddable":true,"href":"https:\/\/www.scuola.cl\/sivm\/wp-json\/wp\/v2\/media\/5415"}],"wp:attachment":[{"href":"https:\/\/www.scuola.cl\/sivm\/wp-json\/wp\/v2\/media?parent=5414"}],"wp:term":[{"taxonomy":"category","embeddable":true,"href":"https:\/\/www.scuola.cl\/sivm\/wp-json\/wp\/v2\/categories?post=5414"},{"taxonomy":"post_tag","embeddable":true,"href":"https:\/\/www.scuola.cl\/sivm\/wp-json\/wp\/v2\/tags?post=5414"}],"curies":[{"name":"wp","href":"https:\/\/api.w.org\/{rel}","templated":true}]}}