{"id":5280,"date":"2017-10-23T15:28:04","date_gmt":"2017-10-23T18:28:04","guid":{"rendered":"http:\/\/www.scuola.cl\/sivm\/?p=5280"},"modified":"2017-10-24T15:41:55","modified_gmt":"2017-10-24T18:41:55","slug":"scuola-digitale-23-ottobre","status":"publish","type":"post","link":"https:\/\/www.scuola.cl\/sivm\/scuola-digitale-23-ottobre\/","title":{"rendered":"Scuola Digitale 23 Ottobre"},"content":{"rendered":"<p>&nbsp;<\/p>\n<table style=\"width: 100%; font-family: Arial, Helvetica, sans-serif; border-collapse: collapse;\" border=\"0\">\n<tbody>\n<tr>\n<td style=\"width: 10%;\" rowspan=\"12\"><\/td>\n<td style=\"background-color: #16a66b; height: 100px;\">\n<table style=\"width: 100%; border-collapse: collapse;\" border=\"0\">\n<tbody>\n<tr style=\"background-color: #16a66b;\">\n<td style=\"font-size: 2.5em; color: #fff; font-weight: bold;\"><a style=\"font-size: 13px; font-weight: normal;\" href=\"http:\/\/www.commtrack.cl\/archivos\/sivm\/repositorio\/38bc11_banner_titulo2.png\"><span style=\"color: #333333; font-family: sans-serif, Arial, Verdana, 'Trebuchet MS';\"><img decoding=\"async\" src=\"http:\/\/www.commtrack.cl\/archivos\/sivm\/repositorio\/38bc11_banner_titulo2.png\" \/><\/span><\/a><\/td>\n<\/tr>\n<\/tbody>\n<\/table>\n<\/td>\n<td style=\"width: 10%;\" rowspan=\"12\"><\/td>\n<\/tr>\n<tr>\n<td style=\"padding: 10px;\"><span style=\"color: #333333; font-family: sans-serif, Arial, Verdana, 'Trebuchet MS';\"><a href=\"http:\/\/www.scuola.cl\/sivm\/copa-futbolito-benjamin-reineking\/\"><img decoding=\"async\" style=\"width: 100%;\" src=\"http:\/\/www.commtrack.cl\/archivos\/sivm\/repositorio\/9c58d0_noticia_copa_benjamin.jpg\" alt=\"\" \/><\/a><\/span><\/td>\n<\/tr>\n<tr style=\"text-align: center;\">\n<td style=\"padding: 10px;\"><span style=\"font-family: sans-serif, Arial, Verdana, 'Trebuchet MS';\"><strong>COPA DE FUTBOLITO \u201cBENJAM\u00cdN REINEKING\u201d<\/strong><\/span><\/td>\n<\/tr>\n<tr style=\"text-align: center;\">\n<td style=\"padding: 10px;\"><span style=\"font-family: sans-serif, Arial, Verdana, 'Trebuchet MS';\">Los invitamos a participar de la Copa de Futbolito \u201cBenjam\u00edn Reineking\u201d, que se realizar\u00e1 en la Scuola el s\u00e1bado 18 de noviembre entre 9:00 Hrs. y 17:00 Hrs. Alumnos (de I\u00b0 a IV\u00b0 Medio), ex alumnos, apoderados, amigos, profesores y funcionarios, podr\u00e1n participar de esta actividad, que pretende ser una instancia para compartir sanamente en un ambiente de camarader\u00eda y uni\u00f3n, recordando el esp\u00edritu deportivo de nuestro querido Benja.<\/span><\/td>\n<\/tr>\n<tr style=\"text-align: right;\">\n<td style=\"color: #16a66b; padding-right: 10px;\"><a href=\"http:\/\/www.scuola.cl\/sivm\/copa-futbolito-benjamin-reineking\/\"><span style=\"color: #333333; font-family: sans-serif, Arial, Verdana, 'Trebuchet MS';\">Leer m\u00e1s&#8230;<\/span><\/a><\/td>\n<\/tr>\n<tr>\n<td>\n<table style=\"width: 100%; border-collapse: collapse;\" border=\"0\">\n<tbody>\n<tr>\n<td style=\"padding: 10px;\"><a href=\"http:\/\/www.scuola.cl\/sivm\/proyecto-jardin-botanico\/\"><span style=\"color: #333333; font-family: sans-serif, Arial, Verdana, 'Trebuchet MS';\"><img decoding=\"async\" style=\"width: 100%;\" src=\"http:\/\/www.scuola.cl\/sivm\/wp-content\/uploads\/2017\/10\/Proyecto_Botanico_Erika_Sandra.jpg\" alt=\"\" \/><\/span><\/a><\/td>\n<td style=\"padding: 10px;\"><a href=\"http:\/\/www.scuola.cl\/sivm\/encuentro_de_grabado_en_la_scuola\/\"><span style=\"color: #333333; font-family: sans-serif, Arial, Verdana, 'Trebuchet MS';\"><img decoding=\"async\" style=\"width: 100%;\" src=\"http:\/\/www.scuola.cl\/sivm\/wp-content\/uploads\/2017\/10\/Encuentro_grabado_2017.jpg\" alt=\"\" \/><\/span><\/a><\/td>\n<td style=\"padding: 10px;\"><a href=\"http:\/\/www.scuola.cl\/sivm\/torneo-debate-filosofico\/\"><span style=\"color: #333333; font-family: sans-serif, Arial, Verdana, 'Trebuchet MS';\"><img decoding=\"async\" style=\"width: 100%;\" src=\"http:\/\/www.scuola.cl\/sivm\/wp-content\/uploads\/2017\/10\/Torneo_debate_filosofico.jpg\" alt=\"\" \/><\/span><\/a><\/td>\n<\/tr>\n<tr style=\"text-align: center;\">\n<td style=\"padding: 10px; width: 33%;\"><span style=\"font-family: sans-serif, Arial, Verdana, 'Trebuchet MS';\"><strong>PROYECTO BOT\u00c1NICO<\/strong><\/span><\/td>\n<td style=\"padding: 10px; width: 33%;\"><span style=\"font-family: sans-serif, Arial, Verdana, 'Trebuchet MS';\"><strong>ENCUENTRO DE GRABADO<\/strong><\/span><\/td>\n<td style=\"padding: 10px; width: 33%;\"><span style=\"font-family: sans-serif, Arial, Verdana, 'Trebuchet MS';\"><strong>TORNEO DEBATE\u00a0<\/strong><\/span><\/td>\n<\/tr>\n<tr style=\"text-align: center; vertical-align: top;\">\n<td style=\"padding: 10px; width: 33%;\"><span style=\"font-family: sans-serif, Arial, Verdana, 'Trebuchet MS';\">Para apoyar el \u00e1rea de las Ciencias en los 5\u00b0B\u00e1sicos, se llev\u00f3 a cabo el proyecto \u201cJard\u00edn Bot\u00e1nico\u201d, dentro del cual se organiz\u00f3 una \u00abBrigada de observaci\u00f3n e identificaci\u00f3n de Aves en la Scuola\u00bb.<\/span><\/td>\n<td style=\"padding: 10px; width: 33%;\"><span style=\"font-family: sans-serif, Arial, Verdana, 'Trebuchet MS';\">Con una gran concurrencia de alumnos, el 19 de octubre, se realiz\u00f3 en la Scuola el 3er. Encuentro Interescolar de Grabado, que organiza el Departamento de Arte de la Scuola junto al Centro Cultural y Taller 99.<\/span><\/td>\n<td style=\"padding: 10px; width: 33%;\"><span style=\"font-family: sans-serif, Arial, Verdana, 'Trebuchet MS';\">Los alumnos de IV\u00b0 del Taller de Debate de la Scuola, nos representaron mostrando un gran trabajo en el Torneo Interescolar de Debate Filos\u00f3fico 2017, realizado en la Universidad de Santiago de Chile.<\/span><\/td>\n<\/tr>\n<tr style=\"text-align: right;\">\n<td style=\"color: #16a66b;\"><a href=\"http:\/\/www.scuola.cl\/sivm\/proyecto-jardin-botanico\/\"><span style=\"color: #333333; font-family: sans-serif, Arial, Verdana, 'Trebuchet MS';\">Leer m\u00e1s&#8230;<\/span><\/a><\/td>\n<td style=\"color: #16a66b;\"><a href=\"http:\/\/www.scuola.cl\/sivm\/encuentro_de_grabado_en_la_scuola\/\"><span style=\"color: #333333; font-family: sans-serif, Arial, Verdana, 'Trebuchet MS';\">Leer m\u00e1s&#8230;<\/span><\/a><\/td>\n<td style=\"color: #16a66b;\"><a href=\"http:\/\/www.scuola.cl\/sivm\/torneo-debate-filosofico\/\"><span style=\"color: #333333; font-family: sans-serif, Arial, Verdana, 'Trebuchet MS';\">Leer m\u00e1s&#8230;<\/span><\/a><\/td>\n<\/tr>\n<tr>\n<td style=\"padding: 10px;\"><a href=\"http:\/\/www.scuola.cl\/sivm\/giochi-della-gioventu-buenos-aires\/\" target=\"_blank\"><span style=\"color: #333333; font-family: sans-serif, Arial, Verdana, 'Trebuchet MS';\"><img decoding=\"async\" style=\"width: 100%;\" src=\"http:\/\/www.scuola.cl\/sivm\/wp-content\/uploads\/2017\/10\/giochi_gioventu_buenos_aires.jpg\" alt=\"\" \/><\/span><\/a><\/td>\n<td style=\"padding: 10px;\"><a href=\"http:\/\/www.scuola.cl\/sivm\/pintura-capilla-hogar-italiano\/\"><span style=\"color: #333333; font-family: sans-serif, Arial, Verdana, 'Trebuchet MS';\"><img decoding=\"async\" style=\"width: 100%;\" src=\"http:\/\/www.scuola.cl\/sivm\/wp-content\/uploads\/2017\/10\/pintura_capilla_hogar_italiano.jpg\" alt=\"\" \/><\/span><\/a><\/td>\n<td style=\"padding: 10px;\"><a href=\"http:\/\/www.scuola.cl\/sivm\/resultados-deportivos-2\/\"><span style=\"color: #333333; font-family: sans-serif, Arial, Verdana, 'Trebuchet MS';\"><img decoding=\"async\" style=\"width: 100%;\" src=\"http:\/\/www.scuola.cl\/sivm\/wp-content\/uploads\/2017\/10\/sofi-pag-web-def.jpg \" alt=\"\" \/><\/span><\/a><\/td>\n<\/tr>\n<tr style=\"text-align: center;\">\n<td style=\"padding: 10px; width: 33%;\"><span style=\"font-family: sans-serif, Arial, Verdana, 'Trebuchet MS';\"><strong>GIOCHI DELLA GIOVENT\u00d9<\/strong><\/span><\/td>\n<td style=\"padding: 10px; width: 33%;\"><span style=\"font-family: sans-serif, Arial, Verdana, 'Trebuchet MS';\"><strong>PINTURA CAPILLA<\/strong><\/span><\/td>\n<td style=\"padding: 10px; width: 33%;\"><span style=\"font-family: sans-serif, Arial, Verdana, 'Trebuchet MS';\"><strong>DESTACADOS EN DEPORTES<\/strong><\/span><\/td>\n<\/tr>\n<tr style=\"text-align: center; vertical-align: top;\">\n<td style=\"padding: 10px; width: 33%;\"><span style=\"font-family: sans-serif, Arial, Verdana, 'Trebuchet MS';\">Este a\u00f1o nuestro equipo de voleibol retom\u00f3 su participaci\u00f3n en el torneo Giochi della Giovent\u00f9 organizado en Buenos Aires, realizado en las dependencias del Cenard (Centro de Alto Rendimiento).<\/span><\/td>\n<td style=\"padding: 10px; width: 33%;\"><span style=\"font-family: sans-serif, Arial, Verdana, 'Trebuchet MS';\">Dentro de las diversas acciones de servicio, el Grupo Scout San Francesco D\u2019Assisi, se ha hecho cargo de la mejora y pintura de la Capilla del Hogar Italiano. A continuaci\u00f3n podr\u00e1n leer un art\u00edculo sobre la experiencia.<\/span><\/td>\n<td style=\"padding: 10px; width: 33%;\">Felicitamos a Sof\u00eda Silva (8\u00b0C) quien obtuvo el 2\u00b0 Lugar en los Juegos Escolares Nacionales de Atletismo. Con esta marca podr\u00eda estar seleccionada para los\u00a0 Sudamericanos. M\u00e1s resultados deportivos aqu\u00ed.<\/td>\n<\/tr>\n<tr style=\"text-align: right;\">\n<td style=\"color: #16a66b;\"><a href=\"http:\/\/www.scuola.cl\/sivm\/giochi-della-gioventu-buenos-aires\/\"><span style=\"color: #333333; font-family: sans-serif, Arial, Verdana, 'Trebuchet MS';\">Leer m\u00e1s&#8230;<\/span><\/a><\/td>\n<td style=\"color: #16a66b;\"><a href=\"http:\/\/www.scuola.cl\/sivm\/pintura-capilla-hogar-italiano\/\"><span style=\"color: #333333; font-family: sans-serif, Arial, Verdana, 'Trebuchet MS';\">Leer m\u00e1s&#8230;<\/span><\/a><\/td>\n<td style=\"color: #16a66b;\"><a href=\"http:\/\/www.scuola.cl\/sivm\/resultados-deportivos-2\/\"><span style=\"color: #333333; font-family: sans-serif, Arial, Verdana, 'Trebuchet MS';\">Leer m\u00e1s&#8230;<\/span><\/a><\/td>\n<\/tr>\n<\/tbody>\n<\/table>\n<\/td>\n<\/tr>\n<tr>\n<td style=\"height: 100px; text-align: center; vertical-align: middle;\"><span style=\"font-family: sans-serif, Arial, Verdana, 'Trebuchet MS';\"><a href=\"http:\/\/www.scuola.cl\/sivm\/category\/noticias\/\" target=\"_blank\"><img decoding=\"async\" style=\"width: 135px; height: 92px;\" src=\"http:\/\/www.commtrack.cl\/archivos\/sivm\/repositorio\/da3b8c_btn_noticias.gif\" \/><\/a> <a href=\"http:\/\/www.scuola.cl\/sivm\/category\/noticias\/deportes\/\" target=\"_blank\"><img decoding=\"async\" style=\"width: 135px; height: 92px;\" src=\"http:\/\/www.commtrack.cl\/archivos\/sivm\/repositorio\/82bfb1_btn_deportes.gif\" \/><\/a> <a href=\"http:\/\/www.scuola.cl\/sivm\/category\/noticias\/cultura\/\" target=\"_blank\"><img decoding=\"async\" style=\"width: 135px; height: 92px;\" src=\"http:\/\/www.commtrack.cl\/archivos\/sivm\/repositorio\/bca075_btn_cultura.gif\" \/><\/a> <a href=\"http:\/\/www.scuola.cl\/sivm\/category\/noticias\/solidaridad\/\" target=\"_blank\"><img decoding=\"async\" style=\"width: 135px; height: 92px;\" src=\"http:\/\/www.commtrack.cl\/archivos\/sivm\/repositorio\/c9baf3_btn_solidaridad.gif\" \/><\/a><\/span><\/td>\n<\/tr>\n<tr>\n<td style=\"text-align: center; vertical-align: middle;\"><span style=\"font-family: sans-serif, Arial, Verdana, 'Trebuchet MS';\"><a href=\"http:\/\/www.scuola.cl\/sivm\/centro-cultural\/\" target=\"_blank\"><img decoding=\"async\" style=\"width: 100%;\" src=\"http:\/\/www.commtrack.cl\/archivos\/sivm\/repositorio\/b75a4e_banner_ccs.png\" \/><\/a><\/span><\/td>\n<\/tr>\n<tr style=\"background-color: #16a66b; text-align: right;\">\n<td>\n<table style=\"width: 100%; border-collapse: collapse;\" border=\"0\">\n<tbody>\n<tr>\n<td style=\"font-size: 1em; color: #fff; text-align: left; font-weight: bold;\"><a style=\"font-weight: normal;\" href=\"http:\/\/www.scuola.cl\/sivm\/category\/noticias\/scuola-digitale\/\"><span style=\"color: #333333; font-family: sans-serif, Arial, Verdana, 'Trebuchet MS';\">Ver ediciones anteriores<\/span><\/a><\/td>\n<td style=\"font-size: 1em; color: #fff; text-align: right;\"><span style=\"color: #333333; font-family: sans-serif, Arial, Verdana, 'Trebuchet MS';\">Comunicaciones y Difusi\u00f3n &#8211; Scuola Italiana \u00abVittorio Montiglio\u00bb<\/span><\/td>\n<td style=\"width: 120px; padding: 5px;\"><span style=\"color: #333333; font-family: sans-serif, Arial, Verdana, 'Trebuchet MS';\"><a href=\"https:\/\/www.facebook.com\/scuolaitaliana.santiago\/\" target=\"_blank\"><img decoding=\"async\" style=\"width: 25px;\" src=\"http:\/\/www.commtrack.cl\/archivos\/sivm\/repositorio\/dd43ff_btn_facebook.png\" \/><\/a> <a href=\"https:\/\/twitter.com\/scuolaitstgo\" target=\"_blank\"><img decoding=\"async\" style=\"width: 25px;\" src=\"http:\/\/www.commtrack.cl\/archivos\/sivm\/repositorio\/5a67a1_btn_twitter.png\" \/><\/a> <a href=\"https:\/\/www.youtube.com\/channel\/UCk42KNgZG9YGYWvc2Y0HxcQ\" target=\"_blank\"><img decoding=\"async\" style=\"width: 25px;\" src=\"http:\/\/www.commtrack.cl\/archivos\/sivm\/repositorio\/eeca29_btn_youtube.png\" \/><\/a> <a href=\"http:\/\/www.scuola.cl\/sivm\/\" target=\"_blank\"><img decoding=\"async\" style=\"width: 25px;\" src=\"http:\/\/www.commtrack.cl\/archivos\/sivm\/repositorio\/a1f864_btn_web.png\" \/><\/a><\/span><\/td>\n<\/tr>\n<\/tbody>\n<\/table>\n<\/td>\n<\/tr>\n<\/tbody>\n<\/table>\n","protected":false},"excerpt":{"rendered":"En esta edici\u00f3n de Scuola Digitale, podr\u00e1n encontrar informaci\u00f3n sobre los resultados deportivos del fin de semana, la Copa Benjam\u00edn Reineking y otras actividades realizadas en la Scuola. \r\n","protected":false},"author":2,"featured_media":0,"comment_status":"open","ping_status":"open","sticky":false,"template":"","format":"standard","meta":{"_acf_changed":false,"footnotes":""},"categories":[5],"tags":[],"class_list":["post-5280","post","type-post","status-publish","format-standard","hentry","category-noticias"],"acf":[],"yoast_head":"<!-- This site is optimized with the Yoast SEO plugin v27.1.1 - https:\/\/yoast.com\/product\/yoast-seo-wordpress\/ -->\n<title>Scuola Digitale 23 Ottobre - Scuola Italiana<\/title>\n<meta name=\"robots\" content=\"index, follow, max-snippet:-1, max-image-preview:large, max-video-preview:-1\" \/>\n<link rel=\"canonical\" href=\"https:\/\/www.scuola.cl\/sivm\/scuola-digitale-23-ottobre\/\" \/>\n<meta property=\"og:locale\" content=\"es_ES\" \/>\n<meta property=\"og:type\" content=\"article\" \/>\n<meta property=\"og:title\" content=\"Scuola Digitale 23 Ottobre - Scuola Italiana\" \/>\n<meta property=\"og:description\" content=\"En esta edici\u00f3n de Scuola Digitale, podr\u00e1n encontrar informaci\u00f3n sobre los resultados deportivos del fin de semana, la Copa Benjam\u00edn Reineking y otras actividades realizadas en la Scuola.\" \/>\n<meta property=\"og:url\" content=\"https:\/\/www.scuola.cl\/sivm\/scuola-digitale-23-ottobre\/\" \/>\n<meta property=\"og:site_name\" content=\"Scuola Italiana\" \/>\n<meta property=\"article:published_time\" content=\"2017-10-23T18:28:04+00:00\" \/>\n<meta property=\"article:modified_time\" content=\"2017-10-24T18:41:55+00:00\" \/>\n<meta property=\"og:image\" content=\"https:\/\/www.scuola.cl\/sivm\/wp-content\/uploads\/2017\/10\/scuola-digitale-pag-web.jpg\" \/>\n\t<meta property=\"og:image:width\" content=\"900\" \/>\n\t<meta property=\"og:image:height\" content=\"610\" \/>\n\t<meta property=\"og:image:type\" content=\"image\/jpeg\" \/>\n<meta name=\"author\" content=\"Comunicaciones\" \/>\n<meta name=\"twitter:card\" content=\"summary_large_image\" \/>\n<meta name=\"twitter:label1\" content=\"Escrito por\" \/>\n\t<meta name=\"twitter:data1\" content=\"Comunicaciones\" \/>\n\t<meta name=\"twitter:label2\" content=\"Tiempo de lectura\" \/>\n\t<meta name=\"twitter:data2\" content=\"2 minutos\" \/>\n<script type=\"application\/ld+json\" class=\"yoast-schema-graph\">{\"@context\":\"https:\/\/schema.org\",\"@graph\":[{\"@type\":\"Article\",\"@id\":\"https:\/\/www.scuola.cl\/sivm\/scuola-digitale-23-ottobre\/#article\",\"isPartOf\":{\"@id\":\"https:\/\/www.scuola.cl\/sivm\/scuola-digitale-23-ottobre\/\"},\"author\":{\"name\":\"Comunicaciones\",\"@id\":\"https:\/\/www.scuola.cl\/sivm\/#\/schema\/person\/2ac68abc1b548ee6d8e16c4d3727d1b2\"},\"headline\":\"Scuola Digitale 23 Ottobre\",\"datePublished\":\"2017-10-23T18:28:04+00:00\",\"dateModified\":\"2017-10-24T18:41:55+00:00\",\"mainEntityOfPage\":{\"@id\":\"https:\/\/www.scuola.cl\/sivm\/scuola-digitale-23-ottobre\/\"},\"wordCount\":342,\"commentCount\":0,\"publisher\":{\"@id\":\"https:\/\/www.scuola.cl\/sivm\/#organization\"},\"image\":{\"@id\":\"https:\/\/www.scuola.cl\/sivm\/scuola-digitale-23-ottobre\/#primaryimage\"},\"thumbnailUrl\":\"http:\/\/www.commtrack.cl\/archivos\/sivm\/repositorio\/38bc11_banner_titulo2.png\",\"articleSection\":[\"Noticias\"],\"inLanguage\":\"es\",\"potentialAction\":[{\"@type\":\"CommentAction\",\"name\":\"Comment\",\"target\":[\"https:\/\/www.scuola.cl\/sivm\/scuola-digitale-23-ottobre\/#respond\"]}]},{\"@type\":\"WebPage\",\"@id\":\"https:\/\/www.scuola.cl\/sivm\/scuola-digitale-23-ottobre\/\",\"url\":\"https:\/\/www.scuola.cl\/sivm\/scuola-digitale-23-ottobre\/\",\"name\":\"Scuola Digitale 23 Ottobre - Scuola Italiana\",\"isPartOf\":{\"@id\":\"https:\/\/www.scuola.cl\/sivm\/#website\"},\"primaryImageOfPage\":{\"@id\":\"https:\/\/www.scuola.cl\/sivm\/scuola-digitale-23-ottobre\/#primaryimage\"},\"image\":{\"@id\":\"https:\/\/www.scuola.cl\/sivm\/scuola-digitale-23-ottobre\/#primaryimage\"},\"thumbnailUrl\":\"http:\/\/www.commtrack.cl\/archivos\/sivm\/repositorio\/38bc11_banner_titulo2.png\",\"datePublished\":\"2017-10-23T18:28:04+00:00\",\"dateModified\":\"2017-10-24T18:41:55+00:00\",\"breadcrumb\":{\"@id\":\"https:\/\/www.scuola.cl\/sivm\/scuola-digitale-23-ottobre\/#breadcrumb\"},\"inLanguage\":\"es\",\"potentialAction\":[{\"@type\":\"ReadAction\",\"target\":[\"https:\/\/www.scuola.cl\/sivm\/scuola-digitale-23-ottobre\/\"]}]},{\"@type\":\"ImageObject\",\"inLanguage\":\"es\",\"@id\":\"https:\/\/www.scuola.cl\/sivm\/scuola-digitale-23-ottobre\/#primaryimage\",\"url\":\"http:\/\/www.commtrack.cl\/archivos\/sivm\/repositorio\/38bc11_banner_titulo2.png\",\"contentUrl\":\"http:\/\/www.commtrack.cl\/archivos\/sivm\/repositorio\/38bc11_banner_titulo2.png\"},{\"@type\":\"BreadcrumbList\",\"@id\":\"https:\/\/www.scuola.cl\/sivm\/scuola-digitale-23-ottobre\/#breadcrumb\",\"itemListElement\":[{\"@type\":\"ListItem\",\"position\":1,\"name\":\"Inicio\",\"item\":\"https:\/\/www.scuola.cl\/sivm\/\"},{\"@type\":\"ListItem\",\"position\":2,\"name\":\"Noticias\",\"item\":\"https:\/\/www.scuola.cl\/sivm\/category\/noticias\/\"},{\"@type\":\"ListItem\",\"position\":3,\"name\":\"Scuola Digitale 23 Ottobre\"}]},{\"@type\":\"WebSite\",\"@id\":\"https:\/\/www.scuola.cl\/sivm\/#website\",\"url\":\"https:\/\/www.scuola.cl\/sivm\/\",\"name\":\"Scuola Italiana\",\"description\":\"Vittorio Montiglio\",\"publisher\":{\"@id\":\"https:\/\/www.scuola.cl\/sivm\/#organization\"},\"potentialAction\":[{\"@type\":\"SearchAction\",\"target\":{\"@type\":\"EntryPoint\",\"urlTemplate\":\"https:\/\/www.scuola.cl\/sivm\/?s={search_term_string}\"},\"query-input\":{\"@type\":\"PropertyValueSpecification\",\"valueRequired\":true,\"valueName\":\"search_term_string\"}}],\"inLanguage\":\"es\"},{\"@type\":\"Organization\",\"@id\":\"https:\/\/www.scuola.cl\/sivm\/#organization\",\"name\":\"Scuola Italiana Vittorio Montiglio\",\"url\":\"https:\/\/www.scuola.cl\/sivm\/\",\"logo\":{\"@type\":\"ImageObject\",\"inLanguage\":\"es\",\"@id\":\"https:\/\/www.scuola.cl\/sivm\/#\/schema\/logo\/image\/\",\"url\":\"https:\/\/www.scuola.cl\/sivm\/wp-content\/uploads\/2019\/06\/Logo_Scuola-01-001-1000x1000.png\",\"contentUrl\":\"https:\/\/www.scuola.cl\/sivm\/wp-content\/uploads\/2019\/06\/Logo_Scuola-01-001-1000x1000.png\",\"width\":1000,\"height\":1000,\"caption\":\"Scuola Italiana Vittorio Montiglio\"},\"image\":{\"@id\":\"https:\/\/www.scuola.cl\/sivm\/#\/schema\/logo\/image\/\"}},{\"@type\":\"Person\",\"@id\":\"https:\/\/www.scuola.cl\/sivm\/#\/schema\/person\/2ac68abc1b548ee6d8e16c4d3727d1b2\",\"name\":\"Comunicaciones\",\"image\":{\"@type\":\"ImageObject\",\"inLanguage\":\"es\",\"@id\":\"https:\/\/www.scuola.cl\/sivm\/#\/schema\/person\/image\/\",\"url\":\"https:\/\/secure.gravatar.com\/avatar\/0b29fd7cdce1ec9939eded19ce85d6ed73acf03fb52d098b0641aed356fe6aeb?s=96&d=mm&r=g\",\"contentUrl\":\"https:\/\/secure.gravatar.com\/avatar\/0b29fd7cdce1ec9939eded19ce85d6ed73acf03fb52d098b0641aed356fe6aeb?s=96&d=mm&r=g\",\"caption\":\"Comunicaciones\"},\"url\":\"https:\/\/www.scuola.cl\/sivm\/author\/comunicaciones-scuola\/\"}]}<\/script>\n<!-- \/ Yoast SEO plugin. -->","yoast_head_json":{"title":"Scuola Digitale 23 Ottobre - Scuola Italiana","robots":{"index":"index","follow":"follow","max-snippet":"max-snippet:-1","max-image-preview":"max-image-preview:large","max-video-preview":"max-video-preview:-1"},"canonical":"https:\/\/www.scuola.cl\/sivm\/scuola-digitale-23-ottobre\/","og_locale":"es_ES","og_type":"article","og_title":"Scuola Digitale 23 Ottobre - Scuola Italiana","og_description":"En esta edici\u00f3n de Scuola Digitale, podr\u00e1n encontrar informaci\u00f3n sobre los resultados deportivos del fin de semana, la Copa Benjam\u00edn Reineking y otras actividades realizadas en la Scuola.","og_url":"https:\/\/www.scuola.cl\/sivm\/scuola-digitale-23-ottobre\/","og_site_name":"Scuola Italiana","article_published_time":"2017-10-23T18:28:04+00:00","article_modified_time":"2017-10-24T18:41:55+00:00","og_image":[{"width":900,"height":610,"url":"https:\/\/www.scuola.cl\/sivm\/wp-content\/uploads\/2017\/10\/scuola-digitale-pag-web.jpg","type":"image\/jpeg"}],"author":"Comunicaciones","twitter_card":"summary_large_image","twitter_misc":{"Escrito por":"Comunicaciones","Tiempo de lectura":"2 minutos"},"schema":{"@context":"https:\/\/schema.org","@graph":[{"@type":"Article","@id":"https:\/\/www.scuola.cl\/sivm\/scuola-digitale-23-ottobre\/#article","isPartOf":{"@id":"https:\/\/www.scuola.cl\/sivm\/scuola-digitale-23-ottobre\/"},"author":{"name":"Comunicaciones","@id":"https:\/\/www.scuola.cl\/sivm\/#\/schema\/person\/2ac68abc1b548ee6d8e16c4d3727d1b2"},"headline":"Scuola Digitale 23 Ottobre","datePublished":"2017-10-23T18:28:04+00:00","dateModified":"2017-10-24T18:41:55+00:00","mainEntityOfPage":{"@id":"https:\/\/www.scuola.cl\/sivm\/scuola-digitale-23-ottobre\/"},"wordCount":342,"commentCount":0,"publisher":{"@id":"https:\/\/www.scuola.cl\/sivm\/#organization"},"image":{"@id":"https:\/\/www.scuola.cl\/sivm\/scuola-digitale-23-ottobre\/#primaryimage"},"thumbnailUrl":"http:\/\/www.commtrack.cl\/archivos\/sivm\/repositorio\/38bc11_banner_titulo2.png","articleSection":["Noticias"],"inLanguage":"es","potentialAction":[{"@type":"CommentAction","name":"Comment","target":["https:\/\/www.scuola.cl\/sivm\/scuola-digitale-23-ottobre\/#respond"]}]},{"@type":"WebPage","@id":"https:\/\/www.scuola.cl\/sivm\/scuola-digitale-23-ottobre\/","url":"https:\/\/www.scuola.cl\/sivm\/scuola-digitale-23-ottobre\/","name":"Scuola Digitale 23 Ottobre - Scuola Italiana","isPartOf":{"@id":"https:\/\/www.scuola.cl\/sivm\/#website"},"primaryImageOfPage":{"@id":"https:\/\/www.scuola.cl\/sivm\/scuola-digitale-23-ottobre\/#primaryimage"},"image":{"@id":"https:\/\/www.scuola.cl\/sivm\/scuola-digitale-23-ottobre\/#primaryimage"},"thumbnailUrl":"http:\/\/www.commtrack.cl\/archivos\/sivm\/repositorio\/38bc11_banner_titulo2.png","datePublished":"2017-10-23T18:28:04+00:00","dateModified":"2017-10-24T18:41:55+00:00","breadcrumb":{"@id":"https:\/\/www.scuola.cl\/sivm\/scuola-digitale-23-ottobre\/#breadcrumb"},"inLanguage":"es","potentialAction":[{"@type":"ReadAction","target":["https:\/\/www.scuola.cl\/sivm\/scuola-digitale-23-ottobre\/"]}]},{"@type":"ImageObject","inLanguage":"es","@id":"https:\/\/www.scuola.cl\/sivm\/scuola-digitale-23-ottobre\/#primaryimage","url":"http:\/\/www.commtrack.cl\/archivos\/sivm\/repositorio\/38bc11_banner_titulo2.png","contentUrl":"http:\/\/www.commtrack.cl\/archivos\/sivm\/repositorio\/38bc11_banner_titulo2.png"},{"@type":"BreadcrumbList","@id":"https:\/\/www.scuola.cl\/sivm\/scuola-digitale-23-ottobre\/#breadcrumb","itemListElement":[{"@type":"ListItem","position":1,"name":"Inicio","item":"https:\/\/www.scuola.cl\/sivm\/"},{"@type":"ListItem","position":2,"name":"Noticias","item":"https:\/\/www.scuola.cl\/sivm\/category\/noticias\/"},{"@type":"ListItem","position":3,"name":"Scuola Digitale 23 Ottobre"}]},{"@type":"WebSite","@id":"https:\/\/www.scuola.cl\/sivm\/#website","url":"https:\/\/www.scuola.cl\/sivm\/","name":"Scuola Italiana","description":"Vittorio Montiglio","publisher":{"@id":"https:\/\/www.scuola.cl\/sivm\/#organization"},"potentialAction":[{"@type":"SearchAction","target":{"@type":"EntryPoint","urlTemplate":"https:\/\/www.scuola.cl\/sivm\/?s={search_term_string}"},"query-input":{"@type":"PropertyValueSpecification","valueRequired":true,"valueName":"search_term_string"}}],"inLanguage":"es"},{"@type":"Organization","@id":"https:\/\/www.scuola.cl\/sivm\/#organization","name":"Scuola Italiana Vittorio Montiglio","url":"https:\/\/www.scuola.cl\/sivm\/","logo":{"@type":"ImageObject","inLanguage":"es","@id":"https:\/\/www.scuola.cl\/sivm\/#\/schema\/logo\/image\/","url":"https:\/\/www.scuola.cl\/sivm\/wp-content\/uploads\/2019\/06\/Logo_Scuola-01-001-1000x1000.png","contentUrl":"https:\/\/www.scuola.cl\/sivm\/wp-content\/uploads\/2019\/06\/Logo_Scuola-01-001-1000x1000.png","width":1000,"height":1000,"caption":"Scuola Italiana Vittorio Montiglio"},"image":{"@id":"https:\/\/www.scuola.cl\/sivm\/#\/schema\/logo\/image\/"}},{"@type":"Person","@id":"https:\/\/www.scuola.cl\/sivm\/#\/schema\/person\/2ac68abc1b548ee6d8e16c4d3727d1b2","name":"Comunicaciones","image":{"@type":"ImageObject","inLanguage":"es","@id":"https:\/\/www.scuola.cl\/sivm\/#\/schema\/person\/image\/","url":"https:\/\/secure.gravatar.com\/avatar\/0b29fd7cdce1ec9939eded19ce85d6ed73acf03fb52d098b0641aed356fe6aeb?s=96&d=mm&r=g","contentUrl":"https:\/\/secure.gravatar.com\/avatar\/0b29fd7cdce1ec9939eded19ce85d6ed73acf03fb52d098b0641aed356fe6aeb?s=96&d=mm&r=g","caption":"Comunicaciones"},"url":"https:\/\/www.scuola.cl\/sivm\/author\/comunicaciones-scuola\/"}]}},"_links":{"self":[{"href":"https:\/\/www.scuola.cl\/sivm\/wp-json\/wp\/v2\/posts\/5280","targetHints":{"allow":["GET"]}}],"collection":[{"href":"https:\/\/www.scuola.cl\/sivm\/wp-json\/wp\/v2\/posts"}],"about":[{"href":"https:\/\/www.scuola.cl\/sivm\/wp-json\/wp\/v2\/types\/post"}],"author":[{"embeddable":true,"href":"https:\/\/www.scuola.cl\/sivm\/wp-json\/wp\/v2\/users\/2"}],"replies":[{"embeddable":true,"href":"https:\/\/www.scuola.cl\/sivm\/wp-json\/wp\/v2\/comments?post=5280"}],"version-history":[{"count":1,"href":"https:\/\/www.scuola.cl\/sivm\/wp-json\/wp\/v2\/posts\/5280\/revisions"}],"predecessor-version":[{"id":5282,"href":"https:\/\/www.scuola.cl\/sivm\/wp-json\/wp\/v2\/posts\/5280\/revisions\/5282"}],"wp:attachment":[{"href":"https:\/\/www.scuola.cl\/sivm\/wp-json\/wp\/v2\/media?parent=5280"}],"wp:term":[{"taxonomy":"category","embeddable":true,"href":"https:\/\/www.scuola.cl\/sivm\/wp-json\/wp\/v2\/categories?post=5280"},{"taxonomy":"post_tag","embeddable":true,"href":"https:\/\/www.scuola.cl\/sivm\/wp-json\/wp\/v2\/tags?post=5280"}],"curies":[{"name":"wp","href":"https:\/\/api.w.org\/{rel}","templated":true}]}}