{"id":5266,"date":"2017-10-20T11:01:03","date_gmt":"2017-10-20T14:01:03","guid":{"rendered":"http:\/\/www.scuola.cl\/sivm\/?p=5266"},"modified":"2017-10-30T16:31:19","modified_gmt":"2017-10-30T19:31:19","slug":"dura-realidad-del-coia","status":"publish","type":"post","link":"https:\/\/www.scuola.cl\/sivm\/dura-realidad-del-coia\/","title":{"rendered":"Dura realidad del COIA"},"content":{"rendered":"<p>(Por alumnos de III\u00b0 Diferenciado Humanista)<\/p>\n<p>&nbsp;<\/p>\n<p>Como III\u00b0 Diferenciado Humanista, tuvimos la oportunidad de entrevistar a los integrantes del COIA (Comitato Italiano di Assistenza) y presenciar la dura realidad en la que viven, la dificultad de la vida y tambi\u00e9n sus consecuencias.<\/p>\n<p>&nbsp;<\/p>\n<p>Nos cuentan que no se sienten acompa\u00f1ados por la familia, pero que s\u00ed se sienten integrados a la comunidad italiana, la cual los apoya con $20.000 mensuales. Nos hacen ver que de Italia, lo que m\u00e1s extra\u00f1an es la calidad de la salud.<\/p>\n<p>&nbsp;<\/p>\n<p>Sienten que Chile es un pa\u00eds acogedor, que tiene muy buenas personas y comentan c\u00f3mo ha cambiado la imigraci\u00f3n moderna.<br \/>\nAlgunos relatan la horrible experiencia que les toc\u00f3 vivir con la guerra, otros regresaron a Italia, encontr\u00e1ndola muy diferente, con alto flujo de migrantes, y sin poder integrarse laboralmente, lo que les hizo regresar nuevamente a Chile.<\/p>\n<p>&nbsp;<\/p>\n<p>La falta de recursos e isapres los inhabilita para poder tener seguimiento m\u00e9dico, ya que muchos padecen de diversas enfermedades y se sienten muy desprotegidos, por no poder realizar los ex\u00e1menes correspondientes, inhabilit\u00e1ndolos para trabajar.<\/p>\n<p>&nbsp;<\/p>\n<p>Por ejemplo, uno de los casos entrevistados (edad 55 a\u00f1os) necesita urgente operarse de la vista, llevando a\u00f1os en lista de espera y solicita ayuda a alg\u00fan oftalm\u00f3logo, apoderado de la Scuola, que la pueda ayudar, as\u00ed su vida cambiar\u00eda radicalmente.<\/p>\n<p>&nbsp;<\/p>\n<p>Es muy triste que personas de clase media italiana, con edades de 50 a\u00f1os en adelante, vivan en algunos casos con una pensi\u00f3n de $150.000 y ver el poco compromiso de la sociedad hacia ellas, encontrar a algunos ex alumnos de la Scuola y que hoy vivan esta situaci\u00f3n tan cr\u00edtica.<\/p>\n<p>&nbsp;<\/p>\n<p>Est\u00e1n muy agradecidos del COIA, por su aporte, y de la Scuola, por los productos que se les env\u00edan a trav\u00e9s de la ayuda solidaria, que mes a mes traen nuestros alumnos.<\/p>\n<p>&nbsp;<\/p>\n<p>La verdad es que tienen muchas necesidades, por nombrar otro ejemplo, el caso de una se\u00f1ora que nos pide colaboraci\u00f3n para su casa en Pe\u00f1alolen, pues necesita poner cer\u00e1mica en el piso. Ella solicit\u00f3 ayuda al municipio por el techo y piso de su casa, y \u00e9ste le hizo elegir una de ambas cosas, ante lo cual opt\u00f3 por el techo para protegerse de las lluvias.<\/p>\n<p>&nbsp;<\/p>\n<p>Es duro ver las necesidades de tantas personas ligadas a nuestra Comunit\u00e0 y quisi\u00e9ramos dar soluci\u00f3n a cada de sus problemas, es por esto que como alumnos de la Scuola, los invitamos a no ser indiferentes y a colaborar. Ser\u00eda muy lindo que familias pudieran apadrinar o apoyar algunos de estos casos, es por esta raz\u00f3n que nosotros como III\u00b0 diferenciado humanista, nominamos nuestra entrevista como \u201cLa realidad ciega\u201d.<\/p>\n<p>&nbsp;<\/p>\n<p>Invitamos a no ser indiferentes.<\/p>\n<p><img loading=\"lazy\" decoding=\"async\" width=\"700\" height=\"474\" class=\"alignnone size-large wp-image-5267\" src=\"http:\/\/www.scuola.cl\/sivm\/wp-content\/uploads\/2017\/10\/diferenciado_coia-700x474.jpg\" alt=\"diferenciado_coia\" srcset=\"https:\/\/www.scuola.cl\/sivm\/wp-content\/uploads\/2017\/10\/diferenciado_coia-700x474.jpg 700w, https:\/\/www.scuola.cl\/sivm\/wp-content\/uploads\/2017\/10\/diferenciado_coia-250x169.jpg 250w, https:\/\/www.scuola.cl\/sivm\/wp-content\/uploads\/2017\/10\/diferenciado_coia-768x521.jpg 768w, https:\/\/www.scuola.cl\/sivm\/wp-content\/uploads\/2017\/10\/diferenciado_coia-120x81.jpg 120w, https:\/\/www.scuola.cl\/sivm\/wp-content\/uploads\/2017\/10\/diferenciado_coia.jpg 900w\" sizes=\"auto, (max-width: 700px) 100vw, 700px\" \/><\/p>\n","protected":false},"excerpt":{"rendered":"Los alumnos de III\u00b0 Diferenciado Humanista, tuvieron la oportunidad de entrevistar a los integrantes del COIA (Comitato Italiano di Assistenza) y presenciar la dura realidad en la que viven.","protected":false},"author":2,"featured_media":5267,"comment_status":"open","ping_status":"open","sticky":false,"template":"","format":"standard","meta":{"_acf_changed":false,"footnotes":""},"categories":[5,23],"tags":[],"class_list":["post-5266","post","type-post","status-publish","format-standard","has-post-thumbnail","hentry","category-noticias","category-solidaridad"],"acf":[],"yoast_head":"<!-- This site is optimized with the Yoast SEO plugin v27.1.1 - https:\/\/yoast.com\/product\/yoast-seo-wordpress\/ -->\n<title>Dura realidad del COIA - Scuola Italiana<\/title>\n<meta name=\"robots\" content=\"index, follow, max-snippet:-1, max-image-preview:large, max-video-preview:-1\" \/>\n<link rel=\"canonical\" href=\"https:\/\/www.scuola.cl\/sivm\/dura-realidad-del-coia\/\" \/>\n<meta property=\"og:locale\" content=\"es_ES\" \/>\n<meta property=\"og:type\" content=\"article\" \/>\n<meta property=\"og:title\" content=\"Dura realidad del COIA - Scuola Italiana\" \/>\n<meta property=\"og:description\" content=\"Los alumnos de III\u00b0 Diferenciado Humanista, tuvieron la oportunidad de entrevistar a los integrantes del COIA (Comitato Italiano di Assistenza) y presenciar la dura realidad en la que viven.\" \/>\n<meta property=\"og:url\" content=\"https:\/\/www.scuola.cl\/sivm\/dura-realidad-del-coia\/\" \/>\n<meta property=\"og:site_name\" content=\"Scuola Italiana\" \/>\n<meta property=\"article:published_time\" content=\"2017-10-20T14:01:03+00:00\" \/>\n<meta property=\"article:modified_time\" content=\"2017-10-30T19:31:19+00:00\" \/>\n<meta property=\"og:image\" content=\"https:\/\/www.scuola.cl\/sivm\/wp-content\/uploads\/2017\/10\/diferenciado_coia.jpg\" \/>\n\t<meta property=\"og:image:width\" content=\"900\" \/>\n\t<meta property=\"og:image:height\" content=\"610\" \/>\n\t<meta property=\"og:image:type\" content=\"image\/jpeg\" \/>\n<meta name=\"author\" content=\"Comunicaciones\" \/>\n<meta name=\"twitter:card\" content=\"summary_large_image\" \/>\n<meta name=\"twitter:label1\" content=\"Escrito por\" \/>\n\t<meta name=\"twitter:data1\" content=\"Comunicaciones\" \/>\n\t<meta name=\"twitter:label2\" content=\"Tiempo de lectura\" \/>\n\t<meta name=\"twitter:data2\" content=\"2 minutos\" \/>\n<script type=\"application\/ld+json\" class=\"yoast-schema-graph\">{\"@context\":\"https:\/\/schema.org\",\"@graph\":[{\"@type\":\"Article\",\"@id\":\"https:\/\/www.scuola.cl\/sivm\/dura-realidad-del-coia\/#article\",\"isPartOf\":{\"@id\":\"https:\/\/www.scuola.cl\/sivm\/dura-realidad-del-coia\/\"},\"author\":{\"name\":\"Comunicaciones\",\"@id\":\"https:\/\/www.scuola.cl\/sivm\/#\/schema\/person\/2ac68abc1b548ee6d8e16c4d3727d1b2\"},\"headline\":\"Dura realidad del COIA\",\"datePublished\":\"2017-10-20T14:01:03+00:00\",\"dateModified\":\"2017-10-30T19:31:19+00:00\",\"mainEntityOfPage\":{\"@id\":\"https:\/\/www.scuola.cl\/sivm\/dura-realidad-del-coia\/\"},\"wordCount\":482,\"commentCount\":0,\"publisher\":{\"@id\":\"https:\/\/www.scuola.cl\/sivm\/#organization\"},\"image\":{\"@id\":\"https:\/\/www.scuola.cl\/sivm\/dura-realidad-del-coia\/#primaryimage\"},\"thumbnailUrl\":\"https:\/\/www.scuola.cl\/sivm\/wp-content\/uploads\/2017\/10\/diferenciado_coia.jpg\",\"articleSection\":[\"Noticias\",\"Solidaridad\"],\"inLanguage\":\"es\",\"potentialAction\":[{\"@type\":\"CommentAction\",\"name\":\"Comment\",\"target\":[\"https:\/\/www.scuola.cl\/sivm\/dura-realidad-del-coia\/#respond\"]}]},{\"@type\":\"WebPage\",\"@id\":\"https:\/\/www.scuola.cl\/sivm\/dura-realidad-del-coia\/\",\"url\":\"https:\/\/www.scuola.cl\/sivm\/dura-realidad-del-coia\/\",\"name\":\"Dura realidad del COIA - Scuola Italiana\",\"isPartOf\":{\"@id\":\"https:\/\/www.scuola.cl\/sivm\/#website\"},\"primaryImageOfPage\":{\"@id\":\"https:\/\/www.scuola.cl\/sivm\/dura-realidad-del-coia\/#primaryimage\"},\"image\":{\"@id\":\"https:\/\/www.scuola.cl\/sivm\/dura-realidad-del-coia\/#primaryimage\"},\"thumbnailUrl\":\"https:\/\/www.scuola.cl\/sivm\/wp-content\/uploads\/2017\/10\/diferenciado_coia.jpg\",\"datePublished\":\"2017-10-20T14:01:03+00:00\",\"dateModified\":\"2017-10-30T19:31:19+00:00\",\"breadcrumb\":{\"@id\":\"https:\/\/www.scuola.cl\/sivm\/dura-realidad-del-coia\/#breadcrumb\"},\"inLanguage\":\"es\",\"potentialAction\":[{\"@type\":\"ReadAction\",\"target\":[\"https:\/\/www.scuola.cl\/sivm\/dura-realidad-del-coia\/\"]}]},{\"@type\":\"ImageObject\",\"inLanguage\":\"es\",\"@id\":\"https:\/\/www.scuola.cl\/sivm\/dura-realidad-del-coia\/#primaryimage\",\"url\":\"https:\/\/www.scuola.cl\/sivm\/wp-content\/uploads\/2017\/10\/diferenciado_coia.jpg\",\"contentUrl\":\"https:\/\/www.scuola.cl\/sivm\/wp-content\/uploads\/2017\/10\/diferenciado_coia.jpg\",\"width\":900,\"height\":610},{\"@type\":\"BreadcrumbList\",\"@id\":\"https:\/\/www.scuola.cl\/sivm\/dura-realidad-del-coia\/#breadcrumb\",\"itemListElement\":[{\"@type\":\"ListItem\",\"position\":1,\"name\":\"Inicio\",\"item\":\"https:\/\/www.scuola.cl\/sivm\/\"},{\"@type\":\"ListItem\",\"position\":2,\"name\":\"Noticias\",\"item\":\"https:\/\/www.scuola.cl\/sivm\/category\/noticias\/\"},{\"@type\":\"ListItem\",\"position\":3,\"name\":\"Dura realidad del COIA\"}]},{\"@type\":\"WebSite\",\"@id\":\"https:\/\/www.scuola.cl\/sivm\/#website\",\"url\":\"https:\/\/www.scuola.cl\/sivm\/\",\"name\":\"Scuola Italiana\",\"description\":\"Vittorio Montiglio\",\"publisher\":{\"@id\":\"https:\/\/www.scuola.cl\/sivm\/#organization\"},\"potentialAction\":[{\"@type\":\"SearchAction\",\"target\":{\"@type\":\"EntryPoint\",\"urlTemplate\":\"https:\/\/www.scuola.cl\/sivm\/?s={search_term_string}\"},\"query-input\":{\"@type\":\"PropertyValueSpecification\",\"valueRequired\":true,\"valueName\":\"search_term_string\"}}],\"inLanguage\":\"es\"},{\"@type\":\"Organization\",\"@id\":\"https:\/\/www.scuola.cl\/sivm\/#organization\",\"name\":\"Scuola Italiana Vittorio Montiglio\",\"url\":\"https:\/\/www.scuola.cl\/sivm\/\",\"logo\":{\"@type\":\"ImageObject\",\"inLanguage\":\"es\",\"@id\":\"https:\/\/www.scuola.cl\/sivm\/#\/schema\/logo\/image\/\",\"url\":\"https:\/\/www.scuola.cl\/sivm\/wp-content\/uploads\/2019\/06\/Logo_Scuola-01-001-1000x1000.png\",\"contentUrl\":\"https:\/\/www.scuola.cl\/sivm\/wp-content\/uploads\/2019\/06\/Logo_Scuola-01-001-1000x1000.png\",\"width\":1000,\"height\":1000,\"caption\":\"Scuola Italiana Vittorio Montiglio\"},\"image\":{\"@id\":\"https:\/\/www.scuola.cl\/sivm\/#\/schema\/logo\/image\/\"}},{\"@type\":\"Person\",\"@id\":\"https:\/\/www.scuola.cl\/sivm\/#\/schema\/person\/2ac68abc1b548ee6d8e16c4d3727d1b2\",\"name\":\"Comunicaciones\",\"image\":{\"@type\":\"ImageObject\",\"inLanguage\":\"es\",\"@id\":\"https:\/\/www.scuola.cl\/sivm\/#\/schema\/person\/image\/\",\"url\":\"https:\/\/secure.gravatar.com\/avatar\/0b29fd7cdce1ec9939eded19ce85d6ed73acf03fb52d098b0641aed356fe6aeb?s=96&d=mm&r=g\",\"contentUrl\":\"https:\/\/secure.gravatar.com\/avatar\/0b29fd7cdce1ec9939eded19ce85d6ed73acf03fb52d098b0641aed356fe6aeb?s=96&d=mm&r=g\",\"caption\":\"Comunicaciones\"},\"url\":\"https:\/\/www.scuola.cl\/sivm\/author\/comunicaciones-scuola\/\"}]}<\/script>\n<!-- \/ Yoast SEO plugin. -->","yoast_head_json":{"title":"Dura realidad del COIA - Scuola Italiana","robots":{"index":"index","follow":"follow","max-snippet":"max-snippet:-1","max-image-preview":"max-image-preview:large","max-video-preview":"max-video-preview:-1"},"canonical":"https:\/\/www.scuola.cl\/sivm\/dura-realidad-del-coia\/","og_locale":"es_ES","og_type":"article","og_title":"Dura realidad del COIA - Scuola Italiana","og_description":"Los alumnos de III\u00b0 Diferenciado Humanista, tuvieron la oportunidad de entrevistar a los integrantes del COIA (Comitato Italiano di Assistenza) y presenciar la dura realidad en la que viven.","og_url":"https:\/\/www.scuola.cl\/sivm\/dura-realidad-del-coia\/","og_site_name":"Scuola Italiana","article_published_time":"2017-10-20T14:01:03+00:00","article_modified_time":"2017-10-30T19:31:19+00:00","og_image":[{"width":900,"height":610,"url":"https:\/\/www.scuola.cl\/sivm\/wp-content\/uploads\/2017\/10\/diferenciado_coia.jpg","type":"image\/jpeg"}],"author":"Comunicaciones","twitter_card":"summary_large_image","twitter_misc":{"Escrito por":"Comunicaciones","Tiempo de lectura":"2 minutos"},"schema":{"@context":"https:\/\/schema.org","@graph":[{"@type":"Article","@id":"https:\/\/www.scuola.cl\/sivm\/dura-realidad-del-coia\/#article","isPartOf":{"@id":"https:\/\/www.scuola.cl\/sivm\/dura-realidad-del-coia\/"},"author":{"name":"Comunicaciones","@id":"https:\/\/www.scuola.cl\/sivm\/#\/schema\/person\/2ac68abc1b548ee6d8e16c4d3727d1b2"},"headline":"Dura realidad del COIA","datePublished":"2017-10-20T14:01:03+00:00","dateModified":"2017-10-30T19:31:19+00:00","mainEntityOfPage":{"@id":"https:\/\/www.scuola.cl\/sivm\/dura-realidad-del-coia\/"},"wordCount":482,"commentCount":0,"publisher":{"@id":"https:\/\/www.scuola.cl\/sivm\/#organization"},"image":{"@id":"https:\/\/www.scuola.cl\/sivm\/dura-realidad-del-coia\/#primaryimage"},"thumbnailUrl":"https:\/\/www.scuola.cl\/sivm\/wp-content\/uploads\/2017\/10\/diferenciado_coia.jpg","articleSection":["Noticias","Solidaridad"],"inLanguage":"es","potentialAction":[{"@type":"CommentAction","name":"Comment","target":["https:\/\/www.scuola.cl\/sivm\/dura-realidad-del-coia\/#respond"]}]},{"@type":"WebPage","@id":"https:\/\/www.scuola.cl\/sivm\/dura-realidad-del-coia\/","url":"https:\/\/www.scuola.cl\/sivm\/dura-realidad-del-coia\/","name":"Dura realidad del COIA - Scuola Italiana","isPartOf":{"@id":"https:\/\/www.scuola.cl\/sivm\/#website"},"primaryImageOfPage":{"@id":"https:\/\/www.scuola.cl\/sivm\/dura-realidad-del-coia\/#primaryimage"},"image":{"@id":"https:\/\/www.scuola.cl\/sivm\/dura-realidad-del-coia\/#primaryimage"},"thumbnailUrl":"https:\/\/www.scuola.cl\/sivm\/wp-content\/uploads\/2017\/10\/diferenciado_coia.jpg","datePublished":"2017-10-20T14:01:03+00:00","dateModified":"2017-10-30T19:31:19+00:00","breadcrumb":{"@id":"https:\/\/www.scuola.cl\/sivm\/dura-realidad-del-coia\/#breadcrumb"},"inLanguage":"es","potentialAction":[{"@type":"ReadAction","target":["https:\/\/www.scuola.cl\/sivm\/dura-realidad-del-coia\/"]}]},{"@type":"ImageObject","inLanguage":"es","@id":"https:\/\/www.scuola.cl\/sivm\/dura-realidad-del-coia\/#primaryimage","url":"https:\/\/www.scuola.cl\/sivm\/wp-content\/uploads\/2017\/10\/diferenciado_coia.jpg","contentUrl":"https:\/\/www.scuola.cl\/sivm\/wp-content\/uploads\/2017\/10\/diferenciado_coia.jpg","width":900,"height":610},{"@type":"BreadcrumbList","@id":"https:\/\/www.scuola.cl\/sivm\/dura-realidad-del-coia\/#breadcrumb","itemListElement":[{"@type":"ListItem","position":1,"name":"Inicio","item":"https:\/\/www.scuola.cl\/sivm\/"},{"@type":"ListItem","position":2,"name":"Noticias","item":"https:\/\/www.scuola.cl\/sivm\/category\/noticias\/"},{"@type":"ListItem","position":3,"name":"Dura realidad del COIA"}]},{"@type":"WebSite","@id":"https:\/\/www.scuola.cl\/sivm\/#website","url":"https:\/\/www.scuola.cl\/sivm\/","name":"Scuola Italiana","description":"Vittorio Montiglio","publisher":{"@id":"https:\/\/www.scuola.cl\/sivm\/#organization"},"potentialAction":[{"@type":"SearchAction","target":{"@type":"EntryPoint","urlTemplate":"https:\/\/www.scuola.cl\/sivm\/?s={search_term_string}"},"query-input":{"@type":"PropertyValueSpecification","valueRequired":true,"valueName":"search_term_string"}}],"inLanguage":"es"},{"@type":"Organization","@id":"https:\/\/www.scuola.cl\/sivm\/#organization","name":"Scuola Italiana Vittorio Montiglio","url":"https:\/\/www.scuola.cl\/sivm\/","logo":{"@type":"ImageObject","inLanguage":"es","@id":"https:\/\/www.scuola.cl\/sivm\/#\/schema\/logo\/image\/","url":"https:\/\/www.scuola.cl\/sivm\/wp-content\/uploads\/2019\/06\/Logo_Scuola-01-001-1000x1000.png","contentUrl":"https:\/\/www.scuola.cl\/sivm\/wp-content\/uploads\/2019\/06\/Logo_Scuola-01-001-1000x1000.png","width":1000,"height":1000,"caption":"Scuola Italiana Vittorio Montiglio"},"image":{"@id":"https:\/\/www.scuola.cl\/sivm\/#\/schema\/logo\/image\/"}},{"@type":"Person","@id":"https:\/\/www.scuola.cl\/sivm\/#\/schema\/person\/2ac68abc1b548ee6d8e16c4d3727d1b2","name":"Comunicaciones","image":{"@type":"ImageObject","inLanguage":"es","@id":"https:\/\/www.scuola.cl\/sivm\/#\/schema\/person\/image\/","url":"https:\/\/secure.gravatar.com\/avatar\/0b29fd7cdce1ec9939eded19ce85d6ed73acf03fb52d098b0641aed356fe6aeb?s=96&d=mm&r=g","contentUrl":"https:\/\/secure.gravatar.com\/avatar\/0b29fd7cdce1ec9939eded19ce85d6ed73acf03fb52d098b0641aed356fe6aeb?s=96&d=mm&r=g","caption":"Comunicaciones"},"url":"https:\/\/www.scuola.cl\/sivm\/author\/comunicaciones-scuola\/"}]}},"_links":{"self":[{"href":"https:\/\/www.scuola.cl\/sivm\/wp-json\/wp\/v2\/posts\/5266","targetHints":{"allow":["GET"]}}],"collection":[{"href":"https:\/\/www.scuola.cl\/sivm\/wp-json\/wp\/v2\/posts"}],"about":[{"href":"https:\/\/www.scuola.cl\/sivm\/wp-json\/wp\/v2\/types\/post"}],"author":[{"embeddable":true,"href":"https:\/\/www.scuola.cl\/sivm\/wp-json\/wp\/v2\/users\/2"}],"replies":[{"embeddable":true,"href":"https:\/\/www.scuola.cl\/sivm\/wp-json\/wp\/v2\/comments?post=5266"}],"version-history":[{"count":1,"href":"https:\/\/www.scuola.cl\/sivm\/wp-json\/wp\/v2\/posts\/5266\/revisions"}],"predecessor-version":[{"id":5268,"href":"https:\/\/www.scuola.cl\/sivm\/wp-json\/wp\/v2\/posts\/5266\/revisions\/5268"}],"wp:featuredmedia":[{"embeddable":true,"href":"https:\/\/www.scuola.cl\/sivm\/wp-json\/wp\/v2\/media\/5267"}],"wp:attachment":[{"href":"https:\/\/www.scuola.cl\/sivm\/wp-json\/wp\/v2\/media?parent=5266"}],"wp:term":[{"taxonomy":"category","embeddable":true,"href":"https:\/\/www.scuola.cl\/sivm\/wp-json\/wp\/v2\/categories?post=5266"},{"taxonomy":"post_tag","embeddable":true,"href":"https:\/\/www.scuola.cl\/sivm\/wp-json\/wp\/v2\/tags?post=5266"}],"curies":[{"name":"wp","href":"https:\/\/api.w.org\/{rel}","templated":true}]}}