{"id":5241,"date":"2017-10-23T08:56:55","date_gmt":"2017-10-23T11:56:55","guid":{"rendered":"http:\/\/www.scuola.cl\/sivm\/?p=5241"},"modified":"2017-10-23T09:59:45","modified_gmt":"2017-10-23T12:59:45","slug":"encuentro_de_grabado_en_la_scuola","status":"publish","type":"post","link":"https:\/\/www.scuola.cl\/sivm\/encuentro_de_grabado_en_la_scuola\/","title":{"rendered":"Encuentro de Grabado en la Scuola"},"content":{"rendered":"<p>El 19 de octubre, se realiz\u00f3 el 3er. Encuentro Interescolar de Grabado, que organiza el Departamento de Arte de la Scuola junto al Centro Cultural y Taller 99. En esta ocasi\u00f3n, participaron los colegios Etievan, Villa Maria Academy, San Lorenzo, Escuela de Arte y Tecnolog\u00eda de Maip\u00fa, Instituto Hebreo, Scuola Italiana de Valpara\u00edso\/Vi\u00f1a del Mar, Pedro de Valdivia de Pe\u00f1alol\u00e9n, y nuevamente los colegios Cumbres, Pucal\u00e1n Montessori y Leonardo Da Vinci de Calama.<\/p>\n<p>&nbsp;<\/p>\n<p>Todos ellos disfrutaron de una intensa jornada, que comenz\u00f3 con la realizaci\u00f3n de un workshop, a cargo de la destacada artista y docente Alejandra Bendel. En esta instancia, los alumnos pudieron trabajar y compartir en torno al grabado y sus m\u00faltiples t\u00e9cnicas experimentales. Luego se desarroll\u00f3 en el Teatro Verdi, la entrega de diplomas y cierre el que finaliz\u00f3 con un c\u00f3ctel, inaugurando de esta forma, la exposici\u00f3n de grabados. Este proyecto tiene como objetivo fomentar la importancia de la formaci\u00f3n art\u00edstica en la etapa escolar, como tambi\u00e9n la interacci\u00f3n con otras instituciones educacionales.<\/p>\n<p>&nbsp;<\/p>\n<p>Pueden revisar m\u00e1s fotos del Encuentro de Grabado en el siguiente link: <a href=\"https:\/\/www.facebook.com\/pg\/cultura.scuola\/photos\/?tab=album&amp;album_id=1960700337515968\" target=\"_blank\">REVISAR \u00c1LBUM<\/a><\/p>\n<p>&nbsp;<\/p>\n<p><img loading=\"lazy\" decoding=\"async\" width=\"700\" height=\"467\" class=\"alignnone size-large wp-image-5242\" src=\"http:\/\/www.scuola.cl\/sivm\/wp-content\/uploads\/2017\/10\/Encuentro_grabado_2017-700x467.jpg\" alt=\"Encuentro_grabado_2017\" srcset=\"https:\/\/www.scuola.cl\/sivm\/wp-content\/uploads\/2017\/10\/Encuentro_grabado_2017-700x467.jpg 700w, https:\/\/www.scuola.cl\/sivm\/wp-content\/uploads\/2017\/10\/Encuentro_grabado_2017-250x167.jpg 250w, https:\/\/www.scuola.cl\/sivm\/wp-content\/uploads\/2017\/10\/Encuentro_grabado_2017-768x512.jpg 768w, https:\/\/www.scuola.cl\/sivm\/wp-content\/uploads\/2017\/10\/Encuentro_grabado_2017-120x80.jpg 120w, https:\/\/www.scuola.cl\/sivm\/wp-content\/uploads\/2017\/10\/Encuentro_grabado_2017.jpg 900w\" sizes=\"auto, (max-width: 700px) 100vw, 700px\" \/><\/p>\n","protected":false},"excerpt":{"rendered":"Con una gran concurrencia de alumnos, el 19 de octubre, se realiz\u00f3 en la Scuola el 3er. Encuentro Interescolar de Grabado, que organiza el Departamento de Arte de la Scuola junto al Centro Cultural y Taller 99. ","protected":false},"author":2,"featured_media":5242,"comment_status":"open","ping_status":"open","sticky":false,"template":"","format":"standard","meta":{"_acf_changed":false,"footnotes":""},"categories":[18,22,5],"tags":[],"class_list":["post-5241","post","type-post","status-publish","format-standard","has-post-thumbnail","hentry","category-centrocultural","category-cultura","category-noticias"],"acf":[],"yoast_head":"<!-- This site is optimized with the Yoast SEO plugin v27.1.1 - https:\/\/yoast.com\/product\/yoast-seo-wordpress\/ -->\n<title>Encuentro de Grabado en la Scuola - Scuola Italiana<\/title>\n<meta name=\"robots\" content=\"index, follow, max-snippet:-1, max-image-preview:large, max-video-preview:-1\" \/>\n<link rel=\"canonical\" href=\"https:\/\/www.scuola.cl\/sivm\/encuentro_de_grabado_en_la_scuola\/\" \/>\n<meta property=\"og:locale\" content=\"es_ES\" \/>\n<meta property=\"og:type\" content=\"article\" \/>\n<meta property=\"og:title\" content=\"Encuentro de Grabado en la Scuola - Scuola Italiana\" \/>\n<meta property=\"og:description\" content=\"Con una gran concurrencia de alumnos, el 19 de octubre, se realiz\u00f3 en la Scuola el 3er. Encuentro Interescolar de Grabado, que organiza el Departamento de Arte de la Scuola junto al Centro Cultural y Taller 99.\" \/>\n<meta property=\"og:url\" content=\"https:\/\/www.scuola.cl\/sivm\/encuentro_de_grabado_en_la_scuola\/\" \/>\n<meta property=\"og:site_name\" content=\"Scuola Italiana\" \/>\n<meta property=\"article:published_time\" content=\"2017-10-23T11:56:55+00:00\" \/>\n<meta property=\"article:modified_time\" content=\"2017-10-23T12:59:45+00:00\" \/>\n<meta property=\"og:image\" content=\"https:\/\/www.scuola.cl\/sivm\/wp-content\/uploads\/2017\/10\/Encuentro_grabado_2017.jpg\" \/>\n\t<meta property=\"og:image:width\" content=\"900\" \/>\n\t<meta property=\"og:image:height\" content=\"600\" \/>\n\t<meta property=\"og:image:type\" content=\"image\/jpeg\" \/>\n<meta name=\"author\" content=\"Comunicaciones\" \/>\n<meta name=\"twitter:card\" content=\"summary_large_image\" \/>\n<meta name=\"twitter:label1\" content=\"Escrito por\" \/>\n\t<meta name=\"twitter:data1\" content=\"Comunicaciones\" \/>\n\t<meta name=\"twitter:label2\" content=\"Tiempo de lectura\" \/>\n\t<meta name=\"twitter:data2\" content=\"1 minuto\" \/>\n<script type=\"application\/ld+json\" class=\"yoast-schema-graph\">{\"@context\":\"https:\/\/schema.org\",\"@graph\":[{\"@type\":\"Article\",\"@id\":\"https:\/\/www.scuola.cl\/sivm\/encuentro_de_grabado_en_la_scuola\/#article\",\"isPartOf\":{\"@id\":\"https:\/\/www.scuola.cl\/sivm\/encuentro_de_grabado_en_la_scuola\/\"},\"author\":{\"name\":\"Comunicaciones\",\"@id\":\"https:\/\/www.scuola.cl\/sivm\/#\/schema\/person\/2ac68abc1b548ee6d8e16c4d3727d1b2\"},\"headline\":\"Encuentro de Grabado en la Scuola\",\"datePublished\":\"2017-10-23T11:56:55+00:00\",\"dateModified\":\"2017-10-23T12:59:45+00:00\",\"mainEntityOfPage\":{\"@id\":\"https:\/\/www.scuola.cl\/sivm\/encuentro_de_grabado_en_la_scuola\/\"},\"wordCount\":206,\"commentCount\":0,\"publisher\":{\"@id\":\"https:\/\/www.scuola.cl\/sivm\/#organization\"},\"image\":{\"@id\":\"https:\/\/www.scuola.cl\/sivm\/encuentro_de_grabado_en_la_scuola\/#primaryimage\"},\"thumbnailUrl\":\"https:\/\/www.scuola.cl\/sivm\/wp-content\/uploads\/2017\/10\/Encuentro_grabado_2017.jpg\",\"articleSection\":[\"Centro Cultural\",\"Cultura\",\"Noticias\"],\"inLanguage\":\"es\",\"potentialAction\":[{\"@type\":\"CommentAction\",\"name\":\"Comment\",\"target\":[\"https:\/\/www.scuola.cl\/sivm\/encuentro_de_grabado_en_la_scuola\/#respond\"]}]},{\"@type\":\"WebPage\",\"@id\":\"https:\/\/www.scuola.cl\/sivm\/encuentro_de_grabado_en_la_scuola\/\",\"url\":\"https:\/\/www.scuola.cl\/sivm\/encuentro_de_grabado_en_la_scuola\/\",\"name\":\"Encuentro de Grabado en la Scuola - Scuola Italiana\",\"isPartOf\":{\"@id\":\"https:\/\/www.scuola.cl\/sivm\/#website\"},\"primaryImageOfPage\":{\"@id\":\"https:\/\/www.scuola.cl\/sivm\/encuentro_de_grabado_en_la_scuola\/#primaryimage\"},\"image\":{\"@id\":\"https:\/\/www.scuola.cl\/sivm\/encuentro_de_grabado_en_la_scuola\/#primaryimage\"},\"thumbnailUrl\":\"https:\/\/www.scuola.cl\/sivm\/wp-content\/uploads\/2017\/10\/Encuentro_grabado_2017.jpg\",\"datePublished\":\"2017-10-23T11:56:55+00:00\",\"dateModified\":\"2017-10-23T12:59:45+00:00\",\"breadcrumb\":{\"@id\":\"https:\/\/www.scuola.cl\/sivm\/encuentro_de_grabado_en_la_scuola\/#breadcrumb\"},\"inLanguage\":\"es\",\"potentialAction\":[{\"@type\":\"ReadAction\",\"target\":[\"https:\/\/www.scuola.cl\/sivm\/encuentro_de_grabado_en_la_scuola\/\"]}]},{\"@type\":\"ImageObject\",\"inLanguage\":\"es\",\"@id\":\"https:\/\/www.scuola.cl\/sivm\/encuentro_de_grabado_en_la_scuola\/#primaryimage\",\"url\":\"https:\/\/www.scuola.cl\/sivm\/wp-content\/uploads\/2017\/10\/Encuentro_grabado_2017.jpg\",\"contentUrl\":\"https:\/\/www.scuola.cl\/sivm\/wp-content\/uploads\/2017\/10\/Encuentro_grabado_2017.jpg\",\"width\":900,\"height\":600},{\"@type\":\"BreadcrumbList\",\"@id\":\"https:\/\/www.scuola.cl\/sivm\/encuentro_de_grabado_en_la_scuola\/#breadcrumb\",\"itemListElement\":[{\"@type\":\"ListItem\",\"position\":1,\"name\":\"Inicio\",\"item\":\"https:\/\/www.scuola.cl\/sivm\/\"},{\"@type\":\"ListItem\",\"position\":2,\"name\":\"Noticias\",\"item\":\"https:\/\/www.scuola.cl\/sivm\/category\/noticias\/\"},{\"@type\":\"ListItem\",\"position\":3,\"name\":\"Encuentro de Grabado en la Scuola\"}]},{\"@type\":\"WebSite\",\"@id\":\"https:\/\/www.scuola.cl\/sivm\/#website\",\"url\":\"https:\/\/www.scuola.cl\/sivm\/\",\"name\":\"Scuola Italiana\",\"description\":\"Vittorio Montiglio\",\"publisher\":{\"@id\":\"https:\/\/www.scuola.cl\/sivm\/#organization\"},\"potentialAction\":[{\"@type\":\"SearchAction\",\"target\":{\"@type\":\"EntryPoint\",\"urlTemplate\":\"https:\/\/www.scuola.cl\/sivm\/?s={search_term_string}\"},\"query-input\":{\"@type\":\"PropertyValueSpecification\",\"valueRequired\":true,\"valueName\":\"search_term_string\"}}],\"inLanguage\":\"es\"},{\"@type\":\"Organization\",\"@id\":\"https:\/\/www.scuola.cl\/sivm\/#organization\",\"name\":\"Scuola Italiana Vittorio Montiglio\",\"url\":\"https:\/\/www.scuola.cl\/sivm\/\",\"logo\":{\"@type\":\"ImageObject\",\"inLanguage\":\"es\",\"@id\":\"https:\/\/www.scuola.cl\/sivm\/#\/schema\/logo\/image\/\",\"url\":\"https:\/\/www.scuola.cl\/sivm\/wp-content\/uploads\/2019\/06\/Logo_Scuola-01-001-1000x1000.png\",\"contentUrl\":\"https:\/\/www.scuola.cl\/sivm\/wp-content\/uploads\/2019\/06\/Logo_Scuola-01-001-1000x1000.png\",\"width\":1000,\"height\":1000,\"caption\":\"Scuola Italiana Vittorio Montiglio\"},\"image\":{\"@id\":\"https:\/\/www.scuola.cl\/sivm\/#\/schema\/logo\/image\/\"}},{\"@type\":\"Person\",\"@id\":\"https:\/\/www.scuola.cl\/sivm\/#\/schema\/person\/2ac68abc1b548ee6d8e16c4d3727d1b2\",\"name\":\"Comunicaciones\",\"image\":{\"@type\":\"ImageObject\",\"inLanguage\":\"es\",\"@id\":\"https:\/\/www.scuola.cl\/sivm\/#\/schema\/person\/image\/\",\"url\":\"https:\/\/secure.gravatar.com\/avatar\/0b29fd7cdce1ec9939eded19ce85d6ed73acf03fb52d098b0641aed356fe6aeb?s=96&d=mm&r=g\",\"contentUrl\":\"https:\/\/secure.gravatar.com\/avatar\/0b29fd7cdce1ec9939eded19ce85d6ed73acf03fb52d098b0641aed356fe6aeb?s=96&d=mm&r=g\",\"caption\":\"Comunicaciones\"},\"url\":\"https:\/\/www.scuola.cl\/sivm\/author\/comunicaciones-scuola\/\"}]}<\/script>\n<!-- \/ Yoast SEO plugin. -->","yoast_head_json":{"title":"Encuentro de Grabado en la Scuola - Scuola Italiana","robots":{"index":"index","follow":"follow","max-snippet":"max-snippet:-1","max-image-preview":"max-image-preview:large","max-video-preview":"max-video-preview:-1"},"canonical":"https:\/\/www.scuola.cl\/sivm\/encuentro_de_grabado_en_la_scuola\/","og_locale":"es_ES","og_type":"article","og_title":"Encuentro de Grabado en la Scuola - Scuola Italiana","og_description":"Con una gran concurrencia de alumnos, el 19 de octubre, se realiz\u00f3 en la Scuola el 3er. Encuentro Interescolar de Grabado, que organiza el Departamento de Arte de la Scuola junto al Centro Cultural y Taller 99.","og_url":"https:\/\/www.scuola.cl\/sivm\/encuentro_de_grabado_en_la_scuola\/","og_site_name":"Scuola Italiana","article_published_time":"2017-10-23T11:56:55+00:00","article_modified_time":"2017-10-23T12:59:45+00:00","og_image":[{"width":900,"height":600,"url":"https:\/\/www.scuola.cl\/sivm\/wp-content\/uploads\/2017\/10\/Encuentro_grabado_2017.jpg","type":"image\/jpeg"}],"author":"Comunicaciones","twitter_card":"summary_large_image","twitter_misc":{"Escrito por":"Comunicaciones","Tiempo de lectura":"1 minuto"},"schema":{"@context":"https:\/\/schema.org","@graph":[{"@type":"Article","@id":"https:\/\/www.scuola.cl\/sivm\/encuentro_de_grabado_en_la_scuola\/#article","isPartOf":{"@id":"https:\/\/www.scuola.cl\/sivm\/encuentro_de_grabado_en_la_scuola\/"},"author":{"name":"Comunicaciones","@id":"https:\/\/www.scuola.cl\/sivm\/#\/schema\/person\/2ac68abc1b548ee6d8e16c4d3727d1b2"},"headline":"Encuentro de Grabado en la Scuola","datePublished":"2017-10-23T11:56:55+00:00","dateModified":"2017-10-23T12:59:45+00:00","mainEntityOfPage":{"@id":"https:\/\/www.scuola.cl\/sivm\/encuentro_de_grabado_en_la_scuola\/"},"wordCount":206,"commentCount":0,"publisher":{"@id":"https:\/\/www.scuola.cl\/sivm\/#organization"},"image":{"@id":"https:\/\/www.scuola.cl\/sivm\/encuentro_de_grabado_en_la_scuola\/#primaryimage"},"thumbnailUrl":"https:\/\/www.scuola.cl\/sivm\/wp-content\/uploads\/2017\/10\/Encuentro_grabado_2017.jpg","articleSection":["Centro Cultural","Cultura","Noticias"],"inLanguage":"es","potentialAction":[{"@type":"CommentAction","name":"Comment","target":["https:\/\/www.scuola.cl\/sivm\/encuentro_de_grabado_en_la_scuola\/#respond"]}]},{"@type":"WebPage","@id":"https:\/\/www.scuola.cl\/sivm\/encuentro_de_grabado_en_la_scuola\/","url":"https:\/\/www.scuola.cl\/sivm\/encuentro_de_grabado_en_la_scuola\/","name":"Encuentro de Grabado en la Scuola - Scuola Italiana","isPartOf":{"@id":"https:\/\/www.scuola.cl\/sivm\/#website"},"primaryImageOfPage":{"@id":"https:\/\/www.scuola.cl\/sivm\/encuentro_de_grabado_en_la_scuola\/#primaryimage"},"image":{"@id":"https:\/\/www.scuola.cl\/sivm\/encuentro_de_grabado_en_la_scuola\/#primaryimage"},"thumbnailUrl":"https:\/\/www.scuola.cl\/sivm\/wp-content\/uploads\/2017\/10\/Encuentro_grabado_2017.jpg","datePublished":"2017-10-23T11:56:55+00:00","dateModified":"2017-10-23T12:59:45+00:00","breadcrumb":{"@id":"https:\/\/www.scuola.cl\/sivm\/encuentro_de_grabado_en_la_scuola\/#breadcrumb"},"inLanguage":"es","potentialAction":[{"@type":"ReadAction","target":["https:\/\/www.scuola.cl\/sivm\/encuentro_de_grabado_en_la_scuola\/"]}]},{"@type":"ImageObject","inLanguage":"es","@id":"https:\/\/www.scuola.cl\/sivm\/encuentro_de_grabado_en_la_scuola\/#primaryimage","url":"https:\/\/www.scuola.cl\/sivm\/wp-content\/uploads\/2017\/10\/Encuentro_grabado_2017.jpg","contentUrl":"https:\/\/www.scuola.cl\/sivm\/wp-content\/uploads\/2017\/10\/Encuentro_grabado_2017.jpg","width":900,"height":600},{"@type":"BreadcrumbList","@id":"https:\/\/www.scuola.cl\/sivm\/encuentro_de_grabado_en_la_scuola\/#breadcrumb","itemListElement":[{"@type":"ListItem","position":1,"name":"Inicio","item":"https:\/\/www.scuola.cl\/sivm\/"},{"@type":"ListItem","position":2,"name":"Noticias","item":"https:\/\/www.scuola.cl\/sivm\/category\/noticias\/"},{"@type":"ListItem","position":3,"name":"Encuentro de Grabado en la Scuola"}]},{"@type":"WebSite","@id":"https:\/\/www.scuola.cl\/sivm\/#website","url":"https:\/\/www.scuola.cl\/sivm\/","name":"Scuola Italiana","description":"Vittorio Montiglio","publisher":{"@id":"https:\/\/www.scuola.cl\/sivm\/#organization"},"potentialAction":[{"@type":"SearchAction","target":{"@type":"EntryPoint","urlTemplate":"https:\/\/www.scuola.cl\/sivm\/?s={search_term_string}"},"query-input":{"@type":"PropertyValueSpecification","valueRequired":true,"valueName":"search_term_string"}}],"inLanguage":"es"},{"@type":"Organization","@id":"https:\/\/www.scuola.cl\/sivm\/#organization","name":"Scuola Italiana Vittorio Montiglio","url":"https:\/\/www.scuola.cl\/sivm\/","logo":{"@type":"ImageObject","inLanguage":"es","@id":"https:\/\/www.scuola.cl\/sivm\/#\/schema\/logo\/image\/","url":"https:\/\/www.scuola.cl\/sivm\/wp-content\/uploads\/2019\/06\/Logo_Scuola-01-001-1000x1000.png","contentUrl":"https:\/\/www.scuola.cl\/sivm\/wp-content\/uploads\/2019\/06\/Logo_Scuola-01-001-1000x1000.png","width":1000,"height":1000,"caption":"Scuola Italiana Vittorio Montiglio"},"image":{"@id":"https:\/\/www.scuola.cl\/sivm\/#\/schema\/logo\/image\/"}},{"@type":"Person","@id":"https:\/\/www.scuola.cl\/sivm\/#\/schema\/person\/2ac68abc1b548ee6d8e16c4d3727d1b2","name":"Comunicaciones","image":{"@type":"ImageObject","inLanguage":"es","@id":"https:\/\/www.scuola.cl\/sivm\/#\/schema\/person\/image\/","url":"https:\/\/secure.gravatar.com\/avatar\/0b29fd7cdce1ec9939eded19ce85d6ed73acf03fb52d098b0641aed356fe6aeb?s=96&d=mm&r=g","contentUrl":"https:\/\/secure.gravatar.com\/avatar\/0b29fd7cdce1ec9939eded19ce85d6ed73acf03fb52d098b0641aed356fe6aeb?s=96&d=mm&r=g","caption":"Comunicaciones"},"url":"https:\/\/www.scuola.cl\/sivm\/author\/comunicaciones-scuola\/"}]}},"_links":{"self":[{"href":"https:\/\/www.scuola.cl\/sivm\/wp-json\/wp\/v2\/posts\/5241","targetHints":{"allow":["GET"]}}],"collection":[{"href":"https:\/\/www.scuola.cl\/sivm\/wp-json\/wp\/v2\/posts"}],"about":[{"href":"https:\/\/www.scuola.cl\/sivm\/wp-json\/wp\/v2\/types\/post"}],"author":[{"embeddable":true,"href":"https:\/\/www.scuola.cl\/sivm\/wp-json\/wp\/v2\/users\/2"}],"replies":[{"embeddable":true,"href":"https:\/\/www.scuola.cl\/sivm\/wp-json\/wp\/v2\/comments?post=5241"}],"version-history":[{"count":2,"href":"https:\/\/www.scuola.cl\/sivm\/wp-json\/wp\/v2\/posts\/5241\/revisions"}],"predecessor-version":[{"id":5244,"href":"https:\/\/www.scuola.cl\/sivm\/wp-json\/wp\/v2\/posts\/5241\/revisions\/5244"}],"wp:featuredmedia":[{"embeddable":true,"href":"https:\/\/www.scuola.cl\/sivm\/wp-json\/wp\/v2\/media\/5242"}],"wp:attachment":[{"href":"https:\/\/www.scuola.cl\/sivm\/wp-json\/wp\/v2\/media?parent=5241"}],"wp:term":[{"taxonomy":"category","embeddable":true,"href":"https:\/\/www.scuola.cl\/sivm\/wp-json\/wp\/v2\/categories?post=5241"},{"taxonomy":"post_tag","embeddable":true,"href":"https:\/\/www.scuola.cl\/sivm\/wp-json\/wp\/v2\/tags?post=5241"}],"curies":[{"name":"wp","href":"https:\/\/api.w.org\/{rel}","templated":true}]}}