{"id":5230,"date":"2017-10-19T08:35:16","date_gmt":"2017-10-19T11:35:16","guid":{"rendered":"http:\/\/www.scuola.cl\/sivm\/?p=5230"},"modified":"2017-10-20T09:26:17","modified_gmt":"2017-10-20T12:26:17","slug":"actividad-fisica-la-tercera-edad","status":"publish","type":"post","link":"https:\/\/www.scuola.cl\/sivm\/actividad-fisica-la-tercera-edad\/","title":{"rendered":"Actividad F\u00edsica en la Tercera Edad"},"content":{"rendered":"<p>(Por V\u00edctor Cabrera Toledo, Profesor de Deportes)<\/p>\n<p>&nbsp;<\/p>\n<p>A ra\u00edz del nexo que me liga como profesor de la Scuola al Hogar Italiano y desde la perspectiva universitaria de la asignatura \u201cActividad F\u00edsica en la Tercera Edad\u201d, que imparto en la Universidad Aut\u00f3noma de Santiago, nace la iniciativa de realizar una Evaluaci\u00f3n f\u00edsico-motriz para los abuelitos y abuelitas de esta instituci\u00f3n. Dicha iniciativa, se concreta gracias a la cooperaci\u00f3n y gu\u00eda de Carmen Cecilia Stockebrand, quien desde el \u00e1rea de Solidaridad genera los puentes para poder desarrollarla.<\/p>\n<p>&nbsp;<\/p>\n<p>Para comenzar, la evaluaci\u00f3n se llev\u00f3 a cabo el d\u00eda martes 17 de octubre en el gimnasio de la Casa di Riposo, con la colaboraci\u00f3n de la kinesi\u00f3loga del Hogar, Valeria Medel, y junto a los estudiantes de la universidad, se realizaron mediciones de fuerza de extremidades inferiores y superiores, flexibilidad de tronco, agilidad y equilibrio.<\/p>\n<p>&nbsp;<\/p>\n<p>Con los datos obtenidos, se indicar\u00e1 la condici\u00f3n f\u00edsica y motriz de los participantes y a partir de \u00e9stos se crear\u00e1 una jornada recreativa en la cual puedan participar todos los residentes.<\/p>\n<p>&nbsp;<\/p>\n<p>La primera etapa de este proyecto, result\u00f3 de manera muy positiva, pues para los estudiantes ha sido una experiencia que los sensibiliz\u00f3 y motiv\u00f3 a seguir aportando, por otro lado, los adultos mayores participantes tuvieron una gran disposici\u00f3n y nos dejaron invitados a seguir visit\u00e1ndolos, palabra que tomaremos para seguir acompa\u00f1ando a los residentes.<\/p>\n<p>&nbsp;<\/p>\n<p><img loading=\"lazy\" decoding=\"async\" width=\"700\" height=\"474\" class=\"alignnone size-large wp-image-5231\" src=\"http:\/\/www.scuola.cl\/sivm\/wp-content\/uploads\/2017\/10\/Hogar_Italiano_visita_Victor_Cabrera-700x474.jpg\" alt=\"Hogar_Italiano_visita_Victor_Cabrera\" srcset=\"https:\/\/www.scuola.cl\/sivm\/wp-content\/uploads\/2017\/10\/Hogar_Italiano_visita_Victor_Cabrera-700x474.jpg 700w, https:\/\/www.scuola.cl\/sivm\/wp-content\/uploads\/2017\/10\/Hogar_Italiano_visita_Victor_Cabrera-250x169.jpg 250w, https:\/\/www.scuola.cl\/sivm\/wp-content\/uploads\/2017\/10\/Hogar_Italiano_visita_Victor_Cabrera-768x521.jpg 768w, https:\/\/www.scuola.cl\/sivm\/wp-content\/uploads\/2017\/10\/Hogar_Italiano_visita_Victor_Cabrera-120x81.jpg 120w, https:\/\/www.scuola.cl\/sivm\/wp-content\/uploads\/2017\/10\/Hogar_Italiano_visita_Victor_Cabrera.jpg 900w\" sizes=\"auto, (max-width: 700px) 100vw, 700px\" \/><\/p>\n","protected":false},"excerpt":{"rendered":"Junto al acompa\u00f1amiento de Solidaridad, el profesor V\u00edctor Cabrera puso en marcha la realizaci\u00f3n de una \u00abEvaluaci\u00f3n f\u00edsico-motriz\u00bb en el Hogar Italiano, junto a un grupo de alumnos de la Universidad Aut\u00f3noma.","protected":false},"author":2,"featured_media":5231,"comment_status":"open","ping_status":"open","sticky":false,"template":"","format":"standard","meta":{"_acf_changed":false,"footnotes":""},"categories":[5,23],"tags":[],"class_list":["post-5230","post","type-post","status-publish","format-standard","has-post-thumbnail","hentry","category-noticias","category-solidaridad"],"acf":[],"yoast_head":"<!-- This site is optimized with the Yoast SEO plugin v27.1.1 - https:\/\/yoast.com\/product\/yoast-seo-wordpress\/ -->\n<title>Actividad F\u00edsica en la Tercera Edad - Scuola Italiana<\/title>\n<meta name=\"robots\" content=\"index, follow, max-snippet:-1, max-image-preview:large, max-video-preview:-1\" \/>\n<link rel=\"canonical\" href=\"https:\/\/www.scuola.cl\/sivm\/actividad-fisica-la-tercera-edad\/\" \/>\n<meta property=\"og:locale\" content=\"es_ES\" \/>\n<meta property=\"og:type\" content=\"article\" \/>\n<meta property=\"og:title\" content=\"Actividad F\u00edsica en la Tercera Edad - Scuola Italiana\" \/>\n<meta property=\"og:description\" content=\"Junto al acompa\u00f1amiento de Solidaridad, el profesor V\u00edctor Cabrera puso en marcha la realizaci\u00f3n de una &quot;Evaluaci\u00f3n f\u00edsico-motriz&quot; en el Hogar Italiano, junto a un grupo de alumnos de la Universidad Aut\u00f3noma.\" \/>\n<meta property=\"og:url\" content=\"https:\/\/www.scuola.cl\/sivm\/actividad-fisica-la-tercera-edad\/\" \/>\n<meta property=\"og:site_name\" content=\"Scuola Italiana\" \/>\n<meta property=\"article:published_time\" content=\"2017-10-19T11:35:16+00:00\" \/>\n<meta property=\"article:modified_time\" content=\"2017-10-20T12:26:17+00:00\" \/>\n<meta property=\"og:image\" content=\"https:\/\/www.scuola.cl\/sivm\/wp-content\/uploads\/2017\/10\/Hogar_Italiano_visita_Victor_Cabrera.jpg\" \/>\n\t<meta property=\"og:image:width\" content=\"900\" \/>\n\t<meta property=\"og:image:height\" content=\"610\" \/>\n\t<meta property=\"og:image:type\" content=\"image\/jpeg\" \/>\n<meta name=\"author\" content=\"Comunicaciones\" \/>\n<meta name=\"twitter:card\" content=\"summary_large_image\" \/>\n<meta name=\"twitter:label1\" content=\"Escrito por\" \/>\n\t<meta name=\"twitter:data1\" content=\"Comunicaciones\" \/>\n\t<meta name=\"twitter:label2\" content=\"Tiempo de lectura\" \/>\n\t<meta name=\"twitter:data2\" content=\"1 minuto\" \/>\n<script type=\"application\/ld+json\" class=\"yoast-schema-graph\">{\"@context\":\"https:\/\/schema.org\",\"@graph\":[{\"@type\":\"Article\",\"@id\":\"https:\/\/www.scuola.cl\/sivm\/actividad-fisica-la-tercera-edad\/#article\",\"isPartOf\":{\"@id\":\"https:\/\/www.scuola.cl\/sivm\/actividad-fisica-la-tercera-edad\/\"},\"author\":{\"name\":\"Comunicaciones\",\"@id\":\"https:\/\/www.scuola.cl\/sivm\/#\/schema\/person\/2ac68abc1b548ee6d8e16c4d3727d1b2\"},\"headline\":\"Actividad F\u00edsica en la Tercera Edad\",\"datePublished\":\"2017-10-19T11:35:16+00:00\",\"dateModified\":\"2017-10-20T12:26:17+00:00\",\"mainEntityOfPage\":{\"@id\":\"https:\/\/www.scuola.cl\/sivm\/actividad-fisica-la-tercera-edad\/\"},\"wordCount\":257,\"commentCount\":0,\"publisher\":{\"@id\":\"https:\/\/www.scuola.cl\/sivm\/#organization\"},\"image\":{\"@id\":\"https:\/\/www.scuola.cl\/sivm\/actividad-fisica-la-tercera-edad\/#primaryimage\"},\"thumbnailUrl\":\"https:\/\/www.scuola.cl\/sivm\/wp-content\/uploads\/2017\/10\/Hogar_Italiano_visita_Victor_Cabrera.jpg\",\"articleSection\":[\"Noticias\",\"Solidaridad\"],\"inLanguage\":\"es\",\"potentialAction\":[{\"@type\":\"CommentAction\",\"name\":\"Comment\",\"target\":[\"https:\/\/www.scuola.cl\/sivm\/actividad-fisica-la-tercera-edad\/#respond\"]}]},{\"@type\":\"WebPage\",\"@id\":\"https:\/\/www.scuola.cl\/sivm\/actividad-fisica-la-tercera-edad\/\",\"url\":\"https:\/\/www.scuola.cl\/sivm\/actividad-fisica-la-tercera-edad\/\",\"name\":\"Actividad F\u00edsica en la Tercera Edad - Scuola Italiana\",\"isPartOf\":{\"@id\":\"https:\/\/www.scuola.cl\/sivm\/#website\"},\"primaryImageOfPage\":{\"@id\":\"https:\/\/www.scuola.cl\/sivm\/actividad-fisica-la-tercera-edad\/#primaryimage\"},\"image\":{\"@id\":\"https:\/\/www.scuola.cl\/sivm\/actividad-fisica-la-tercera-edad\/#primaryimage\"},\"thumbnailUrl\":\"https:\/\/www.scuola.cl\/sivm\/wp-content\/uploads\/2017\/10\/Hogar_Italiano_visita_Victor_Cabrera.jpg\",\"datePublished\":\"2017-10-19T11:35:16+00:00\",\"dateModified\":\"2017-10-20T12:26:17+00:00\",\"breadcrumb\":{\"@id\":\"https:\/\/www.scuola.cl\/sivm\/actividad-fisica-la-tercera-edad\/#breadcrumb\"},\"inLanguage\":\"es\",\"potentialAction\":[{\"@type\":\"ReadAction\",\"target\":[\"https:\/\/www.scuola.cl\/sivm\/actividad-fisica-la-tercera-edad\/\"]}]},{\"@type\":\"ImageObject\",\"inLanguage\":\"es\",\"@id\":\"https:\/\/www.scuola.cl\/sivm\/actividad-fisica-la-tercera-edad\/#primaryimage\",\"url\":\"https:\/\/www.scuola.cl\/sivm\/wp-content\/uploads\/2017\/10\/Hogar_Italiano_visita_Victor_Cabrera.jpg\",\"contentUrl\":\"https:\/\/www.scuola.cl\/sivm\/wp-content\/uploads\/2017\/10\/Hogar_Italiano_visita_Victor_Cabrera.jpg\",\"width\":900,\"height\":610},{\"@type\":\"BreadcrumbList\",\"@id\":\"https:\/\/www.scuola.cl\/sivm\/actividad-fisica-la-tercera-edad\/#breadcrumb\",\"itemListElement\":[{\"@type\":\"ListItem\",\"position\":1,\"name\":\"Inicio\",\"item\":\"https:\/\/www.scuola.cl\/sivm\/\"},{\"@type\":\"ListItem\",\"position\":2,\"name\":\"Noticias\",\"item\":\"https:\/\/www.scuola.cl\/sivm\/category\/noticias\/\"},{\"@type\":\"ListItem\",\"position\":3,\"name\":\"Actividad F\u00edsica en la Tercera Edad\"}]},{\"@type\":\"WebSite\",\"@id\":\"https:\/\/www.scuola.cl\/sivm\/#website\",\"url\":\"https:\/\/www.scuola.cl\/sivm\/\",\"name\":\"Scuola Italiana\",\"description\":\"Vittorio Montiglio\",\"publisher\":{\"@id\":\"https:\/\/www.scuola.cl\/sivm\/#organization\"},\"potentialAction\":[{\"@type\":\"SearchAction\",\"target\":{\"@type\":\"EntryPoint\",\"urlTemplate\":\"https:\/\/www.scuola.cl\/sivm\/?s={search_term_string}\"},\"query-input\":{\"@type\":\"PropertyValueSpecification\",\"valueRequired\":true,\"valueName\":\"search_term_string\"}}],\"inLanguage\":\"es\"},{\"@type\":\"Organization\",\"@id\":\"https:\/\/www.scuola.cl\/sivm\/#organization\",\"name\":\"Scuola Italiana Vittorio Montiglio\",\"url\":\"https:\/\/www.scuola.cl\/sivm\/\",\"logo\":{\"@type\":\"ImageObject\",\"inLanguage\":\"es\",\"@id\":\"https:\/\/www.scuola.cl\/sivm\/#\/schema\/logo\/image\/\",\"url\":\"https:\/\/www.scuola.cl\/sivm\/wp-content\/uploads\/2019\/06\/Logo_Scuola-01-001-1000x1000.png\",\"contentUrl\":\"https:\/\/www.scuola.cl\/sivm\/wp-content\/uploads\/2019\/06\/Logo_Scuola-01-001-1000x1000.png\",\"width\":1000,\"height\":1000,\"caption\":\"Scuola Italiana Vittorio Montiglio\"},\"image\":{\"@id\":\"https:\/\/www.scuola.cl\/sivm\/#\/schema\/logo\/image\/\"}},{\"@type\":\"Person\",\"@id\":\"https:\/\/www.scuola.cl\/sivm\/#\/schema\/person\/2ac68abc1b548ee6d8e16c4d3727d1b2\",\"name\":\"Comunicaciones\",\"image\":{\"@type\":\"ImageObject\",\"inLanguage\":\"es\",\"@id\":\"https:\/\/www.scuola.cl\/sivm\/#\/schema\/person\/image\/\",\"url\":\"https:\/\/secure.gravatar.com\/avatar\/0b29fd7cdce1ec9939eded19ce85d6ed73acf03fb52d098b0641aed356fe6aeb?s=96&d=mm&r=g\",\"contentUrl\":\"https:\/\/secure.gravatar.com\/avatar\/0b29fd7cdce1ec9939eded19ce85d6ed73acf03fb52d098b0641aed356fe6aeb?s=96&d=mm&r=g\",\"caption\":\"Comunicaciones\"},\"url\":\"https:\/\/www.scuola.cl\/sivm\/author\/comunicaciones-scuola\/\"}]}<\/script>\n<!-- \/ Yoast SEO plugin. -->","yoast_head_json":{"title":"Actividad F\u00edsica en la Tercera Edad - Scuola Italiana","robots":{"index":"index","follow":"follow","max-snippet":"max-snippet:-1","max-image-preview":"max-image-preview:large","max-video-preview":"max-video-preview:-1"},"canonical":"https:\/\/www.scuola.cl\/sivm\/actividad-fisica-la-tercera-edad\/","og_locale":"es_ES","og_type":"article","og_title":"Actividad F\u00edsica en la Tercera Edad - Scuola Italiana","og_description":"Junto al acompa\u00f1amiento de Solidaridad, el profesor V\u00edctor Cabrera puso en marcha la realizaci\u00f3n de una \"Evaluaci\u00f3n f\u00edsico-motriz\" en el Hogar Italiano, junto a un grupo de alumnos de la Universidad Aut\u00f3noma.","og_url":"https:\/\/www.scuola.cl\/sivm\/actividad-fisica-la-tercera-edad\/","og_site_name":"Scuola Italiana","article_published_time":"2017-10-19T11:35:16+00:00","article_modified_time":"2017-10-20T12:26:17+00:00","og_image":[{"width":900,"height":610,"url":"https:\/\/www.scuola.cl\/sivm\/wp-content\/uploads\/2017\/10\/Hogar_Italiano_visita_Victor_Cabrera.jpg","type":"image\/jpeg"}],"author":"Comunicaciones","twitter_card":"summary_large_image","twitter_misc":{"Escrito por":"Comunicaciones","Tiempo de lectura":"1 minuto"},"schema":{"@context":"https:\/\/schema.org","@graph":[{"@type":"Article","@id":"https:\/\/www.scuola.cl\/sivm\/actividad-fisica-la-tercera-edad\/#article","isPartOf":{"@id":"https:\/\/www.scuola.cl\/sivm\/actividad-fisica-la-tercera-edad\/"},"author":{"name":"Comunicaciones","@id":"https:\/\/www.scuola.cl\/sivm\/#\/schema\/person\/2ac68abc1b548ee6d8e16c4d3727d1b2"},"headline":"Actividad F\u00edsica en la Tercera Edad","datePublished":"2017-10-19T11:35:16+00:00","dateModified":"2017-10-20T12:26:17+00:00","mainEntityOfPage":{"@id":"https:\/\/www.scuola.cl\/sivm\/actividad-fisica-la-tercera-edad\/"},"wordCount":257,"commentCount":0,"publisher":{"@id":"https:\/\/www.scuola.cl\/sivm\/#organization"},"image":{"@id":"https:\/\/www.scuola.cl\/sivm\/actividad-fisica-la-tercera-edad\/#primaryimage"},"thumbnailUrl":"https:\/\/www.scuola.cl\/sivm\/wp-content\/uploads\/2017\/10\/Hogar_Italiano_visita_Victor_Cabrera.jpg","articleSection":["Noticias","Solidaridad"],"inLanguage":"es","potentialAction":[{"@type":"CommentAction","name":"Comment","target":["https:\/\/www.scuola.cl\/sivm\/actividad-fisica-la-tercera-edad\/#respond"]}]},{"@type":"WebPage","@id":"https:\/\/www.scuola.cl\/sivm\/actividad-fisica-la-tercera-edad\/","url":"https:\/\/www.scuola.cl\/sivm\/actividad-fisica-la-tercera-edad\/","name":"Actividad F\u00edsica en la Tercera Edad - Scuola Italiana","isPartOf":{"@id":"https:\/\/www.scuola.cl\/sivm\/#website"},"primaryImageOfPage":{"@id":"https:\/\/www.scuola.cl\/sivm\/actividad-fisica-la-tercera-edad\/#primaryimage"},"image":{"@id":"https:\/\/www.scuola.cl\/sivm\/actividad-fisica-la-tercera-edad\/#primaryimage"},"thumbnailUrl":"https:\/\/www.scuola.cl\/sivm\/wp-content\/uploads\/2017\/10\/Hogar_Italiano_visita_Victor_Cabrera.jpg","datePublished":"2017-10-19T11:35:16+00:00","dateModified":"2017-10-20T12:26:17+00:00","breadcrumb":{"@id":"https:\/\/www.scuola.cl\/sivm\/actividad-fisica-la-tercera-edad\/#breadcrumb"},"inLanguage":"es","potentialAction":[{"@type":"ReadAction","target":["https:\/\/www.scuola.cl\/sivm\/actividad-fisica-la-tercera-edad\/"]}]},{"@type":"ImageObject","inLanguage":"es","@id":"https:\/\/www.scuola.cl\/sivm\/actividad-fisica-la-tercera-edad\/#primaryimage","url":"https:\/\/www.scuola.cl\/sivm\/wp-content\/uploads\/2017\/10\/Hogar_Italiano_visita_Victor_Cabrera.jpg","contentUrl":"https:\/\/www.scuola.cl\/sivm\/wp-content\/uploads\/2017\/10\/Hogar_Italiano_visita_Victor_Cabrera.jpg","width":900,"height":610},{"@type":"BreadcrumbList","@id":"https:\/\/www.scuola.cl\/sivm\/actividad-fisica-la-tercera-edad\/#breadcrumb","itemListElement":[{"@type":"ListItem","position":1,"name":"Inicio","item":"https:\/\/www.scuola.cl\/sivm\/"},{"@type":"ListItem","position":2,"name":"Noticias","item":"https:\/\/www.scuola.cl\/sivm\/category\/noticias\/"},{"@type":"ListItem","position":3,"name":"Actividad F\u00edsica en la Tercera Edad"}]},{"@type":"WebSite","@id":"https:\/\/www.scuola.cl\/sivm\/#website","url":"https:\/\/www.scuola.cl\/sivm\/","name":"Scuola Italiana","description":"Vittorio Montiglio","publisher":{"@id":"https:\/\/www.scuola.cl\/sivm\/#organization"},"potentialAction":[{"@type":"SearchAction","target":{"@type":"EntryPoint","urlTemplate":"https:\/\/www.scuola.cl\/sivm\/?s={search_term_string}"},"query-input":{"@type":"PropertyValueSpecification","valueRequired":true,"valueName":"search_term_string"}}],"inLanguage":"es"},{"@type":"Organization","@id":"https:\/\/www.scuola.cl\/sivm\/#organization","name":"Scuola Italiana Vittorio Montiglio","url":"https:\/\/www.scuola.cl\/sivm\/","logo":{"@type":"ImageObject","inLanguage":"es","@id":"https:\/\/www.scuola.cl\/sivm\/#\/schema\/logo\/image\/","url":"https:\/\/www.scuola.cl\/sivm\/wp-content\/uploads\/2019\/06\/Logo_Scuola-01-001-1000x1000.png","contentUrl":"https:\/\/www.scuola.cl\/sivm\/wp-content\/uploads\/2019\/06\/Logo_Scuola-01-001-1000x1000.png","width":1000,"height":1000,"caption":"Scuola Italiana Vittorio Montiglio"},"image":{"@id":"https:\/\/www.scuola.cl\/sivm\/#\/schema\/logo\/image\/"}},{"@type":"Person","@id":"https:\/\/www.scuola.cl\/sivm\/#\/schema\/person\/2ac68abc1b548ee6d8e16c4d3727d1b2","name":"Comunicaciones","image":{"@type":"ImageObject","inLanguage":"es","@id":"https:\/\/www.scuola.cl\/sivm\/#\/schema\/person\/image\/","url":"https:\/\/secure.gravatar.com\/avatar\/0b29fd7cdce1ec9939eded19ce85d6ed73acf03fb52d098b0641aed356fe6aeb?s=96&d=mm&r=g","contentUrl":"https:\/\/secure.gravatar.com\/avatar\/0b29fd7cdce1ec9939eded19ce85d6ed73acf03fb52d098b0641aed356fe6aeb?s=96&d=mm&r=g","caption":"Comunicaciones"},"url":"https:\/\/www.scuola.cl\/sivm\/author\/comunicaciones-scuola\/"}]}},"_links":{"self":[{"href":"https:\/\/www.scuola.cl\/sivm\/wp-json\/wp\/v2\/posts\/5230","targetHints":{"allow":["GET"]}}],"collection":[{"href":"https:\/\/www.scuola.cl\/sivm\/wp-json\/wp\/v2\/posts"}],"about":[{"href":"https:\/\/www.scuola.cl\/sivm\/wp-json\/wp\/v2\/types\/post"}],"author":[{"embeddable":true,"href":"https:\/\/www.scuola.cl\/sivm\/wp-json\/wp\/v2\/users\/2"}],"replies":[{"embeddable":true,"href":"https:\/\/www.scuola.cl\/sivm\/wp-json\/wp\/v2\/comments?post=5230"}],"version-history":[{"count":3,"href":"https:\/\/www.scuola.cl\/sivm\/wp-json\/wp\/v2\/posts\/5230\/revisions"}],"predecessor-version":[{"id":5234,"href":"https:\/\/www.scuola.cl\/sivm\/wp-json\/wp\/v2\/posts\/5230\/revisions\/5234"}],"wp:featuredmedia":[{"embeddable":true,"href":"https:\/\/www.scuola.cl\/sivm\/wp-json\/wp\/v2\/media\/5231"}],"wp:attachment":[{"href":"https:\/\/www.scuola.cl\/sivm\/wp-json\/wp\/v2\/media?parent=5230"}],"wp:term":[{"taxonomy":"category","embeddable":true,"href":"https:\/\/www.scuola.cl\/sivm\/wp-json\/wp\/v2\/categories?post=5230"},{"taxonomy":"post_tag","embeddable":true,"href":"https:\/\/www.scuola.cl\/sivm\/wp-json\/wp\/v2\/tags?post=5230"}],"curies":[{"name":"wp","href":"https:\/\/api.w.org\/{rel}","templated":true}]}}