{"id":5168,"date":"2017-10-10T13:31:25","date_gmt":"2017-10-10T16:31:25","guid":{"rendered":"http:\/\/www.scuola.cl\/sivm\/?p=5168"},"modified":"2017-10-17T08:06:31","modified_gmt":"2017-10-17T11:06:31","slug":"ganadores-festival-avanti","status":"publish","type":"post","link":"https:\/\/www.scuola.cl\/sivm\/ganadores-festival-avanti\/","title":{"rendered":"Festival Avanti"},"content":{"rendered":"<p>El jueves 5 y viernes 6 de octubre, se realiz\u00f3 la segunda versi\u00f3n del Festival Interescolar de Teatro Avanti, Duoc UC \u2013 Scuola Italiana, en la cual diversos establecimientos mostraron su trabajo en el Teatro Giuseppe Verdi y en el Auditorio Duoc UC San Carlos de Apoquindo.<\/p>\n<p>&nbsp;<\/p>\n<p>En este encuentro, se presentaron los siguientes establecimientos: Scuola Italiana, Sagrado Coraz\u00f3n Monjas Inglesas, Colegio San Fernando de Pe\u00f1alol\u00e9n, Colegio Compa\u00f1\u00eda de Mar\u00eda Apoquindo, Salesianos Alameda, Colegio Manquecura, Liceo Carmela Carvajal, Melford College, Colegio San Agust\u00edn, Los Cipreses, La Maisonnette y Colegio San Pedro Nolasco Concepci\u00f3n.<\/p>\n<p>&nbsp;<\/p>\n<p>Los alumnos participaron adem\u00e1s de workshops y conversatorios, estos \u00faltimos a cargo de los jurados Aliocha de la Sotta y Hern\u00e1n Contreras.<\/p>\n<p>&nbsp;<\/p>\n<p>El colegio Sagrado Coraz\u00f3n Monjas Inglesas recibi\u00f3 el premio Mejor Montaje por su puesta en escena de \u201cLa Casa de Bernarda Alba\u201d, mientras que los alumnos Yohali Nicolas del Colegio San Fernando de Pe\u00f1alol\u00e9n e Ignacio Soto del Colegio Manquecura fueron reconocidos como Mejor Actriz y Mejor Actor, respectivamente. A la vez, el colegio Los Cipreses obtuvo una menci\u00f3n honrosa por la interpretaci\u00f3n de \u201cAnt\u00edgona\u201d.<\/p>\n<p>&nbsp;<\/p>\n<p>\u00a1Felicitamos a los actores y a todos quienes fueron parte de este gran festival!<\/p>\n<p>&nbsp;<\/p>\n<p>Pueden revisar m\u00e1s fotos aqu\u00ed: <a href=\"https:\/\/www.facebook.com\/FestivalAvanti\" target=\"_blank\">https:\/\/www.facebook.com\/FestivalAvanti<\/a><\/p>\n<p>&nbsp;<\/p>\n<p><img loading=\"lazy\" decoding=\"async\" width=\"700\" height=\"474\" class=\"alignnone size-large wp-image-5170\" src=\"http:\/\/www.scuola.cl\/sivm\/wp-content\/uploads\/2017\/10\/Festival_Avanti_Premiacion-700x474.jpg\" alt=\"Festival_Avanti_Premiacion\" srcset=\"https:\/\/www.scuola.cl\/sivm\/wp-content\/uploads\/2017\/10\/Festival_Avanti_Premiacion-700x474.jpg 700w, https:\/\/www.scuola.cl\/sivm\/wp-content\/uploads\/2017\/10\/Festival_Avanti_Premiacion-250x169.jpg 250w, https:\/\/www.scuola.cl\/sivm\/wp-content\/uploads\/2017\/10\/Festival_Avanti_Premiacion-768x521.jpg 768w, https:\/\/www.scuola.cl\/sivm\/wp-content\/uploads\/2017\/10\/Festival_Avanti_Premiacion-120x81.jpg 120w, https:\/\/www.scuola.cl\/sivm\/wp-content\/uploads\/2017\/10\/Festival_Avanti_Premiacion.jpg 900w\" sizes=\"auto, (max-width: 700px) 100vw, 700px\" \/><\/p>\n","protected":false},"excerpt":{"rendered":"El jueves 5 y viernes 6 de octubre, se realiz\u00f3 la segunda versi\u00f3n del Festival Interescolar de Teatro Avanti, Duoc UC \u2013 Scuola Italiana, en la cual diversos establecimientos mostraron su trabajo en el Teatro G. Verdi y en el Auditorio Duoc UC.","protected":false},"author":2,"featured_media":5171,"comment_status":"open","ping_status":"open","sticky":false,"template":"","format":"standard","meta":{"_acf_changed":false,"footnotes":""},"categories":[18,22,5],"tags":[],"class_list":["post-5168","post","type-post","status-publish","format-standard","has-post-thumbnail","hentry","category-centrocultural","category-cultura","category-noticias"],"acf":[],"yoast_head":"<!-- This site is optimized with the Yoast SEO plugin v27.1.1 - https:\/\/yoast.com\/product\/yoast-seo-wordpress\/ -->\n<title>Festival Avanti - Scuola Italiana<\/title>\n<meta name=\"robots\" content=\"index, follow, max-snippet:-1, max-image-preview:large, max-video-preview:-1\" \/>\n<link rel=\"canonical\" href=\"https:\/\/www.scuola.cl\/sivm\/ganadores-festival-avanti\/\" \/>\n<meta property=\"og:locale\" content=\"es_ES\" \/>\n<meta property=\"og:type\" content=\"article\" \/>\n<meta property=\"og:title\" content=\"Festival Avanti - Scuola Italiana\" \/>\n<meta property=\"og:description\" content=\"El jueves 5 y viernes 6 de octubre, se realiz\u00f3 la segunda versi\u00f3n del Festival Interescolar de Teatro Avanti, Duoc UC \u2013 Scuola Italiana, en la cual diversos establecimientos mostraron su trabajo en el Teatro G. Verdi y en el Auditorio Duoc UC.\" \/>\n<meta property=\"og:url\" content=\"https:\/\/www.scuola.cl\/sivm\/ganadores-festival-avanti\/\" \/>\n<meta property=\"og:site_name\" content=\"Scuola Italiana\" \/>\n<meta property=\"article:published_time\" content=\"2017-10-10T16:31:25+00:00\" \/>\n<meta property=\"article:modified_time\" content=\"2017-10-17T11:06:31+00:00\" \/>\n<meta property=\"og:image\" content=\"https:\/\/www.scuola.cl\/sivm\/wp-content\/uploads\/2017\/10\/Festival_Avanti_Premiacion_caluga.jpg\" \/>\n\t<meta property=\"og:image:width\" content=\"900\" \/>\n\t<meta property=\"og:image:height\" content=\"610\" \/>\n\t<meta property=\"og:image:type\" content=\"image\/jpeg\" \/>\n<meta name=\"author\" content=\"Comunicaciones\" \/>\n<meta name=\"twitter:card\" content=\"summary_large_image\" \/>\n<meta name=\"twitter:label1\" content=\"Escrito por\" \/>\n\t<meta name=\"twitter:data1\" content=\"Comunicaciones\" \/>\n\t<meta name=\"twitter:label2\" content=\"Tiempo de lectura\" \/>\n\t<meta name=\"twitter:data2\" content=\"1 minuto\" \/>\n<script type=\"application\/ld+json\" class=\"yoast-schema-graph\">{\"@context\":\"https:\/\/schema.org\",\"@graph\":[{\"@type\":\"Article\",\"@id\":\"https:\/\/www.scuola.cl\/sivm\/ganadores-festival-avanti\/#article\",\"isPartOf\":{\"@id\":\"https:\/\/www.scuola.cl\/sivm\/ganadores-festival-avanti\/\"},\"author\":{\"name\":\"Comunicaciones\",\"@id\":\"https:\/\/www.scuola.cl\/sivm\/#\/schema\/person\/2ac68abc1b548ee6d8e16c4d3727d1b2\"},\"headline\":\"Festival Avanti\",\"datePublished\":\"2017-10-10T16:31:25+00:00\",\"dateModified\":\"2017-10-17T11:06:31+00:00\",\"mainEntityOfPage\":{\"@id\":\"https:\/\/www.scuola.cl\/sivm\/ganadores-festival-avanti\/\"},\"wordCount\":226,\"commentCount\":0,\"publisher\":{\"@id\":\"https:\/\/www.scuola.cl\/sivm\/#organization\"},\"image\":{\"@id\":\"https:\/\/www.scuola.cl\/sivm\/ganadores-festival-avanti\/#primaryimage\"},\"thumbnailUrl\":\"https:\/\/www.scuola.cl\/sivm\/wp-content\/uploads\/2017\/10\/Festival_Avanti_Premiacion_caluga.jpg\",\"articleSection\":[\"Centro Cultural\",\"Cultura\",\"Noticias\"],\"inLanguage\":\"es\",\"potentialAction\":[{\"@type\":\"CommentAction\",\"name\":\"Comment\",\"target\":[\"https:\/\/www.scuola.cl\/sivm\/ganadores-festival-avanti\/#respond\"]}]},{\"@type\":\"WebPage\",\"@id\":\"https:\/\/www.scuola.cl\/sivm\/ganadores-festival-avanti\/\",\"url\":\"https:\/\/www.scuola.cl\/sivm\/ganadores-festival-avanti\/\",\"name\":\"Festival Avanti - Scuola Italiana\",\"isPartOf\":{\"@id\":\"https:\/\/www.scuola.cl\/sivm\/#website\"},\"primaryImageOfPage\":{\"@id\":\"https:\/\/www.scuola.cl\/sivm\/ganadores-festival-avanti\/#primaryimage\"},\"image\":{\"@id\":\"https:\/\/www.scuola.cl\/sivm\/ganadores-festival-avanti\/#primaryimage\"},\"thumbnailUrl\":\"https:\/\/www.scuola.cl\/sivm\/wp-content\/uploads\/2017\/10\/Festival_Avanti_Premiacion_caluga.jpg\",\"datePublished\":\"2017-10-10T16:31:25+00:00\",\"dateModified\":\"2017-10-17T11:06:31+00:00\",\"breadcrumb\":{\"@id\":\"https:\/\/www.scuola.cl\/sivm\/ganadores-festival-avanti\/#breadcrumb\"},\"inLanguage\":\"es\",\"potentialAction\":[{\"@type\":\"ReadAction\",\"target\":[\"https:\/\/www.scuola.cl\/sivm\/ganadores-festival-avanti\/\"]}]},{\"@type\":\"ImageObject\",\"inLanguage\":\"es\",\"@id\":\"https:\/\/www.scuola.cl\/sivm\/ganadores-festival-avanti\/#primaryimage\",\"url\":\"https:\/\/www.scuola.cl\/sivm\/wp-content\/uploads\/2017\/10\/Festival_Avanti_Premiacion_caluga.jpg\",\"contentUrl\":\"https:\/\/www.scuola.cl\/sivm\/wp-content\/uploads\/2017\/10\/Festival_Avanti_Premiacion_caluga.jpg\",\"width\":900,\"height\":610},{\"@type\":\"BreadcrumbList\",\"@id\":\"https:\/\/www.scuola.cl\/sivm\/ganadores-festival-avanti\/#breadcrumb\",\"itemListElement\":[{\"@type\":\"ListItem\",\"position\":1,\"name\":\"Inicio\",\"item\":\"https:\/\/www.scuola.cl\/sivm\/\"},{\"@type\":\"ListItem\",\"position\":2,\"name\":\"Centro Cultural\",\"item\":\"https:\/\/www.scuola.cl\/sivm\/category\/centrocultural\/\"},{\"@type\":\"ListItem\",\"position\":3,\"name\":\"Festival Avanti\"}]},{\"@type\":\"WebSite\",\"@id\":\"https:\/\/www.scuola.cl\/sivm\/#website\",\"url\":\"https:\/\/www.scuola.cl\/sivm\/\",\"name\":\"Scuola Italiana\",\"description\":\"Vittorio Montiglio\",\"publisher\":{\"@id\":\"https:\/\/www.scuola.cl\/sivm\/#organization\"},\"potentialAction\":[{\"@type\":\"SearchAction\",\"target\":{\"@type\":\"EntryPoint\",\"urlTemplate\":\"https:\/\/www.scuola.cl\/sivm\/?s={search_term_string}\"},\"query-input\":{\"@type\":\"PropertyValueSpecification\",\"valueRequired\":true,\"valueName\":\"search_term_string\"}}],\"inLanguage\":\"es\"},{\"@type\":\"Organization\",\"@id\":\"https:\/\/www.scuola.cl\/sivm\/#organization\",\"name\":\"Scuola Italiana Vittorio Montiglio\",\"url\":\"https:\/\/www.scuola.cl\/sivm\/\",\"logo\":{\"@type\":\"ImageObject\",\"inLanguage\":\"es\",\"@id\":\"https:\/\/www.scuola.cl\/sivm\/#\/schema\/logo\/image\/\",\"url\":\"https:\/\/www.scuola.cl\/sivm\/wp-content\/uploads\/2019\/06\/Logo_Scuola-01-001-1000x1000.png\",\"contentUrl\":\"https:\/\/www.scuola.cl\/sivm\/wp-content\/uploads\/2019\/06\/Logo_Scuola-01-001-1000x1000.png\",\"width\":1000,\"height\":1000,\"caption\":\"Scuola Italiana Vittorio Montiglio\"},\"image\":{\"@id\":\"https:\/\/www.scuola.cl\/sivm\/#\/schema\/logo\/image\/\"}},{\"@type\":\"Person\",\"@id\":\"https:\/\/www.scuola.cl\/sivm\/#\/schema\/person\/2ac68abc1b548ee6d8e16c4d3727d1b2\",\"name\":\"Comunicaciones\",\"image\":{\"@type\":\"ImageObject\",\"inLanguage\":\"es\",\"@id\":\"https:\/\/www.scuola.cl\/sivm\/#\/schema\/person\/image\/\",\"url\":\"https:\/\/secure.gravatar.com\/avatar\/0b29fd7cdce1ec9939eded19ce85d6ed73acf03fb52d098b0641aed356fe6aeb?s=96&d=mm&r=g\",\"contentUrl\":\"https:\/\/secure.gravatar.com\/avatar\/0b29fd7cdce1ec9939eded19ce85d6ed73acf03fb52d098b0641aed356fe6aeb?s=96&d=mm&r=g\",\"caption\":\"Comunicaciones\"},\"url\":\"https:\/\/www.scuola.cl\/sivm\/author\/comunicaciones-scuola\/\"}]}<\/script>\n<!-- \/ Yoast SEO plugin. -->","yoast_head_json":{"title":"Festival Avanti - Scuola Italiana","robots":{"index":"index","follow":"follow","max-snippet":"max-snippet:-1","max-image-preview":"max-image-preview:large","max-video-preview":"max-video-preview:-1"},"canonical":"https:\/\/www.scuola.cl\/sivm\/ganadores-festival-avanti\/","og_locale":"es_ES","og_type":"article","og_title":"Festival Avanti - Scuola Italiana","og_description":"El jueves 5 y viernes 6 de octubre, se realiz\u00f3 la segunda versi\u00f3n del Festival Interescolar de Teatro Avanti, Duoc UC \u2013 Scuola Italiana, en la cual diversos establecimientos mostraron su trabajo en el Teatro G. Verdi y en el Auditorio Duoc UC.","og_url":"https:\/\/www.scuola.cl\/sivm\/ganadores-festival-avanti\/","og_site_name":"Scuola Italiana","article_published_time":"2017-10-10T16:31:25+00:00","article_modified_time":"2017-10-17T11:06:31+00:00","og_image":[{"width":900,"height":610,"url":"https:\/\/www.scuola.cl\/sivm\/wp-content\/uploads\/2017\/10\/Festival_Avanti_Premiacion_caluga.jpg","type":"image\/jpeg"}],"author":"Comunicaciones","twitter_card":"summary_large_image","twitter_misc":{"Escrito por":"Comunicaciones","Tiempo de lectura":"1 minuto"},"schema":{"@context":"https:\/\/schema.org","@graph":[{"@type":"Article","@id":"https:\/\/www.scuola.cl\/sivm\/ganadores-festival-avanti\/#article","isPartOf":{"@id":"https:\/\/www.scuola.cl\/sivm\/ganadores-festival-avanti\/"},"author":{"name":"Comunicaciones","@id":"https:\/\/www.scuola.cl\/sivm\/#\/schema\/person\/2ac68abc1b548ee6d8e16c4d3727d1b2"},"headline":"Festival Avanti","datePublished":"2017-10-10T16:31:25+00:00","dateModified":"2017-10-17T11:06:31+00:00","mainEntityOfPage":{"@id":"https:\/\/www.scuola.cl\/sivm\/ganadores-festival-avanti\/"},"wordCount":226,"commentCount":0,"publisher":{"@id":"https:\/\/www.scuola.cl\/sivm\/#organization"},"image":{"@id":"https:\/\/www.scuola.cl\/sivm\/ganadores-festival-avanti\/#primaryimage"},"thumbnailUrl":"https:\/\/www.scuola.cl\/sivm\/wp-content\/uploads\/2017\/10\/Festival_Avanti_Premiacion_caluga.jpg","articleSection":["Centro Cultural","Cultura","Noticias"],"inLanguage":"es","potentialAction":[{"@type":"CommentAction","name":"Comment","target":["https:\/\/www.scuola.cl\/sivm\/ganadores-festival-avanti\/#respond"]}]},{"@type":"WebPage","@id":"https:\/\/www.scuola.cl\/sivm\/ganadores-festival-avanti\/","url":"https:\/\/www.scuola.cl\/sivm\/ganadores-festival-avanti\/","name":"Festival Avanti - Scuola Italiana","isPartOf":{"@id":"https:\/\/www.scuola.cl\/sivm\/#website"},"primaryImageOfPage":{"@id":"https:\/\/www.scuola.cl\/sivm\/ganadores-festival-avanti\/#primaryimage"},"image":{"@id":"https:\/\/www.scuola.cl\/sivm\/ganadores-festival-avanti\/#primaryimage"},"thumbnailUrl":"https:\/\/www.scuola.cl\/sivm\/wp-content\/uploads\/2017\/10\/Festival_Avanti_Premiacion_caluga.jpg","datePublished":"2017-10-10T16:31:25+00:00","dateModified":"2017-10-17T11:06:31+00:00","breadcrumb":{"@id":"https:\/\/www.scuola.cl\/sivm\/ganadores-festival-avanti\/#breadcrumb"},"inLanguage":"es","potentialAction":[{"@type":"ReadAction","target":["https:\/\/www.scuola.cl\/sivm\/ganadores-festival-avanti\/"]}]},{"@type":"ImageObject","inLanguage":"es","@id":"https:\/\/www.scuola.cl\/sivm\/ganadores-festival-avanti\/#primaryimage","url":"https:\/\/www.scuola.cl\/sivm\/wp-content\/uploads\/2017\/10\/Festival_Avanti_Premiacion_caluga.jpg","contentUrl":"https:\/\/www.scuola.cl\/sivm\/wp-content\/uploads\/2017\/10\/Festival_Avanti_Premiacion_caluga.jpg","width":900,"height":610},{"@type":"BreadcrumbList","@id":"https:\/\/www.scuola.cl\/sivm\/ganadores-festival-avanti\/#breadcrumb","itemListElement":[{"@type":"ListItem","position":1,"name":"Inicio","item":"https:\/\/www.scuola.cl\/sivm\/"},{"@type":"ListItem","position":2,"name":"Centro Cultural","item":"https:\/\/www.scuola.cl\/sivm\/category\/centrocultural\/"},{"@type":"ListItem","position":3,"name":"Festival Avanti"}]},{"@type":"WebSite","@id":"https:\/\/www.scuola.cl\/sivm\/#website","url":"https:\/\/www.scuola.cl\/sivm\/","name":"Scuola Italiana","description":"Vittorio Montiglio","publisher":{"@id":"https:\/\/www.scuola.cl\/sivm\/#organization"},"potentialAction":[{"@type":"SearchAction","target":{"@type":"EntryPoint","urlTemplate":"https:\/\/www.scuola.cl\/sivm\/?s={search_term_string}"},"query-input":{"@type":"PropertyValueSpecification","valueRequired":true,"valueName":"search_term_string"}}],"inLanguage":"es"},{"@type":"Organization","@id":"https:\/\/www.scuola.cl\/sivm\/#organization","name":"Scuola Italiana Vittorio Montiglio","url":"https:\/\/www.scuola.cl\/sivm\/","logo":{"@type":"ImageObject","inLanguage":"es","@id":"https:\/\/www.scuola.cl\/sivm\/#\/schema\/logo\/image\/","url":"https:\/\/www.scuola.cl\/sivm\/wp-content\/uploads\/2019\/06\/Logo_Scuola-01-001-1000x1000.png","contentUrl":"https:\/\/www.scuola.cl\/sivm\/wp-content\/uploads\/2019\/06\/Logo_Scuola-01-001-1000x1000.png","width":1000,"height":1000,"caption":"Scuola Italiana Vittorio Montiglio"},"image":{"@id":"https:\/\/www.scuola.cl\/sivm\/#\/schema\/logo\/image\/"}},{"@type":"Person","@id":"https:\/\/www.scuola.cl\/sivm\/#\/schema\/person\/2ac68abc1b548ee6d8e16c4d3727d1b2","name":"Comunicaciones","image":{"@type":"ImageObject","inLanguage":"es","@id":"https:\/\/www.scuola.cl\/sivm\/#\/schema\/person\/image\/","url":"https:\/\/secure.gravatar.com\/avatar\/0b29fd7cdce1ec9939eded19ce85d6ed73acf03fb52d098b0641aed356fe6aeb?s=96&d=mm&r=g","contentUrl":"https:\/\/secure.gravatar.com\/avatar\/0b29fd7cdce1ec9939eded19ce85d6ed73acf03fb52d098b0641aed356fe6aeb?s=96&d=mm&r=g","caption":"Comunicaciones"},"url":"https:\/\/www.scuola.cl\/sivm\/author\/comunicaciones-scuola\/"}]}},"_links":{"self":[{"href":"https:\/\/www.scuola.cl\/sivm\/wp-json\/wp\/v2\/posts\/5168","targetHints":{"allow":["GET"]}}],"collection":[{"href":"https:\/\/www.scuola.cl\/sivm\/wp-json\/wp\/v2\/posts"}],"about":[{"href":"https:\/\/www.scuola.cl\/sivm\/wp-json\/wp\/v2\/types\/post"}],"author":[{"embeddable":true,"href":"https:\/\/www.scuola.cl\/sivm\/wp-json\/wp\/v2\/users\/2"}],"replies":[{"embeddable":true,"href":"https:\/\/www.scuola.cl\/sivm\/wp-json\/wp\/v2\/comments?post=5168"}],"version-history":[{"count":4,"href":"https:\/\/www.scuola.cl\/sivm\/wp-json\/wp\/v2\/posts\/5168\/revisions"}],"predecessor-version":[{"id":5196,"href":"https:\/\/www.scuola.cl\/sivm\/wp-json\/wp\/v2\/posts\/5168\/revisions\/5196"}],"wp:featuredmedia":[{"embeddable":true,"href":"https:\/\/www.scuola.cl\/sivm\/wp-json\/wp\/v2\/media\/5171"}],"wp:attachment":[{"href":"https:\/\/www.scuola.cl\/sivm\/wp-json\/wp\/v2\/media?parent=5168"}],"wp:term":[{"taxonomy":"category","embeddable":true,"href":"https:\/\/www.scuola.cl\/sivm\/wp-json\/wp\/v2\/categories?post=5168"},{"taxonomy":"post_tag","embeddable":true,"href":"https:\/\/www.scuola.cl\/sivm\/wp-json\/wp\/v2\/tags?post=5168"}],"curies":[{"name":"wp","href":"https:\/\/api.w.org\/{rel}","templated":true}]}}