{"id":5087,"date":"2017-09-26T09:34:04","date_gmt":"2017-09-26T12:34:04","guid":{"rendered":"http:\/\/www.scuola.cl\/sivm\/?p=5087"},"modified":"2017-09-26T10:40:03","modified_gmt":"2017-09-26T13:40:03","slug":"fiestas-patrias-la-scuola","status":"publish","type":"post","link":"https:\/\/www.scuola.cl\/sivm\/fiestas-patrias-la-scuola\/","title":{"rendered":"Fiestas Patrias en la Scuola"},"content":{"rendered":"<p>En septiembre, la Scuola vivi\u00f3 diversas celebraciones para conmemorar las Fiestas Patrias 2017. A continuaci\u00f3n, podr\u00e1n revisar algunos detalles de las actividades desarrolladas.<\/p>\n<p>&nbsp;<\/p>\n<p><strong>Fiestas Patrias en la Scuola Nido<\/strong><\/p>\n<p>El viernes 15 de septiembre, los apoderados de la Scuola Nido fueron invitados a conmemorar las Fiestas Patrias junto a sus hijos.<br \/>\nDistintas tradiciones de nuestro pa\u00eds fueron representadas por los alumnos del Gruppo 1 al Gruppo 5. Felicitamos a las t\u00edas y a los ni\u00f1os por preparar esta hermosa actividad!!<\/p>\n<p>&nbsp;<\/p>\n<p>&nbsp;<\/p>\n<p><strong>\u201cRecorriendo Chile acompa\u00f1ados por Violeta\u201d (Por Gabriela Chiuminatto Directora Scuola dell\u2019Infanzia)<\/strong><\/p>\n<p>El d\u00eda 15 de septiembre realizamos el cierre de nuestro proyecto de septiembre, uno de los proyectos m\u00e1s importantes del a\u00f1o. Durante el proceso, los ni\u00f1os planificaron, se organizaron en torno a tareas individuales y colectivas, realizaron salidas pedag\u00f3gicas y trabajaron de manera interdisciplinaria.<br \/>\nA trav\u00e9s de este hermoso y enriquecedor proceso, brindamos esta vez, un homenaje a nuestra querida Violeta Parra, al cumplirse 100 a\u00f1os de su nacimiento.<br \/>\nLa Prima Sezione trabaj\u00f3 en torno a los aspectos generales de nuestro pa\u00eds. Los ni\u00f1os investigaron sobre nuestros pueblos originarios, nuestra comida t\u00edpica, la geograf\u00eda de Chile, su flora y su fauna.<br \/>\nDe Violeta, conocieron su historia y las t\u00e9cnicas a trav\u00e9s de las cuales se expresaba.<br \/>\nLa Seconda Sezione se focaliz\u00f3 en la zona central: los ni\u00f1os trabajaron en parejas, elaborando presentaciones orales que permitieron a sus compa\u00f1eros aprender sobre distintas tem\u00e1ticas: la comida t\u00edpica de la zona, la artesan\u00eda, los lugares tur\u00edsticos, las actividades econ\u00f3micas, las fiestas y los juegos tradicionales.<br \/>\nSe investig\u00f3 sobre la vida de Violeta, logrando llegar a identificar los aspectos principales de su vida: \u201cque ten\u00eda 9 hermanos\u201d, \u201cque naci\u00f3 cerca de Chill\u00e1n\u201d, \u201cque ten\u00eda su cabeza llena de m\u00fasica\u201d, \u201cque su pap\u00e1 era profesor\u201d, \u201cque su mam\u00e1 era campesina\u201d, \u201cque guitarreaba\u201d, \u201cque era cantante, escritora, artista, artesana y compositora\u201d.<br \/>\nLa Terza Sezione se centr\u00f3 en nuestra ciudad.<br \/>\nCada familia tuvo la misi\u00f3n de visitar un lugar emblem\u00e1tico de Santiago. Cada ni\u00f1o, con la ayuda de sus padres, realiz\u00f3 su reportaje, que luego ense\u00f1\u00f3 a sus compa\u00f1eros:<br \/>\nEl Teatro Municipal, el Cerro Santa Luc\u00eda, el Museo Precolombino, el Museo de Quinta Normal, el Palacio de la Moneda, el Mercado Central, la Plaza de la Constituci\u00f3n, la Catedral de Santiago, la P\u00e9rgola de las Flores, el Cerro San Crist\u00f3bal, el Parque O\u2019Higgins, el Estadio Nacional, el Barrio Lastarria, el Correo Central, la Estaci\u00f3n Mapocho, fueron algunos de los lugares visitados.<br \/>\nDe Violeta Parra conocieron su vida y sus obras. A partir de su canci\u00f3n \u201cGracias a la vida\u201d, reflexionaron en torno a sus vidas y elaboraron agradecimientos. Estos son algunos de ellos:<br \/>\n\u201cGracias a la vida porque vivo en un pa\u00eds donde pasan cosas buenas\u201d.<br \/>\n\u201cGracias a la vida por los amigos que me ayudan\u201d.<br \/>\n\u201cGracias a la vida por darnos talentos y pasi\u00f3n para compartir\u201d.<br \/>\n\u201cGracias a la vida por tener piernas para caminar y un cerebro para pensar\u201d.<br \/>\n\u201cGracias a la vida porque me dio pies para correr y jugar f\u00fatbol\u201d.<br \/>\n\u201cGracias a la vida porque me dio un colegio bonito y entretenido\u201d.<br \/>\n\u201cGracias a la vida porque me dio a mi pap\u00e1, a mi mam\u00e1 y a mi hermana\u201d.<br \/>\n\u201cGracias a la vida por tener una familia que me quiere y me ama\u201d.<\/p>\n<p>En el cierre, los ni\u00f1os dieron muestras de lo aprendido con entusiasmo y compromiso. A trav\u00e9s de bailes al son de la m\u00fasica de Violeta Parra y de la exposici\u00f3n de reproducciones de sus obras art\u00edsticas con distintas t\u00e9cnicas pl\u00e1sticas, demostraron, una vez m\u00e1s, el valor del esfuerzo y la motivaci\u00f3n por el aprendizaje y el trabajo bien hecho.<br \/>\nAgradezco a las maestras de cada curso, a la comisi\u00f3n organizadora, a Adriana Chiorino y Fernanda Henr\u00edquez, a todas las personas que nos apoyaron en el montaje de la exposici\u00f3n, a los padres que participaron apoyando a sus hijos en la preparaci\u00f3n de trabajos y sus vestimentas, y por sobre todo, a nuestros queridos ni\u00f1os y ni\u00f1as, que nos dan muestras de su inagotable motivaci\u00f3n.<\/p>\n<p>A todos\u2026 \u00a1muchas gracias!<\/p>\n<p>&nbsp;<\/p>\n<p><strong>\u201cRecorriendo Chile\u201d en la Scuola Primaria<\/strong><\/p>\n<p>El viernes 15 de septiembre, la Scuola Primaria present\u00f3 ante los apoderados el cierre del proyecto \u201cRecorriendo Chile\u201d.<br \/>\nEste montaje, reflej\u00f3 un trabajo colaborativo, dando cuenta de la apropiaci\u00f3n de nuestros alumnos, compartiendo conocimientos espec\u00edficos de cada una de las zonas de Chile, acompa\u00f1ados por sus profesoras de aula.<br \/>\nLa presentaci\u00f3n art\u00edstica, mostr\u00f3 a cada uno de los alumnos personificados en su rol, con coreograf\u00edas que representaban un trabajo sistem\u00e1tico, utilizaci\u00f3n del espacio, y sobre todo reflejaban la propuesta desde el movimiento, a cargo del Dpto. de Educaci\u00f3n F\u00edsica.<br \/>\nComo apoyo a este proyecto, se elabor\u00f3 tambi\u00e9n una presentaci\u00f3n audiovisual, con el importante acompa\u00f1amiento de Diego Gaete.<\/p>\n<p>&nbsp;<\/p>\n<p><strong>Geograf\u00eda de los Sabores: \u201cMercados Gastron\u00f3micos\u201d<\/strong><\/p>\n<p>El viernes 15 de septiembre, luego de un espect\u00e1culo de bailes t\u00edpicos chilenos realizado en la cancha por los alumnos de la Media Superior, en el patio de la Media Inferior se dio vida a la tradicional Geograf\u00eda de los Sabores, que este a\u00f1o ten\u00eda como tem\u00e1tica \u201cMercados Gastron\u00f3micos\u201d. En este evento, los alumnos de 5to b\u00e1sico a IV\u00b0 Medio debieron presentar un stand por curso con un plato de la gastronom\u00eda nacional, incluyendo tambi\u00e9n en esta oportunidad platos de Latinoam\u00e9rica entre los cuales se encontraron Cuba, M\u00e9xico, Colombia, Per\u00fa y Venezuela.<\/p>\n<p><img loading=\"lazy\" decoding=\"async\" width=\"700\" height=\"474\" class=\"alignnone size-large wp-image-5088\" src=\"http:\/\/www.scuola.cl\/sivm\/wp-content\/uploads\/2017\/09\/fiestas_patrias_collage-700x474.jpg\" alt=\"fiestas_patrias_collage\" srcset=\"https:\/\/www.scuola.cl\/sivm\/wp-content\/uploads\/2017\/09\/fiestas_patrias_collage-700x474.jpg 700w, https:\/\/www.scuola.cl\/sivm\/wp-content\/uploads\/2017\/09\/fiestas_patrias_collage-250x169.jpg 250w, https:\/\/www.scuola.cl\/sivm\/wp-content\/uploads\/2017\/09\/fiestas_patrias_collage-768x521.jpg 768w, https:\/\/www.scuola.cl\/sivm\/wp-content\/uploads\/2017\/09\/fiestas_patrias_collage-120x81.jpg 120w, https:\/\/www.scuola.cl\/sivm\/wp-content\/uploads\/2017\/09\/fiestas_patrias_collage.jpg 900w\" sizes=\"auto, (max-width: 700px) 100vw, 700px\" \/><\/p>\n","protected":false},"excerpt":{"rendered":"Durante el mes de septiembre, la Scuola vivi\u00f3 diversas celebraciones para conmemorar las Fiestas Patrias 2017. A continuaci\u00f3n, podr\u00e1n revisar algunos detalles de las actividades desarrolladas.","protected":false},"author":2,"featured_media":5090,"comment_status":"open","ping_status":"open","sticky":false,"template":"","format":"standard","meta":{"_acf_changed":false,"footnotes":""},"categories":[5,24],"tags":[],"class_list":["post-5087","post","type-post","status-publish","format-standard","has-post-thumbnail","hentry","category-noticias","category-scuola"],"acf":[],"yoast_head":"<!-- This site is optimized with the Yoast SEO plugin v27.1.1 - https:\/\/yoast.com\/product\/yoast-seo-wordpress\/ -->\n<title>Fiestas Patrias en la Scuola - Scuola Italiana<\/title>\n<meta name=\"robots\" content=\"index, follow, max-snippet:-1, max-image-preview:large, max-video-preview:-1\" \/>\n<link rel=\"canonical\" href=\"https:\/\/www.scuola.cl\/sivm\/fiestas-patrias-la-scuola\/\" \/>\n<meta property=\"og:locale\" content=\"es_ES\" \/>\n<meta property=\"og:type\" content=\"article\" \/>\n<meta property=\"og:title\" content=\"Fiestas Patrias en la Scuola - Scuola Italiana\" \/>\n<meta property=\"og:description\" content=\"Durante el mes de septiembre, la Scuola vivi\u00f3 diversas celebraciones para conmemorar las Fiestas Patrias 2017. A continuaci\u00f3n, podr\u00e1n revisar algunos detalles de las actividades desarrolladas.\" \/>\n<meta property=\"og:url\" content=\"https:\/\/www.scuola.cl\/sivm\/fiestas-patrias-la-scuola\/\" \/>\n<meta property=\"og:site_name\" content=\"Scuola Italiana\" \/>\n<meta property=\"article:published_time\" content=\"2017-09-26T12:34:04+00:00\" \/>\n<meta property=\"article:modified_time\" content=\"2017-09-26T13:40:03+00:00\" \/>\n<meta property=\"og:image\" content=\"https:\/\/www.scuola.cl\/sivm\/wp-content\/uploads\/2017\/09\/fiestas_patrias_digitale.jpg\" \/>\n\t<meta property=\"og:image:width\" content=\"900\" \/>\n\t<meta property=\"og:image:height\" content=\"610\" \/>\n\t<meta property=\"og:image:type\" content=\"image\/jpeg\" \/>\n<meta name=\"author\" content=\"Comunicaciones\" \/>\n<meta name=\"twitter:card\" content=\"summary_large_image\" \/>\n<meta name=\"twitter:label1\" content=\"Escrito por\" \/>\n\t<meta name=\"twitter:data1\" content=\"Comunicaciones\" \/>\n\t<meta name=\"twitter:label2\" content=\"Tiempo de lectura\" \/>\n\t<meta name=\"twitter:data2\" content=\"5 minutos\" \/>\n<script type=\"application\/ld+json\" class=\"yoast-schema-graph\">{\"@context\":\"https:\/\/schema.org\",\"@graph\":[{\"@type\":\"Article\",\"@id\":\"https:\/\/www.scuola.cl\/sivm\/fiestas-patrias-la-scuola\/#article\",\"isPartOf\":{\"@id\":\"https:\/\/www.scuola.cl\/sivm\/fiestas-patrias-la-scuola\/\"},\"author\":{\"name\":\"Comunicaciones\",\"@id\":\"https:\/\/www.scuola.cl\/sivm\/#\/schema\/person\/2ac68abc1b548ee6d8e16c4d3727d1b2\"},\"headline\":\"Fiestas Patrias en la Scuola\",\"datePublished\":\"2017-09-26T12:34:04+00:00\",\"dateModified\":\"2017-09-26T13:40:03+00:00\",\"mainEntityOfPage\":{\"@id\":\"https:\/\/www.scuola.cl\/sivm\/fiestas-patrias-la-scuola\/\"},\"wordCount\":969,\"commentCount\":0,\"publisher\":{\"@id\":\"https:\/\/www.scuola.cl\/sivm\/#organization\"},\"image\":{\"@id\":\"https:\/\/www.scuola.cl\/sivm\/fiestas-patrias-la-scuola\/#primaryimage\"},\"thumbnailUrl\":\"https:\/\/www.scuola.cl\/sivm\/wp-content\/uploads\/2017\/09\/fiestas_patrias_digitale.jpg\",\"articleSection\":[\"Noticias\",\"Scuola\"],\"inLanguage\":\"es\",\"potentialAction\":[{\"@type\":\"CommentAction\",\"name\":\"Comment\",\"target\":[\"https:\/\/www.scuola.cl\/sivm\/fiestas-patrias-la-scuola\/#respond\"]}]},{\"@type\":\"WebPage\",\"@id\":\"https:\/\/www.scuola.cl\/sivm\/fiestas-patrias-la-scuola\/\",\"url\":\"https:\/\/www.scuola.cl\/sivm\/fiestas-patrias-la-scuola\/\",\"name\":\"Fiestas Patrias en la Scuola - Scuola Italiana\",\"isPartOf\":{\"@id\":\"https:\/\/www.scuola.cl\/sivm\/#website\"},\"primaryImageOfPage\":{\"@id\":\"https:\/\/www.scuola.cl\/sivm\/fiestas-patrias-la-scuola\/#primaryimage\"},\"image\":{\"@id\":\"https:\/\/www.scuola.cl\/sivm\/fiestas-patrias-la-scuola\/#primaryimage\"},\"thumbnailUrl\":\"https:\/\/www.scuola.cl\/sivm\/wp-content\/uploads\/2017\/09\/fiestas_patrias_digitale.jpg\",\"datePublished\":\"2017-09-26T12:34:04+00:00\",\"dateModified\":\"2017-09-26T13:40:03+00:00\",\"breadcrumb\":{\"@id\":\"https:\/\/www.scuola.cl\/sivm\/fiestas-patrias-la-scuola\/#breadcrumb\"},\"inLanguage\":\"es\",\"potentialAction\":[{\"@type\":\"ReadAction\",\"target\":[\"https:\/\/www.scuola.cl\/sivm\/fiestas-patrias-la-scuola\/\"]}]},{\"@type\":\"ImageObject\",\"inLanguage\":\"es\",\"@id\":\"https:\/\/www.scuola.cl\/sivm\/fiestas-patrias-la-scuola\/#primaryimage\",\"url\":\"https:\/\/www.scuola.cl\/sivm\/wp-content\/uploads\/2017\/09\/fiestas_patrias_digitale.jpg\",\"contentUrl\":\"https:\/\/www.scuola.cl\/sivm\/wp-content\/uploads\/2017\/09\/fiestas_patrias_digitale.jpg\",\"width\":900,\"height\":610},{\"@type\":\"BreadcrumbList\",\"@id\":\"https:\/\/www.scuola.cl\/sivm\/fiestas-patrias-la-scuola\/#breadcrumb\",\"itemListElement\":[{\"@type\":\"ListItem\",\"position\":1,\"name\":\"Inicio\",\"item\":\"https:\/\/www.scuola.cl\/sivm\/\"},{\"@type\":\"ListItem\",\"position\":2,\"name\":\"Noticias\",\"item\":\"https:\/\/www.scuola.cl\/sivm\/category\/noticias\/\"},{\"@type\":\"ListItem\",\"position\":3,\"name\":\"Fiestas Patrias en la Scuola\"}]},{\"@type\":\"WebSite\",\"@id\":\"https:\/\/www.scuola.cl\/sivm\/#website\",\"url\":\"https:\/\/www.scuola.cl\/sivm\/\",\"name\":\"Scuola Italiana\",\"description\":\"Vittorio Montiglio\",\"publisher\":{\"@id\":\"https:\/\/www.scuola.cl\/sivm\/#organization\"},\"potentialAction\":[{\"@type\":\"SearchAction\",\"target\":{\"@type\":\"EntryPoint\",\"urlTemplate\":\"https:\/\/www.scuola.cl\/sivm\/?s={search_term_string}\"},\"query-input\":{\"@type\":\"PropertyValueSpecification\",\"valueRequired\":true,\"valueName\":\"search_term_string\"}}],\"inLanguage\":\"es\"},{\"@type\":\"Organization\",\"@id\":\"https:\/\/www.scuola.cl\/sivm\/#organization\",\"name\":\"Scuola Italiana Vittorio Montiglio\",\"url\":\"https:\/\/www.scuola.cl\/sivm\/\",\"logo\":{\"@type\":\"ImageObject\",\"inLanguage\":\"es\",\"@id\":\"https:\/\/www.scuola.cl\/sivm\/#\/schema\/logo\/image\/\",\"url\":\"https:\/\/www.scuola.cl\/sivm\/wp-content\/uploads\/2019\/06\/Logo_Scuola-01-001-1000x1000.png\",\"contentUrl\":\"https:\/\/www.scuola.cl\/sivm\/wp-content\/uploads\/2019\/06\/Logo_Scuola-01-001-1000x1000.png\",\"width\":1000,\"height\":1000,\"caption\":\"Scuola Italiana Vittorio Montiglio\"},\"image\":{\"@id\":\"https:\/\/www.scuola.cl\/sivm\/#\/schema\/logo\/image\/\"}},{\"@type\":\"Person\",\"@id\":\"https:\/\/www.scuola.cl\/sivm\/#\/schema\/person\/2ac68abc1b548ee6d8e16c4d3727d1b2\",\"name\":\"Comunicaciones\",\"image\":{\"@type\":\"ImageObject\",\"inLanguage\":\"es\",\"@id\":\"https:\/\/www.scuola.cl\/sivm\/#\/schema\/person\/image\/\",\"url\":\"https:\/\/secure.gravatar.com\/avatar\/0b29fd7cdce1ec9939eded19ce85d6ed73acf03fb52d098b0641aed356fe6aeb?s=96&d=mm&r=g\",\"contentUrl\":\"https:\/\/secure.gravatar.com\/avatar\/0b29fd7cdce1ec9939eded19ce85d6ed73acf03fb52d098b0641aed356fe6aeb?s=96&d=mm&r=g\",\"caption\":\"Comunicaciones\"},\"url\":\"https:\/\/www.scuola.cl\/sivm\/author\/comunicaciones-scuola\/\"}]}<\/script>\n<!-- \/ Yoast SEO plugin. -->","yoast_head_json":{"title":"Fiestas Patrias en la Scuola - Scuola Italiana","robots":{"index":"index","follow":"follow","max-snippet":"max-snippet:-1","max-image-preview":"max-image-preview:large","max-video-preview":"max-video-preview:-1"},"canonical":"https:\/\/www.scuola.cl\/sivm\/fiestas-patrias-la-scuola\/","og_locale":"es_ES","og_type":"article","og_title":"Fiestas Patrias en la Scuola - Scuola Italiana","og_description":"Durante el mes de septiembre, la Scuola vivi\u00f3 diversas celebraciones para conmemorar las Fiestas Patrias 2017. A continuaci\u00f3n, podr\u00e1n revisar algunos detalles de las actividades desarrolladas.","og_url":"https:\/\/www.scuola.cl\/sivm\/fiestas-patrias-la-scuola\/","og_site_name":"Scuola Italiana","article_published_time":"2017-09-26T12:34:04+00:00","article_modified_time":"2017-09-26T13:40:03+00:00","og_image":[{"width":900,"height":610,"url":"https:\/\/www.scuola.cl\/sivm\/wp-content\/uploads\/2017\/09\/fiestas_patrias_digitale.jpg","type":"image\/jpeg"}],"author":"Comunicaciones","twitter_card":"summary_large_image","twitter_misc":{"Escrito por":"Comunicaciones","Tiempo de lectura":"5 minutos"},"schema":{"@context":"https:\/\/schema.org","@graph":[{"@type":"Article","@id":"https:\/\/www.scuola.cl\/sivm\/fiestas-patrias-la-scuola\/#article","isPartOf":{"@id":"https:\/\/www.scuola.cl\/sivm\/fiestas-patrias-la-scuola\/"},"author":{"name":"Comunicaciones","@id":"https:\/\/www.scuola.cl\/sivm\/#\/schema\/person\/2ac68abc1b548ee6d8e16c4d3727d1b2"},"headline":"Fiestas Patrias en la Scuola","datePublished":"2017-09-26T12:34:04+00:00","dateModified":"2017-09-26T13:40:03+00:00","mainEntityOfPage":{"@id":"https:\/\/www.scuola.cl\/sivm\/fiestas-patrias-la-scuola\/"},"wordCount":969,"commentCount":0,"publisher":{"@id":"https:\/\/www.scuola.cl\/sivm\/#organization"},"image":{"@id":"https:\/\/www.scuola.cl\/sivm\/fiestas-patrias-la-scuola\/#primaryimage"},"thumbnailUrl":"https:\/\/www.scuola.cl\/sivm\/wp-content\/uploads\/2017\/09\/fiestas_patrias_digitale.jpg","articleSection":["Noticias","Scuola"],"inLanguage":"es","potentialAction":[{"@type":"CommentAction","name":"Comment","target":["https:\/\/www.scuola.cl\/sivm\/fiestas-patrias-la-scuola\/#respond"]}]},{"@type":"WebPage","@id":"https:\/\/www.scuola.cl\/sivm\/fiestas-patrias-la-scuola\/","url":"https:\/\/www.scuola.cl\/sivm\/fiestas-patrias-la-scuola\/","name":"Fiestas Patrias en la Scuola - Scuola Italiana","isPartOf":{"@id":"https:\/\/www.scuola.cl\/sivm\/#website"},"primaryImageOfPage":{"@id":"https:\/\/www.scuola.cl\/sivm\/fiestas-patrias-la-scuola\/#primaryimage"},"image":{"@id":"https:\/\/www.scuola.cl\/sivm\/fiestas-patrias-la-scuola\/#primaryimage"},"thumbnailUrl":"https:\/\/www.scuola.cl\/sivm\/wp-content\/uploads\/2017\/09\/fiestas_patrias_digitale.jpg","datePublished":"2017-09-26T12:34:04+00:00","dateModified":"2017-09-26T13:40:03+00:00","breadcrumb":{"@id":"https:\/\/www.scuola.cl\/sivm\/fiestas-patrias-la-scuola\/#breadcrumb"},"inLanguage":"es","potentialAction":[{"@type":"ReadAction","target":["https:\/\/www.scuola.cl\/sivm\/fiestas-patrias-la-scuola\/"]}]},{"@type":"ImageObject","inLanguage":"es","@id":"https:\/\/www.scuola.cl\/sivm\/fiestas-patrias-la-scuola\/#primaryimage","url":"https:\/\/www.scuola.cl\/sivm\/wp-content\/uploads\/2017\/09\/fiestas_patrias_digitale.jpg","contentUrl":"https:\/\/www.scuola.cl\/sivm\/wp-content\/uploads\/2017\/09\/fiestas_patrias_digitale.jpg","width":900,"height":610},{"@type":"BreadcrumbList","@id":"https:\/\/www.scuola.cl\/sivm\/fiestas-patrias-la-scuola\/#breadcrumb","itemListElement":[{"@type":"ListItem","position":1,"name":"Inicio","item":"https:\/\/www.scuola.cl\/sivm\/"},{"@type":"ListItem","position":2,"name":"Noticias","item":"https:\/\/www.scuola.cl\/sivm\/category\/noticias\/"},{"@type":"ListItem","position":3,"name":"Fiestas Patrias en la Scuola"}]},{"@type":"WebSite","@id":"https:\/\/www.scuola.cl\/sivm\/#website","url":"https:\/\/www.scuola.cl\/sivm\/","name":"Scuola Italiana","description":"Vittorio Montiglio","publisher":{"@id":"https:\/\/www.scuola.cl\/sivm\/#organization"},"potentialAction":[{"@type":"SearchAction","target":{"@type":"EntryPoint","urlTemplate":"https:\/\/www.scuola.cl\/sivm\/?s={search_term_string}"},"query-input":{"@type":"PropertyValueSpecification","valueRequired":true,"valueName":"search_term_string"}}],"inLanguage":"es"},{"@type":"Organization","@id":"https:\/\/www.scuola.cl\/sivm\/#organization","name":"Scuola Italiana Vittorio Montiglio","url":"https:\/\/www.scuola.cl\/sivm\/","logo":{"@type":"ImageObject","inLanguage":"es","@id":"https:\/\/www.scuola.cl\/sivm\/#\/schema\/logo\/image\/","url":"https:\/\/www.scuola.cl\/sivm\/wp-content\/uploads\/2019\/06\/Logo_Scuola-01-001-1000x1000.png","contentUrl":"https:\/\/www.scuola.cl\/sivm\/wp-content\/uploads\/2019\/06\/Logo_Scuola-01-001-1000x1000.png","width":1000,"height":1000,"caption":"Scuola Italiana Vittorio Montiglio"},"image":{"@id":"https:\/\/www.scuola.cl\/sivm\/#\/schema\/logo\/image\/"}},{"@type":"Person","@id":"https:\/\/www.scuola.cl\/sivm\/#\/schema\/person\/2ac68abc1b548ee6d8e16c4d3727d1b2","name":"Comunicaciones","image":{"@type":"ImageObject","inLanguage":"es","@id":"https:\/\/www.scuola.cl\/sivm\/#\/schema\/person\/image\/","url":"https:\/\/secure.gravatar.com\/avatar\/0b29fd7cdce1ec9939eded19ce85d6ed73acf03fb52d098b0641aed356fe6aeb?s=96&d=mm&r=g","contentUrl":"https:\/\/secure.gravatar.com\/avatar\/0b29fd7cdce1ec9939eded19ce85d6ed73acf03fb52d098b0641aed356fe6aeb?s=96&d=mm&r=g","caption":"Comunicaciones"},"url":"https:\/\/www.scuola.cl\/sivm\/author\/comunicaciones-scuola\/"}]}},"_links":{"self":[{"href":"https:\/\/www.scuola.cl\/sivm\/wp-json\/wp\/v2\/posts\/5087","targetHints":{"allow":["GET"]}}],"collection":[{"href":"https:\/\/www.scuola.cl\/sivm\/wp-json\/wp\/v2\/posts"}],"about":[{"href":"https:\/\/www.scuola.cl\/sivm\/wp-json\/wp\/v2\/types\/post"}],"author":[{"embeddable":true,"href":"https:\/\/www.scuola.cl\/sivm\/wp-json\/wp\/v2\/users\/2"}],"replies":[{"embeddable":true,"href":"https:\/\/www.scuola.cl\/sivm\/wp-json\/wp\/v2\/comments?post=5087"}],"version-history":[{"count":2,"href":"https:\/\/www.scuola.cl\/sivm\/wp-json\/wp\/v2\/posts\/5087\/revisions"}],"predecessor-version":[{"id":5091,"href":"https:\/\/www.scuola.cl\/sivm\/wp-json\/wp\/v2\/posts\/5087\/revisions\/5091"}],"wp:featuredmedia":[{"embeddable":true,"href":"https:\/\/www.scuola.cl\/sivm\/wp-json\/wp\/v2\/media\/5090"}],"wp:attachment":[{"href":"https:\/\/www.scuola.cl\/sivm\/wp-json\/wp\/v2\/media?parent=5087"}],"wp:term":[{"taxonomy":"category","embeddable":true,"href":"https:\/\/www.scuola.cl\/sivm\/wp-json\/wp\/v2\/categories?post=5087"},{"taxonomy":"post_tag","embeddable":true,"href":"https:\/\/www.scuola.cl\/sivm\/wp-json\/wp\/v2\/tags?post=5087"}],"curies":[{"name":"wp","href":"https:\/\/api.w.org\/{rel}","templated":true}]}}