{"id":5050,"date":"2017-09-11T15:37:35","date_gmt":"2017-09-11T18:37:35","guid":{"rendered":"http:\/\/www.scuola.cl\/sivm\/?p=5050"},"modified":"2017-09-11T15:37:35","modified_gmt":"2017-09-11T18:37:35","slug":"scuola-digitale-11-settembre","status":"publish","type":"post","link":"https:\/\/www.scuola.cl\/sivm\/scuola-digitale-11-settembre\/","title":{"rendered":"Scuola Digitale 11 Settembre"},"content":{"rendered":"<p>&nbsp;<\/p>\n<table style=\"width: 100%; font-family: Arial, Helvetica, sans-serif; border-collapse: collapse;\" border=\"0\">\n<tbody>\n<tr>\n<td style=\"width: 10%;\" rowspan=\"12\"><\/td>\n<td style=\"background-color: #16a66b; height: 100px;\">\n<table style=\"width: 100%; border-collapse: collapse;\" border=\"0\">\n<tbody>\n<tr style=\"background-color: #16a66b;\">\n<td style=\"font-size: 2.5em; color: #fff; font-weight: bold;\"><a style=\"font-size: 13px; font-weight: normal;\" href=\"http:\/\/www.commtrack.cl\/archivos\/sivm\/repositorio\/38bc11_banner_titulo2.png\"><span style=\"color: #333333; font-family: sans-serif, Arial, Verdana, 'Trebuchet MS';\"><img decoding=\"async\" src=\"http:\/\/www.commtrack.cl\/archivos\/sivm\/repositorio\/38bc11_banner_titulo2.png\" \/><\/span><\/a><\/td>\n<\/tr>\n<\/tbody>\n<\/table>\n<\/td>\n<td style=\"width: 10%;\" rowspan=\"12\"><\/td>\n<\/tr>\n<tr>\n<td style=\"padding: 10px;\"><span style=\"color: #333333; font-family: sans-serif, Arial, Verdana, 'Trebuchet MS';\"><a href=\"http:\/\/www.scuola.cl\/sivm\/fiestas-patrias-2017\/\"><img decoding=\"async\" style=\"width: 100%;\" src=\"http:\/\/www.commtrack.cl\/archivos\/sivm\/repositorio\/53fb50_fiestas_patrias_2017.jpg\" alt=\"\" \/><\/a><\/span><\/td>\n<\/tr>\n<tr style=\"text-align: center;\">\n<td style=\"padding: 10px;\"><strong><span style=\"font-family: sans-serif, Arial, Verdana, 'Trebuchet MS';\">FIESTAS PATRIAS 2017<\/span><\/strong><\/td>\n<\/tr>\n<tr style=\"text-align: center;\">\n<td style=\"padding: 10px;\"><span style=\"font-family: sans-serif, Arial, Verdana, 'Trebuchet MS';\">En conmemoraci\u00f3n de nuestras Fiestas Patrias, durante los d\u00edas jueves 14 y viernes 15 de septiembre, se desarrollar\u00e1n diversas celebraciones en la Scuola Nido, Scuola dell\u2019Infanzia, Scuola Primaria, Media Inferiore y Media Superiore. En el siguiente link, podr\u00e1n revisar la programaci\u00f3n dieciochera con las diferentes actividades que se realizar\u00e1n en la Scuola.<\/span><\/td>\n<\/tr>\n<tr style=\"text-align: right;\">\n<td style=\"color: #16a66b; padding-right: 10px;\"><a href=\"http:\/\/www.scuola.cl\/sivm\/fiestas-patrias-2017\/\"><span style=\"color: #333333; font-family: sans-serif, Arial, Verdana, 'Trebuchet MS';\">Leer m\u00e1s&#8230;<\/span><\/a><\/td>\n<\/tr>\n<tr>\n<td>\n<table style=\"width: 100%; border-collapse: collapse;\" border=\"0\">\n<tbody>\n<tr>\n<td style=\"padding: 10px;\"><span style=\"color: #333333; font-family: sans-serif, Arial, Verdana, 'Trebuchet MS';\"><a href=\"http:\/\/www.scuola.cl\/sivm\/charla-il-manierismo\/\"><img decoding=\"async\" style=\"width: 100%;\" src=\"http:\/\/www.scuola.cl\/sivm\/wp-content\/uploads\/2017\/08\/Banner-manierismo-nueva-fecha-spetiembre.jpg\" alt=\"\" \/><\/a><\/span><\/td>\n<td style=\"padding: 10px;\"><span style=\"color: #333333; font-family: sans-serif, Arial, Verdana, 'Trebuchet MS';\"><a href=\"http:\/\/www.scuola.cl\/sivm\/simulacro-sismo\/\"><img decoding=\"async\" style=\"width: 100%;\" src=\"http:\/\/www.scuola.cl\/sivm\/wp-content\/uploads\/2017\/09\/Simulacro_Sismo_Gran_Magnitud.jpg\" alt=\"\" \/><\/a><\/span><\/td>\n<td style=\"padding: 10px;\"><span style=\"color: #333333; font-family: sans-serif, Arial, Verdana, 'Trebuchet MS';\"><a href=\"http:\/\/www.scuola.cl\/sivm\/olimpiadas-colegio-cumbres\/\"><img decoding=\"async\" style=\"width: 100%;\" src=\"http:\/\/www.scuola.cl\/sivm\/wp-content\/uploads\/2017\/09\/Olimpiadas_matematica_cumbres.jpg\" alt=\"\" \/><\/a><\/span><\/td>\n<\/tr>\n<tr style=\"text-align: center;\">\n<td style=\"padding: 10px; width: 33%;\"><strong><span style=\"font-family: sans-serif, Arial, Verdana, 'Trebuchet MS';\">CHARLA \u201cIL MANIERISMO\u201d<\/span><\/strong><\/td>\n<td style=\"padding: 10px; width: 33%;\"><strong><span style=\"font-family: sans-serif, Arial, Verdana, 'Trebuchet MS';\">SIMULACRO SISMO<\/span><\/strong><\/td>\n<td style=\"padding: 10px; width: 33%;\"><strong><span style=\"font-family: sans-serif, Arial, Verdana, 'Trebuchet MS';\">OLIMPIADAS MATEMATICA<\/span><\/strong><\/td>\n<\/tr>\n<tr style=\"text-align: center; vertical-align: top;\">\n<td style=\"padding: 10px; width: 33%;\"><span style=\"font-family: sans-serif, Arial, Verdana, 'Trebuchet MS';\">\u00a0Los invitamos a la tercera sesi\u00f3n del ciclo gratuito de conferencias sobre arte italiano, impartido por la ex alumna y profesora Ughette De Girolamo del Mauro Zunino, Ph.D en Storia dell\u00b4Arte della Universit\u00e0 degli Studi di Firenze.<\/span><\/td>\n<td style=\"padding: 10px; width: 33%;\"><span style=\"font-family: sans-serif, Arial, Verdana, 'Trebuchet MS';\">El jueves 31 de agosto, se realiz\u00f3 un Simulacro de Sismo del sector educaci\u00f3n de la Regi\u00f3n Metropolitana, dirigido y supervisado por la Oficina Nacional de Emergencia, en el cual obtuvimos una excelente evaluaci\u00f3n.<\/span><\/td>\n<td style=\"padding: 10px; width: 33%;\"><span style=\"font-family: sans-serif, Arial, Verdana, 'Trebuchet MS';\">El viernes 8 de septiembre, nuestros alumnos Marco Cornejo (8\u00b0B) y Carla Rivera (II A) clasificaron en el tercer y primer lugar respectivamente, a las Olimpiadas de Matem\u00e1ticas del Colegio Cumbres.<\/span><\/td>\n<\/tr>\n<tr style=\"text-align: right;\">\n<td style=\"color: #16a66b;\"><a href=\"http:\/\/www.scuola.cl\/sivm\/charla-il-manierismo\/\"><span style=\"color: #333333; font-family: sans-serif, Arial, Verdana, 'Trebuchet MS';\">Leer m\u00e1s&#8230;<\/span><\/a><\/td>\n<td style=\"color: #16a66b;\"><a href=\"http:\/\/www.scuola.cl\/sivm\/simulacro-sismo\/\"><span style=\"color: #333333; font-family: sans-serif, Arial, Verdana, 'Trebuchet MS';\">Leer m\u00e1s&#8230;<\/span><\/a><\/td>\n<td style=\"color: #16a66b;\"><a href=\"http:\/\/www.scuola.cl\/sivm\/olimpiadas-colegio-cumbres\/\"><span style=\"color: #333333; font-family: sans-serif, Arial, Verdana, 'Trebuchet MS';\">Leer m\u00e1s&#8230;<\/span><\/a><\/td>\n<\/tr>\n<tr>\n<td style=\"padding: 10px;\"><a href=\"http:\/\/www.scuola.cl\/sivm\/resultados-deportivos\/\" target=\"_blank\"><span style=\"color: #333333; font-family: sans-serif, Arial, Verdana, 'Trebuchet MS';\"><img decoding=\"async\" style=\"width: 100%;\" src=\"http:\/\/www.scuola.cl\/sivm\/wp-content\/uploads\/2017\/08\/Banner_Resultados_Deportivos_Actualizado.jpg\" alt=\"\" \/><\/span><\/a><\/td>\n<td style=\"padding: 10px;\"><span style=\"color: #333333; font-family: sans-serif, Arial, Verdana, 'Trebuchet MS';\"><a href=\"http:\/\/www.scuola.cl\/sivm\/musica-tus-manos\/\"><img decoding=\"async\" style=\"width: 100%;\" src=\"http:\/\/www.scuola.cl\/sivm\/wp-content\/uploads\/2017\/09\/musica_en_tus_manos_digitale.jpg\" alt=\"\" \/><\/a><\/span><\/td>\n<td style=\"padding: 10px;\"><a href=\"http:\/\/www.scuola.cl\/sivm\/compra-entradas-passline\/\"><span style=\"color: #333333; font-family: sans-serif, Arial, Verdana, 'Trebuchet MS';\"><img decoding=\"async\" style=\"width: 100%;\" src=\"http:\/\/www.scuola.cl\/sivm\/wp-content\/uploads\/2017\/09\/La_Pasta_Solidaria_1.jpg\" alt=\"\" \/><\/span><\/a><\/td>\n<\/tr>\n<tr style=\"text-align: center;\">\n<td style=\"padding: 10px; width: 33%;\"><strong><span style=\"font-family: sans-serif, Arial, Verdana, 'Trebuchet MS';\">RESULTADOS DEPORTIVOS<\/span><\/strong><\/td>\n<td style=\"padding: 10px; width: 33%;\"><strong><span style=\"font-family: sans-serif, Arial, Verdana, 'Trebuchet MS';\">MUSICA EN TUS MANOS<\/span><\/strong><\/td>\n<td style=\"padding: 10px; width: 33%;\"><strong>CRUZADA DEL ASCENSOR<\/strong><\/td>\n<\/tr>\n<tr style=\"text-align: center; vertical-align: top;\">\n<td style=\"padding: 10px; width: 33%;\"><span style=\"text-align: center;\"><span style=\"font-family: sans-serif, Arial, Verdana, 'Trebuchet MS';\">A continuaci\u00f3n podr\u00e1n revisar los resultados que obtuvieron durante el fin de semana nuestras selecciones deportivas. Felicitamos a todos nuestros alumnos por su desempe\u00f1o y compromiso!<\/span><\/span><\/td>\n<td style=\"padding: 10px; width: 33%;\"><span style=\"font-family: sans-serif, Arial, Verdana, 'Trebuchet MS';\">Con la coordinaci\u00f3n del Depto. de M\u00fasica y la colaboraci\u00f3n de los apoderados de la Scuola Nido y Dell\u00b4Infanzia, se present\u00f3 para los ni\u00f1os de esas \u00e1reas, un espect\u00e1culo de la compa\u00f1\u00eda \u00abM\u00fasica en tus manos\u00bb.<\/span><\/td>\n<td style=\"padding: 10px; width: 33%;\">Con alegr\u00eda les contamos que hasta el s\u00e1bado 30 de septiembre, podr\u00e1n comprar las entradas para el almuerzo solidario \u201cCruzada del Ascensor\u201d del Hogar Italiano, a trav\u00e9s del sistema \u201cPassline\u201d.<\/td>\n<\/tr>\n<tr style=\"text-align: right;\">\n<td style=\"color: #16a66b;\"><a href=\"http:\/\/www.scuola.cl\/sivm\/resultados-deportivos\/\"><span style=\"color: #333333; font-family: sans-serif, Arial, Verdana, 'Trebuchet MS';\">Leer m\u00e1s&#8230;<\/span><\/a><\/td>\n<td style=\"color: #16a66b;\"><a href=\"http:\/\/www.scuola.cl\/sivm\/musica-tus-manos\/\"><span style=\"color: #333333; font-family: sans-serif, Arial, Verdana, 'Trebuchet MS';\">Leer m\u00e1s&#8230;<\/span><\/a><\/td>\n<td style=\"color: #16a66b;\"><a href=\"http:\/\/www.scuola.cl\/sivm\/compra-entradas-passline\/\"><span style=\"color: #333333; font-family: sans-serif, Arial, Verdana, 'Trebuchet MS';\">Leer m\u00e1s&#8230;<\/span><\/a><\/td>\n<\/tr>\n<\/tbody>\n<\/table>\n<\/td>\n<\/tr>\n<tr>\n<td style=\"height: 100px; text-align: center; vertical-align: middle;\"><span style=\"font-family: sans-serif, Arial, Verdana, 'Trebuchet MS';\"><a href=\"http:\/\/www.scuola.cl\/sivm\/category\/noticias\/\" target=\"_blank\"><img decoding=\"async\" style=\"width: 135px; height: 92px;\" src=\"http:\/\/www.commtrack.cl\/archivos\/sivm\/repositorio\/da3b8c_btn_noticias.gif\" \/><\/a> <a href=\"http:\/\/www.scuola.cl\/sivm\/category\/noticias\/deportes\/\" target=\"_blank\"><img decoding=\"async\" style=\"width: 135px; height: 92px;\" src=\"http:\/\/www.commtrack.cl\/archivos\/sivm\/repositorio\/82bfb1_btn_deportes.gif\" \/><\/a> <a href=\"http:\/\/www.scuola.cl\/sivm\/category\/noticias\/cultura\/\" target=\"_blank\"><img decoding=\"async\" style=\"width: 135px; height: 92px;\" src=\"http:\/\/www.commtrack.cl\/archivos\/sivm\/repositorio\/bca075_btn_cultura.gif\" \/><\/a> <a href=\"http:\/\/www.scuola.cl\/sivm\/category\/noticias\/solidaridad\/\" target=\"_blank\"><img decoding=\"async\" style=\"width: 135px; height: 92px;\" src=\"http:\/\/www.commtrack.cl\/archivos\/sivm\/repositorio\/c9baf3_btn_solidaridad.gif\" \/><\/a><\/span><\/td>\n<\/tr>\n<tr>\n<td style=\"text-align: center; vertical-align: middle;\"><span style=\"font-family: sans-serif, Arial, Verdana, 'Trebuchet MS';\"><a href=\"http:\/\/www.scuola.cl\/sivm\/centro-cultural\/\" target=\"_blank\"><img decoding=\"async\" style=\"width: 100%;\" src=\"http:\/\/www.commtrack.cl\/archivos\/sivm\/repositorio\/b75a4e_banner_ccs.png\" \/><\/a><\/span><\/td>\n<\/tr>\n<tr style=\"background-color: #16a66b; text-align: right;\">\n<td>\n<table style=\"width: 100%; border-collapse: collapse;\" border=\"0\">\n<tbody>\n<tr>\n<td style=\"font-size: 1em; color: #fff; text-align: left; font-weight: bold;\"><a style=\"font-weight: normal;\" href=\"http:\/\/www.scuola.cl\/sivm\/category\/noticias\/scuola-digitale\/\"><span style=\"color: #333333; font-family: sans-serif, Arial, Verdana, 'Trebuchet MS';\">Ver ediciones anteriores<\/span><\/a><\/td>\n<td style=\"font-size: 1em; color: #fff; text-align: right;\"><span style=\"color: #333333; font-family: sans-serif, Arial, Verdana, 'Trebuchet MS';\">Comunicaciones y Difusi\u00f3n &#8211; Scuola Italiana \u00abVittorio Montiglio\u00bb<\/span><\/td>\n<td style=\"width: 120px; padding: 5px;\"><span style=\"color: #333333; font-family: sans-serif, Arial, Verdana, 'Trebuchet MS';\"><a href=\"https:\/\/www.facebook.com\/scuolaitaliana.santiago\/\" target=\"_blank\"><img decoding=\"async\" style=\"width: 25px;\" src=\"http:\/\/www.commtrack.cl\/archivos\/sivm\/repositorio\/dd43ff_btn_facebook.png\" \/><\/a> <a href=\"https:\/\/twitter.com\/scuolaitstgo\" target=\"_blank\"><img decoding=\"async\" style=\"width: 25px;\" src=\"http:\/\/www.commtrack.cl\/archivos\/sivm\/repositorio\/5a67a1_btn_twitter.png\" \/><\/a> <a href=\"https:\/\/www.youtube.com\/channel\/UCk42KNgZG9YGYWvc2Y0HxcQ\" target=\"_blank\"><img decoding=\"async\" style=\"width: 25px;\" src=\"http:\/\/www.commtrack.cl\/archivos\/sivm\/repositorio\/eeca29_btn_youtube.png\" \/><\/a> <a href=\"http:\/\/www.scuola.cl\/sivm\/\" target=\"_blank\"><img decoding=\"async\" style=\"width: 25px;\" src=\"http:\/\/www.commtrack.cl\/archivos\/sivm\/repositorio\/a1f864_btn_web.png\" \/><\/a><\/span><\/td>\n<\/tr>\n<\/tbody>\n<\/table>\n<\/td>\n<\/tr>\n<\/tbody>\n<\/table>\n","protected":false},"excerpt":{"rendered":"En esta versi\u00f3n de Scuola Digitale, podr\u00e1n encontrar informaci\u00f3n sobre la programaci\u00f3n de Fiestas Patrias 2017, los resultados deportivos de nuestras selecciones durante el fin de semana y otras noticias.","protected":false},"author":2,"featured_media":5051,"comment_status":"open","ping_status":"open","sticky":false,"template":"","format":"standard","meta":{"_acf_changed":false,"footnotes":""},"categories":[5],"tags":[],"class_list":["post-5050","post","type-post","status-publish","format-standard","has-post-thumbnail","hentry","category-noticias"],"acf":[],"yoast_head":"<!-- This site is optimized with the Yoast SEO plugin v27.1.1 - https:\/\/yoast.com\/product\/yoast-seo-wordpress\/ -->\n<title>Scuola Digitale 11 Settembre - Scuola Italiana<\/title>\n<meta name=\"robots\" content=\"index, follow, max-snippet:-1, max-image-preview:large, max-video-preview:-1\" \/>\n<link rel=\"canonical\" href=\"https:\/\/www.scuola.cl\/sivm\/scuola-digitale-11-settembre\/\" \/>\n<meta property=\"og:locale\" content=\"es_ES\" \/>\n<meta property=\"og:type\" content=\"article\" \/>\n<meta property=\"og:title\" content=\"Scuola Digitale 11 Settembre - Scuola Italiana\" \/>\n<meta property=\"og:description\" content=\"En esta versi\u00f3n de Scuola Digitale, podr\u00e1n encontrar informaci\u00f3n sobre la programaci\u00f3n de Fiestas Patrias 2017, los resultados deportivos de nuestras selecciones durante el fin de semana y otras noticias.\" \/>\n<meta property=\"og:url\" content=\"https:\/\/www.scuola.cl\/sivm\/scuola-digitale-11-settembre\/\" \/>\n<meta property=\"og:site_name\" content=\"Scuola Italiana\" \/>\n<meta property=\"article:published_time\" content=\"2017-09-11T18:37:35+00:00\" \/>\n<meta property=\"og:image\" content=\"https:\/\/www.scuola.cl\/sivm\/wp-content\/uploads\/2017\/09\/Scuola_Digitale_11_settembre_miniatura.jpg\" \/>\n\t<meta property=\"og:image:width\" content=\"900\" \/>\n\t<meta property=\"og:image:height\" content=\"610\" \/>\n\t<meta property=\"og:image:type\" content=\"image\/jpeg\" \/>\n<meta name=\"author\" content=\"Comunicaciones\" \/>\n<meta name=\"twitter:card\" content=\"summary_large_image\" \/>\n<meta name=\"twitter:label1\" content=\"Escrito por\" \/>\n\t<meta name=\"twitter:data1\" content=\"Comunicaciones\" \/>\n\t<meta name=\"twitter:label2\" content=\"Tiempo de lectura\" \/>\n\t<meta name=\"twitter:data2\" content=\"2 minutos\" \/>\n<script type=\"application\/ld+json\" class=\"yoast-schema-graph\">{\"@context\":\"https:\/\/schema.org\",\"@graph\":[{\"@type\":\"Article\",\"@id\":\"https:\/\/www.scuola.cl\/sivm\/scuola-digitale-11-settembre\/#article\",\"isPartOf\":{\"@id\":\"https:\/\/www.scuola.cl\/sivm\/scuola-digitale-11-settembre\/\"},\"author\":{\"name\":\"Comunicaciones\",\"@id\":\"https:\/\/www.scuola.cl\/sivm\/#\/schema\/person\/2ac68abc1b548ee6d8e16c4d3727d1b2\"},\"headline\":\"Scuola Digitale 11 Settembre\",\"datePublished\":\"2017-09-11T18:37:35+00:00\",\"mainEntityOfPage\":{\"@id\":\"https:\/\/www.scuola.cl\/sivm\/scuola-digitale-11-settembre\/\"},\"wordCount\":325,\"commentCount\":0,\"publisher\":{\"@id\":\"https:\/\/www.scuola.cl\/sivm\/#organization\"},\"image\":{\"@id\":\"https:\/\/www.scuola.cl\/sivm\/scuola-digitale-11-settembre\/#primaryimage\"},\"thumbnailUrl\":\"https:\/\/www.scuola.cl\/sivm\/wp-content\/uploads\/2017\/09\/Scuola_Digitale_11_settembre_miniatura.jpg\",\"articleSection\":[\"Noticias\"],\"inLanguage\":\"es\",\"potentialAction\":[{\"@type\":\"CommentAction\",\"name\":\"Comment\",\"target\":[\"https:\/\/www.scuola.cl\/sivm\/scuola-digitale-11-settembre\/#respond\"]}]},{\"@type\":\"WebPage\",\"@id\":\"https:\/\/www.scuola.cl\/sivm\/scuola-digitale-11-settembre\/\",\"url\":\"https:\/\/www.scuola.cl\/sivm\/scuola-digitale-11-settembre\/\",\"name\":\"Scuola Digitale 11 Settembre - Scuola Italiana\",\"isPartOf\":{\"@id\":\"https:\/\/www.scuola.cl\/sivm\/#website\"},\"primaryImageOfPage\":{\"@id\":\"https:\/\/www.scuola.cl\/sivm\/scuola-digitale-11-settembre\/#primaryimage\"},\"image\":{\"@id\":\"https:\/\/www.scuola.cl\/sivm\/scuola-digitale-11-settembre\/#primaryimage\"},\"thumbnailUrl\":\"https:\/\/www.scuola.cl\/sivm\/wp-content\/uploads\/2017\/09\/Scuola_Digitale_11_settembre_miniatura.jpg\",\"datePublished\":\"2017-09-11T18:37:35+00:00\",\"breadcrumb\":{\"@id\":\"https:\/\/www.scuola.cl\/sivm\/scuola-digitale-11-settembre\/#breadcrumb\"},\"inLanguage\":\"es\",\"potentialAction\":[{\"@type\":\"ReadAction\",\"target\":[\"https:\/\/www.scuola.cl\/sivm\/scuola-digitale-11-settembre\/\"]}]},{\"@type\":\"ImageObject\",\"inLanguage\":\"es\",\"@id\":\"https:\/\/www.scuola.cl\/sivm\/scuola-digitale-11-settembre\/#primaryimage\",\"url\":\"https:\/\/www.scuola.cl\/sivm\/wp-content\/uploads\/2017\/09\/Scuola_Digitale_11_settembre_miniatura.jpg\",\"contentUrl\":\"https:\/\/www.scuola.cl\/sivm\/wp-content\/uploads\/2017\/09\/Scuola_Digitale_11_settembre_miniatura.jpg\",\"width\":900,\"height\":610},{\"@type\":\"BreadcrumbList\",\"@id\":\"https:\/\/www.scuola.cl\/sivm\/scuola-digitale-11-settembre\/#breadcrumb\",\"itemListElement\":[{\"@type\":\"ListItem\",\"position\":1,\"name\":\"Inicio\",\"item\":\"https:\/\/www.scuola.cl\/sivm\/\"},{\"@type\":\"ListItem\",\"position\":2,\"name\":\"Noticias\",\"item\":\"https:\/\/www.scuola.cl\/sivm\/category\/noticias\/\"},{\"@type\":\"ListItem\",\"position\":3,\"name\":\"Scuola Digitale 11 Settembre\"}]},{\"@type\":\"WebSite\",\"@id\":\"https:\/\/www.scuola.cl\/sivm\/#website\",\"url\":\"https:\/\/www.scuola.cl\/sivm\/\",\"name\":\"Scuola Italiana\",\"description\":\"Vittorio Montiglio\",\"publisher\":{\"@id\":\"https:\/\/www.scuola.cl\/sivm\/#organization\"},\"potentialAction\":[{\"@type\":\"SearchAction\",\"target\":{\"@type\":\"EntryPoint\",\"urlTemplate\":\"https:\/\/www.scuola.cl\/sivm\/?s={search_term_string}\"},\"query-input\":{\"@type\":\"PropertyValueSpecification\",\"valueRequired\":true,\"valueName\":\"search_term_string\"}}],\"inLanguage\":\"es\"},{\"@type\":\"Organization\",\"@id\":\"https:\/\/www.scuola.cl\/sivm\/#organization\",\"name\":\"Scuola Italiana Vittorio Montiglio\",\"url\":\"https:\/\/www.scuola.cl\/sivm\/\",\"logo\":{\"@type\":\"ImageObject\",\"inLanguage\":\"es\",\"@id\":\"https:\/\/www.scuola.cl\/sivm\/#\/schema\/logo\/image\/\",\"url\":\"https:\/\/www.scuola.cl\/sivm\/wp-content\/uploads\/2019\/06\/Logo_Scuola-01-001-1000x1000.png\",\"contentUrl\":\"https:\/\/www.scuola.cl\/sivm\/wp-content\/uploads\/2019\/06\/Logo_Scuola-01-001-1000x1000.png\",\"width\":1000,\"height\":1000,\"caption\":\"Scuola Italiana Vittorio Montiglio\"},\"image\":{\"@id\":\"https:\/\/www.scuola.cl\/sivm\/#\/schema\/logo\/image\/\"}},{\"@type\":\"Person\",\"@id\":\"https:\/\/www.scuola.cl\/sivm\/#\/schema\/person\/2ac68abc1b548ee6d8e16c4d3727d1b2\",\"name\":\"Comunicaciones\",\"image\":{\"@type\":\"ImageObject\",\"inLanguage\":\"es\",\"@id\":\"https:\/\/www.scuola.cl\/sivm\/#\/schema\/person\/image\/\",\"url\":\"https:\/\/secure.gravatar.com\/avatar\/0b29fd7cdce1ec9939eded19ce85d6ed73acf03fb52d098b0641aed356fe6aeb?s=96&d=mm&r=g\",\"contentUrl\":\"https:\/\/secure.gravatar.com\/avatar\/0b29fd7cdce1ec9939eded19ce85d6ed73acf03fb52d098b0641aed356fe6aeb?s=96&d=mm&r=g\",\"caption\":\"Comunicaciones\"},\"url\":\"https:\/\/www.scuola.cl\/sivm\/author\/comunicaciones-scuola\/\"}]}<\/script>\n<!-- \/ Yoast SEO plugin. -->","yoast_head_json":{"title":"Scuola Digitale 11 Settembre - Scuola Italiana","robots":{"index":"index","follow":"follow","max-snippet":"max-snippet:-1","max-image-preview":"max-image-preview:large","max-video-preview":"max-video-preview:-1"},"canonical":"https:\/\/www.scuola.cl\/sivm\/scuola-digitale-11-settembre\/","og_locale":"es_ES","og_type":"article","og_title":"Scuola Digitale 11 Settembre - Scuola Italiana","og_description":"En esta versi\u00f3n de Scuola Digitale, podr\u00e1n encontrar informaci\u00f3n sobre la programaci\u00f3n de Fiestas Patrias 2017, los resultados deportivos de nuestras selecciones durante el fin de semana y otras noticias.","og_url":"https:\/\/www.scuola.cl\/sivm\/scuola-digitale-11-settembre\/","og_site_name":"Scuola Italiana","article_published_time":"2017-09-11T18:37:35+00:00","og_image":[{"width":900,"height":610,"url":"https:\/\/www.scuola.cl\/sivm\/wp-content\/uploads\/2017\/09\/Scuola_Digitale_11_settembre_miniatura.jpg","type":"image\/jpeg"}],"author":"Comunicaciones","twitter_card":"summary_large_image","twitter_misc":{"Escrito por":"Comunicaciones","Tiempo de lectura":"2 minutos"},"schema":{"@context":"https:\/\/schema.org","@graph":[{"@type":"Article","@id":"https:\/\/www.scuola.cl\/sivm\/scuola-digitale-11-settembre\/#article","isPartOf":{"@id":"https:\/\/www.scuola.cl\/sivm\/scuola-digitale-11-settembre\/"},"author":{"name":"Comunicaciones","@id":"https:\/\/www.scuola.cl\/sivm\/#\/schema\/person\/2ac68abc1b548ee6d8e16c4d3727d1b2"},"headline":"Scuola Digitale 11 Settembre","datePublished":"2017-09-11T18:37:35+00:00","mainEntityOfPage":{"@id":"https:\/\/www.scuola.cl\/sivm\/scuola-digitale-11-settembre\/"},"wordCount":325,"commentCount":0,"publisher":{"@id":"https:\/\/www.scuola.cl\/sivm\/#organization"},"image":{"@id":"https:\/\/www.scuola.cl\/sivm\/scuola-digitale-11-settembre\/#primaryimage"},"thumbnailUrl":"https:\/\/www.scuola.cl\/sivm\/wp-content\/uploads\/2017\/09\/Scuola_Digitale_11_settembre_miniatura.jpg","articleSection":["Noticias"],"inLanguage":"es","potentialAction":[{"@type":"CommentAction","name":"Comment","target":["https:\/\/www.scuola.cl\/sivm\/scuola-digitale-11-settembre\/#respond"]}]},{"@type":"WebPage","@id":"https:\/\/www.scuola.cl\/sivm\/scuola-digitale-11-settembre\/","url":"https:\/\/www.scuola.cl\/sivm\/scuola-digitale-11-settembre\/","name":"Scuola Digitale 11 Settembre - Scuola Italiana","isPartOf":{"@id":"https:\/\/www.scuola.cl\/sivm\/#website"},"primaryImageOfPage":{"@id":"https:\/\/www.scuola.cl\/sivm\/scuola-digitale-11-settembre\/#primaryimage"},"image":{"@id":"https:\/\/www.scuola.cl\/sivm\/scuola-digitale-11-settembre\/#primaryimage"},"thumbnailUrl":"https:\/\/www.scuola.cl\/sivm\/wp-content\/uploads\/2017\/09\/Scuola_Digitale_11_settembre_miniatura.jpg","datePublished":"2017-09-11T18:37:35+00:00","breadcrumb":{"@id":"https:\/\/www.scuola.cl\/sivm\/scuola-digitale-11-settembre\/#breadcrumb"},"inLanguage":"es","potentialAction":[{"@type":"ReadAction","target":["https:\/\/www.scuola.cl\/sivm\/scuola-digitale-11-settembre\/"]}]},{"@type":"ImageObject","inLanguage":"es","@id":"https:\/\/www.scuola.cl\/sivm\/scuola-digitale-11-settembre\/#primaryimage","url":"https:\/\/www.scuola.cl\/sivm\/wp-content\/uploads\/2017\/09\/Scuola_Digitale_11_settembre_miniatura.jpg","contentUrl":"https:\/\/www.scuola.cl\/sivm\/wp-content\/uploads\/2017\/09\/Scuola_Digitale_11_settembre_miniatura.jpg","width":900,"height":610},{"@type":"BreadcrumbList","@id":"https:\/\/www.scuola.cl\/sivm\/scuola-digitale-11-settembre\/#breadcrumb","itemListElement":[{"@type":"ListItem","position":1,"name":"Inicio","item":"https:\/\/www.scuola.cl\/sivm\/"},{"@type":"ListItem","position":2,"name":"Noticias","item":"https:\/\/www.scuola.cl\/sivm\/category\/noticias\/"},{"@type":"ListItem","position":3,"name":"Scuola Digitale 11 Settembre"}]},{"@type":"WebSite","@id":"https:\/\/www.scuola.cl\/sivm\/#website","url":"https:\/\/www.scuola.cl\/sivm\/","name":"Scuola Italiana","description":"Vittorio Montiglio","publisher":{"@id":"https:\/\/www.scuola.cl\/sivm\/#organization"},"potentialAction":[{"@type":"SearchAction","target":{"@type":"EntryPoint","urlTemplate":"https:\/\/www.scuola.cl\/sivm\/?s={search_term_string}"},"query-input":{"@type":"PropertyValueSpecification","valueRequired":true,"valueName":"search_term_string"}}],"inLanguage":"es"},{"@type":"Organization","@id":"https:\/\/www.scuola.cl\/sivm\/#organization","name":"Scuola Italiana Vittorio Montiglio","url":"https:\/\/www.scuola.cl\/sivm\/","logo":{"@type":"ImageObject","inLanguage":"es","@id":"https:\/\/www.scuola.cl\/sivm\/#\/schema\/logo\/image\/","url":"https:\/\/www.scuola.cl\/sivm\/wp-content\/uploads\/2019\/06\/Logo_Scuola-01-001-1000x1000.png","contentUrl":"https:\/\/www.scuola.cl\/sivm\/wp-content\/uploads\/2019\/06\/Logo_Scuola-01-001-1000x1000.png","width":1000,"height":1000,"caption":"Scuola Italiana Vittorio Montiglio"},"image":{"@id":"https:\/\/www.scuola.cl\/sivm\/#\/schema\/logo\/image\/"}},{"@type":"Person","@id":"https:\/\/www.scuola.cl\/sivm\/#\/schema\/person\/2ac68abc1b548ee6d8e16c4d3727d1b2","name":"Comunicaciones","image":{"@type":"ImageObject","inLanguage":"es","@id":"https:\/\/www.scuola.cl\/sivm\/#\/schema\/person\/image\/","url":"https:\/\/secure.gravatar.com\/avatar\/0b29fd7cdce1ec9939eded19ce85d6ed73acf03fb52d098b0641aed356fe6aeb?s=96&d=mm&r=g","contentUrl":"https:\/\/secure.gravatar.com\/avatar\/0b29fd7cdce1ec9939eded19ce85d6ed73acf03fb52d098b0641aed356fe6aeb?s=96&d=mm&r=g","caption":"Comunicaciones"},"url":"https:\/\/www.scuola.cl\/sivm\/author\/comunicaciones-scuola\/"}]}},"_links":{"self":[{"href":"https:\/\/www.scuola.cl\/sivm\/wp-json\/wp\/v2\/posts\/5050","targetHints":{"allow":["GET"]}}],"collection":[{"href":"https:\/\/www.scuola.cl\/sivm\/wp-json\/wp\/v2\/posts"}],"about":[{"href":"https:\/\/www.scuola.cl\/sivm\/wp-json\/wp\/v2\/types\/post"}],"author":[{"embeddable":true,"href":"https:\/\/www.scuola.cl\/sivm\/wp-json\/wp\/v2\/users\/2"}],"replies":[{"embeddable":true,"href":"https:\/\/www.scuola.cl\/sivm\/wp-json\/wp\/v2\/comments?post=5050"}],"version-history":[{"count":1,"href":"https:\/\/www.scuola.cl\/sivm\/wp-json\/wp\/v2\/posts\/5050\/revisions"}],"predecessor-version":[{"id":5052,"href":"https:\/\/www.scuola.cl\/sivm\/wp-json\/wp\/v2\/posts\/5050\/revisions\/5052"}],"wp:featuredmedia":[{"embeddable":true,"href":"https:\/\/www.scuola.cl\/sivm\/wp-json\/wp\/v2\/media\/5051"}],"wp:attachment":[{"href":"https:\/\/www.scuola.cl\/sivm\/wp-json\/wp\/v2\/media?parent=5050"}],"wp:term":[{"taxonomy":"category","embeddable":true,"href":"https:\/\/www.scuola.cl\/sivm\/wp-json\/wp\/v2\/categories?post=5050"},{"taxonomy":"post_tag","embeddable":true,"href":"https:\/\/www.scuola.cl\/sivm\/wp-json\/wp\/v2\/tags?post=5050"}],"curies":[{"name":"wp","href":"https:\/\/api.w.org\/{rel}","templated":true}]}}