{"id":4819,"date":"2017-08-21T13:09:58","date_gmt":"2017-08-21T16:09:58","guid":{"rendered":"http:\/\/www.scuola.cl\/sivm\/?p=4819"},"modified":"2017-08-28T16:44:43","modified_gmt":"2017-08-28T19:44:43","slug":"scuola-digitale-21","status":"publish","type":"post","link":"https:\/\/www.scuola.cl\/sivm\/scuola-digitale-21\/","title":{"rendered":"Scuola Digitale 21 Agosto"},"content":{"rendered":"<p>&nbsp;<\/p>\n<table style=\"width: 100%; font-family: Arial, Helvetica, sans-serif; border-collapse: collapse;\" border=\"0\">\n<tbody>\n<tr>\n<td style=\"width: 10%;\" rowspan=\"12\"><\/td>\n<td style=\"background-color: #16a66b; height: 100px;\">\n<table style=\"width: 100%; border-collapse: collapse;\" border=\"0\">\n<tbody>\n<tr style=\"background-color: #16a66b;\">\n<td style=\"font-size: 2.5em; color: #fff; font-weight: bold;\"><a style=\"font-size: 13px; font-weight: normal;\" href=\"http:\/\/www.commtrack.cl\/archivos\/sivm\/repositorio\/38bc11_banner_titulo2.png\"><span style=\"color: #333333; font-family: sans-serif, Arial, Verdana, 'Trebuchet MS';\"><img decoding=\"async\" src=\"http:\/\/www.commtrack.cl\/archivos\/sivm\/repositorio\/38bc11_banner_titulo2.png\" \/><\/span><\/a><\/td>\n<\/tr>\n<\/tbody>\n<\/table>\n<\/td>\n<td style=\"width: 10%;\" rowspan=\"12\"><\/td>\n<\/tr>\n<tr>\n<td style=\"padding: 10px;\"><span style=\"font-family: sans-serif, Arial, Verdana, 'Trebuchet MS';\"><img decoding=\"async\" style=\"width: 100%;\" src=\"#\" \/><a href=\"http:\/\/www.commtrack.cl\/archivos\/sivm\/repositorio\/61d1e7_Festa_nonni_1.jpg\"><img decoding=\"async\" style=\"width: 100%;\" src=\"http:\/\/www.commtrack.cl\/archivos\/sivm\/repositorio\/61d1e7_Festa_nonni_1.jpg\" alt=\"\" \/><\/a><!--<\/td--><\/span><\/td>\n<\/tr>\n<tr style=\"text-align: center;\">\n<td style=\"padding: 10px;\"><span style=\"text-align: center;\"><span style=\"font-family: sans-serif, Arial, Verdana, 'Trebuchet MS';\">FESTA DEI NONNI 2017<\/span><\/span><\/td>\n<\/tr>\n<tr style=\"text-align: center;\">\n<td style=\"padding: 10px;\"><span style=\"text-align: center;\"><span style=\"font-family: sans-serif, Arial, Verdana, 'Trebuchet MS';\">Como ya es tradici\u00f3n en la Scuola dell\u2019Infanzia, el viernes 18 de agosto los alumnos de la I Sezione recibieron a sus abuelos en una importante celebraci\u00f3n: la \u201cFesta dei Nonni\u201d. Para esta fiesta, los ni\u00f1os y sus maestras prepararon bailes, cantos, juegos y regalos, adem\u00e1s de una rica convivencia y una actividad de construcci\u00f3n con materiales reciclados.<\/span><\/span><\/td>\n<\/tr>\n<tr style=\"text-align: right;\">\n<td style=\"color: #16a66b; padding-right: 10px;\"><a style=\"text-align: right;\" href=\"http:\/\/www.scuola.cl\/sivm\/festa-dei-nonni-2017\/\"><span style=\"color: #333333; font-family: sans-serif, Arial, Verdana, 'Trebuchet MS';\">Leer m\u00e1s&#8230;<\/span><\/a><\/td>\n<\/tr>\n<tr>\n<td>\n<table style=\"width: 100%; border-collapse: collapse;\" border=\"0\">\n<tbody>\n<tr>\n<td style=\"padding: 10px;\"><span style=\"font-family: sans-serif, Arial, Verdana, 'Trebuchet MS';\"><img decoding=\"async\" style=\"width: 100%;\" src=\"#\" \/><a href=\"http:\/\/www.scuola.cl\/sivm\/wp-content\/uploads\/2017\/07\/Manierismo.jpg\"><img decoding=\"async\" style=\"width: 100%;\" src=\"http:\/\/www.scuola.cl\/sivm\/wp-content\/uploads\/2017\/07\/Manierismo.jpg\" alt=\"\" \/><\/a><\/span><\/td>\n<td style=\"padding: 10px;\"><span style=\"font-family: sans-serif, Arial, Verdana, 'Trebuchet MS';\"><img decoding=\"async\" style=\"width: 100%;\" src=\"#\" \/><a href=\"http:\/\/www.scuola.cl\/sivm\/wp-content\/uploads\/2017\/08\/babbo_cannoniere_ganadores_2017.jpg\"><img decoding=\"async\" style=\"width: 100%;\" src=\"http:\/\/www.scuola.cl\/sivm\/wp-content\/uploads\/2017\/08\/babbo_cannoniere_ganadores_2017.jpg\" alt=\"\" \/><\/a><\/span><\/td>\n<td style=\"padding: 10px;\"><span style=\"font-family: sans-serif, Arial, Verdana, 'Trebuchet MS';\"><img decoding=\"async\" style=\"width: 100%;\" src=\"#\" \/><a href=\"http:\/\/www.scuola.cl\/sivm\/wp-content\/uploads\/2017\/08\/cruzada_ascensor_abuelitos.jpg\"><img decoding=\"async\" style=\"width: 100%;\" src=\"http:\/\/www.scuola.cl\/sivm\/wp-content\/uploads\/2017\/08\/cruzada_ascensor_abuelitos.jpg\" alt=\"\" \/><\/a><\/span><\/td>\n<\/tr>\n<tr style=\"text-align: center;\">\n<td style=\"padding: 10px; width: 33%;\"><span style=\"text-align: center;\"><span style=\"font-family: sans-serif, Arial, Verdana, 'Trebuchet MS';\">CHARLA: \u201cIL MANIERISMO\u201d<\/span><\/span><\/td>\n<td style=\"padding: 10px; width: 33%;\"><span style=\"text-align: center;\"><span style=\"font-family: sans-serif, Arial, Verdana, 'Trebuchet MS';\">COPPA BABBO CANNONIERE<\/span><\/span><\/td>\n<td style=\"padding: 10px; width: 33%;\"><span style=\"font-family: sans-serif, Arial, Verdana, 'Trebuchet MS';\">CAMPA\u00d1A PREMIOS ALMUERZO<\/span><\/td>\n<\/tr>\n<tr style=\"text-align: center; vertical-align: top;\">\n<td style=\"padding: 10px; width: 33%;\"><span style=\"text-align: center;\"><span style=\"font-family: sans-serif, Arial, Verdana, 'Trebuchet MS';\">La Scuola Italiana y su Centro Cultural lo invitan a la 3era sesi\u00f3n de conferencias sobre arte italiano, impartido por la ex alumna y profesora Ughette De Girolamo del Mauro Zunino, Ph.D en Storia dell\u00b4 Arte della Universit\u00e0 degli Studi di Firenze.<\/span><\/span><\/td>\n<td style=\"padding: 10px; width: 33%;\"><span style=\"text-align: center;\"><span style=\"font-family: sans-serif, Arial, Verdana, 'Trebuchet MS';\">El jueves 17 de agosto se realiz\u00f3 la final de la 8\u00b0 versi\u00f3n de la Coppa Babbo Cannoniere. Una vez m\u00e1s se coron\u00f3 campe\u00f3n el equipo \u201cTrenta Milan\u201d, el segundo lugar fue para \u201cParrilleros F.C.\u201d y el tercero para \u201cMILAN PKC\u201d.<\/span><\/span><\/td>\n<td style=\"padding: 10px; width: 33%;\"><span style=\"font-family: sans-serif, Arial, Verdana, 'Trebuchet MS';\">Junto al Hogar Italiano, estamos impulsando la \u201cCruzada del ascensor\u201d, con la realizaci\u00f3n de un almuerzo el 1 de octubre en Stadio Italiano. Nos dirigimos a ustedes para pedirles su colaboraci\u00f3n en premios para este evento.<\/span><\/td>\n<\/tr>\n<tr style=\"text-align: right;\">\n<td style=\"color: #16a66b;\"><a style=\"text-align: right;\" href=\"http:\/\/www.scuola.cl\/sivm\/charla-il-manierismo\/\"><span style=\"color: #333333; font-family: sans-serif, Arial, Verdana, 'Trebuchet MS';\">Leer m\u00e1s&#8230;<\/span><\/a><\/td>\n<td style=\"color: #16a66b;\"><a style=\"text-align: right;\" href=\"http:\/\/www.scuola.cl\/sivm\/?p=4756\"><span style=\"color: #333333; font-family: sans-serif, Arial, Verdana, 'Trebuchet MS';\">Leer m\u00e1s&#8230;<\/span><\/a><\/td>\n<td style=\"color: #16a66b;\"><a href=\"http:\/\/www.scuola.cl\/sivm\/?p=4806\"><span style=\"color: #333333; font-family: sans-serif, Arial, Verdana, 'Trebuchet MS';\">Leer m\u00e1s&#8230;<\/span><\/a><\/td>\n<\/tr>\n<tr>\n<td style=\"padding: 10px;\"><span style=\"font-family: sans-serif, Arial, Verdana, 'Trebuchet MS';\"><img decoding=\"async\" style=\"width: 100%;\" src=\"#\" \/><a href=\"http:\/\/www.scuola.cl\/sivm\/bingo\/\"><img decoding=\"async\" style=\"width: 100%;\" src=\"http:\/\/www.scuola.cl\/sivm\/wp-content\/uploads\/2017\/08\/Bingo_Banner.jpg\" alt=\"\" \/><\/a><\/span><\/td>\n<td style=\"padding: 10px;\"><span style=\"font-family: sans-serif, Arial, Verdana, 'Trebuchet MS';\"><img decoding=\"async\" style=\"width: 100%;\" src=\"#\" \/><a href=\"http:\/\/www.scuola.cl\/sivm\/?p=4802\"><img decoding=\"async\" style=\"width: 100%;\" src=\"http:\/\/www.scuola.cl\/sivm\/wp-content\/uploads\/2017\/08\/Saludos_Flores_Hogar_Italiano.jpg\" alt=\"\" \/><\/a><\/span><\/td>\n<td style=\"padding: 10px;\"><span style=\"font-family: sans-serif, Arial, Verdana, 'Trebuchet MS';\"><img decoding=\"async\" style=\"width: 100%;\" src=\"#\" \/><a href=\"http:\/\/www.scuola.cl\/sivm\/?p=4796\"><img decoding=\"async\" style=\"width: 100%;\" src=\"http:\/\/www.scuola.cl\/sivm\/wp-content\/uploads\/2017\/08\/think_first_alemana.jpg\" alt=\"\" \/><\/a><\/span><\/td>\n<\/tr>\n<tr style=\"text-align: center;\">\n<td style=\"padding: 10px; width: 33%;\"><span style=\"font-family: sans-serif, Arial, Verdana, 'Trebuchet MS';\">S\u00c1BADO: GRAN BINGO SCUOLA<\/span><\/td>\n<td style=\"padding: 10px; width: 33%;\"><span style=\"font-family: sans-serif, Arial, Verdana, 'Trebuchet MS';\">SALUDOS MES DE LA SOLIDARIDAD<\/span><\/td>\n<td style=\"padding: 10px; width: 33%;\"><span style=\"font-family: sans-serif, Arial, Verdana, 'Trebuchet MS';\">PROGRAMA THINKFIRST<\/span><\/td>\n<\/tr>\n<tr style=\"text-align: center; vertical-align: top;\">\n<td style=\"padding: 10px; width: 33%;\"><span style=\"font-family: sans-serif, Arial, Verdana, 'Trebuchet MS';\">Les recordamos que el s\u00e1bado 26 de agosto se realizar\u00e1 el Gran Bingo Scuola Pro-fondos Viaggio di Studio 2018. \u00a1Los invitamos a participar junto a su familia y amigos! Venta de entradas con los alumnos de II\u00b0 Medio.<\/span><\/td>\n<td style=\"padding: 10px; width: 33%;\"><span style=\"font-family: sans-serif, Arial, Verdana, 'Trebuchet MS';\">En el marco del Mes de la Solidaridad, los profesores de la unidad Valores Universales quisieron estar tambi\u00e9n presentes con este valor, organizando una actividad para involucrar y reflexionar junto a los alumnos.<\/span><\/td>\n<td style=\"padding: 10px; width: 33%;\">La Unidad de Enfermer\u00eda coordin\u00f3 la visita del programa ThinkFirst de Cl\u00ednica Alemana, con el fin de educar a nuestros ni\u00f1os sobre la importancia de respetar la vida y evitar accidentes que puedan tener consecuencias fatales.<\/td>\n<\/tr>\n<tr style=\"text-align: right;\">\n<td style=\"color: #16a66b;\"><a href=\"http:\/\/www.scuola.cl\/sivm\/bingo\/\"><span style=\"color: #333333; font-family: sans-serif, Arial, Verdana, 'Trebuchet MS';\">Leer m\u00e1s&#8230;<\/span><\/a><\/td>\n<td style=\"color: #16a66b;\"><a href=\"http:\/\/www.scuola.cl\/sivm\/?p=4802\"><span style=\"color: #333333; font-family: sans-serif, Arial, Verdana, 'Trebuchet MS';\">Leer m\u00e1s&#8230;<\/span><\/a><\/td>\n<td style=\"color: #16a66b;\"><a href=\"http:\/\/www.scuola.cl\/sivm\/?p=4796\"><span style=\"color: #333333; font-family: sans-serif, Arial, Verdana, 'Trebuchet MS';\">Leer m\u00e1s&#8230;<\/span><\/a><\/td>\n<\/tr>\n<\/tbody>\n<\/table>\n<\/td>\n<\/tr>\n<tr>\n<td style=\"height: 100px; text-align: center; vertical-align: middle;\"><span style=\"font-family: sans-serif, Arial, Verdana, 'Trebuchet MS';\"><a href=\"http:\/\/www.scuola.cl\/sivm\/category\/noticias\/\" target=\"_blank\"><img decoding=\"async\" style=\"width: 135px; height: 92px;\" src=\"http:\/\/www.commtrack.cl\/archivos\/sivm\/repositorio\/da3b8c_btn_noticias.gif\" \/><\/a> <a href=\"http:\/\/www.scuola.cl\/sivm\/category\/noticias\/deportes\/\" target=\"_blank\"><img decoding=\"async\" style=\"width: 135px; height: 92px;\" src=\"http:\/\/www.commtrack.cl\/archivos\/sivm\/repositorio\/82bfb1_btn_deportes.gif\" \/><\/a> <a href=\"http:\/\/www.scuola.cl\/sivm\/category\/noticias\/cultura\/\" target=\"_blank\"><img decoding=\"async\" style=\"width: 135px; height: 92px;\" src=\"http:\/\/www.commtrack.cl\/archivos\/sivm\/repositorio\/bca075_btn_cultura.gif\" \/><\/a> <a href=\"http:\/\/www.scuola.cl\/sivm\/category\/noticias\/solidaridad\/\" target=\"_blank\"><img decoding=\"async\" style=\"width: 135px; height: 92px;\" src=\"http:\/\/www.commtrack.cl\/archivos\/sivm\/repositorio\/c9baf3_btn_solidaridad.gif\" \/><\/a><\/span><\/td>\n<\/tr>\n<tr>\n<td style=\"text-align: center; vertical-align: middle;\"><span style=\"font-family: sans-serif, Arial, Verdana, 'Trebuchet MS';\"><a href=\"http:\/\/www.scuola.cl\/sivm\/centro-cultural\/\" target=\"_blank\"><img decoding=\"async\" style=\"width: 100%;\" src=\"http:\/\/www.commtrack.cl\/archivos\/sivm\/repositorio\/b75a4e_banner_ccs.png\" \/><\/a><\/span><\/td>\n<\/tr>\n<tr style=\"background-color: #16a66b; text-align: right;\">\n<td>\n<table style=\"width: 100%; text-align: right; border-collapse: collapse;\" border=\"0\">\n<tbody>\n<tr>\n<td style=\"font-size: 1em; color: #fff;\"><span style=\"color: #333333; font-family: sans-serif, Arial, Verdana, 'Trebuchet MS';\">Comunicaciones y Difusi\u00f3n &#8211; Scuola Italiana \u00abVittorio Montiglio\u00bb<\/span><\/td>\n<td style=\"width: 120px; padding: 5px;\"><span style=\"color: #333333; font-family: sans-serif, Arial, Verdana, 'Trebuchet MS';\"><a href=\"https:\/\/www.facebook.com\/scuolaitaliana.santiago\/\" target=\"_blank\"><img decoding=\"async\" style=\"width: 25px;\" src=\"http:\/\/www.commtrack.cl\/archivos\/sivm\/repositorio\/dd43ff_btn_facebook.png\" \/><\/a> <a href=\"https:\/\/twitter.com\/scuolaitstgo\" target=\"_blank\"><img decoding=\"async\" style=\"width: 25px;\" src=\"http:\/\/www.commtrack.cl\/archivos\/sivm\/repositorio\/5a67a1_btn_twitter.png\" \/><\/a> <a href=\"https:\/\/www.youtube.com\/channel\/UCk42KNgZG9YGYWvc2Y0HxcQ\" target=\"_blank\"><img decoding=\"async\" style=\"width: 25px;\" src=\"http:\/\/www.commtrack.cl\/archivos\/sivm\/repositorio\/eeca29_btn_youtube.png\" \/><\/a> <a href=\"http:\/\/www.scuola.cl\/sivm\/\" target=\"_blank\"><img decoding=\"async\" style=\"width: 25px;\" src=\"http:\/\/www.commtrack.cl\/archivos\/sivm\/repositorio\/a1f864_btn_web.png\" \/><\/a><\/span><\/td>\n<\/tr>\n<\/tbody>\n<\/table>\n<\/td>\n<\/tr>\n<\/tbody>\n<\/table>\n","protected":false},"excerpt":{"rendered":"En la cuarta edici\u00f3n de Scuola Digitale, podr\u00e1n encontrar informaci\u00f3n sobre la Festa dei Nonni, la pr\u00f3xima charla que se presentar\u00e1 en el Centro Cultural Scuola, los resultados de la final de la Coppa Babbo Cannoniere y m\u00e1s.","protected":false},"author":2,"featured_media":4824,"comment_status":"open","ping_status":"open","sticky":false,"template":"","format":"standard","meta":{"_acf_changed":false,"footnotes":""},"categories":[5],"tags":[],"class_list":["post-4819","post","type-post","status-publish","format-standard","has-post-thumbnail","hentry","category-noticias"],"acf":[],"yoast_head":"<!-- This site is optimized with the Yoast SEO plugin v27.1.1 - https:\/\/yoast.com\/product\/yoast-seo-wordpress\/ -->\n<title>Scuola Digitale 21 Agosto - Scuola Italiana<\/title>\n<meta name=\"robots\" content=\"index, follow, max-snippet:-1, max-image-preview:large, max-video-preview:-1\" \/>\n<link rel=\"canonical\" href=\"https:\/\/www.scuola.cl\/sivm\/scuola-digitale-21\/\" \/>\n<meta property=\"og:locale\" content=\"es_ES\" \/>\n<meta property=\"og:type\" content=\"article\" \/>\n<meta property=\"og:title\" content=\"Scuola Digitale 21 Agosto - Scuola Italiana\" \/>\n<meta property=\"og:description\" content=\"En la cuarta edici\u00f3n de Scuola Digitale, podr\u00e1n encontrar informaci\u00f3n sobre la Festa dei Nonni, la pr\u00f3xima charla que se presentar\u00e1 en el Centro Cultural Scuola, los resultados de la final de la Coppa Babbo Cannoniere y m\u00e1s.\" \/>\n<meta property=\"og:url\" content=\"https:\/\/www.scuola.cl\/sivm\/scuola-digitale-21\/\" \/>\n<meta property=\"og:site_name\" content=\"Scuola Italiana\" \/>\n<meta property=\"article:published_time\" content=\"2017-08-21T16:09:58+00:00\" \/>\n<meta property=\"article:modified_time\" content=\"2017-08-28T19:44:43+00:00\" \/>\n<meta property=\"og:image\" content=\"https:\/\/www.scuola.cl\/sivm\/wp-content\/uploads\/2017\/08\/Scuola_Digitale_21_agosto_miniatura.jpg\" \/>\n\t<meta property=\"og:image:width\" content=\"900\" \/>\n\t<meta property=\"og:image:height\" content=\"610\" \/>\n\t<meta property=\"og:image:type\" content=\"image\/jpeg\" \/>\n<meta name=\"author\" content=\"Comunicaciones\" \/>\n<meta name=\"twitter:card\" content=\"summary_large_image\" \/>\n<meta name=\"twitter:label1\" content=\"Escrito por\" \/>\n\t<meta name=\"twitter:data1\" content=\"Comunicaciones\" \/>\n\t<meta name=\"twitter:label2\" content=\"Tiempo de lectura\" \/>\n\t<meta name=\"twitter:data2\" content=\"2 minutos\" \/>\n<script type=\"application\/ld+json\" class=\"yoast-schema-graph\">{\"@context\":\"https:\/\/schema.org\",\"@graph\":[{\"@type\":\"Article\",\"@id\":\"https:\/\/www.scuola.cl\/sivm\/scuola-digitale-21\/#article\",\"isPartOf\":{\"@id\":\"https:\/\/www.scuola.cl\/sivm\/scuola-digitale-21\/\"},\"author\":{\"name\":\"Comunicaciones\",\"@id\":\"https:\/\/www.scuola.cl\/sivm\/#\/schema\/person\/2ac68abc1b548ee6d8e16c4d3727d1b2\"},\"headline\":\"Scuola Digitale 21 Agosto\",\"datePublished\":\"2017-08-21T16:09:58+00:00\",\"dateModified\":\"2017-08-28T19:44:43+00:00\",\"mainEntityOfPage\":{\"@id\":\"https:\/\/www.scuola.cl\/sivm\/scuola-digitale-21\/\"},\"wordCount\":356,\"commentCount\":0,\"publisher\":{\"@id\":\"https:\/\/www.scuola.cl\/sivm\/#organization\"},\"image\":{\"@id\":\"https:\/\/www.scuola.cl\/sivm\/scuola-digitale-21\/#primaryimage\"},\"thumbnailUrl\":\"https:\/\/www.scuola.cl\/sivm\/wp-content\/uploads\/2017\/08\/Scuola_Digitale_21_agosto_miniatura.jpg\",\"articleSection\":[\"Noticias\"],\"inLanguage\":\"es\",\"potentialAction\":[{\"@type\":\"CommentAction\",\"name\":\"Comment\",\"target\":[\"https:\/\/www.scuola.cl\/sivm\/scuola-digitale-21\/#respond\"]}]},{\"@type\":\"WebPage\",\"@id\":\"https:\/\/www.scuola.cl\/sivm\/scuola-digitale-21\/\",\"url\":\"https:\/\/www.scuola.cl\/sivm\/scuola-digitale-21\/\",\"name\":\"Scuola Digitale 21 Agosto - Scuola Italiana\",\"isPartOf\":{\"@id\":\"https:\/\/www.scuola.cl\/sivm\/#website\"},\"primaryImageOfPage\":{\"@id\":\"https:\/\/www.scuola.cl\/sivm\/scuola-digitale-21\/#primaryimage\"},\"image\":{\"@id\":\"https:\/\/www.scuola.cl\/sivm\/scuola-digitale-21\/#primaryimage\"},\"thumbnailUrl\":\"https:\/\/www.scuola.cl\/sivm\/wp-content\/uploads\/2017\/08\/Scuola_Digitale_21_agosto_miniatura.jpg\",\"datePublished\":\"2017-08-21T16:09:58+00:00\",\"dateModified\":\"2017-08-28T19:44:43+00:00\",\"breadcrumb\":{\"@id\":\"https:\/\/www.scuola.cl\/sivm\/scuola-digitale-21\/#breadcrumb\"},\"inLanguage\":\"es\",\"potentialAction\":[{\"@type\":\"ReadAction\",\"target\":[\"https:\/\/www.scuola.cl\/sivm\/scuola-digitale-21\/\"]}]},{\"@type\":\"ImageObject\",\"inLanguage\":\"es\",\"@id\":\"https:\/\/www.scuola.cl\/sivm\/scuola-digitale-21\/#primaryimage\",\"url\":\"https:\/\/www.scuola.cl\/sivm\/wp-content\/uploads\/2017\/08\/Scuola_Digitale_21_agosto_miniatura.jpg\",\"contentUrl\":\"https:\/\/www.scuola.cl\/sivm\/wp-content\/uploads\/2017\/08\/Scuola_Digitale_21_agosto_miniatura.jpg\",\"width\":900,\"height\":610},{\"@type\":\"BreadcrumbList\",\"@id\":\"https:\/\/www.scuola.cl\/sivm\/scuola-digitale-21\/#breadcrumb\",\"itemListElement\":[{\"@type\":\"ListItem\",\"position\":1,\"name\":\"Inicio\",\"item\":\"https:\/\/www.scuola.cl\/sivm\/\"},{\"@type\":\"ListItem\",\"position\":2,\"name\":\"Noticias\",\"item\":\"https:\/\/www.scuola.cl\/sivm\/category\/noticias\/\"},{\"@type\":\"ListItem\",\"position\":3,\"name\":\"Scuola Digitale 21 Agosto\"}]},{\"@type\":\"WebSite\",\"@id\":\"https:\/\/www.scuola.cl\/sivm\/#website\",\"url\":\"https:\/\/www.scuola.cl\/sivm\/\",\"name\":\"Scuola Italiana\",\"description\":\"Vittorio Montiglio\",\"publisher\":{\"@id\":\"https:\/\/www.scuola.cl\/sivm\/#organization\"},\"potentialAction\":[{\"@type\":\"SearchAction\",\"target\":{\"@type\":\"EntryPoint\",\"urlTemplate\":\"https:\/\/www.scuola.cl\/sivm\/?s={search_term_string}\"},\"query-input\":{\"@type\":\"PropertyValueSpecification\",\"valueRequired\":true,\"valueName\":\"search_term_string\"}}],\"inLanguage\":\"es\"},{\"@type\":\"Organization\",\"@id\":\"https:\/\/www.scuola.cl\/sivm\/#organization\",\"name\":\"Scuola Italiana Vittorio Montiglio\",\"url\":\"https:\/\/www.scuola.cl\/sivm\/\",\"logo\":{\"@type\":\"ImageObject\",\"inLanguage\":\"es\",\"@id\":\"https:\/\/www.scuola.cl\/sivm\/#\/schema\/logo\/image\/\",\"url\":\"https:\/\/www.scuola.cl\/sivm\/wp-content\/uploads\/2019\/06\/Logo_Scuola-01-001-1000x1000.png\",\"contentUrl\":\"https:\/\/www.scuola.cl\/sivm\/wp-content\/uploads\/2019\/06\/Logo_Scuola-01-001-1000x1000.png\",\"width\":1000,\"height\":1000,\"caption\":\"Scuola Italiana Vittorio Montiglio\"},\"image\":{\"@id\":\"https:\/\/www.scuola.cl\/sivm\/#\/schema\/logo\/image\/\"}},{\"@type\":\"Person\",\"@id\":\"https:\/\/www.scuola.cl\/sivm\/#\/schema\/person\/2ac68abc1b548ee6d8e16c4d3727d1b2\",\"name\":\"Comunicaciones\",\"image\":{\"@type\":\"ImageObject\",\"inLanguage\":\"es\",\"@id\":\"https:\/\/www.scuola.cl\/sivm\/#\/schema\/person\/image\/\",\"url\":\"https:\/\/secure.gravatar.com\/avatar\/0b29fd7cdce1ec9939eded19ce85d6ed73acf03fb52d098b0641aed356fe6aeb?s=96&d=mm&r=g\",\"contentUrl\":\"https:\/\/secure.gravatar.com\/avatar\/0b29fd7cdce1ec9939eded19ce85d6ed73acf03fb52d098b0641aed356fe6aeb?s=96&d=mm&r=g\",\"caption\":\"Comunicaciones\"},\"url\":\"https:\/\/www.scuola.cl\/sivm\/author\/comunicaciones-scuola\/\"}]}<\/script>\n<!-- \/ Yoast SEO plugin. -->","yoast_head_json":{"title":"Scuola Digitale 21 Agosto - Scuola Italiana","robots":{"index":"index","follow":"follow","max-snippet":"max-snippet:-1","max-image-preview":"max-image-preview:large","max-video-preview":"max-video-preview:-1"},"canonical":"https:\/\/www.scuola.cl\/sivm\/scuola-digitale-21\/","og_locale":"es_ES","og_type":"article","og_title":"Scuola Digitale 21 Agosto - Scuola Italiana","og_description":"En la cuarta edici\u00f3n de Scuola Digitale, podr\u00e1n encontrar informaci\u00f3n sobre la Festa dei Nonni, la pr\u00f3xima charla que se presentar\u00e1 en el Centro Cultural Scuola, los resultados de la final de la Coppa Babbo Cannoniere y m\u00e1s.","og_url":"https:\/\/www.scuola.cl\/sivm\/scuola-digitale-21\/","og_site_name":"Scuola Italiana","article_published_time":"2017-08-21T16:09:58+00:00","article_modified_time":"2017-08-28T19:44:43+00:00","og_image":[{"width":900,"height":610,"url":"https:\/\/www.scuola.cl\/sivm\/wp-content\/uploads\/2017\/08\/Scuola_Digitale_21_agosto_miniatura.jpg","type":"image\/jpeg"}],"author":"Comunicaciones","twitter_card":"summary_large_image","twitter_misc":{"Escrito por":"Comunicaciones","Tiempo de lectura":"2 minutos"},"schema":{"@context":"https:\/\/schema.org","@graph":[{"@type":"Article","@id":"https:\/\/www.scuola.cl\/sivm\/scuola-digitale-21\/#article","isPartOf":{"@id":"https:\/\/www.scuola.cl\/sivm\/scuola-digitale-21\/"},"author":{"name":"Comunicaciones","@id":"https:\/\/www.scuola.cl\/sivm\/#\/schema\/person\/2ac68abc1b548ee6d8e16c4d3727d1b2"},"headline":"Scuola Digitale 21 Agosto","datePublished":"2017-08-21T16:09:58+00:00","dateModified":"2017-08-28T19:44:43+00:00","mainEntityOfPage":{"@id":"https:\/\/www.scuola.cl\/sivm\/scuola-digitale-21\/"},"wordCount":356,"commentCount":0,"publisher":{"@id":"https:\/\/www.scuola.cl\/sivm\/#organization"},"image":{"@id":"https:\/\/www.scuola.cl\/sivm\/scuola-digitale-21\/#primaryimage"},"thumbnailUrl":"https:\/\/www.scuola.cl\/sivm\/wp-content\/uploads\/2017\/08\/Scuola_Digitale_21_agosto_miniatura.jpg","articleSection":["Noticias"],"inLanguage":"es","potentialAction":[{"@type":"CommentAction","name":"Comment","target":["https:\/\/www.scuola.cl\/sivm\/scuola-digitale-21\/#respond"]}]},{"@type":"WebPage","@id":"https:\/\/www.scuola.cl\/sivm\/scuola-digitale-21\/","url":"https:\/\/www.scuola.cl\/sivm\/scuola-digitale-21\/","name":"Scuola Digitale 21 Agosto - Scuola Italiana","isPartOf":{"@id":"https:\/\/www.scuola.cl\/sivm\/#website"},"primaryImageOfPage":{"@id":"https:\/\/www.scuola.cl\/sivm\/scuola-digitale-21\/#primaryimage"},"image":{"@id":"https:\/\/www.scuola.cl\/sivm\/scuola-digitale-21\/#primaryimage"},"thumbnailUrl":"https:\/\/www.scuola.cl\/sivm\/wp-content\/uploads\/2017\/08\/Scuola_Digitale_21_agosto_miniatura.jpg","datePublished":"2017-08-21T16:09:58+00:00","dateModified":"2017-08-28T19:44:43+00:00","breadcrumb":{"@id":"https:\/\/www.scuola.cl\/sivm\/scuola-digitale-21\/#breadcrumb"},"inLanguage":"es","potentialAction":[{"@type":"ReadAction","target":["https:\/\/www.scuola.cl\/sivm\/scuola-digitale-21\/"]}]},{"@type":"ImageObject","inLanguage":"es","@id":"https:\/\/www.scuola.cl\/sivm\/scuola-digitale-21\/#primaryimage","url":"https:\/\/www.scuola.cl\/sivm\/wp-content\/uploads\/2017\/08\/Scuola_Digitale_21_agosto_miniatura.jpg","contentUrl":"https:\/\/www.scuola.cl\/sivm\/wp-content\/uploads\/2017\/08\/Scuola_Digitale_21_agosto_miniatura.jpg","width":900,"height":610},{"@type":"BreadcrumbList","@id":"https:\/\/www.scuola.cl\/sivm\/scuola-digitale-21\/#breadcrumb","itemListElement":[{"@type":"ListItem","position":1,"name":"Inicio","item":"https:\/\/www.scuola.cl\/sivm\/"},{"@type":"ListItem","position":2,"name":"Noticias","item":"https:\/\/www.scuola.cl\/sivm\/category\/noticias\/"},{"@type":"ListItem","position":3,"name":"Scuola Digitale 21 Agosto"}]},{"@type":"WebSite","@id":"https:\/\/www.scuola.cl\/sivm\/#website","url":"https:\/\/www.scuola.cl\/sivm\/","name":"Scuola Italiana","description":"Vittorio Montiglio","publisher":{"@id":"https:\/\/www.scuola.cl\/sivm\/#organization"},"potentialAction":[{"@type":"SearchAction","target":{"@type":"EntryPoint","urlTemplate":"https:\/\/www.scuola.cl\/sivm\/?s={search_term_string}"},"query-input":{"@type":"PropertyValueSpecification","valueRequired":true,"valueName":"search_term_string"}}],"inLanguage":"es"},{"@type":"Organization","@id":"https:\/\/www.scuola.cl\/sivm\/#organization","name":"Scuola Italiana Vittorio Montiglio","url":"https:\/\/www.scuola.cl\/sivm\/","logo":{"@type":"ImageObject","inLanguage":"es","@id":"https:\/\/www.scuola.cl\/sivm\/#\/schema\/logo\/image\/","url":"https:\/\/www.scuola.cl\/sivm\/wp-content\/uploads\/2019\/06\/Logo_Scuola-01-001-1000x1000.png","contentUrl":"https:\/\/www.scuola.cl\/sivm\/wp-content\/uploads\/2019\/06\/Logo_Scuola-01-001-1000x1000.png","width":1000,"height":1000,"caption":"Scuola Italiana Vittorio Montiglio"},"image":{"@id":"https:\/\/www.scuola.cl\/sivm\/#\/schema\/logo\/image\/"}},{"@type":"Person","@id":"https:\/\/www.scuola.cl\/sivm\/#\/schema\/person\/2ac68abc1b548ee6d8e16c4d3727d1b2","name":"Comunicaciones","image":{"@type":"ImageObject","inLanguage":"es","@id":"https:\/\/www.scuola.cl\/sivm\/#\/schema\/person\/image\/","url":"https:\/\/secure.gravatar.com\/avatar\/0b29fd7cdce1ec9939eded19ce85d6ed73acf03fb52d098b0641aed356fe6aeb?s=96&d=mm&r=g","contentUrl":"https:\/\/secure.gravatar.com\/avatar\/0b29fd7cdce1ec9939eded19ce85d6ed73acf03fb52d098b0641aed356fe6aeb?s=96&d=mm&r=g","caption":"Comunicaciones"},"url":"https:\/\/www.scuola.cl\/sivm\/author\/comunicaciones-scuola\/"}]}},"_links":{"self":[{"href":"https:\/\/www.scuola.cl\/sivm\/wp-json\/wp\/v2\/posts\/4819","targetHints":{"allow":["GET"]}}],"collection":[{"href":"https:\/\/www.scuola.cl\/sivm\/wp-json\/wp\/v2\/posts"}],"about":[{"href":"https:\/\/www.scuola.cl\/sivm\/wp-json\/wp\/v2\/types\/post"}],"author":[{"embeddable":true,"href":"https:\/\/www.scuola.cl\/sivm\/wp-json\/wp\/v2\/users\/2"}],"replies":[{"embeddable":true,"href":"https:\/\/www.scuola.cl\/sivm\/wp-json\/wp\/v2\/comments?post=4819"}],"version-history":[{"count":3,"href":"https:\/\/www.scuola.cl\/sivm\/wp-json\/wp\/v2\/posts\/4819\/revisions"}],"predecessor-version":[{"id":4932,"href":"https:\/\/www.scuola.cl\/sivm\/wp-json\/wp\/v2\/posts\/4819\/revisions\/4932"}],"wp:featuredmedia":[{"embeddable":true,"href":"https:\/\/www.scuola.cl\/sivm\/wp-json\/wp\/v2\/media\/4824"}],"wp:attachment":[{"href":"https:\/\/www.scuola.cl\/sivm\/wp-json\/wp\/v2\/media?parent=4819"}],"wp:term":[{"taxonomy":"category","embeddable":true,"href":"https:\/\/www.scuola.cl\/sivm\/wp-json\/wp\/v2\/categories?post=4819"},{"taxonomy":"post_tag","embeddable":true,"href":"https:\/\/www.scuola.cl\/sivm\/wp-json\/wp\/v2\/tags?post=4819"}],"curies":[{"name":"wp","href":"https:\/\/api.w.org\/{rel}","templated":true}]}}