{"id":4796,"date":"2017-08-16T16:21:33","date_gmt":"2017-08-16T19:21:33","guid":{"rendered":"http:\/\/www.scuola.cl\/sivm\/?p=4796"},"modified":"2017-08-21T13:20:11","modified_gmt":"2017-08-21T16:20:11","slug":"programa-thinkfirst","status":"publish","type":"post","link":"https:\/\/www.scuola.cl\/sivm\/programa-thinkfirst\/","title":{"rendered":"Programa ThinkFirst"},"content":{"rendered":"<p>(Por Stella De Luigi, Enfermer\u00eda)<\/p>\n<p>&nbsp;<\/p>\n<p>Considerando que las lesiones traum\u00e1ticas son las principales causas de muerte y discapacidad entre ni\u00f1os, adolescentes y adultos j\u00f3venes, y que \u00e9stas en su mayor\u00eda son prevenibles, solicitamos a Cl\u00ednica Alemana, compartir con nosotros un programa de prevenci\u00f3n que comenzaron a aplicar este a\u00f1o, para impartirlo a los alumnos de tercero b\u00e1sico.<\/p>\n<p>&nbsp;<\/p>\n<p>El objetivo principal de ThinkFirst, programa realizado en alianza con la fundaci\u00f3n estadounidense National Injury Prevention Foundation, es la prevenci\u00f3n de lesiones ocurridas en accidentes o situaciones de alto riesgo y est\u00e1 enfocado en la educaci\u00f3n de ni\u00f1os, adolescentes y j\u00f3venes; ayudando a \u00e9stos a entender la importancia de respetar la vida, protegiendo la suya y la de los dem\u00e1s, lo que les servir\u00e1 para desarrollar h\u00e1bitos de autocuidado seguros y evitar accidentes que pueden tener consecuencias nefastas.<\/p>\n<p>&nbsp;<\/p>\n<p>Esta actividad se realiz\u00f3 en cada curso por separado a inicios del mes de agosto, a trav\u00e9s de una metodolog\u00eda din\u00e1mica y l\u00fadica, logrando la activa participaci\u00f3n de los alumnos.<\/p>\n<p>&nbsp;<\/p>\n<p>Dentro de los contenidos abordados, est\u00e1n c\u00f3mo proteger el cerebro y m\u00e9dula espinal, la seguridad en veh\u00edculos, la seguridad en los peatones, uso de casco y seguridad en el agua.<\/p>\n<p>&nbsp;<\/p>\n<p>Qu\u00e9 opinaron nuestros ni\u00f1os:<\/p>\n<p>&nbsp;<\/p>\n<p>Tom\u00e1s (3\u00b0B): \u201cYo sab\u00eda casi todo lo que dijeron, uso casco y me pongo el cintur\u00f3n. Lo que no sab\u00eda era que pod\u00edan explotar los \u00f3rganos si el cintur\u00f3n est\u00e1 mal puesto\u201d.<\/p>\n<p>&nbsp;<\/p>\n<p>Antonella (3\u00b0D): \u201cMostraron como el cerebro se puede romper, eso se me qued\u00f3 grabado. Tambi\u00e9n aprend\u00ed que hay que cuidar la espalda porque de ah\u00ed salen los cables que nos hacen movernos\u201d.<\/p>\n<p>&nbsp;<\/p>\n<p>Roberta (3\u00b0B): \u201cFue divertido y aprend\u00ed como evitar riesgos para que no me pase algo grave. Tambi\u00e9n aprend\u00ed qu\u00e9 pasa cuando uno no se protege\u201d.<\/p>\n<p>&nbsp;<\/p>\n<p>Raimundo (3\u00b0C): \u201cAprend\u00ed a usar las cosas como se deben, el casco debe quedar ajustado. Aprend\u00ed a tener m\u00e1s cuidado en las piscinas\u201d.<\/p>\n<p>&nbsp;<\/p>\n<p>Pedro y Camila (3\u00b0A): \u201cFue entretenido y aprendimos cosas nuevas, como qu\u00e9 hacer si encontramos un arma en la casa. Tampoco sab\u00edamos cu\u00e1l es la zona segura para que un conductor nos vea si tenemos que pasar por delante del veh\u00edculo detenido\u201d.<\/p>\n<p>&nbsp;<\/p>\n<p>Teresa (3\u00b0C): \u201cAprend\u00ed que la m\u00e9dula no se repara y uno puede morir o no volver a caminar. Me gust\u00f3 el juego del cubo porque era entretenido y ten\u00eda premio\u201d.<\/p>\n<p>&nbsp;<\/p>\n<p>Felipe (3\u00b0D): \u201cDivertido. Me llam\u00f3 la atenci\u00f3n lo de los lagos y r\u00edos; no hab\u00eda pensado que me puedo estrellar la cabeza en una piedra si me tiro un piquero\u201d.<\/p>\n<p>&nbsp;<\/p>\n<p><img loading=\"lazy\" decoding=\"async\" width=\"700\" height=\"474\" class=\"alignnone size-large wp-image-4797\" src=\"http:\/\/www.scuola.cl\/sivm\/wp-content\/uploads\/2017\/08\/think_first_alemana-700x474.jpg\" alt=\"think_first_alemana\" srcset=\"https:\/\/www.scuola.cl\/sivm\/wp-content\/uploads\/2017\/08\/think_first_alemana-700x474.jpg 700w, https:\/\/www.scuola.cl\/sivm\/wp-content\/uploads\/2017\/08\/think_first_alemana-250x169.jpg 250w, https:\/\/www.scuola.cl\/sivm\/wp-content\/uploads\/2017\/08\/think_first_alemana-768x521.jpg 768w, https:\/\/www.scuola.cl\/sivm\/wp-content\/uploads\/2017\/08\/think_first_alemana-120x81.jpg 120w, https:\/\/www.scuola.cl\/sivm\/wp-content\/uploads\/2017\/08\/think_first_alemana.jpg 900w\" sizes=\"auto, (max-width: 700px) 100vw, 700px\" \/><\/p>\n","protected":false},"excerpt":{"rendered":"La Unidad de Enfermer\u00eda coordin\u00f3 la visita del programa ThinkFirst de Cl\u00ednica Alemana, con el fin de educar a nuestros ni\u00f1os sobre la importancia de respetar la vida y evitar accidentes que puedan tener consecuencias fatales.","protected":false},"author":2,"featured_media":4797,"comment_status":"open","ping_status":"open","sticky":false,"template":"","format":"standard","meta":{"_acf_changed":false,"footnotes":""},"categories":[5],"tags":[],"class_list":["post-4796","post","type-post","status-publish","format-standard","has-post-thumbnail","hentry","category-noticias"],"acf":[],"yoast_head":"<!-- This site is optimized with the Yoast SEO plugin v27.1.1 - https:\/\/yoast.com\/product\/yoast-seo-wordpress\/ -->\n<title>Programa ThinkFirst - Scuola Italiana<\/title>\n<meta name=\"robots\" content=\"index, follow, max-snippet:-1, max-image-preview:large, max-video-preview:-1\" \/>\n<link rel=\"canonical\" href=\"https:\/\/www.scuola.cl\/sivm\/programa-thinkfirst\/\" \/>\n<meta property=\"og:locale\" content=\"es_ES\" \/>\n<meta property=\"og:type\" content=\"article\" \/>\n<meta property=\"og:title\" content=\"Programa ThinkFirst - Scuola Italiana\" \/>\n<meta property=\"og:description\" content=\"La Unidad de Enfermer\u00eda coordin\u00f3 la visita del programa ThinkFirst de Cl\u00ednica Alemana, con el fin de educar a nuestros ni\u00f1os sobre la importancia de respetar la vida y evitar accidentes que puedan tener consecuencias fatales.\" \/>\n<meta property=\"og:url\" content=\"https:\/\/www.scuola.cl\/sivm\/programa-thinkfirst\/\" \/>\n<meta property=\"og:site_name\" content=\"Scuola Italiana\" \/>\n<meta property=\"article:published_time\" content=\"2017-08-16T19:21:33+00:00\" \/>\n<meta property=\"article:modified_time\" content=\"2017-08-21T16:20:11+00:00\" \/>\n<meta property=\"og:image\" content=\"https:\/\/www.scuola.cl\/sivm\/wp-content\/uploads\/2017\/08\/think_first_alemana.jpg\" \/>\n\t<meta property=\"og:image:width\" content=\"900\" \/>\n\t<meta property=\"og:image:height\" content=\"610\" \/>\n\t<meta property=\"og:image:type\" content=\"image\/jpeg\" \/>\n<meta name=\"author\" content=\"Comunicaciones\" \/>\n<meta name=\"twitter:card\" content=\"summary_large_image\" \/>\n<meta name=\"twitter:label1\" content=\"Escrito por\" \/>\n\t<meta name=\"twitter:data1\" content=\"Comunicaciones\" \/>\n\t<meta name=\"twitter:label2\" content=\"Tiempo de lectura\" \/>\n\t<meta name=\"twitter:data2\" content=\"2 minutos\" \/>\n<script type=\"application\/ld+json\" class=\"yoast-schema-graph\">{\"@context\":\"https:\/\/schema.org\",\"@graph\":[{\"@type\":\"Article\",\"@id\":\"https:\/\/www.scuola.cl\/sivm\/programa-thinkfirst\/#article\",\"isPartOf\":{\"@id\":\"https:\/\/www.scuola.cl\/sivm\/programa-thinkfirst\/\"},\"author\":{\"name\":\"Comunicaciones\",\"@id\":\"https:\/\/www.scuola.cl\/sivm\/#\/schema\/person\/2ac68abc1b548ee6d8e16c4d3727d1b2\"},\"headline\":\"Programa ThinkFirst\",\"datePublished\":\"2017-08-16T19:21:33+00:00\",\"dateModified\":\"2017-08-21T16:20:11+00:00\",\"mainEntityOfPage\":{\"@id\":\"https:\/\/www.scuola.cl\/sivm\/programa-thinkfirst\/\"},\"wordCount\":471,\"commentCount\":0,\"publisher\":{\"@id\":\"https:\/\/www.scuola.cl\/sivm\/#organization\"},\"image\":{\"@id\":\"https:\/\/www.scuola.cl\/sivm\/programa-thinkfirst\/#primaryimage\"},\"thumbnailUrl\":\"https:\/\/www.scuola.cl\/sivm\/wp-content\/uploads\/2017\/08\/think_first_alemana.jpg\",\"articleSection\":[\"Noticias\"],\"inLanguage\":\"es\",\"potentialAction\":[{\"@type\":\"CommentAction\",\"name\":\"Comment\",\"target\":[\"https:\/\/www.scuola.cl\/sivm\/programa-thinkfirst\/#respond\"]}]},{\"@type\":\"WebPage\",\"@id\":\"https:\/\/www.scuola.cl\/sivm\/programa-thinkfirst\/\",\"url\":\"https:\/\/www.scuola.cl\/sivm\/programa-thinkfirst\/\",\"name\":\"Programa ThinkFirst - Scuola Italiana\",\"isPartOf\":{\"@id\":\"https:\/\/www.scuola.cl\/sivm\/#website\"},\"primaryImageOfPage\":{\"@id\":\"https:\/\/www.scuola.cl\/sivm\/programa-thinkfirst\/#primaryimage\"},\"image\":{\"@id\":\"https:\/\/www.scuola.cl\/sivm\/programa-thinkfirst\/#primaryimage\"},\"thumbnailUrl\":\"https:\/\/www.scuola.cl\/sivm\/wp-content\/uploads\/2017\/08\/think_first_alemana.jpg\",\"datePublished\":\"2017-08-16T19:21:33+00:00\",\"dateModified\":\"2017-08-21T16:20:11+00:00\",\"breadcrumb\":{\"@id\":\"https:\/\/www.scuola.cl\/sivm\/programa-thinkfirst\/#breadcrumb\"},\"inLanguage\":\"es\",\"potentialAction\":[{\"@type\":\"ReadAction\",\"target\":[\"https:\/\/www.scuola.cl\/sivm\/programa-thinkfirst\/\"]}]},{\"@type\":\"ImageObject\",\"inLanguage\":\"es\",\"@id\":\"https:\/\/www.scuola.cl\/sivm\/programa-thinkfirst\/#primaryimage\",\"url\":\"https:\/\/www.scuola.cl\/sivm\/wp-content\/uploads\/2017\/08\/think_first_alemana.jpg\",\"contentUrl\":\"https:\/\/www.scuola.cl\/sivm\/wp-content\/uploads\/2017\/08\/think_first_alemana.jpg\",\"width\":900,\"height\":610},{\"@type\":\"BreadcrumbList\",\"@id\":\"https:\/\/www.scuola.cl\/sivm\/programa-thinkfirst\/#breadcrumb\",\"itemListElement\":[{\"@type\":\"ListItem\",\"position\":1,\"name\":\"Inicio\",\"item\":\"https:\/\/www.scuola.cl\/sivm\/\"},{\"@type\":\"ListItem\",\"position\":2,\"name\":\"Noticias\",\"item\":\"https:\/\/www.scuola.cl\/sivm\/category\/noticias\/\"},{\"@type\":\"ListItem\",\"position\":3,\"name\":\"Programa ThinkFirst\"}]},{\"@type\":\"WebSite\",\"@id\":\"https:\/\/www.scuola.cl\/sivm\/#website\",\"url\":\"https:\/\/www.scuola.cl\/sivm\/\",\"name\":\"Scuola Italiana\",\"description\":\"Vittorio Montiglio\",\"publisher\":{\"@id\":\"https:\/\/www.scuola.cl\/sivm\/#organization\"},\"potentialAction\":[{\"@type\":\"SearchAction\",\"target\":{\"@type\":\"EntryPoint\",\"urlTemplate\":\"https:\/\/www.scuola.cl\/sivm\/?s={search_term_string}\"},\"query-input\":{\"@type\":\"PropertyValueSpecification\",\"valueRequired\":true,\"valueName\":\"search_term_string\"}}],\"inLanguage\":\"es\"},{\"@type\":\"Organization\",\"@id\":\"https:\/\/www.scuola.cl\/sivm\/#organization\",\"name\":\"Scuola Italiana Vittorio Montiglio\",\"url\":\"https:\/\/www.scuola.cl\/sivm\/\",\"logo\":{\"@type\":\"ImageObject\",\"inLanguage\":\"es\",\"@id\":\"https:\/\/www.scuola.cl\/sivm\/#\/schema\/logo\/image\/\",\"url\":\"https:\/\/www.scuola.cl\/sivm\/wp-content\/uploads\/2019\/06\/Logo_Scuola-01-001-1000x1000.png\",\"contentUrl\":\"https:\/\/www.scuola.cl\/sivm\/wp-content\/uploads\/2019\/06\/Logo_Scuola-01-001-1000x1000.png\",\"width\":1000,\"height\":1000,\"caption\":\"Scuola Italiana Vittorio Montiglio\"},\"image\":{\"@id\":\"https:\/\/www.scuola.cl\/sivm\/#\/schema\/logo\/image\/\"}},{\"@type\":\"Person\",\"@id\":\"https:\/\/www.scuola.cl\/sivm\/#\/schema\/person\/2ac68abc1b548ee6d8e16c4d3727d1b2\",\"name\":\"Comunicaciones\",\"image\":{\"@type\":\"ImageObject\",\"inLanguage\":\"es\",\"@id\":\"https:\/\/www.scuola.cl\/sivm\/#\/schema\/person\/image\/\",\"url\":\"https:\/\/secure.gravatar.com\/avatar\/0b29fd7cdce1ec9939eded19ce85d6ed73acf03fb52d098b0641aed356fe6aeb?s=96&d=mm&r=g\",\"contentUrl\":\"https:\/\/secure.gravatar.com\/avatar\/0b29fd7cdce1ec9939eded19ce85d6ed73acf03fb52d098b0641aed356fe6aeb?s=96&d=mm&r=g\",\"caption\":\"Comunicaciones\"},\"url\":\"https:\/\/www.scuola.cl\/sivm\/author\/comunicaciones-scuola\/\"}]}<\/script>\n<!-- \/ Yoast SEO plugin. -->","yoast_head_json":{"title":"Programa ThinkFirst - Scuola Italiana","robots":{"index":"index","follow":"follow","max-snippet":"max-snippet:-1","max-image-preview":"max-image-preview:large","max-video-preview":"max-video-preview:-1"},"canonical":"https:\/\/www.scuola.cl\/sivm\/programa-thinkfirst\/","og_locale":"es_ES","og_type":"article","og_title":"Programa ThinkFirst - Scuola Italiana","og_description":"La Unidad de Enfermer\u00eda coordin\u00f3 la visita del programa ThinkFirst de Cl\u00ednica Alemana, con el fin de educar a nuestros ni\u00f1os sobre la importancia de respetar la vida y evitar accidentes que puedan tener consecuencias fatales.","og_url":"https:\/\/www.scuola.cl\/sivm\/programa-thinkfirst\/","og_site_name":"Scuola Italiana","article_published_time":"2017-08-16T19:21:33+00:00","article_modified_time":"2017-08-21T16:20:11+00:00","og_image":[{"width":900,"height":610,"url":"https:\/\/www.scuola.cl\/sivm\/wp-content\/uploads\/2017\/08\/think_first_alemana.jpg","type":"image\/jpeg"}],"author":"Comunicaciones","twitter_card":"summary_large_image","twitter_misc":{"Escrito por":"Comunicaciones","Tiempo de lectura":"2 minutos"},"schema":{"@context":"https:\/\/schema.org","@graph":[{"@type":"Article","@id":"https:\/\/www.scuola.cl\/sivm\/programa-thinkfirst\/#article","isPartOf":{"@id":"https:\/\/www.scuola.cl\/sivm\/programa-thinkfirst\/"},"author":{"name":"Comunicaciones","@id":"https:\/\/www.scuola.cl\/sivm\/#\/schema\/person\/2ac68abc1b548ee6d8e16c4d3727d1b2"},"headline":"Programa ThinkFirst","datePublished":"2017-08-16T19:21:33+00:00","dateModified":"2017-08-21T16:20:11+00:00","mainEntityOfPage":{"@id":"https:\/\/www.scuola.cl\/sivm\/programa-thinkfirst\/"},"wordCount":471,"commentCount":0,"publisher":{"@id":"https:\/\/www.scuola.cl\/sivm\/#organization"},"image":{"@id":"https:\/\/www.scuola.cl\/sivm\/programa-thinkfirst\/#primaryimage"},"thumbnailUrl":"https:\/\/www.scuola.cl\/sivm\/wp-content\/uploads\/2017\/08\/think_first_alemana.jpg","articleSection":["Noticias"],"inLanguage":"es","potentialAction":[{"@type":"CommentAction","name":"Comment","target":["https:\/\/www.scuola.cl\/sivm\/programa-thinkfirst\/#respond"]}]},{"@type":"WebPage","@id":"https:\/\/www.scuola.cl\/sivm\/programa-thinkfirst\/","url":"https:\/\/www.scuola.cl\/sivm\/programa-thinkfirst\/","name":"Programa ThinkFirst - Scuola Italiana","isPartOf":{"@id":"https:\/\/www.scuola.cl\/sivm\/#website"},"primaryImageOfPage":{"@id":"https:\/\/www.scuola.cl\/sivm\/programa-thinkfirst\/#primaryimage"},"image":{"@id":"https:\/\/www.scuola.cl\/sivm\/programa-thinkfirst\/#primaryimage"},"thumbnailUrl":"https:\/\/www.scuola.cl\/sivm\/wp-content\/uploads\/2017\/08\/think_first_alemana.jpg","datePublished":"2017-08-16T19:21:33+00:00","dateModified":"2017-08-21T16:20:11+00:00","breadcrumb":{"@id":"https:\/\/www.scuola.cl\/sivm\/programa-thinkfirst\/#breadcrumb"},"inLanguage":"es","potentialAction":[{"@type":"ReadAction","target":["https:\/\/www.scuola.cl\/sivm\/programa-thinkfirst\/"]}]},{"@type":"ImageObject","inLanguage":"es","@id":"https:\/\/www.scuola.cl\/sivm\/programa-thinkfirst\/#primaryimage","url":"https:\/\/www.scuola.cl\/sivm\/wp-content\/uploads\/2017\/08\/think_first_alemana.jpg","contentUrl":"https:\/\/www.scuola.cl\/sivm\/wp-content\/uploads\/2017\/08\/think_first_alemana.jpg","width":900,"height":610},{"@type":"BreadcrumbList","@id":"https:\/\/www.scuola.cl\/sivm\/programa-thinkfirst\/#breadcrumb","itemListElement":[{"@type":"ListItem","position":1,"name":"Inicio","item":"https:\/\/www.scuola.cl\/sivm\/"},{"@type":"ListItem","position":2,"name":"Noticias","item":"https:\/\/www.scuola.cl\/sivm\/category\/noticias\/"},{"@type":"ListItem","position":3,"name":"Programa ThinkFirst"}]},{"@type":"WebSite","@id":"https:\/\/www.scuola.cl\/sivm\/#website","url":"https:\/\/www.scuola.cl\/sivm\/","name":"Scuola Italiana","description":"Vittorio Montiglio","publisher":{"@id":"https:\/\/www.scuola.cl\/sivm\/#organization"},"potentialAction":[{"@type":"SearchAction","target":{"@type":"EntryPoint","urlTemplate":"https:\/\/www.scuola.cl\/sivm\/?s={search_term_string}"},"query-input":{"@type":"PropertyValueSpecification","valueRequired":true,"valueName":"search_term_string"}}],"inLanguage":"es"},{"@type":"Organization","@id":"https:\/\/www.scuola.cl\/sivm\/#organization","name":"Scuola Italiana Vittorio Montiglio","url":"https:\/\/www.scuola.cl\/sivm\/","logo":{"@type":"ImageObject","inLanguage":"es","@id":"https:\/\/www.scuola.cl\/sivm\/#\/schema\/logo\/image\/","url":"https:\/\/www.scuola.cl\/sivm\/wp-content\/uploads\/2019\/06\/Logo_Scuola-01-001-1000x1000.png","contentUrl":"https:\/\/www.scuola.cl\/sivm\/wp-content\/uploads\/2019\/06\/Logo_Scuola-01-001-1000x1000.png","width":1000,"height":1000,"caption":"Scuola Italiana Vittorio Montiglio"},"image":{"@id":"https:\/\/www.scuola.cl\/sivm\/#\/schema\/logo\/image\/"}},{"@type":"Person","@id":"https:\/\/www.scuola.cl\/sivm\/#\/schema\/person\/2ac68abc1b548ee6d8e16c4d3727d1b2","name":"Comunicaciones","image":{"@type":"ImageObject","inLanguage":"es","@id":"https:\/\/www.scuola.cl\/sivm\/#\/schema\/person\/image\/","url":"https:\/\/secure.gravatar.com\/avatar\/0b29fd7cdce1ec9939eded19ce85d6ed73acf03fb52d098b0641aed356fe6aeb?s=96&d=mm&r=g","contentUrl":"https:\/\/secure.gravatar.com\/avatar\/0b29fd7cdce1ec9939eded19ce85d6ed73acf03fb52d098b0641aed356fe6aeb?s=96&d=mm&r=g","caption":"Comunicaciones"},"url":"https:\/\/www.scuola.cl\/sivm\/author\/comunicaciones-scuola\/"}]}},"_links":{"self":[{"href":"https:\/\/www.scuola.cl\/sivm\/wp-json\/wp\/v2\/posts\/4796","targetHints":{"allow":["GET"]}}],"collection":[{"href":"https:\/\/www.scuola.cl\/sivm\/wp-json\/wp\/v2\/posts"}],"about":[{"href":"https:\/\/www.scuola.cl\/sivm\/wp-json\/wp\/v2\/types\/post"}],"author":[{"embeddable":true,"href":"https:\/\/www.scuola.cl\/sivm\/wp-json\/wp\/v2\/users\/2"}],"replies":[{"embeddable":true,"href":"https:\/\/www.scuola.cl\/sivm\/wp-json\/wp\/v2\/comments?post=4796"}],"version-history":[{"count":5,"href":"https:\/\/www.scuola.cl\/sivm\/wp-json\/wp\/v2\/posts\/4796\/revisions"}],"predecessor-version":[{"id":4840,"href":"https:\/\/www.scuola.cl\/sivm\/wp-json\/wp\/v2\/posts\/4796\/revisions\/4840"}],"wp:featuredmedia":[{"embeddable":true,"href":"https:\/\/www.scuola.cl\/sivm\/wp-json\/wp\/v2\/media\/4797"}],"wp:attachment":[{"href":"https:\/\/www.scuola.cl\/sivm\/wp-json\/wp\/v2\/media?parent=4796"}],"wp:term":[{"taxonomy":"category","embeddable":true,"href":"https:\/\/www.scuola.cl\/sivm\/wp-json\/wp\/v2\/categories?post=4796"},{"taxonomy":"post_tag","embeddable":true,"href":"https:\/\/www.scuola.cl\/sivm\/wp-json\/wp\/v2\/tags?post=4796"}],"curies":[{"name":"wp","href":"https:\/\/api.w.org\/{rel}","templated":true}]}}