{"id":4767,"date":"2017-08-16T08:30:49","date_gmt":"2017-08-16T11:30:49","guid":{"rendered":"http:\/\/www.scuola.cl\/sivm\/?p=4767"},"modified":"2017-08-17T10:38:03","modified_gmt":"2017-08-17T13:38:03","slug":"scuola-digitale-16-agosto","status":"publish","type":"post","link":"https:\/\/www.scuola.cl\/sivm\/scuola-digitale-16-agosto\/","title":{"rendered":"Scuola Digitale 16 Agosto"},"content":{"rendered":"<p>&nbsp;<\/p>\n<table style=\"width: 100%; font-family: Arial, Helvetica, sans-serif; border-collapse: collapse;\" border=\"0\">\n<tbody>\n<tr>\n<td style=\"width: 10%;\" rowspan=\"12\"><\/td>\n<td style=\"background-color: #16a66b; height: 100px;\">\n<table style=\"width: 100%; border-collapse: collapse;\" border=\"0\">\n<tbody>\n<tr style=\"background-color: #16a66b;\">\n<td style=\"font-size: 2.5em; color: #fff; font-weight: bold;\"><a style=\"font-size: 13px; font-weight: normal;\" href=\"http:\/\/www.commtrack.cl\/archivos\/sivm\/repositorio\/38bc11_banner_titulo2.png\"><span style=\"color: #333333; font-family: sans-serif, Arial, Verdana, 'Trebuchet MS';\"><img decoding=\"async\" src=\"http:\/\/www.commtrack.cl\/archivos\/sivm\/repositorio\/38bc11_banner_titulo2.png\" \/><\/span><\/a><\/td>\n<\/tr>\n<\/tbody>\n<\/table>\n<\/td>\n<td style=\"width: 10%;\" rowspan=\"12\"><\/td>\n<\/tr>\n<tr>\n<td style=\"padding: 10px;\"><span style=\"font-family: sans-serif, Arial, Verdana, 'Trebuchet MS';\"><img decoding=\"async\" style=\"width: 100%;\" src=\"#\" \/><a href=\"http:\/\/www.scuola.cl\/sivm\/?p=4157\"><img decoding=\"async\" style=\"width: 100%;\" src=\"http:\/\/www.commtrack.cl\/archivos\/sivm\/repositorio\/6b0c59_noticia_foto_principal_musicantes.jpg\" alt=\"\" \/><\/a><!--<\/td--><\/span><\/td>\n<\/tr>\n<tr style=\"text-align: center;\">\n<td style=\"padding: 10px;\"><span style=\"font-family: sans-serif, Arial, Verdana, 'Trebuchet MS';\"><strong>CONCIERTO MUSICANTES: \u201cEL LOCO QUE TIRABA PIEDRAS A LA LUNA\u201d<\/strong><\/span><\/td>\n<\/tr>\n<tr style=\"text-align: center;\">\n<td style=\"padding: 10px;\"><span style=\"font-family: sans-serif, Arial, Verdana, 'Trebuchet MS';\">La Scuola Italiana y su Centro Cultural lo invitan al concierto de m\u00fasica contempor\u00e1nea y jazz \u201cEl loco que tiraba piedras a la Luna\u201d, de la agrupaci\u00f3n \u201cMusicantes\u201d, el jueves 17 de agosto a las 20:00 Hrs. Entrada liberada, abierto a todo el p\u00fablico. Los cupos son limitados y se deben hacer reservas escribiendo a cultura@scuola.cl o llamando al 22 5927544.<\/span><\/td>\n<\/tr>\n<tr style=\"text-align: right;\">\n<td style=\"color: #16a66b; padding-right: 10px;\"><a href=\"http:\/\/www.scuola.cl\/sivm\/?p=4157\"><span style=\"color: #333333; font-family: sans-serif, Arial, Verdana, 'Trebuchet MS';\">Leer m\u00e1s&#8230;<\/span><\/a><\/td>\n<\/tr>\n<tr>\n<td>\n<table style=\"width: 100%; border-collapse: collapse;\" border=\"0\">\n<tbody>\n<tr>\n<td style=\"padding: 10px;\"><span style=\"font-family: sans-serif, Arial, Verdana, 'Trebuchet MS';\"><img decoding=\"async\" style=\"width: 100%;\" src=\"#\" \/><a href=\"http:\/\/www.scuola.cl\/sivm\/asamblea-c-s-i-2017\/\"><img decoding=\"async\" style=\"width: 100%;\" src=\"http:\/\/www.scuola.cl\/sivm\/wp-content\/uploads\/2017\/08\/Asamblea_CASI.jpg\" alt=\"\" \/><\/a><\/span><\/td>\n<td style=\"padding: 10px;\"><span style=\"font-family: sans-serif, Arial, Verdana, 'Trebuchet MS';\"><img decoding=\"async\" style=\"width: 100%;\" src=\"#\" \/><\/span><a href=\"http:\/\/www.scuola.cl\/sivm\/convenios_cdg\/\"><img decoding=\"async\" style=\"width: 100%;\" src=\"http:\/\/www.scuola.cl\/sivm\/wp-content\/uploads\/2017\/07\/convenios_agosto_cdg_marco.jpg\" alt=\"\" \/><\/a><\/td>\n<td style=\"padding: 10px;\"><span style=\"font-family: sans-serif, Arial, Verdana, 'Trebuchet MS';\"><img decoding=\"async\" style=\"width: 100%;\" src=\"#\" \/><\/span><a href=\"http:\/\/www.scuola.cl\/sivm\/?p=4749\"><img decoding=\"async\" style=\"width: 100%;\" src=\"http:\/\/www.scuola.cl\/sivm\/wp-content\/uploads\/2017\/08\/ciclista.jpg\" alt=\"\" \/><\/a><\/td>\n<\/tr>\n<tr style=\"text-align: center;\">\n<td style=\"padding: 10px; width: 33%;\"><strong><span style=\"font-family: sans-serif, Arial, Verdana, 'Trebuchet MS';\">ASAMBLEA C.A.S.I. 2017<\/span><\/strong><\/td>\n<td style=\"padding: 10px; width: 33%;\"><strong><span style=\"font-family: sans-serif, Arial, Verdana, 'Trebuchet MS';\">CONVENIOS CDG<\/span><\/strong><\/td>\n<td style=\"padding: 10px; width: 33%;\"><strong><span style=\"font-family: sans-serif, Arial, Verdana, 'Trebuchet MS';\">VISITA DAVIDE TRAVELLI<\/span><\/strong><\/td>\n<\/tr>\n<tr style=\"text-align: center; vertical-align: top;\">\n<td style=\"padding: 10px; width: 33%;\"><span style=\"font-family: sans-serif, Arial, Verdana, 'Trebuchet MS';\">El martes 1 de agosto se realiz\u00f3 la Primera Asamblea General de Alumnos, que tiene la finalidad de conocer sus opiniones, reflexionar sobre las tem\u00e1ticas que los ata\u00f1en y recoger sus inquietudes.<\/span><\/td>\n<td style=\"padding: 10px; width: 33%;\"><span style=\"font-family: sans-serif, Arial, Verdana, 'Trebuchet MS';\">Les presentamos el listado actualizado de convenios para apoderados, alumnos, ex alumnos, profesores y funcionarios, gestionados por el CDG. Invitamos <\/span><span style=\"text-align: center;\">a participar<\/span><span style=\"font-family: sans-serif, Arial, Verdana, 'Trebuchet MS';\">\u00a0a quienes tengan alg\u00fan emprendimiento o empresa.<\/span><\/td>\n<td style=\"padding: 10px; width: 33%;\"><span style=\"font-family: sans-serif, Arial, Verdana, 'Trebuchet MS';\">Davide Travelli, un ciclista italiano que recorre el mundo hace dos a\u00f1os, realiz\u00f3 una presentaci\u00f3n para los alumnos de 6to b\u00e1sico. Esta actividad fue organizada por el Istituto Italiano di Cultura con el apoyo del Depto. de Educaci\u00f3n F\u00edsica.<\/span><\/td>\n<\/tr>\n<tr style=\"text-align: right;\">\n<td style=\"color: #16a66b;\"><a href=\"http:\/\/www.scuola.cl\/sivm\/asamblea-c-s-i-2017\/\"><span style=\"color: #333333; font-family: sans-serif, Arial, Verdana, 'Trebuchet MS';\">Leer m\u00e1s&#8230;<\/span><\/a><\/td>\n<td style=\"color: #16a66b;\"><a href=\"http:\/\/www.scuola.cl\/sivm\/convenios_cdg\/\"><span style=\"color: #333333; font-family: sans-serif, Arial, Verdana, 'Trebuchet MS';\">Leer m\u00e1s&#8230;<\/span><\/a><\/td>\n<td style=\"color: #16a66b;\"><a href=\"http:\/\/www.scuola.cl\/sivm\/?p=4749\"><span style=\"color: #333333; font-family: sans-serif, Arial, Verdana, 'Trebuchet MS';\">Leer m\u00e1s&#8230;<\/span><\/a><\/td>\n<\/tr>\n<tr>\n<td style=\"padding: 10px;\"><span style=\"font-family: sans-serif, Arial, Verdana, 'Trebuchet MS';\"><img decoding=\"async\" style=\"width: 100%;\" src=\"#\" \/><\/span><a href=\"http:\/\/www.scuola.cl\/sivm\/?p=4728\"><img decoding=\"async\" style=\"width: 100%;\" src=\"http:\/\/www.scuola.cl\/sivm\/wp-content\/uploads\/2017\/08\/ENTREGA_CAMISETAS-ATLETISMO.jpg\" alt=\"\" \/><\/a><\/td>\n<td style=\"padding: 10px;\"><span style=\"font-family: sans-serif, Arial, Verdana, 'Trebuchet MS';\"><img decoding=\"async\" style=\"width: 100%;\" src=\"#\" \/><\/span><a href=\"http:\/\/www.scuola.cl\/sivm\/encuentro-coral\/\"><img decoding=\"async\" style=\"width: 100%;\" src=\"http:\/\/www.scuola.cl\/sivm\/wp-content\/uploads\/2017\/08\/Encuentro-Coral-Banner.jpg\" alt=\"\" \/><\/a><\/td>\n<td style=\"padding: 10px;\"><span style=\"font-family: sans-serif, Arial, Verdana, 'Trebuchet MS';\"><img decoding=\"async\" style=\"width: 100%;\" src=\"#\" \/><\/span><a href=\"http:\/\/www.scuola.cl\/sivm\/?p=4702\"><img decoding=\"async\" style=\"width: 100%;\" src=\"http:\/\/www.scuola.cl\/sivm\/wp-content\/uploads\/2017\/08\/Visita_hogar_italiano_5d_plantacion.jpg\" alt=\"\" \/><\/a><\/td>\n<\/tr>\n<tr style=\"text-align: center;\">\n<td style=\"padding: 10px; width: 33%;\"><strong><span style=\"font-family: sans-serif, Arial, Verdana, 'Trebuchet MS';\">CAMISETA DE ATLETISMO<\/span><\/strong><\/td>\n<td style=\"padding: 10px; width: 33%;\"><strong><span style=\"font-family: sans-serif, Arial, Verdana, 'Trebuchet MS';\">ENCUENTRO CORAL<\/span><\/strong><\/td>\n<td style=\"padding: 10px; width: 33%;\"><strong><span style=\"font-family: sans-serif, Arial, Verdana, 'Trebuchet MS';\">5\u00b0D VISITA HOGAR ITALIANO<\/span><\/strong><\/td>\n<\/tr>\n<tr style=\"text-align: center; vertical-align: top;\">\n<td style=\"padding: 10px; width: 33%;\"><span style=\"font-family: sans-serif, Arial, Verdana, 'Trebuchet MS';\">Nuestro Rector, Sr. Italo Oddone, junto a los profesores Juan Carlos Fuentes y Jorge Wenderoth, fueron los encargados de entregar las nuevas camisetas de competencia a nuestros alumnos seleccionados de Atletismo.<\/span><\/td>\n<td style=\"padding: 10px; width: 33%;\"><span style=\"font-family: sans-serif, Arial, Verdana, 'Trebuchet MS';\">El mi\u00e9rcoles 30 de agosto se llevar\u00e1 a cabo el VIII Encuentro Coral en el Teatro Giuseppe Verdi, comenzando a las 11:30 Hrs. con el Encuentro Escolar y continuando a las 20:00 Hrs. con el Encuentro Adultos.<\/span><\/td>\n<td style=\"padding: 10px; width: 33%;\">Los alumnos del 5\u00b0D, junto a su profesora jefe Tania Palazon, partieron <span style=\"font-family: Arial, Helvetica, sans-serif; text-align: center;\">el martes 1\u00b0 de agosto\u00a0<\/span>con gran entusiasmo al Hogar Italiano para cumplir la linda tarea de embellecer su jard\u00edn, llevando flores de temporada.<\/td>\n<\/tr>\n<tr style=\"text-align: right;\">\n<td style=\"color: #16a66b;\"><a href=\"http:\/\/www.scuola.cl\/sivm\/?p=4728\"><span style=\"color: #333333; font-family: sans-serif, Arial, Verdana, 'Trebuchet MS';\">Leer m\u00e1s&#8230;<\/span><\/a><\/td>\n<td style=\"color: #16a66b;\"><a href=\"http:\/\/www.scuola.cl\/sivm\/encuentro-coral\/\"><span style=\"color: #333333; font-family: sans-serif, Arial, Verdana, 'Trebuchet MS';\">Leer m\u00e1s&#8230;<\/span><\/a><\/td>\n<td style=\"color: #16a66b;\"><a href=\"http:\/\/www.scuola.cl\/sivm\/?p=4702\"><span style=\"color: #333333; font-family: sans-serif, Arial, Verdana, 'Trebuchet MS';\">Leer m\u00e1s&#8230;<\/span><\/a><\/td>\n<\/tr>\n<\/tbody>\n<\/table>\n<\/td>\n<\/tr>\n<tr>\n<td style=\"height: 100px; text-align: center; vertical-align: middle;\"><span style=\"font-family: sans-serif, Arial, Verdana, 'Trebuchet MS';\"><a href=\"http:\/\/www.scuola.cl\/sivm\/category\/noticias\/\" target=\"_blank\"><img decoding=\"async\" style=\"width: 135px; height: 92px;\" src=\"http:\/\/www.commtrack.cl\/archivos\/sivm\/repositorio\/da3b8c_btn_noticias.gif\" \/><\/a> <a href=\"http:\/\/www.scuola.cl\/sivm\/category\/noticias\/deportes\/\" target=\"_blank\"><img decoding=\"async\" style=\"width: 135px; height: 92px;\" src=\"http:\/\/www.commtrack.cl\/archivos\/sivm\/repositorio\/82bfb1_btn_deportes.gif\" \/><\/a> <a href=\"http:\/\/www.scuola.cl\/sivm\/category\/noticias\/cultura\/\" target=\"_blank\"><img decoding=\"async\" style=\"width: 135px; height: 92px;\" src=\"http:\/\/www.commtrack.cl\/archivos\/sivm\/repositorio\/bca075_btn_cultura.gif\" \/><\/a> <a href=\"http:\/\/www.scuola.cl\/sivm\/category\/noticias\/solidaridad\/\" target=\"_blank\"><img decoding=\"async\" style=\"width: 135px; height: 92px;\" src=\"http:\/\/www.commtrack.cl\/archivos\/sivm\/repositorio\/c9baf3_btn_solidaridad.gif\" \/><\/a><\/span><\/td>\n<\/tr>\n<tr>\n<td style=\"text-align: center; vertical-align: middle;\"><span style=\"font-family: sans-serif, Arial, Verdana, 'Trebuchet MS';\"><a href=\"http:\/\/www.scuola.cl\/sivm\/centro-cultural\/\" target=\"_blank\"><img decoding=\"async\" style=\"width: 100%;\" src=\"http:\/\/www.commtrack.cl\/archivos\/sivm\/repositorio\/b75a4e_banner_ccs.png\" \/><\/a><\/span><\/td>\n<\/tr>\n<tr style=\"background-color: #16a66b; text-align: right;\">\n<td>\n<table style=\"width: 100%; text-align: right; border-collapse: collapse;\" border=\"0\">\n<tbody>\n<tr>\n<td style=\"font-size: 1em; color: #fff;\"><span style=\"color: #333333; font-family: sans-serif, Arial, Verdana, 'Trebuchet MS';\">Comunicaciones y Difusi\u00f3n &#8211; Scuola Italiana \u00abVittorio Montiglio\u00bb<\/span><\/td>\n<td style=\"width: 120px; padding: 5px;\"><span style=\"color: #333333; font-family: sans-serif, Arial, Verdana, 'Trebuchet MS';\"><a href=\"https:\/\/www.facebook.com\/scuolaitaliana.santiago\/\" target=\"_blank\"><img decoding=\"async\" style=\"width: 25px;\" src=\"http:\/\/www.commtrack.cl\/archivos\/sivm\/repositorio\/dd43ff_btn_facebook.png\" \/><\/a> <a href=\"https:\/\/twitter.com\/scuolaitstgo\" target=\"_blank\"><img decoding=\"async\" style=\"width: 25px;\" src=\"http:\/\/www.commtrack.cl\/archivos\/sivm\/repositorio\/5a67a1_btn_twitter.png\" \/><\/a> <a href=\"https:\/\/www.youtube.com\/channel\/UCk42KNgZG9YGYWvc2Y0HxcQ\" target=\"_blank\"><img decoding=\"async\" style=\"width: 25px;\" src=\"http:\/\/www.commtrack.cl\/archivos\/sivm\/repositorio\/eeca29_btn_youtube.png\" \/><\/a> <a href=\"http:\/\/www.scuola.cl\/sivm\/\" target=\"_blank\"><img decoding=\"async\" style=\"width: 25px;\" src=\"http:\/\/www.commtrack.cl\/archivos\/sivm\/repositorio\/a1f864_btn_web.png\" \/><\/a><\/span><\/td>\n<\/tr>\n<\/tbody>\n<\/table>\n<\/td>\n<\/tr>\n<\/tbody>\n<\/table>\n","protected":false},"excerpt":{"rendered":"En la tercera edici\u00f3n de Scuola Digitale, podr\u00e1n encontrar informaci\u00f3n sobre algunos de los pr\u00f3ximos eventos culturales abiertos a nuestra comunidad, deportes, noticias de nuestros alumnos y mucho m\u00e1s.","protected":false},"author":2,"featured_media":4784,"comment_status":"open","ping_status":"open","sticky":false,"template":"","format":"standard","meta":{"_acf_changed":false,"footnotes":""},"categories":[5],"tags":[],"class_list":["post-4767","post","type-post","status-publish","format-standard","has-post-thumbnail","hentry","category-noticias"],"acf":[],"yoast_head":"<!-- This site is optimized with the Yoast SEO plugin v27.1.1 - https:\/\/yoast.com\/product\/yoast-seo-wordpress\/ -->\n<title>Scuola Digitale 16 Agosto - Scuola Italiana<\/title>\n<meta name=\"robots\" content=\"index, follow, max-snippet:-1, max-image-preview:large, max-video-preview:-1\" \/>\n<link rel=\"canonical\" href=\"https:\/\/www.scuola.cl\/sivm\/scuola-digitale-16-agosto\/\" \/>\n<meta property=\"og:locale\" content=\"es_ES\" \/>\n<meta property=\"og:type\" content=\"article\" \/>\n<meta property=\"og:title\" content=\"Scuola Digitale 16 Agosto - Scuola Italiana\" \/>\n<meta property=\"og:description\" content=\"En la tercera edici\u00f3n de Scuola Digitale, podr\u00e1n encontrar informaci\u00f3n sobre algunos de los pr\u00f3ximos eventos culturales abiertos a nuestra comunidad, deportes, noticias de nuestros alumnos y mucho m\u00e1s.\" \/>\n<meta property=\"og:url\" content=\"https:\/\/www.scuola.cl\/sivm\/scuola-digitale-16-agosto\/\" \/>\n<meta property=\"og:site_name\" content=\"Scuola Italiana\" \/>\n<meta property=\"article:published_time\" content=\"2017-08-16T11:30:49+00:00\" \/>\n<meta property=\"article:modified_time\" content=\"2017-08-17T13:38:03+00:00\" \/>\n<meta property=\"og:image\" content=\"https:\/\/www.scuola.cl\/sivm\/wp-content\/uploads\/2017\/08\/Scuola_Digitale_16_agosto_miniatura.jpg\" \/>\n\t<meta property=\"og:image:width\" content=\"900\" \/>\n\t<meta property=\"og:image:height\" content=\"610\" \/>\n\t<meta property=\"og:image:type\" content=\"image\/jpeg\" \/>\n<meta name=\"author\" content=\"Comunicaciones\" \/>\n<meta name=\"twitter:card\" content=\"summary_large_image\" \/>\n<meta name=\"twitter:label1\" content=\"Escrito por\" \/>\n\t<meta name=\"twitter:data1\" content=\"Comunicaciones\" \/>\n\t<meta name=\"twitter:label2\" content=\"Tiempo de lectura\" \/>\n\t<meta name=\"twitter:data2\" content=\"2 minutos\" \/>\n<script type=\"application\/ld+json\" class=\"yoast-schema-graph\">{\"@context\":\"https:\/\/schema.org\",\"@graph\":[{\"@type\":\"Article\",\"@id\":\"https:\/\/www.scuola.cl\/sivm\/scuola-digitale-16-agosto\/#article\",\"isPartOf\":{\"@id\":\"https:\/\/www.scuola.cl\/sivm\/scuola-digitale-16-agosto\/\"},\"author\":{\"name\":\"Comunicaciones\",\"@id\":\"https:\/\/www.scuola.cl\/sivm\/#\/schema\/person\/2ac68abc1b548ee6d8e16c4d3727d1b2\"},\"headline\":\"Scuola Digitale 16 Agosto\",\"datePublished\":\"2017-08-16T11:30:49+00:00\",\"dateModified\":\"2017-08-17T13:38:03+00:00\",\"mainEntityOfPage\":{\"@id\":\"https:\/\/www.scuola.cl\/sivm\/scuola-digitale-16-agosto\/\"},\"wordCount\":335,\"commentCount\":0,\"publisher\":{\"@id\":\"https:\/\/www.scuola.cl\/sivm\/#organization\"},\"image\":{\"@id\":\"https:\/\/www.scuola.cl\/sivm\/scuola-digitale-16-agosto\/#primaryimage\"},\"thumbnailUrl\":\"https:\/\/www.scuola.cl\/sivm\/wp-content\/uploads\/2017\/08\/Scuola_Digitale_16_agosto_miniatura.jpg\",\"articleSection\":[\"Noticias\"],\"inLanguage\":\"es\",\"potentialAction\":[{\"@type\":\"CommentAction\",\"name\":\"Comment\",\"target\":[\"https:\/\/www.scuola.cl\/sivm\/scuola-digitale-16-agosto\/#respond\"]}]},{\"@type\":\"WebPage\",\"@id\":\"https:\/\/www.scuola.cl\/sivm\/scuola-digitale-16-agosto\/\",\"url\":\"https:\/\/www.scuola.cl\/sivm\/scuola-digitale-16-agosto\/\",\"name\":\"Scuola Digitale 16 Agosto - Scuola Italiana\",\"isPartOf\":{\"@id\":\"https:\/\/www.scuola.cl\/sivm\/#website\"},\"primaryImageOfPage\":{\"@id\":\"https:\/\/www.scuola.cl\/sivm\/scuola-digitale-16-agosto\/#primaryimage\"},\"image\":{\"@id\":\"https:\/\/www.scuola.cl\/sivm\/scuola-digitale-16-agosto\/#primaryimage\"},\"thumbnailUrl\":\"https:\/\/www.scuola.cl\/sivm\/wp-content\/uploads\/2017\/08\/Scuola_Digitale_16_agosto_miniatura.jpg\",\"datePublished\":\"2017-08-16T11:30:49+00:00\",\"dateModified\":\"2017-08-17T13:38:03+00:00\",\"breadcrumb\":{\"@id\":\"https:\/\/www.scuola.cl\/sivm\/scuola-digitale-16-agosto\/#breadcrumb\"},\"inLanguage\":\"es\",\"potentialAction\":[{\"@type\":\"ReadAction\",\"target\":[\"https:\/\/www.scuola.cl\/sivm\/scuola-digitale-16-agosto\/\"]}]},{\"@type\":\"ImageObject\",\"inLanguage\":\"es\",\"@id\":\"https:\/\/www.scuola.cl\/sivm\/scuola-digitale-16-agosto\/#primaryimage\",\"url\":\"https:\/\/www.scuola.cl\/sivm\/wp-content\/uploads\/2017\/08\/Scuola_Digitale_16_agosto_miniatura.jpg\",\"contentUrl\":\"https:\/\/www.scuola.cl\/sivm\/wp-content\/uploads\/2017\/08\/Scuola_Digitale_16_agosto_miniatura.jpg\",\"width\":900,\"height\":610},{\"@type\":\"BreadcrumbList\",\"@id\":\"https:\/\/www.scuola.cl\/sivm\/scuola-digitale-16-agosto\/#breadcrumb\",\"itemListElement\":[{\"@type\":\"ListItem\",\"position\":1,\"name\":\"Inicio\",\"item\":\"https:\/\/www.scuola.cl\/sivm\/\"},{\"@type\":\"ListItem\",\"position\":2,\"name\":\"Noticias\",\"item\":\"https:\/\/www.scuola.cl\/sivm\/category\/noticias\/\"},{\"@type\":\"ListItem\",\"position\":3,\"name\":\"Scuola Digitale 16 Agosto\"}]},{\"@type\":\"WebSite\",\"@id\":\"https:\/\/www.scuola.cl\/sivm\/#website\",\"url\":\"https:\/\/www.scuola.cl\/sivm\/\",\"name\":\"Scuola Italiana\",\"description\":\"Vittorio Montiglio\",\"publisher\":{\"@id\":\"https:\/\/www.scuola.cl\/sivm\/#organization\"},\"potentialAction\":[{\"@type\":\"SearchAction\",\"target\":{\"@type\":\"EntryPoint\",\"urlTemplate\":\"https:\/\/www.scuola.cl\/sivm\/?s={search_term_string}\"},\"query-input\":{\"@type\":\"PropertyValueSpecification\",\"valueRequired\":true,\"valueName\":\"search_term_string\"}}],\"inLanguage\":\"es\"},{\"@type\":\"Organization\",\"@id\":\"https:\/\/www.scuola.cl\/sivm\/#organization\",\"name\":\"Scuola Italiana Vittorio Montiglio\",\"url\":\"https:\/\/www.scuola.cl\/sivm\/\",\"logo\":{\"@type\":\"ImageObject\",\"inLanguage\":\"es\",\"@id\":\"https:\/\/www.scuola.cl\/sivm\/#\/schema\/logo\/image\/\",\"url\":\"https:\/\/www.scuola.cl\/sivm\/wp-content\/uploads\/2019\/06\/Logo_Scuola-01-001-1000x1000.png\",\"contentUrl\":\"https:\/\/www.scuola.cl\/sivm\/wp-content\/uploads\/2019\/06\/Logo_Scuola-01-001-1000x1000.png\",\"width\":1000,\"height\":1000,\"caption\":\"Scuola Italiana Vittorio Montiglio\"},\"image\":{\"@id\":\"https:\/\/www.scuola.cl\/sivm\/#\/schema\/logo\/image\/\"}},{\"@type\":\"Person\",\"@id\":\"https:\/\/www.scuola.cl\/sivm\/#\/schema\/person\/2ac68abc1b548ee6d8e16c4d3727d1b2\",\"name\":\"Comunicaciones\",\"image\":{\"@type\":\"ImageObject\",\"inLanguage\":\"es\",\"@id\":\"https:\/\/www.scuola.cl\/sivm\/#\/schema\/person\/image\/\",\"url\":\"https:\/\/secure.gravatar.com\/avatar\/0b29fd7cdce1ec9939eded19ce85d6ed73acf03fb52d098b0641aed356fe6aeb?s=96&d=mm&r=g\",\"contentUrl\":\"https:\/\/secure.gravatar.com\/avatar\/0b29fd7cdce1ec9939eded19ce85d6ed73acf03fb52d098b0641aed356fe6aeb?s=96&d=mm&r=g\",\"caption\":\"Comunicaciones\"},\"url\":\"https:\/\/www.scuola.cl\/sivm\/author\/comunicaciones-scuola\/\"}]}<\/script>\n<!-- \/ Yoast SEO plugin. -->","yoast_head_json":{"title":"Scuola Digitale 16 Agosto - Scuola Italiana","robots":{"index":"index","follow":"follow","max-snippet":"max-snippet:-1","max-image-preview":"max-image-preview:large","max-video-preview":"max-video-preview:-1"},"canonical":"https:\/\/www.scuola.cl\/sivm\/scuola-digitale-16-agosto\/","og_locale":"es_ES","og_type":"article","og_title":"Scuola Digitale 16 Agosto - Scuola Italiana","og_description":"En la tercera edici\u00f3n de Scuola Digitale, podr\u00e1n encontrar informaci\u00f3n sobre algunos de los pr\u00f3ximos eventos culturales abiertos a nuestra comunidad, deportes, noticias de nuestros alumnos y mucho m\u00e1s.","og_url":"https:\/\/www.scuola.cl\/sivm\/scuola-digitale-16-agosto\/","og_site_name":"Scuola Italiana","article_published_time":"2017-08-16T11:30:49+00:00","article_modified_time":"2017-08-17T13:38:03+00:00","og_image":[{"width":900,"height":610,"url":"https:\/\/www.scuola.cl\/sivm\/wp-content\/uploads\/2017\/08\/Scuola_Digitale_16_agosto_miniatura.jpg","type":"image\/jpeg"}],"author":"Comunicaciones","twitter_card":"summary_large_image","twitter_misc":{"Escrito por":"Comunicaciones","Tiempo de lectura":"2 minutos"},"schema":{"@context":"https:\/\/schema.org","@graph":[{"@type":"Article","@id":"https:\/\/www.scuola.cl\/sivm\/scuola-digitale-16-agosto\/#article","isPartOf":{"@id":"https:\/\/www.scuola.cl\/sivm\/scuola-digitale-16-agosto\/"},"author":{"name":"Comunicaciones","@id":"https:\/\/www.scuola.cl\/sivm\/#\/schema\/person\/2ac68abc1b548ee6d8e16c4d3727d1b2"},"headline":"Scuola Digitale 16 Agosto","datePublished":"2017-08-16T11:30:49+00:00","dateModified":"2017-08-17T13:38:03+00:00","mainEntityOfPage":{"@id":"https:\/\/www.scuola.cl\/sivm\/scuola-digitale-16-agosto\/"},"wordCount":335,"commentCount":0,"publisher":{"@id":"https:\/\/www.scuola.cl\/sivm\/#organization"},"image":{"@id":"https:\/\/www.scuola.cl\/sivm\/scuola-digitale-16-agosto\/#primaryimage"},"thumbnailUrl":"https:\/\/www.scuola.cl\/sivm\/wp-content\/uploads\/2017\/08\/Scuola_Digitale_16_agosto_miniatura.jpg","articleSection":["Noticias"],"inLanguage":"es","potentialAction":[{"@type":"CommentAction","name":"Comment","target":["https:\/\/www.scuola.cl\/sivm\/scuola-digitale-16-agosto\/#respond"]}]},{"@type":"WebPage","@id":"https:\/\/www.scuola.cl\/sivm\/scuola-digitale-16-agosto\/","url":"https:\/\/www.scuola.cl\/sivm\/scuola-digitale-16-agosto\/","name":"Scuola Digitale 16 Agosto - Scuola Italiana","isPartOf":{"@id":"https:\/\/www.scuola.cl\/sivm\/#website"},"primaryImageOfPage":{"@id":"https:\/\/www.scuola.cl\/sivm\/scuola-digitale-16-agosto\/#primaryimage"},"image":{"@id":"https:\/\/www.scuola.cl\/sivm\/scuola-digitale-16-agosto\/#primaryimage"},"thumbnailUrl":"https:\/\/www.scuola.cl\/sivm\/wp-content\/uploads\/2017\/08\/Scuola_Digitale_16_agosto_miniatura.jpg","datePublished":"2017-08-16T11:30:49+00:00","dateModified":"2017-08-17T13:38:03+00:00","breadcrumb":{"@id":"https:\/\/www.scuola.cl\/sivm\/scuola-digitale-16-agosto\/#breadcrumb"},"inLanguage":"es","potentialAction":[{"@type":"ReadAction","target":["https:\/\/www.scuola.cl\/sivm\/scuola-digitale-16-agosto\/"]}]},{"@type":"ImageObject","inLanguage":"es","@id":"https:\/\/www.scuola.cl\/sivm\/scuola-digitale-16-agosto\/#primaryimage","url":"https:\/\/www.scuola.cl\/sivm\/wp-content\/uploads\/2017\/08\/Scuola_Digitale_16_agosto_miniatura.jpg","contentUrl":"https:\/\/www.scuola.cl\/sivm\/wp-content\/uploads\/2017\/08\/Scuola_Digitale_16_agosto_miniatura.jpg","width":900,"height":610},{"@type":"BreadcrumbList","@id":"https:\/\/www.scuola.cl\/sivm\/scuola-digitale-16-agosto\/#breadcrumb","itemListElement":[{"@type":"ListItem","position":1,"name":"Inicio","item":"https:\/\/www.scuola.cl\/sivm\/"},{"@type":"ListItem","position":2,"name":"Noticias","item":"https:\/\/www.scuola.cl\/sivm\/category\/noticias\/"},{"@type":"ListItem","position":3,"name":"Scuola Digitale 16 Agosto"}]},{"@type":"WebSite","@id":"https:\/\/www.scuola.cl\/sivm\/#website","url":"https:\/\/www.scuola.cl\/sivm\/","name":"Scuola Italiana","description":"Vittorio Montiglio","publisher":{"@id":"https:\/\/www.scuola.cl\/sivm\/#organization"},"potentialAction":[{"@type":"SearchAction","target":{"@type":"EntryPoint","urlTemplate":"https:\/\/www.scuola.cl\/sivm\/?s={search_term_string}"},"query-input":{"@type":"PropertyValueSpecification","valueRequired":true,"valueName":"search_term_string"}}],"inLanguage":"es"},{"@type":"Organization","@id":"https:\/\/www.scuola.cl\/sivm\/#organization","name":"Scuola Italiana Vittorio Montiglio","url":"https:\/\/www.scuola.cl\/sivm\/","logo":{"@type":"ImageObject","inLanguage":"es","@id":"https:\/\/www.scuola.cl\/sivm\/#\/schema\/logo\/image\/","url":"https:\/\/www.scuola.cl\/sivm\/wp-content\/uploads\/2019\/06\/Logo_Scuola-01-001-1000x1000.png","contentUrl":"https:\/\/www.scuola.cl\/sivm\/wp-content\/uploads\/2019\/06\/Logo_Scuola-01-001-1000x1000.png","width":1000,"height":1000,"caption":"Scuola Italiana Vittorio Montiglio"},"image":{"@id":"https:\/\/www.scuola.cl\/sivm\/#\/schema\/logo\/image\/"}},{"@type":"Person","@id":"https:\/\/www.scuola.cl\/sivm\/#\/schema\/person\/2ac68abc1b548ee6d8e16c4d3727d1b2","name":"Comunicaciones","image":{"@type":"ImageObject","inLanguage":"es","@id":"https:\/\/www.scuola.cl\/sivm\/#\/schema\/person\/image\/","url":"https:\/\/secure.gravatar.com\/avatar\/0b29fd7cdce1ec9939eded19ce85d6ed73acf03fb52d098b0641aed356fe6aeb?s=96&d=mm&r=g","contentUrl":"https:\/\/secure.gravatar.com\/avatar\/0b29fd7cdce1ec9939eded19ce85d6ed73acf03fb52d098b0641aed356fe6aeb?s=96&d=mm&r=g","caption":"Comunicaciones"},"url":"https:\/\/www.scuola.cl\/sivm\/author\/comunicaciones-scuola\/"}]}},"_links":{"self":[{"href":"https:\/\/www.scuola.cl\/sivm\/wp-json\/wp\/v2\/posts\/4767","targetHints":{"allow":["GET"]}}],"collection":[{"href":"https:\/\/www.scuola.cl\/sivm\/wp-json\/wp\/v2\/posts"}],"about":[{"href":"https:\/\/www.scuola.cl\/sivm\/wp-json\/wp\/v2\/types\/post"}],"author":[{"embeddable":true,"href":"https:\/\/www.scuola.cl\/sivm\/wp-json\/wp\/v2\/users\/2"}],"replies":[{"embeddable":true,"href":"https:\/\/www.scuola.cl\/sivm\/wp-json\/wp\/v2\/comments?post=4767"}],"version-history":[{"count":1,"href":"https:\/\/www.scuola.cl\/sivm\/wp-json\/wp\/v2\/posts\/4767\/revisions"}],"predecessor-version":[{"id":4787,"href":"https:\/\/www.scuola.cl\/sivm\/wp-json\/wp\/v2\/posts\/4767\/revisions\/4787"}],"wp:featuredmedia":[{"embeddable":true,"href":"https:\/\/www.scuola.cl\/sivm\/wp-json\/wp\/v2\/media\/4784"}],"wp:attachment":[{"href":"https:\/\/www.scuola.cl\/sivm\/wp-json\/wp\/v2\/media?parent=4767"}],"wp:term":[{"taxonomy":"category","embeddable":true,"href":"https:\/\/www.scuola.cl\/sivm\/wp-json\/wp\/v2\/categories?post=4767"},{"taxonomy":"post_tag","embeddable":true,"href":"https:\/\/www.scuola.cl\/sivm\/wp-json\/wp\/v2\/tags?post=4767"}],"curies":[{"name":"wp","href":"https:\/\/api.w.org\/{rel}","templated":true}]}}