{"id":4724,"date":"2017-08-11T14:11:44","date_gmt":"2017-08-11T17:11:44","guid":{"rendered":"http:\/\/www.scuola.cl\/sivm\/?p=4724"},"modified":"2017-08-18T15:34:57","modified_gmt":"2017-08-18T18:34:57","slug":"asamblea-c-s-i-2017","status":"publish","type":"post","link":"https:\/\/www.scuola.cl\/sivm\/asamblea-c-s-i-2017\/","title":{"rendered":"Asamblea C.A.S.I. 2017"},"content":{"rendered":"<p>El martes 1 de agosto se realiz\u00f3 la Asamblea General de Alumnos de la Scuola Media Superior.<\/p>\n<p>&nbsp;<\/p>\n<p>Esta actividad, que se realiza todos los a\u00f1os y es organizada por el Centro de Alumnos (C.A.S.I.), tiene la finalidad de conocer la opini\u00f3n de los alumnos, reflexionar sobre tem\u00e1ticas que los ata\u00f1en y recoger sus inquietudes para ser presentadas con posterioridad a La Direcci\u00f3n.<\/p>\n<p>&nbsp;<\/p>\n<p>La Asamblea estuvo dividida en 2 partes, en la primera, que se realiz\u00f3 en el teatro, se present\u00f3 la campa\u00f1a de reciclaje de la Scuola, se expusieron los temas a tratar en las mesas redondas y hubo una exposici\u00f3n por parte de nuestro Rector Sr. Italo Oddone, de los cambios acad\u00e9micos que se han implementado en la Scuola. Luego fue el turno del Coordinador Acad\u00e9mico, Sr. Carlos Fern\u00e1ndez, quien explic\u00f3 c\u00f3mo funciona el NEM y Ranking.<\/p>\n<p>&nbsp;<\/p>\n<p>La segunda parte consisti\u00f3 en dividir a los alumnos en 11 mesas redondas donde se discutieron los siguientes temas:<br \/>\n&#8211; La influencia de los cambios acad\u00e9micos.<br \/>\n&#8211; El perfil del alumno Scuola.<br \/>\n&#8211; El Bullying.<br \/>\n&#8211; Y la Diversidad sexual.<\/p>\n<p>&nbsp;<\/p>\n<p>Como C.A.S.I. quedamos muy contentos con la realizaci\u00f3n de esta actividad ya que los alumnos respondieron de la mejor forma y nos presentaron todas sus inquietudes. Nosotros, en lo que queda del semestre, intentaremos dar respuesta y soluci\u00f3n a \u00e9stas.<\/p>\n<p>&nbsp;<\/p>\n<p><strong><a href=\"http:\/\/www.scuola.cl\/sivm\/wp-content\/uploads\/2017\/08\/Cierre-Asamblea-Escolar-2017-WEB1.pdf\">Descarga el informe elaborado por el C.A.S.I. con las reflexiones que surgieron en las mesas redondas<\/a><\/strong><\/p>\n<p>&nbsp;<\/p>\n<p>Agradecemos a nuestro Rector y Coordinador Acad\u00e9mico, por entregar esta valiosa informaci\u00f3n que permiti\u00f3 aclarar muchas dudas que ten\u00eda el alumnado.<\/p>\n<p>&nbsp;<\/p>\n<p>C.A.S.I. 2017<\/p>\n<p><img loading=\"lazy\" decoding=\"async\" width=\"700\" height=\"474\" class=\"alignnone size-large wp-image-4725\" src=\"http:\/\/www.scuola.cl\/sivm\/wp-content\/uploads\/2017\/08\/Asamblea_CASI-700x474.jpg\" alt=\"Asamblea_CASI\" srcset=\"https:\/\/www.scuola.cl\/sivm\/wp-content\/uploads\/2017\/08\/Asamblea_CASI-700x474.jpg 700w, https:\/\/www.scuola.cl\/sivm\/wp-content\/uploads\/2017\/08\/Asamblea_CASI-250x169.jpg 250w, https:\/\/www.scuola.cl\/sivm\/wp-content\/uploads\/2017\/08\/Asamblea_CASI-768x521.jpg 768w, https:\/\/www.scuola.cl\/sivm\/wp-content\/uploads\/2017\/08\/Asamblea_CASI-120x81.jpg 120w, https:\/\/www.scuola.cl\/sivm\/wp-content\/uploads\/2017\/08\/Asamblea_CASI.jpg 900w\" sizes=\"auto, (max-width: 700px) 100vw, 700px\" \/><\/p>\n","protected":false},"excerpt":{"rendered":"El martes 1 de agosto se realiz\u00f3 la Primera Asamblea General de Alumnos, que tiene la finalidad de conocer sus opiniones, reflexionar sobre las tem\u00e1ticas que los ata\u00f1en y recoger sus inquietudes.","protected":false},"author":2,"featured_media":4725,"comment_status":"open","ping_status":"open","sticky":false,"template":"","format":"standard","meta":{"_acf_changed":false,"footnotes":""},"categories":[5,24],"tags":[],"class_list":["post-4724","post","type-post","status-publish","format-standard","has-post-thumbnail","hentry","category-noticias","category-scuola"],"acf":[],"yoast_head":"<!-- This site is optimized with the Yoast SEO plugin v27.1.1 - https:\/\/yoast.com\/product\/yoast-seo-wordpress\/ -->\n<title>Asamblea C.A.S.I. 2017 - Scuola Italiana<\/title>\n<meta name=\"robots\" content=\"index, follow, max-snippet:-1, max-image-preview:large, max-video-preview:-1\" \/>\n<link rel=\"canonical\" href=\"https:\/\/www.scuola.cl\/sivm\/asamblea-c-s-i-2017\/\" \/>\n<meta property=\"og:locale\" content=\"es_ES\" \/>\n<meta property=\"og:type\" content=\"article\" \/>\n<meta property=\"og:title\" content=\"Asamblea C.A.S.I. 2017 - Scuola Italiana\" \/>\n<meta property=\"og:description\" content=\"El martes 1 de agosto se realiz\u00f3 la Primera Asamblea General de Alumnos, que tiene la finalidad de conocer sus opiniones, reflexionar sobre las tem\u00e1ticas que los ata\u00f1en y recoger sus inquietudes.\" \/>\n<meta property=\"og:url\" content=\"https:\/\/www.scuola.cl\/sivm\/asamblea-c-s-i-2017\/\" \/>\n<meta property=\"og:site_name\" content=\"Scuola Italiana\" \/>\n<meta property=\"article:published_time\" content=\"2017-08-11T17:11:44+00:00\" \/>\n<meta property=\"article:modified_time\" content=\"2017-08-18T18:34:57+00:00\" \/>\n<meta property=\"og:image\" content=\"https:\/\/www.scuola.cl\/sivm\/wp-content\/uploads\/2017\/08\/Asamblea_CASI.jpg\" \/>\n\t<meta property=\"og:image:width\" content=\"900\" \/>\n\t<meta property=\"og:image:height\" content=\"610\" \/>\n\t<meta property=\"og:image:type\" content=\"image\/jpeg\" \/>\n<meta name=\"author\" content=\"Comunicaciones\" \/>\n<meta name=\"twitter:card\" content=\"summary_large_image\" \/>\n<meta name=\"twitter:label1\" content=\"Escrito por\" \/>\n\t<meta name=\"twitter:data1\" content=\"Comunicaciones\" \/>\n\t<meta name=\"twitter:label2\" content=\"Tiempo de lectura\" \/>\n\t<meta name=\"twitter:data2\" content=\"1 minuto\" \/>\n<script type=\"application\/ld+json\" class=\"yoast-schema-graph\">{\"@context\":\"https:\/\/schema.org\",\"@graph\":[{\"@type\":\"Article\",\"@id\":\"https:\/\/www.scuola.cl\/sivm\/asamblea-c-s-i-2017\/#article\",\"isPartOf\":{\"@id\":\"https:\/\/www.scuola.cl\/sivm\/asamblea-c-s-i-2017\/\"},\"author\":{\"name\":\"Comunicaciones\",\"@id\":\"https:\/\/www.scuola.cl\/sivm\/#\/schema\/person\/2ac68abc1b548ee6d8e16c4d3727d1b2\"},\"headline\":\"Asamblea C.A.S.I. 2017\",\"datePublished\":\"2017-08-11T17:11:44+00:00\",\"dateModified\":\"2017-08-18T18:34:57+00:00\",\"mainEntityOfPage\":{\"@id\":\"https:\/\/www.scuola.cl\/sivm\/asamblea-c-s-i-2017\/\"},\"wordCount\":294,\"commentCount\":0,\"publisher\":{\"@id\":\"https:\/\/www.scuola.cl\/sivm\/#organization\"},\"image\":{\"@id\":\"https:\/\/www.scuola.cl\/sivm\/asamblea-c-s-i-2017\/#primaryimage\"},\"thumbnailUrl\":\"https:\/\/www.scuola.cl\/sivm\/wp-content\/uploads\/2017\/08\/Asamblea_CASI.jpg\",\"articleSection\":[\"Noticias\",\"Scuola\"],\"inLanguage\":\"es\",\"potentialAction\":[{\"@type\":\"CommentAction\",\"name\":\"Comment\",\"target\":[\"https:\/\/www.scuola.cl\/sivm\/asamblea-c-s-i-2017\/#respond\"]}]},{\"@type\":\"WebPage\",\"@id\":\"https:\/\/www.scuola.cl\/sivm\/asamblea-c-s-i-2017\/\",\"url\":\"https:\/\/www.scuola.cl\/sivm\/asamblea-c-s-i-2017\/\",\"name\":\"Asamblea C.A.S.I. 2017 - Scuola Italiana\",\"isPartOf\":{\"@id\":\"https:\/\/www.scuola.cl\/sivm\/#website\"},\"primaryImageOfPage\":{\"@id\":\"https:\/\/www.scuola.cl\/sivm\/asamblea-c-s-i-2017\/#primaryimage\"},\"image\":{\"@id\":\"https:\/\/www.scuola.cl\/sivm\/asamblea-c-s-i-2017\/#primaryimage\"},\"thumbnailUrl\":\"https:\/\/www.scuola.cl\/sivm\/wp-content\/uploads\/2017\/08\/Asamblea_CASI.jpg\",\"datePublished\":\"2017-08-11T17:11:44+00:00\",\"dateModified\":\"2017-08-18T18:34:57+00:00\",\"breadcrumb\":{\"@id\":\"https:\/\/www.scuola.cl\/sivm\/asamblea-c-s-i-2017\/#breadcrumb\"},\"inLanguage\":\"es\",\"potentialAction\":[{\"@type\":\"ReadAction\",\"target\":[\"https:\/\/www.scuola.cl\/sivm\/asamblea-c-s-i-2017\/\"]}]},{\"@type\":\"ImageObject\",\"inLanguage\":\"es\",\"@id\":\"https:\/\/www.scuola.cl\/sivm\/asamblea-c-s-i-2017\/#primaryimage\",\"url\":\"https:\/\/www.scuola.cl\/sivm\/wp-content\/uploads\/2017\/08\/Asamblea_CASI.jpg\",\"contentUrl\":\"https:\/\/www.scuola.cl\/sivm\/wp-content\/uploads\/2017\/08\/Asamblea_CASI.jpg\",\"width\":900,\"height\":610},{\"@type\":\"BreadcrumbList\",\"@id\":\"https:\/\/www.scuola.cl\/sivm\/asamblea-c-s-i-2017\/#breadcrumb\",\"itemListElement\":[{\"@type\":\"ListItem\",\"position\":1,\"name\":\"Inicio\",\"item\":\"https:\/\/www.scuola.cl\/sivm\/\"},{\"@type\":\"ListItem\",\"position\":2,\"name\":\"Noticias\",\"item\":\"https:\/\/www.scuola.cl\/sivm\/category\/noticias\/\"},{\"@type\":\"ListItem\",\"position\":3,\"name\":\"Asamblea C.A.S.I. 2017\"}]},{\"@type\":\"WebSite\",\"@id\":\"https:\/\/www.scuola.cl\/sivm\/#website\",\"url\":\"https:\/\/www.scuola.cl\/sivm\/\",\"name\":\"Scuola Italiana\",\"description\":\"Vittorio Montiglio\",\"publisher\":{\"@id\":\"https:\/\/www.scuola.cl\/sivm\/#organization\"},\"potentialAction\":[{\"@type\":\"SearchAction\",\"target\":{\"@type\":\"EntryPoint\",\"urlTemplate\":\"https:\/\/www.scuola.cl\/sivm\/?s={search_term_string}\"},\"query-input\":{\"@type\":\"PropertyValueSpecification\",\"valueRequired\":true,\"valueName\":\"search_term_string\"}}],\"inLanguage\":\"es\"},{\"@type\":\"Organization\",\"@id\":\"https:\/\/www.scuola.cl\/sivm\/#organization\",\"name\":\"Scuola Italiana Vittorio Montiglio\",\"url\":\"https:\/\/www.scuola.cl\/sivm\/\",\"logo\":{\"@type\":\"ImageObject\",\"inLanguage\":\"es\",\"@id\":\"https:\/\/www.scuola.cl\/sivm\/#\/schema\/logo\/image\/\",\"url\":\"https:\/\/www.scuola.cl\/sivm\/wp-content\/uploads\/2019\/06\/Logo_Scuola-01-001-1000x1000.png\",\"contentUrl\":\"https:\/\/www.scuola.cl\/sivm\/wp-content\/uploads\/2019\/06\/Logo_Scuola-01-001-1000x1000.png\",\"width\":1000,\"height\":1000,\"caption\":\"Scuola Italiana Vittorio Montiglio\"},\"image\":{\"@id\":\"https:\/\/www.scuola.cl\/sivm\/#\/schema\/logo\/image\/\"}},{\"@type\":\"Person\",\"@id\":\"https:\/\/www.scuola.cl\/sivm\/#\/schema\/person\/2ac68abc1b548ee6d8e16c4d3727d1b2\",\"name\":\"Comunicaciones\",\"image\":{\"@type\":\"ImageObject\",\"inLanguage\":\"es\",\"@id\":\"https:\/\/www.scuola.cl\/sivm\/#\/schema\/person\/image\/\",\"url\":\"https:\/\/secure.gravatar.com\/avatar\/0b29fd7cdce1ec9939eded19ce85d6ed73acf03fb52d098b0641aed356fe6aeb?s=96&d=mm&r=g\",\"contentUrl\":\"https:\/\/secure.gravatar.com\/avatar\/0b29fd7cdce1ec9939eded19ce85d6ed73acf03fb52d098b0641aed356fe6aeb?s=96&d=mm&r=g\",\"caption\":\"Comunicaciones\"},\"url\":\"https:\/\/www.scuola.cl\/sivm\/author\/comunicaciones-scuola\/\"}]}<\/script>\n<!-- \/ Yoast SEO plugin. -->","yoast_head_json":{"title":"Asamblea C.A.S.I. 2017 - Scuola Italiana","robots":{"index":"index","follow":"follow","max-snippet":"max-snippet:-1","max-image-preview":"max-image-preview:large","max-video-preview":"max-video-preview:-1"},"canonical":"https:\/\/www.scuola.cl\/sivm\/asamblea-c-s-i-2017\/","og_locale":"es_ES","og_type":"article","og_title":"Asamblea C.A.S.I. 2017 - Scuola Italiana","og_description":"El martes 1 de agosto se realiz\u00f3 la Primera Asamblea General de Alumnos, que tiene la finalidad de conocer sus opiniones, reflexionar sobre las tem\u00e1ticas que los ata\u00f1en y recoger sus inquietudes.","og_url":"https:\/\/www.scuola.cl\/sivm\/asamblea-c-s-i-2017\/","og_site_name":"Scuola Italiana","article_published_time":"2017-08-11T17:11:44+00:00","article_modified_time":"2017-08-18T18:34:57+00:00","og_image":[{"width":900,"height":610,"url":"https:\/\/www.scuola.cl\/sivm\/wp-content\/uploads\/2017\/08\/Asamblea_CASI.jpg","type":"image\/jpeg"}],"author":"Comunicaciones","twitter_card":"summary_large_image","twitter_misc":{"Escrito por":"Comunicaciones","Tiempo de lectura":"1 minuto"},"schema":{"@context":"https:\/\/schema.org","@graph":[{"@type":"Article","@id":"https:\/\/www.scuola.cl\/sivm\/asamblea-c-s-i-2017\/#article","isPartOf":{"@id":"https:\/\/www.scuola.cl\/sivm\/asamblea-c-s-i-2017\/"},"author":{"name":"Comunicaciones","@id":"https:\/\/www.scuola.cl\/sivm\/#\/schema\/person\/2ac68abc1b548ee6d8e16c4d3727d1b2"},"headline":"Asamblea C.A.S.I. 2017","datePublished":"2017-08-11T17:11:44+00:00","dateModified":"2017-08-18T18:34:57+00:00","mainEntityOfPage":{"@id":"https:\/\/www.scuola.cl\/sivm\/asamblea-c-s-i-2017\/"},"wordCount":294,"commentCount":0,"publisher":{"@id":"https:\/\/www.scuola.cl\/sivm\/#organization"},"image":{"@id":"https:\/\/www.scuola.cl\/sivm\/asamblea-c-s-i-2017\/#primaryimage"},"thumbnailUrl":"https:\/\/www.scuola.cl\/sivm\/wp-content\/uploads\/2017\/08\/Asamblea_CASI.jpg","articleSection":["Noticias","Scuola"],"inLanguage":"es","potentialAction":[{"@type":"CommentAction","name":"Comment","target":["https:\/\/www.scuola.cl\/sivm\/asamblea-c-s-i-2017\/#respond"]}]},{"@type":"WebPage","@id":"https:\/\/www.scuola.cl\/sivm\/asamblea-c-s-i-2017\/","url":"https:\/\/www.scuola.cl\/sivm\/asamblea-c-s-i-2017\/","name":"Asamblea C.A.S.I. 2017 - Scuola Italiana","isPartOf":{"@id":"https:\/\/www.scuola.cl\/sivm\/#website"},"primaryImageOfPage":{"@id":"https:\/\/www.scuola.cl\/sivm\/asamblea-c-s-i-2017\/#primaryimage"},"image":{"@id":"https:\/\/www.scuola.cl\/sivm\/asamblea-c-s-i-2017\/#primaryimage"},"thumbnailUrl":"https:\/\/www.scuola.cl\/sivm\/wp-content\/uploads\/2017\/08\/Asamblea_CASI.jpg","datePublished":"2017-08-11T17:11:44+00:00","dateModified":"2017-08-18T18:34:57+00:00","breadcrumb":{"@id":"https:\/\/www.scuola.cl\/sivm\/asamblea-c-s-i-2017\/#breadcrumb"},"inLanguage":"es","potentialAction":[{"@type":"ReadAction","target":["https:\/\/www.scuola.cl\/sivm\/asamblea-c-s-i-2017\/"]}]},{"@type":"ImageObject","inLanguage":"es","@id":"https:\/\/www.scuola.cl\/sivm\/asamblea-c-s-i-2017\/#primaryimage","url":"https:\/\/www.scuola.cl\/sivm\/wp-content\/uploads\/2017\/08\/Asamblea_CASI.jpg","contentUrl":"https:\/\/www.scuola.cl\/sivm\/wp-content\/uploads\/2017\/08\/Asamblea_CASI.jpg","width":900,"height":610},{"@type":"BreadcrumbList","@id":"https:\/\/www.scuola.cl\/sivm\/asamblea-c-s-i-2017\/#breadcrumb","itemListElement":[{"@type":"ListItem","position":1,"name":"Inicio","item":"https:\/\/www.scuola.cl\/sivm\/"},{"@type":"ListItem","position":2,"name":"Noticias","item":"https:\/\/www.scuola.cl\/sivm\/category\/noticias\/"},{"@type":"ListItem","position":3,"name":"Asamblea C.A.S.I. 2017"}]},{"@type":"WebSite","@id":"https:\/\/www.scuola.cl\/sivm\/#website","url":"https:\/\/www.scuola.cl\/sivm\/","name":"Scuola Italiana","description":"Vittorio Montiglio","publisher":{"@id":"https:\/\/www.scuola.cl\/sivm\/#organization"},"potentialAction":[{"@type":"SearchAction","target":{"@type":"EntryPoint","urlTemplate":"https:\/\/www.scuola.cl\/sivm\/?s={search_term_string}"},"query-input":{"@type":"PropertyValueSpecification","valueRequired":true,"valueName":"search_term_string"}}],"inLanguage":"es"},{"@type":"Organization","@id":"https:\/\/www.scuola.cl\/sivm\/#organization","name":"Scuola Italiana Vittorio Montiglio","url":"https:\/\/www.scuola.cl\/sivm\/","logo":{"@type":"ImageObject","inLanguage":"es","@id":"https:\/\/www.scuola.cl\/sivm\/#\/schema\/logo\/image\/","url":"https:\/\/www.scuola.cl\/sivm\/wp-content\/uploads\/2019\/06\/Logo_Scuola-01-001-1000x1000.png","contentUrl":"https:\/\/www.scuola.cl\/sivm\/wp-content\/uploads\/2019\/06\/Logo_Scuola-01-001-1000x1000.png","width":1000,"height":1000,"caption":"Scuola Italiana Vittorio Montiglio"},"image":{"@id":"https:\/\/www.scuola.cl\/sivm\/#\/schema\/logo\/image\/"}},{"@type":"Person","@id":"https:\/\/www.scuola.cl\/sivm\/#\/schema\/person\/2ac68abc1b548ee6d8e16c4d3727d1b2","name":"Comunicaciones","image":{"@type":"ImageObject","inLanguage":"es","@id":"https:\/\/www.scuola.cl\/sivm\/#\/schema\/person\/image\/","url":"https:\/\/secure.gravatar.com\/avatar\/0b29fd7cdce1ec9939eded19ce85d6ed73acf03fb52d098b0641aed356fe6aeb?s=96&d=mm&r=g","contentUrl":"https:\/\/secure.gravatar.com\/avatar\/0b29fd7cdce1ec9939eded19ce85d6ed73acf03fb52d098b0641aed356fe6aeb?s=96&d=mm&r=g","caption":"Comunicaciones"},"url":"https:\/\/www.scuola.cl\/sivm\/author\/comunicaciones-scuola\/"}]}},"_links":{"self":[{"href":"https:\/\/www.scuola.cl\/sivm\/wp-json\/wp\/v2\/posts\/4724","targetHints":{"allow":["GET"]}}],"collection":[{"href":"https:\/\/www.scuola.cl\/sivm\/wp-json\/wp\/v2\/posts"}],"about":[{"href":"https:\/\/www.scuola.cl\/sivm\/wp-json\/wp\/v2\/types\/post"}],"author":[{"embeddable":true,"href":"https:\/\/www.scuola.cl\/sivm\/wp-json\/wp\/v2\/users\/2"}],"replies":[{"embeddable":true,"href":"https:\/\/www.scuola.cl\/sivm\/wp-json\/wp\/v2\/comments?post=4724"}],"version-history":[{"count":13,"href":"https:\/\/www.scuola.cl\/sivm\/wp-json\/wp\/v2\/posts\/4724\/revisions"}],"predecessor-version":[{"id":4795,"href":"https:\/\/www.scuola.cl\/sivm\/wp-json\/wp\/v2\/posts\/4724\/revisions\/4795"}],"wp:featuredmedia":[{"embeddable":true,"href":"https:\/\/www.scuola.cl\/sivm\/wp-json\/wp\/v2\/media\/4725"}],"wp:attachment":[{"href":"https:\/\/www.scuola.cl\/sivm\/wp-json\/wp\/v2\/media?parent=4724"}],"wp:term":[{"taxonomy":"category","embeddable":true,"href":"https:\/\/www.scuola.cl\/sivm\/wp-json\/wp\/v2\/categories?post=4724"},{"taxonomy":"post_tag","embeddable":true,"href":"https:\/\/www.scuola.cl\/sivm\/wp-json\/wp\/v2\/tags?post=4724"}],"curies":[{"name":"wp","href":"https:\/\/api.w.org\/{rel}","templated":true}]}}