{"id":4208,"date":"2017-08-07T14:33:24","date_gmt":"2017-08-07T17:33:24","guid":{"rendered":"http:\/\/www.scuola.cl\/sivm\/?p=4208"},"modified":"2017-08-07T14:54:05","modified_gmt":"2017-08-07T17:54:05","slug":"scuola-digitale-7-agosto","status":"publish","type":"post","link":"https:\/\/www.scuola.cl\/sivm\/scuola-digitale-7-agosto\/","title":{"rendered":"Scuola Digitale 7 Agosto"},"content":{"rendered":"<table style=\"width: 100%; font-family: Arial, Helvetica, sans-serif; border-collapse: collapse;\" border=\"0\">\n<tbody>\n<tr>\n<td style=\"width: 100px;\" rowspan=\"12\"><\/td>\n<td style=\"background-color: #16a66b; height: 100px; width: 845px;\">\n<table style=\"width: 100%; border-collapse: collapse;\" border=\"0\">\n<tbody>\n<tr style=\"background-color: #16a66b;\">\n<td style=\"font-size: 2.5em; color: #fff; font-weight: bold;\"><a style=\"font-size: 13px; font-weight: normal;\" href=\"http:\/\/www.commtrack.cl\/archivos\/sivm\/repositorio\/38bc11_banner_titulo2.png\"><span style=\"color: #333333; font-family: sans-serif, Arial, Verdana, 'Trebuchet MS';\"><img decoding=\"async\" src=\"http:\/\/www.commtrack.cl\/archivos\/sivm\/repositorio\/38bc11_banner_titulo2.png\" \/><\/span><\/a><\/td>\n<\/tr>\n<\/tbody>\n<\/table>\n<\/td>\n<td style=\"width: 102px;\" rowspan=\"12\"><\/td>\n<\/tr>\n<tr>\n<td style=\"padding: 10px; width: 827px; text-align: center;\">\u00a0<iframe loading=\"lazy\" src=\"\/\/www.youtube.com\/embed\/3TNtRTiu6VM\" width=\"560\" height=\"314\" allowfullscreen=\"allowfullscreen\"><\/iframe><\/td>\n<\/tr>\n<tr style=\"text-align: center;\">\n<td style=\"padding: 10px; width: 827px;\"><strong><span style=\"font-family: sans-serif, Arial, Verdana, 'Trebuchet MS';\"><span style=\"text-align: center;\">\u201cLA CRUZADA DEL ASCENSOR\u201d<\/span><\/span><\/strong><\/td>\n<\/tr>\n<tr style=\"text-align: center;\">\n<td style=\"padding: 10px; width: 827px;\"><span style=\"text-align: center;\"><span style=\"font-family: sans-serif, Arial, Verdana, 'Trebuchet MS';\">Los invitamos a ver este video realizado junto a los queridos \u00abnonni\u00bb del Hogar Italiano, quienes hacen un llamado a apoyarlos en la gran \u00abCruzada el Ascensor\u00bb. Desde noviembre de 2016, la Casa di Riposo se encuentra sin ascensor, ya que las mantenciones y reparaciones de \u00e9ste no han sido posibles por su antig\u00fcedad, volvi\u00e9ndose fundamental la compra de uno nuevo. Las alternativas para ayudar son muchas!<\/span><\/span><\/td>\n<\/tr>\n<tr style=\"text-align: right;\">\n<td style=\"color: #16a66b; padding-right: 10px; width: 836px;\"><a style=\"text-align: right;\" href=\"http:\/\/www.scuola.cl\/sivm\/?p=4033\"><span style=\"color: #333333; font-family: sans-serif, Arial, Verdana, 'Trebuchet MS';\">Leer m\u00e1s&#8230;<\/span><\/a><\/td>\n<\/tr>\n<tr>\n<td style=\"width: 845px;\">\n<table style=\"width: 100%; border-collapse: collapse;\" border=\"0\">\n<tbody>\n<tr>\n<td style=\"padding: 10px;\"><a href=\"http:\/\/www.scuola.cl\/sivm\/bingo\/\"><span style=\"color: #333333; font-family: sans-serif, Arial, Verdana, 'Trebuchet MS';\"><img decoding=\"async\" style=\"width: 100%;\" src=\"http:\/\/www.scuola.cl\/sivm\/wp-content\/uploads\/2017\/08\/Bingo_Banner.jpg\" \/><\/span><\/a><\/td>\n<td style=\"padding: 10px;\"><a href=\"http:\/\/www.scuola.cl\/sivm\/?p=4134\"><span style=\"color: #333333; font-family: sans-serif, Arial, Verdana, 'Trebuchet MS';\"><img decoding=\"async\" style=\"width: 100%;\" src=\"http:\/\/www.scuola.cl\/sivm\/wp-content\/uploads\/2017\/07\/Banner_raton_perez.jpg\" \/><\/span><\/a><\/td>\n<td style=\"padding: 10px;\"><a href=\"http:\/\/www.scuola.cl\/sivm\/?p=4169\"><span style=\"color: #333333; font-family: sans-serif, Arial, Verdana, 'Trebuchet MS';\"><img decoding=\"async\" style=\"width: 100%;\" src=\"http:\/\/www.scuola.cl\/sivm\/wp-content\/uploads\/2017\/08\/bochas_banner.jpg\" \/><\/span><\/a><\/td>\n<\/tr>\n<tr style=\"text-align: center;\">\n<td style=\"padding: 10px; width: 33%;\"><strong><span style=\"text-align: center;\"><span style=\"font-family: sans-serif, Arial, Verdana, 'Trebuchet MS';\">GRAN BINGO SCUOLA<\/span><\/span><\/strong><\/td>\n<td style=\"padding: 10px; width: 33%;\"><strong><span style=\"font-family: sans-serif, Arial, Verdana, 'Trebuchet MS';\">TEATRO FAMILIAR<\/span><\/strong><\/td>\n<td style=\"padding: 10px; width: 33%;\"><strong><span style=\"font-family: sans-serif, Arial, Verdana, 'Trebuchet MS';\">CAMPEONATO DE BOCHAS<\/span><\/strong><\/td>\n<\/tr>\n<tr style=\"text-align: center; vertical-align: top;\">\n<td style=\"padding: 10px; width: 33%;\"><span style=\"text-align: center;\"><span style=\"font-family: sans-serif, Arial, Verdana, 'Trebuchet MS';\">Participa junto a tu familia y amigos del Gran Bingo Scuola Pro-fondos Viaggio di Studio 2018, que se realizar\u00e1 el s\u00e1bado 26 de agosto desde las 19:30 Hrs. en la Palestra. Venta de entradas con los alumnos de II\u00b0 Medio.<\/span><\/span><\/td>\n<td style=\"padding: 10px; width: 33%;\"><span style=\"font-family: sans-serif, Arial, Verdana, 'Trebuchet MS';\">La Scuola Italiana y su Centro Cultural, presentar\u00e1n el jueves 10 de agosto a las 17:00 Hrs., la obra de teatro familiar \u201cEl Rat\u00f3n P\u00e9rez, al rescate de la infancia\u201d, de la Compa\u00f1\u00eda de Teatro Observatorio Popular.<\/span><\/td>\n<td style=\"padding: 10px; width: 33%;\"><span style=\"font-family: sans-serif, Arial, Verdana, 'Trebuchet MS';\">El s\u00e1bado 29 de julio, se realiz\u00f3 el Primer Campeonato Escolar de Bochas en las instalaciones del Circolo Italiano de Villa Alemana, contando con la participaci\u00f3n de la selecci\u00f3n de Bochas de nuestra Scuola.<\/span><\/td>\n<\/tr>\n<tr style=\"text-align: right;\">\n<td style=\"color: #16a66b;\"><a href=\"http:\/\/www.scuola.cl\/sivm\/bingo\/\"><span style=\"color: #333333; font-family: sans-serif, Arial, Verdana, 'Trebuchet MS';\">Leer m\u00e1s&#8230;<\/span><\/a><\/td>\n<td style=\"color: #16a66b;\"><a href=\"http:\/\/www.scuola.cl\/sivm\/?p=4134\"><span style=\"color: #333333; font-family: sans-serif, Arial, Verdana, 'Trebuchet MS';\">Leer m\u00e1s&#8230;<\/span><\/a><\/td>\n<td style=\"color: #16a66b;\"><a href=\"http:\/\/www.scuola.cl\/sivm\/?p=4169\"><span style=\"color: #333333; font-family: sans-serif, Arial, Verdana, 'Trebuchet MS';\">Leer m\u00e1s&#8230;<\/span><\/a><\/td>\n<\/tr>\n<tr>\n<td style=\"padding: 10px;\"><a href=\"http:\/\/www.scuola.cl\/sivm\/?p=4200\"><span style=\"color: #333333; font-family: sans-serif, Arial, Verdana, 'Trebuchet MS';\"><img decoding=\"async\" style=\"width: 100%;\" src=\"http:\/\/www.scuola.cl\/sivm\/wp-content\/uploads\/2017\/08\/curso_red_cultural_segundo_semestre.jpg\" \/><\/span><\/a><\/td>\n<td style=\"padding: 10px;\"><a href=\"http:\/\/www.scuola.cl\/sivm\/crea-la-solidaridad\/\"><span style=\"color: #333333; font-family: sans-serif, Arial, Verdana, 'Trebuchet MS';\"><img decoding=\"async\" style=\"width: 100%;\" src=\"http:\/\/www.scuola.cl\/sivm\/wp-content\/uploads\/2017\/07\/afiche_Crea_por_la_Solidaridad.jpg\" \/><\/span><\/a><\/td>\n<td style=\"padding: 10px;\"><span style=\"font-family: sans-serif, Arial, Verdana, 'Trebuchet MS';\"><a href=\"http:\/\/www.scuola.cl\/sivm\/?p=4196\"><img decoding=\"async\" style=\"width: 100%;\" src=\"http:\/\/www.scuola.cl\/sivm\/wp-content\/uploads\/2017\/08\/marcela_carvajal.jpg\" \/><\/a><\/span><\/td>\n<\/tr>\n<tr style=\"text-align: center;\">\n<td style=\"padding: 10px; width: 33%;\"><strong><span style=\"font-family: sans-serif, Arial, Verdana, 'Trebuchet MS';\">CURSO RED CULTURAL (50% DCTO.)<\/span><\/strong><\/td>\n<td style=\"padding: 10px; width: 33%;\"><strong><span style=\"font-family: sans-serif, Arial, Verdana, 'Trebuchet MS';\">RECEPCI\u00d3N DE OBRAS<\/span><\/strong><\/td>\n<td style=\"padding: 10px; width: 33%;\"><strong><span style=\"font-family: sans-serif, Arial, Verdana, 'Trebuchet MS';\">PRESENTACI\u00d3N DE ARTISTA<\/span><\/strong><\/td>\n<\/tr>\n<tr style=\"text-align: center; vertical-align: top;\">\n<td style=\"padding: 10px; width: 33%;\"><span style=\"font-family: sans-serif, Arial, Verdana, 'Trebuchet MS';\">La Red Cultural dictar\u00e1 en la Scuola el curso \u00abGrandes momentos del arte universal\u00bb, a cargo de la profesora Soledad Acu\u00f1a (Mag\u00edster en Humanidades menci\u00f3n Arte y en Educaci\u00f3n Imaginativa).<\/span><\/td>\n<td style=\"padding: 10px; width: 33%;\"><span style=\"font-family: sans-serif, Arial, Verdana, 'Trebuchet MS';\">El Departamento de Orientaci\u00f3n y Psicopedagog\u00eda invita a toda la Comunidad Scuola a ser parte del proyecto \u00abCrea por la solidaridad\u00bb. Les recordamos que las obras participantes ser\u00e1n recibidas el 16, 17 y 18 de agosto.\u00a0<\/span><\/td>\n<td style=\"padding: 10px; width: 33%;\">El mi\u00e9rcoles 2 de agosto, el Diferenciado de Arte de III\u00b0 Medio recibi\u00f3 la visita de la artista grabadora Marcela Carvajal, quien realiz\u00f3 una presentaci\u00f3n sobre un interesante proyecto sociocultural y su trabajo.<\/td>\n<\/tr>\n<tr style=\"text-align: right;\">\n<td style=\"color: #16a66b;\"><a href=\"http:\/\/www.scuola.cl\/sivm\/?p=4200\"><span style=\"color: #333333; font-family: sans-serif, Arial, Verdana, 'Trebuchet MS';\">Leer m\u00e1s&#8230;<\/span><\/a><\/td>\n<td style=\"color: #16a66b;\"><a href=\"http:\/\/www.scuola.cl\/sivm\/crea-la-solidaridad\/\"><span style=\"color: #333333; font-family: sans-serif, Arial, Verdana, 'Trebuchet MS';\">Leer m\u00e1s&#8230;<\/span><\/a><\/td>\n<td style=\"color: #16a66b;\"><a href=\"http:\/\/www.scuola.cl\/sivm\/?p=4196\"><span style=\"color: #333333; font-family: sans-serif, Arial, Verdana, 'Trebuchet MS';\">Leer m\u00e1s&#8230;<\/span><\/a><\/td>\n<\/tr>\n<\/tbody>\n<\/table>\n<\/td>\n<\/tr>\n<tr>\n<td style=\"height: 100px; text-align: center; vertical-align: middle; width: 845px;\"><span style=\"font-family: sans-serif, Arial, Verdana, 'Trebuchet MS';\"><a href=\"http:\/\/www.scuola.cl\/sivm\/category\/noticias\/\" target=\"_blank\"><img decoding=\"async\" style=\"width: 135px; height: 92px;\" src=\"http:\/\/www.commtrack.cl\/archivos\/sivm\/repositorio\/da3b8c_btn_noticias.gif\" \/><\/a>\u00a0<a href=\"http:\/\/www.scuola.cl\/sivm\/category\/noticias\/deportes\/\" target=\"_blank\"><img decoding=\"async\" style=\"width: 135px; height: 92px;\" src=\"http:\/\/www.commtrack.cl\/archivos\/sivm\/repositorio\/82bfb1_btn_deportes.gif\" \/><\/a>\u00a0<a href=\"http:\/\/www.scuola.cl\/sivm\/category\/noticias\/cultura\/\" target=\"_blank\"><img decoding=\"async\" style=\"width: 135px; height: 92px;\" src=\"http:\/\/www.commtrack.cl\/archivos\/sivm\/repositorio\/bca075_btn_cultura.gif\" \/><\/a>\u00a0<a href=\"http:\/\/www.scuola.cl\/sivm\/category\/noticias\/solidaridad\/\" target=\"_blank\"><img decoding=\"async\" style=\"width: 135px; height: 92px;\" src=\"http:\/\/www.commtrack.cl\/archivos\/sivm\/repositorio\/c9baf3_btn_solidaridad.gif\" \/><\/a><\/span><\/td>\n<\/tr>\n<tr>\n<td style=\"text-align: center; vertical-align: middle; width: 845px;\"><span style=\"font-family: sans-serif, Arial, Verdana, 'Trebuchet MS';\"><a href=\"http:\/\/www.scuola.cl\/sivm\/centro-cultural\/\" target=\"_blank\"><img decoding=\"async\" style=\"width: 100%;\" src=\"http:\/\/www.commtrack.cl\/archivos\/sivm\/repositorio\/b75a4e_banner_ccs.png\" \/><\/a><\/span><\/td>\n<\/tr>\n<tr style=\"background-color: #16a66b; text-align: right;\">\n<td style=\"width: 845px;\">\n<table style=\"width: 100%; text-align: right; border-collapse: collapse;\" border=\"0\">\n<tbody>\n<tr>\n<td style=\"font-size: 1em; color: #fff;\"><span style=\"color: #333333; font-family: sans-serif, Arial, Verdana, 'Trebuchet MS';\">Comunicaciones y Difusi\u00f3n &#8211; Scuola Italiana \u00abVittorio Montiglio\u00bb<\/span><\/td>\n<td style=\"width: 120px; padding: 5px;\"><span style=\"color: #333333; font-family: sans-serif, Arial, Verdana, 'Trebuchet MS';\"><a href=\"https:\/\/www.facebook.com\/scuolaitaliana.santiago\/\" target=\"_blank\"><img decoding=\"async\" style=\"width: 25px;\" src=\"http:\/\/www.commtrack.cl\/archivos\/sivm\/repositorio\/dd43ff_btn_facebook.png\" \/><\/a>\u00a0<a href=\"https:\/\/twitter.com\/scuolaitstgo\" target=\"_blank\"><img decoding=\"async\" style=\"width: 25px;\" src=\"http:\/\/www.commtrack.cl\/archivos\/sivm\/repositorio\/5a67a1_btn_twitter.png\" \/><\/a>\u00a0<a href=\"https:\/\/www.youtube.com\/channel\/UCk42KNgZG9YGYWvc2Y0HxcQ\" target=\"_blank\"><img decoding=\"async\" style=\"width: 25px;\" src=\"http:\/\/www.commtrack.cl\/archivos\/sivm\/repositorio\/eeca29_btn_youtube.png\" \/><\/a>\u00a0<a href=\"http:\/\/www.scuola.cl\/sivm\/\" target=\"_blank\"><img decoding=\"async\" style=\"width: 25px;\" src=\"http:\/\/www.commtrack.cl\/archivos\/sivm\/repositorio\/a1f864_btn_web.png\" \/><\/a><\/span><\/td>\n<\/tr>\n<\/tbody>\n<\/table>\n<\/td>\n<\/tr>\n<\/tbody>\n<\/table>\n","protected":false},"excerpt":{"rendered":"En la segunda edici\u00f3n de Scuola Digitale, podr\u00e1n encontrar informaci\u00f3n sobre la campa\u00f1a \u00abCruzada del Ascensor\u00bb, cultura, deportes y diversas actividades de nuestro colegio.","protected":false},"author":2,"featured_media":4209,"comment_status":"open","ping_status":"open","sticky":false,"template":"","format":"standard","meta":{"_acf_changed":false,"footnotes":""},"categories":[5],"tags":[],"class_list":["post-4208","post","type-post","status-publish","format-standard","has-post-thumbnail","hentry","category-noticias"],"acf":[],"yoast_head":"<!-- This site is optimized with the Yoast SEO plugin v27.1.1 - https:\/\/yoast.com\/product\/yoast-seo-wordpress\/ -->\n<title>Scuola Digitale 7 Agosto - Scuola Italiana<\/title>\n<meta name=\"robots\" content=\"index, follow, max-snippet:-1, max-image-preview:large, max-video-preview:-1\" \/>\n<link rel=\"canonical\" href=\"https:\/\/www.scuola.cl\/sivm\/scuola-digitale-7-agosto\/\" \/>\n<meta property=\"og:locale\" content=\"es_ES\" \/>\n<meta property=\"og:type\" content=\"article\" \/>\n<meta property=\"og:title\" content=\"Scuola Digitale 7 Agosto - Scuola Italiana\" \/>\n<meta property=\"og:description\" content=\"En la segunda edici\u00f3n de Scuola Digitale, podr\u00e1n encontrar informaci\u00f3n sobre la campa\u00f1a &quot;Cruzada del Ascensor&quot;, cultura, deportes y diversas actividades de nuestro colegio.\" \/>\n<meta property=\"og:url\" content=\"https:\/\/www.scuola.cl\/sivm\/scuola-digitale-7-agosto\/\" \/>\n<meta property=\"og:site_name\" content=\"Scuola Italiana\" \/>\n<meta property=\"article:published_time\" content=\"2017-08-07T17:33:24+00:00\" \/>\n<meta property=\"article:modified_time\" content=\"2017-08-07T17:54:05+00:00\" \/>\n<meta property=\"og:image\" content=\"https:\/\/www.scuola.cl\/sivm\/wp-content\/uploads\/2017\/08\/Scuola_Digitale_7_agosto_miniatura.jpg\" \/>\n\t<meta property=\"og:image:width\" content=\"900\" \/>\n\t<meta property=\"og:image:height\" content=\"610\" \/>\n\t<meta property=\"og:image:type\" content=\"image\/jpeg\" \/>\n<meta name=\"author\" content=\"Comunicaciones\" \/>\n<meta name=\"twitter:card\" content=\"summary_large_image\" \/>\n<meta name=\"twitter:label1\" content=\"Escrito por\" \/>\n\t<meta name=\"twitter:data1\" content=\"Comunicaciones\" \/>\n\t<meta name=\"twitter:label2\" content=\"Tiempo de lectura\" \/>\n\t<meta name=\"twitter:data2\" content=\"2 minutos\" \/>\n<script type=\"application\/ld+json\" class=\"yoast-schema-graph\">{\"@context\":\"https:\/\/schema.org\",\"@graph\":[{\"@type\":\"Article\",\"@id\":\"https:\/\/www.scuola.cl\/sivm\/scuola-digitale-7-agosto\/#article\",\"isPartOf\":{\"@id\":\"https:\/\/www.scuola.cl\/sivm\/scuola-digitale-7-agosto\/\"},\"author\":{\"name\":\"Comunicaciones\",\"@id\":\"https:\/\/www.scuola.cl\/sivm\/#\/schema\/person\/2ac68abc1b548ee6d8e16c4d3727d1b2\"},\"headline\":\"Scuola Digitale 7 Agosto\",\"datePublished\":\"2017-08-07T17:33:24+00:00\",\"dateModified\":\"2017-08-07T17:54:05+00:00\",\"mainEntityOfPage\":{\"@id\":\"https:\/\/www.scuola.cl\/sivm\/scuola-digitale-7-agosto\/\"},\"wordCount\":342,\"commentCount\":0,\"publisher\":{\"@id\":\"https:\/\/www.scuola.cl\/sivm\/#organization\"},\"image\":{\"@id\":\"https:\/\/www.scuola.cl\/sivm\/scuola-digitale-7-agosto\/#primaryimage\"},\"thumbnailUrl\":\"https:\/\/www.scuola.cl\/sivm\/wp-content\/uploads\/2017\/08\/Scuola_Digitale_7_agosto_miniatura.jpg\",\"articleSection\":[\"Noticias\"],\"inLanguage\":\"es\",\"potentialAction\":[{\"@type\":\"CommentAction\",\"name\":\"Comment\",\"target\":[\"https:\/\/www.scuola.cl\/sivm\/scuola-digitale-7-agosto\/#respond\"]}]},{\"@type\":\"WebPage\",\"@id\":\"https:\/\/www.scuola.cl\/sivm\/scuola-digitale-7-agosto\/\",\"url\":\"https:\/\/www.scuola.cl\/sivm\/scuola-digitale-7-agosto\/\",\"name\":\"Scuola Digitale 7 Agosto - Scuola Italiana\",\"isPartOf\":{\"@id\":\"https:\/\/www.scuola.cl\/sivm\/#website\"},\"primaryImageOfPage\":{\"@id\":\"https:\/\/www.scuola.cl\/sivm\/scuola-digitale-7-agosto\/#primaryimage\"},\"image\":{\"@id\":\"https:\/\/www.scuola.cl\/sivm\/scuola-digitale-7-agosto\/#primaryimage\"},\"thumbnailUrl\":\"https:\/\/www.scuola.cl\/sivm\/wp-content\/uploads\/2017\/08\/Scuola_Digitale_7_agosto_miniatura.jpg\",\"datePublished\":\"2017-08-07T17:33:24+00:00\",\"dateModified\":\"2017-08-07T17:54:05+00:00\",\"breadcrumb\":{\"@id\":\"https:\/\/www.scuola.cl\/sivm\/scuola-digitale-7-agosto\/#breadcrumb\"},\"inLanguage\":\"es\",\"potentialAction\":[{\"@type\":\"ReadAction\",\"target\":[\"https:\/\/www.scuola.cl\/sivm\/scuola-digitale-7-agosto\/\"]}]},{\"@type\":\"ImageObject\",\"inLanguage\":\"es\",\"@id\":\"https:\/\/www.scuola.cl\/sivm\/scuola-digitale-7-agosto\/#primaryimage\",\"url\":\"https:\/\/www.scuola.cl\/sivm\/wp-content\/uploads\/2017\/08\/Scuola_Digitale_7_agosto_miniatura.jpg\",\"contentUrl\":\"https:\/\/www.scuola.cl\/sivm\/wp-content\/uploads\/2017\/08\/Scuola_Digitale_7_agosto_miniatura.jpg\",\"width\":900,\"height\":610},{\"@type\":\"BreadcrumbList\",\"@id\":\"https:\/\/www.scuola.cl\/sivm\/scuola-digitale-7-agosto\/#breadcrumb\",\"itemListElement\":[{\"@type\":\"ListItem\",\"position\":1,\"name\":\"Inicio\",\"item\":\"https:\/\/www.scuola.cl\/sivm\/\"},{\"@type\":\"ListItem\",\"position\":2,\"name\":\"Noticias\",\"item\":\"https:\/\/www.scuola.cl\/sivm\/category\/noticias\/\"},{\"@type\":\"ListItem\",\"position\":3,\"name\":\"Scuola Digitale 7 Agosto\"}]},{\"@type\":\"WebSite\",\"@id\":\"https:\/\/www.scuola.cl\/sivm\/#website\",\"url\":\"https:\/\/www.scuola.cl\/sivm\/\",\"name\":\"Scuola Italiana\",\"description\":\"Vittorio Montiglio\",\"publisher\":{\"@id\":\"https:\/\/www.scuola.cl\/sivm\/#organization\"},\"potentialAction\":[{\"@type\":\"SearchAction\",\"target\":{\"@type\":\"EntryPoint\",\"urlTemplate\":\"https:\/\/www.scuola.cl\/sivm\/?s={search_term_string}\"},\"query-input\":{\"@type\":\"PropertyValueSpecification\",\"valueRequired\":true,\"valueName\":\"search_term_string\"}}],\"inLanguage\":\"es\"},{\"@type\":\"Organization\",\"@id\":\"https:\/\/www.scuola.cl\/sivm\/#organization\",\"name\":\"Scuola Italiana Vittorio Montiglio\",\"url\":\"https:\/\/www.scuola.cl\/sivm\/\",\"logo\":{\"@type\":\"ImageObject\",\"inLanguage\":\"es\",\"@id\":\"https:\/\/www.scuola.cl\/sivm\/#\/schema\/logo\/image\/\",\"url\":\"https:\/\/www.scuola.cl\/sivm\/wp-content\/uploads\/2019\/06\/Logo_Scuola-01-001-1000x1000.png\",\"contentUrl\":\"https:\/\/www.scuola.cl\/sivm\/wp-content\/uploads\/2019\/06\/Logo_Scuola-01-001-1000x1000.png\",\"width\":1000,\"height\":1000,\"caption\":\"Scuola Italiana Vittorio Montiglio\"},\"image\":{\"@id\":\"https:\/\/www.scuola.cl\/sivm\/#\/schema\/logo\/image\/\"}},{\"@type\":\"Person\",\"@id\":\"https:\/\/www.scuola.cl\/sivm\/#\/schema\/person\/2ac68abc1b548ee6d8e16c4d3727d1b2\",\"name\":\"Comunicaciones\",\"image\":{\"@type\":\"ImageObject\",\"inLanguage\":\"es\",\"@id\":\"https:\/\/www.scuola.cl\/sivm\/#\/schema\/person\/image\/\",\"url\":\"https:\/\/secure.gravatar.com\/avatar\/0b29fd7cdce1ec9939eded19ce85d6ed73acf03fb52d098b0641aed356fe6aeb?s=96&d=mm&r=g\",\"contentUrl\":\"https:\/\/secure.gravatar.com\/avatar\/0b29fd7cdce1ec9939eded19ce85d6ed73acf03fb52d098b0641aed356fe6aeb?s=96&d=mm&r=g\",\"caption\":\"Comunicaciones\"},\"url\":\"https:\/\/www.scuola.cl\/sivm\/author\/comunicaciones-scuola\/\"}]}<\/script>\n<!-- \/ Yoast SEO plugin. -->","yoast_head_json":{"title":"Scuola Digitale 7 Agosto - Scuola Italiana","robots":{"index":"index","follow":"follow","max-snippet":"max-snippet:-1","max-image-preview":"max-image-preview:large","max-video-preview":"max-video-preview:-1"},"canonical":"https:\/\/www.scuola.cl\/sivm\/scuola-digitale-7-agosto\/","og_locale":"es_ES","og_type":"article","og_title":"Scuola Digitale 7 Agosto - Scuola Italiana","og_description":"En la segunda edici\u00f3n de Scuola Digitale, podr\u00e1n encontrar informaci\u00f3n sobre la campa\u00f1a \"Cruzada del Ascensor\", cultura, deportes y diversas actividades de nuestro colegio.","og_url":"https:\/\/www.scuola.cl\/sivm\/scuola-digitale-7-agosto\/","og_site_name":"Scuola Italiana","article_published_time":"2017-08-07T17:33:24+00:00","article_modified_time":"2017-08-07T17:54:05+00:00","og_image":[{"width":900,"height":610,"url":"https:\/\/www.scuola.cl\/sivm\/wp-content\/uploads\/2017\/08\/Scuola_Digitale_7_agosto_miniatura.jpg","type":"image\/jpeg"}],"author":"Comunicaciones","twitter_card":"summary_large_image","twitter_misc":{"Escrito por":"Comunicaciones","Tiempo de lectura":"2 minutos"},"schema":{"@context":"https:\/\/schema.org","@graph":[{"@type":"Article","@id":"https:\/\/www.scuola.cl\/sivm\/scuola-digitale-7-agosto\/#article","isPartOf":{"@id":"https:\/\/www.scuola.cl\/sivm\/scuola-digitale-7-agosto\/"},"author":{"name":"Comunicaciones","@id":"https:\/\/www.scuola.cl\/sivm\/#\/schema\/person\/2ac68abc1b548ee6d8e16c4d3727d1b2"},"headline":"Scuola Digitale 7 Agosto","datePublished":"2017-08-07T17:33:24+00:00","dateModified":"2017-08-07T17:54:05+00:00","mainEntityOfPage":{"@id":"https:\/\/www.scuola.cl\/sivm\/scuola-digitale-7-agosto\/"},"wordCount":342,"commentCount":0,"publisher":{"@id":"https:\/\/www.scuola.cl\/sivm\/#organization"},"image":{"@id":"https:\/\/www.scuola.cl\/sivm\/scuola-digitale-7-agosto\/#primaryimage"},"thumbnailUrl":"https:\/\/www.scuola.cl\/sivm\/wp-content\/uploads\/2017\/08\/Scuola_Digitale_7_agosto_miniatura.jpg","articleSection":["Noticias"],"inLanguage":"es","potentialAction":[{"@type":"CommentAction","name":"Comment","target":["https:\/\/www.scuola.cl\/sivm\/scuola-digitale-7-agosto\/#respond"]}]},{"@type":"WebPage","@id":"https:\/\/www.scuola.cl\/sivm\/scuola-digitale-7-agosto\/","url":"https:\/\/www.scuola.cl\/sivm\/scuola-digitale-7-agosto\/","name":"Scuola Digitale 7 Agosto - Scuola Italiana","isPartOf":{"@id":"https:\/\/www.scuola.cl\/sivm\/#website"},"primaryImageOfPage":{"@id":"https:\/\/www.scuola.cl\/sivm\/scuola-digitale-7-agosto\/#primaryimage"},"image":{"@id":"https:\/\/www.scuola.cl\/sivm\/scuola-digitale-7-agosto\/#primaryimage"},"thumbnailUrl":"https:\/\/www.scuola.cl\/sivm\/wp-content\/uploads\/2017\/08\/Scuola_Digitale_7_agosto_miniatura.jpg","datePublished":"2017-08-07T17:33:24+00:00","dateModified":"2017-08-07T17:54:05+00:00","breadcrumb":{"@id":"https:\/\/www.scuola.cl\/sivm\/scuola-digitale-7-agosto\/#breadcrumb"},"inLanguage":"es","potentialAction":[{"@type":"ReadAction","target":["https:\/\/www.scuola.cl\/sivm\/scuola-digitale-7-agosto\/"]}]},{"@type":"ImageObject","inLanguage":"es","@id":"https:\/\/www.scuola.cl\/sivm\/scuola-digitale-7-agosto\/#primaryimage","url":"https:\/\/www.scuola.cl\/sivm\/wp-content\/uploads\/2017\/08\/Scuola_Digitale_7_agosto_miniatura.jpg","contentUrl":"https:\/\/www.scuola.cl\/sivm\/wp-content\/uploads\/2017\/08\/Scuola_Digitale_7_agosto_miniatura.jpg","width":900,"height":610},{"@type":"BreadcrumbList","@id":"https:\/\/www.scuola.cl\/sivm\/scuola-digitale-7-agosto\/#breadcrumb","itemListElement":[{"@type":"ListItem","position":1,"name":"Inicio","item":"https:\/\/www.scuola.cl\/sivm\/"},{"@type":"ListItem","position":2,"name":"Noticias","item":"https:\/\/www.scuola.cl\/sivm\/category\/noticias\/"},{"@type":"ListItem","position":3,"name":"Scuola Digitale 7 Agosto"}]},{"@type":"WebSite","@id":"https:\/\/www.scuola.cl\/sivm\/#website","url":"https:\/\/www.scuola.cl\/sivm\/","name":"Scuola Italiana","description":"Vittorio Montiglio","publisher":{"@id":"https:\/\/www.scuola.cl\/sivm\/#organization"},"potentialAction":[{"@type":"SearchAction","target":{"@type":"EntryPoint","urlTemplate":"https:\/\/www.scuola.cl\/sivm\/?s={search_term_string}"},"query-input":{"@type":"PropertyValueSpecification","valueRequired":true,"valueName":"search_term_string"}}],"inLanguage":"es"},{"@type":"Organization","@id":"https:\/\/www.scuola.cl\/sivm\/#organization","name":"Scuola Italiana Vittorio Montiglio","url":"https:\/\/www.scuola.cl\/sivm\/","logo":{"@type":"ImageObject","inLanguage":"es","@id":"https:\/\/www.scuola.cl\/sivm\/#\/schema\/logo\/image\/","url":"https:\/\/www.scuola.cl\/sivm\/wp-content\/uploads\/2019\/06\/Logo_Scuola-01-001-1000x1000.png","contentUrl":"https:\/\/www.scuola.cl\/sivm\/wp-content\/uploads\/2019\/06\/Logo_Scuola-01-001-1000x1000.png","width":1000,"height":1000,"caption":"Scuola Italiana Vittorio Montiglio"},"image":{"@id":"https:\/\/www.scuola.cl\/sivm\/#\/schema\/logo\/image\/"}},{"@type":"Person","@id":"https:\/\/www.scuola.cl\/sivm\/#\/schema\/person\/2ac68abc1b548ee6d8e16c4d3727d1b2","name":"Comunicaciones","image":{"@type":"ImageObject","inLanguage":"es","@id":"https:\/\/www.scuola.cl\/sivm\/#\/schema\/person\/image\/","url":"https:\/\/secure.gravatar.com\/avatar\/0b29fd7cdce1ec9939eded19ce85d6ed73acf03fb52d098b0641aed356fe6aeb?s=96&d=mm&r=g","contentUrl":"https:\/\/secure.gravatar.com\/avatar\/0b29fd7cdce1ec9939eded19ce85d6ed73acf03fb52d098b0641aed356fe6aeb?s=96&d=mm&r=g","caption":"Comunicaciones"},"url":"https:\/\/www.scuola.cl\/sivm\/author\/comunicaciones-scuola\/"}]}},"_links":{"self":[{"href":"https:\/\/www.scuola.cl\/sivm\/wp-json\/wp\/v2\/posts\/4208","targetHints":{"allow":["GET"]}}],"collection":[{"href":"https:\/\/www.scuola.cl\/sivm\/wp-json\/wp\/v2\/posts"}],"about":[{"href":"https:\/\/www.scuola.cl\/sivm\/wp-json\/wp\/v2\/types\/post"}],"author":[{"embeddable":true,"href":"https:\/\/www.scuola.cl\/sivm\/wp-json\/wp\/v2\/users\/2"}],"replies":[{"embeddable":true,"href":"https:\/\/www.scuola.cl\/sivm\/wp-json\/wp\/v2\/comments?post=4208"}],"version-history":[{"count":6,"href":"https:\/\/www.scuola.cl\/sivm\/wp-json\/wp\/v2\/posts\/4208\/revisions"}],"predecessor-version":[{"id":4215,"href":"https:\/\/www.scuola.cl\/sivm\/wp-json\/wp\/v2\/posts\/4208\/revisions\/4215"}],"wp:featuredmedia":[{"embeddable":true,"href":"https:\/\/www.scuola.cl\/sivm\/wp-json\/wp\/v2\/media\/4209"}],"wp:attachment":[{"href":"https:\/\/www.scuola.cl\/sivm\/wp-json\/wp\/v2\/media?parent=4208"}],"wp:term":[{"taxonomy":"category","embeddable":true,"href":"https:\/\/www.scuola.cl\/sivm\/wp-json\/wp\/v2\/categories?post=4208"},{"taxonomy":"post_tag","embeddable":true,"href":"https:\/\/www.scuola.cl\/sivm\/wp-json\/wp\/v2\/tags?post=4208"}],"curies":[{"name":"wp","href":"https:\/\/api.w.org\/{rel}","templated":true}]}}