{"id":4106,"date":"2017-08-04T09:15:14","date_gmt":"2017-08-04T12:15:14","guid":{"rendered":"http:\/\/www.scuola.cl\/sivm\/?p=4106"},"modified":"2017-08-07T12:11:51","modified_gmt":"2017-08-07T15:11:51","slug":"crea-la-solidaridad","status":"publish","type":"post","link":"https:\/\/www.scuola.cl\/sivm\/crea-la-solidaridad\/","title":{"rendered":"Crea por la Solidaridad"},"content":{"rendered":"<p>El Departamento de Orientaci\u00f3n y Psicopedagog\u00eda invita a toda la Comunidad Scuola a ser parte del proyecto \u201cCrea por la Solidaridad\u201d, el que consiste en la realizaci\u00f3n de una obra art\u00edstica que puede ser pintura, escultura o fotograf\u00eda, que est\u00e9 inspirada en el valor de la \u201csolidaridad\u201d.<\/p>\n<p>Esta obra deber\u00e1 ser entregada los d\u00edas 16, 17 o 18 de agosto en las inspector\u00edas de cada \u00e1rea (en el caso de Scuola Nido y Dell&#8217;Infanzia, el lugar de recepci\u00f3n ser\u00e1 en coordinaci\u00f3n).<\/p>\n<p>Todos los trabajos ser\u00e1n expuestos los d\u00edas 23, 24 y 25 de agosto en el foyer del Teatro Verdi, y luego ser\u00e1n vendidos los d\u00edas 28 y 29 del mismo mes.<\/p>\n<p>&nbsp;<\/p>\n<p>Contamos con su participaci\u00f3n!<\/p>\n<p>&nbsp;<\/p>\n<p><a href=\"http:\/\/www.scuola.cl\/sivm\/wp-content\/uploads\/2017\/07\/BASES-crea-por-la-solidaridad.pdf\">Descargar Bases Crea por la Solidaridad<\/a><\/p>\n<p>&nbsp;<\/p>\n<p><img loading=\"lazy\" decoding=\"async\" width=\"700\" height=\"475\" class=\"alignnone size-large wp-image-4108\" src=\"http:\/\/www.scuola.cl\/sivm\/wp-content\/uploads\/2017\/07\/afiche_Crea_por_la_Solidaridad-700x475.jpg\" alt=\"afiche_Crea_por_la_Solidaridad\" srcset=\"https:\/\/www.scuola.cl\/sivm\/wp-content\/uploads\/2017\/07\/afiche_Crea_por_la_Solidaridad-700x475.jpg 700w, https:\/\/www.scuola.cl\/sivm\/wp-content\/uploads\/2017\/07\/afiche_Crea_por_la_Solidaridad-250x170.jpg 250w, https:\/\/www.scuola.cl\/sivm\/wp-content\/uploads\/2017\/07\/afiche_Crea_por_la_Solidaridad-768x521.jpg 768w, https:\/\/www.scuola.cl\/sivm\/wp-content\/uploads\/2017\/07\/afiche_Crea_por_la_Solidaridad-120x81.jpg 120w, https:\/\/www.scuola.cl\/sivm\/wp-content\/uploads\/2017\/07\/afiche_Crea_por_la_Solidaridad.jpg 1500w\" sizes=\"auto, (max-width: 700px) 100vw, 700px\" \/><\/p>\n","protected":false},"excerpt":{"rendered":"El Departamento de Orientaci\u00f3n y Psicopedagog\u00eda invita a toda la Comunidad Scuola a ser parte del proyecto \u00abCrea por la solidaridad\u00bb, el que consiste en la realizaci\u00f3n de una obra art\u00edstica inspirada en la \u201csolidaridad\u201d.","protected":false},"author":2,"featured_media":4108,"comment_status":"open","ping_status":"open","sticky":false,"template":"","format":"standard","meta":{"_acf_changed":false,"footnotes":""},"categories":[5,24,1,23],"tags":[],"class_list":["post-4106","post","type-post","status-publish","format-standard","has-post-thumbnail","hentry","category-noticias","category-scuola","category-sin-categoria","category-solidaridad"],"acf":[],"yoast_head":"<!-- This site is optimized with the Yoast SEO plugin v27.1.1 - https:\/\/yoast.com\/product\/yoast-seo-wordpress\/ -->\n<title>Crea por la Solidaridad - Scuola Italiana<\/title>\n<meta name=\"robots\" content=\"index, follow, max-snippet:-1, max-image-preview:large, max-video-preview:-1\" \/>\n<link rel=\"canonical\" href=\"https:\/\/www.scuola.cl\/sivm\/crea-la-solidaridad\/\" \/>\n<meta property=\"og:locale\" content=\"es_ES\" \/>\n<meta property=\"og:type\" content=\"article\" \/>\n<meta property=\"og:title\" content=\"Crea por la Solidaridad - Scuola Italiana\" \/>\n<meta property=\"og:description\" content=\"El Departamento de Orientaci\u00f3n y Psicopedagog\u00eda invita a toda la Comunidad Scuola a ser parte del proyecto &quot;Crea por la solidaridad&quot;, el que consiste en la realizaci\u00f3n de una obra art\u00edstica inspirada en la \u201csolidaridad\u201d.\" \/>\n<meta property=\"og:url\" content=\"https:\/\/www.scuola.cl\/sivm\/crea-la-solidaridad\/\" \/>\n<meta property=\"og:site_name\" content=\"Scuola Italiana\" \/>\n<meta property=\"article:published_time\" content=\"2017-08-04T12:15:14+00:00\" \/>\n<meta property=\"article:modified_time\" content=\"2017-08-07T15:11:51+00:00\" \/>\n<meta property=\"og:image\" content=\"https:\/\/www.scuola.cl\/sivm\/wp-content\/uploads\/2017\/07\/afiche_Crea_por_la_Solidaridad.jpg\" \/>\n\t<meta property=\"og:image:width\" content=\"1500\" \/>\n\t<meta property=\"og:image:height\" content=\"1017\" \/>\n\t<meta property=\"og:image:type\" content=\"image\/jpeg\" \/>\n<meta name=\"author\" content=\"Comunicaciones\" \/>\n<meta name=\"twitter:card\" content=\"summary_large_image\" \/>\n<meta name=\"twitter:label1\" content=\"Escrito por\" \/>\n\t<meta name=\"twitter:data1\" content=\"Comunicaciones\" \/>\n\t<meta name=\"twitter:label2\" content=\"Tiempo de lectura\" \/>\n\t<meta name=\"twitter:data2\" content=\"1 minuto\" \/>\n<script type=\"application\/ld+json\" class=\"yoast-schema-graph\">{\"@context\":\"https:\/\/schema.org\",\"@graph\":[{\"@type\":\"Article\",\"@id\":\"https:\/\/www.scuola.cl\/sivm\/crea-la-solidaridad\/#article\",\"isPartOf\":{\"@id\":\"https:\/\/www.scuola.cl\/sivm\/crea-la-solidaridad\/\"},\"author\":{\"name\":\"Comunicaciones\",\"@id\":\"https:\/\/www.scuola.cl\/sivm\/#\/schema\/person\/2ac68abc1b548ee6d8e16c4d3727d1b2\"},\"headline\":\"Crea por la Solidaridad\",\"datePublished\":\"2017-08-04T12:15:14+00:00\",\"dateModified\":\"2017-08-07T15:11:51+00:00\",\"mainEntityOfPage\":{\"@id\":\"https:\/\/www.scuola.cl\/sivm\/crea-la-solidaridad\/\"},\"wordCount\":135,\"commentCount\":0,\"publisher\":{\"@id\":\"https:\/\/www.scuola.cl\/sivm\/#organization\"},\"image\":{\"@id\":\"https:\/\/www.scuola.cl\/sivm\/crea-la-solidaridad\/#primaryimage\"},\"thumbnailUrl\":\"https:\/\/www.scuola.cl\/sivm\/wp-content\/uploads\/2017\/07\/afiche_Crea_por_la_Solidaridad.jpg\",\"articleSection\":{\"0\":\"Noticias\",\"1\":\"Scuola\",\"3\":\"Solidaridad\"},\"inLanguage\":\"es\",\"potentialAction\":[{\"@type\":\"CommentAction\",\"name\":\"Comment\",\"target\":[\"https:\/\/www.scuola.cl\/sivm\/crea-la-solidaridad\/#respond\"]}]},{\"@type\":\"WebPage\",\"@id\":\"https:\/\/www.scuola.cl\/sivm\/crea-la-solidaridad\/\",\"url\":\"https:\/\/www.scuola.cl\/sivm\/crea-la-solidaridad\/\",\"name\":\"Crea por la Solidaridad - Scuola Italiana\",\"isPartOf\":{\"@id\":\"https:\/\/www.scuola.cl\/sivm\/#website\"},\"primaryImageOfPage\":{\"@id\":\"https:\/\/www.scuola.cl\/sivm\/crea-la-solidaridad\/#primaryimage\"},\"image\":{\"@id\":\"https:\/\/www.scuola.cl\/sivm\/crea-la-solidaridad\/#primaryimage\"},\"thumbnailUrl\":\"https:\/\/www.scuola.cl\/sivm\/wp-content\/uploads\/2017\/07\/afiche_Crea_por_la_Solidaridad.jpg\",\"datePublished\":\"2017-08-04T12:15:14+00:00\",\"dateModified\":\"2017-08-07T15:11:51+00:00\",\"breadcrumb\":{\"@id\":\"https:\/\/www.scuola.cl\/sivm\/crea-la-solidaridad\/#breadcrumb\"},\"inLanguage\":\"es\",\"potentialAction\":[{\"@type\":\"ReadAction\",\"target\":[\"https:\/\/www.scuola.cl\/sivm\/crea-la-solidaridad\/\"]}]},{\"@type\":\"ImageObject\",\"inLanguage\":\"es\",\"@id\":\"https:\/\/www.scuola.cl\/sivm\/crea-la-solidaridad\/#primaryimage\",\"url\":\"https:\/\/www.scuola.cl\/sivm\/wp-content\/uploads\/2017\/07\/afiche_Crea_por_la_Solidaridad.jpg\",\"contentUrl\":\"https:\/\/www.scuola.cl\/sivm\/wp-content\/uploads\/2017\/07\/afiche_Crea_por_la_Solidaridad.jpg\",\"width\":1500,\"height\":1017},{\"@type\":\"BreadcrumbList\",\"@id\":\"https:\/\/www.scuola.cl\/sivm\/crea-la-solidaridad\/#breadcrumb\",\"itemListElement\":[{\"@type\":\"ListItem\",\"position\":1,\"name\":\"Inicio\",\"item\":\"https:\/\/www.scuola.cl\/sivm\/\"},{\"@type\":\"ListItem\",\"position\":2,\"name\":\"Sin categor\u00eda\",\"item\":\"https:\/\/www.scuola.cl\/sivm\/category\/sin-categoria\/\"},{\"@type\":\"ListItem\",\"position\":3,\"name\":\"Crea por la Solidaridad\"}]},{\"@type\":\"WebSite\",\"@id\":\"https:\/\/www.scuola.cl\/sivm\/#website\",\"url\":\"https:\/\/www.scuola.cl\/sivm\/\",\"name\":\"Scuola Italiana\",\"description\":\"Vittorio Montiglio\",\"publisher\":{\"@id\":\"https:\/\/www.scuola.cl\/sivm\/#organization\"},\"potentialAction\":[{\"@type\":\"SearchAction\",\"target\":{\"@type\":\"EntryPoint\",\"urlTemplate\":\"https:\/\/www.scuola.cl\/sivm\/?s={search_term_string}\"},\"query-input\":{\"@type\":\"PropertyValueSpecification\",\"valueRequired\":true,\"valueName\":\"search_term_string\"}}],\"inLanguage\":\"es\"},{\"@type\":\"Organization\",\"@id\":\"https:\/\/www.scuola.cl\/sivm\/#organization\",\"name\":\"Scuola Italiana Vittorio Montiglio\",\"url\":\"https:\/\/www.scuola.cl\/sivm\/\",\"logo\":{\"@type\":\"ImageObject\",\"inLanguage\":\"es\",\"@id\":\"https:\/\/www.scuola.cl\/sivm\/#\/schema\/logo\/image\/\",\"url\":\"https:\/\/www.scuola.cl\/sivm\/wp-content\/uploads\/2019\/06\/Logo_Scuola-01-001-1000x1000.png\",\"contentUrl\":\"https:\/\/www.scuola.cl\/sivm\/wp-content\/uploads\/2019\/06\/Logo_Scuola-01-001-1000x1000.png\",\"width\":1000,\"height\":1000,\"caption\":\"Scuola Italiana Vittorio Montiglio\"},\"image\":{\"@id\":\"https:\/\/www.scuola.cl\/sivm\/#\/schema\/logo\/image\/\"}},{\"@type\":\"Person\",\"@id\":\"https:\/\/www.scuola.cl\/sivm\/#\/schema\/person\/2ac68abc1b548ee6d8e16c4d3727d1b2\",\"name\":\"Comunicaciones\",\"image\":{\"@type\":\"ImageObject\",\"inLanguage\":\"es\",\"@id\":\"https:\/\/www.scuola.cl\/sivm\/#\/schema\/person\/image\/\",\"url\":\"https:\/\/secure.gravatar.com\/avatar\/0b29fd7cdce1ec9939eded19ce85d6ed73acf03fb52d098b0641aed356fe6aeb?s=96&d=mm&r=g\",\"contentUrl\":\"https:\/\/secure.gravatar.com\/avatar\/0b29fd7cdce1ec9939eded19ce85d6ed73acf03fb52d098b0641aed356fe6aeb?s=96&d=mm&r=g\",\"caption\":\"Comunicaciones\"},\"url\":\"https:\/\/www.scuola.cl\/sivm\/author\/comunicaciones-scuola\/\"}]}<\/script>\n<!-- \/ Yoast SEO plugin. -->","yoast_head_json":{"title":"Crea por la Solidaridad - Scuola Italiana","robots":{"index":"index","follow":"follow","max-snippet":"max-snippet:-1","max-image-preview":"max-image-preview:large","max-video-preview":"max-video-preview:-1"},"canonical":"https:\/\/www.scuola.cl\/sivm\/crea-la-solidaridad\/","og_locale":"es_ES","og_type":"article","og_title":"Crea por la Solidaridad - Scuola Italiana","og_description":"El Departamento de Orientaci\u00f3n y Psicopedagog\u00eda invita a toda la Comunidad Scuola a ser parte del proyecto \"Crea por la solidaridad\", el que consiste en la realizaci\u00f3n de una obra art\u00edstica inspirada en la \u201csolidaridad\u201d.","og_url":"https:\/\/www.scuola.cl\/sivm\/crea-la-solidaridad\/","og_site_name":"Scuola Italiana","article_published_time":"2017-08-04T12:15:14+00:00","article_modified_time":"2017-08-07T15:11:51+00:00","og_image":[{"width":1500,"height":1017,"url":"https:\/\/www.scuola.cl\/sivm\/wp-content\/uploads\/2017\/07\/afiche_Crea_por_la_Solidaridad.jpg","type":"image\/jpeg"}],"author":"Comunicaciones","twitter_card":"summary_large_image","twitter_misc":{"Escrito por":"Comunicaciones","Tiempo de lectura":"1 minuto"},"schema":{"@context":"https:\/\/schema.org","@graph":[{"@type":"Article","@id":"https:\/\/www.scuola.cl\/sivm\/crea-la-solidaridad\/#article","isPartOf":{"@id":"https:\/\/www.scuola.cl\/sivm\/crea-la-solidaridad\/"},"author":{"name":"Comunicaciones","@id":"https:\/\/www.scuola.cl\/sivm\/#\/schema\/person\/2ac68abc1b548ee6d8e16c4d3727d1b2"},"headline":"Crea por la Solidaridad","datePublished":"2017-08-04T12:15:14+00:00","dateModified":"2017-08-07T15:11:51+00:00","mainEntityOfPage":{"@id":"https:\/\/www.scuola.cl\/sivm\/crea-la-solidaridad\/"},"wordCount":135,"commentCount":0,"publisher":{"@id":"https:\/\/www.scuola.cl\/sivm\/#organization"},"image":{"@id":"https:\/\/www.scuola.cl\/sivm\/crea-la-solidaridad\/#primaryimage"},"thumbnailUrl":"https:\/\/www.scuola.cl\/sivm\/wp-content\/uploads\/2017\/07\/afiche_Crea_por_la_Solidaridad.jpg","articleSection":{"0":"Noticias","1":"Scuola","3":"Solidaridad"},"inLanguage":"es","potentialAction":[{"@type":"CommentAction","name":"Comment","target":["https:\/\/www.scuola.cl\/sivm\/crea-la-solidaridad\/#respond"]}]},{"@type":"WebPage","@id":"https:\/\/www.scuola.cl\/sivm\/crea-la-solidaridad\/","url":"https:\/\/www.scuola.cl\/sivm\/crea-la-solidaridad\/","name":"Crea por la Solidaridad - Scuola Italiana","isPartOf":{"@id":"https:\/\/www.scuola.cl\/sivm\/#website"},"primaryImageOfPage":{"@id":"https:\/\/www.scuola.cl\/sivm\/crea-la-solidaridad\/#primaryimage"},"image":{"@id":"https:\/\/www.scuola.cl\/sivm\/crea-la-solidaridad\/#primaryimage"},"thumbnailUrl":"https:\/\/www.scuola.cl\/sivm\/wp-content\/uploads\/2017\/07\/afiche_Crea_por_la_Solidaridad.jpg","datePublished":"2017-08-04T12:15:14+00:00","dateModified":"2017-08-07T15:11:51+00:00","breadcrumb":{"@id":"https:\/\/www.scuola.cl\/sivm\/crea-la-solidaridad\/#breadcrumb"},"inLanguage":"es","potentialAction":[{"@type":"ReadAction","target":["https:\/\/www.scuola.cl\/sivm\/crea-la-solidaridad\/"]}]},{"@type":"ImageObject","inLanguage":"es","@id":"https:\/\/www.scuola.cl\/sivm\/crea-la-solidaridad\/#primaryimage","url":"https:\/\/www.scuola.cl\/sivm\/wp-content\/uploads\/2017\/07\/afiche_Crea_por_la_Solidaridad.jpg","contentUrl":"https:\/\/www.scuola.cl\/sivm\/wp-content\/uploads\/2017\/07\/afiche_Crea_por_la_Solidaridad.jpg","width":1500,"height":1017},{"@type":"BreadcrumbList","@id":"https:\/\/www.scuola.cl\/sivm\/crea-la-solidaridad\/#breadcrumb","itemListElement":[{"@type":"ListItem","position":1,"name":"Inicio","item":"https:\/\/www.scuola.cl\/sivm\/"},{"@type":"ListItem","position":2,"name":"Sin categor\u00eda","item":"https:\/\/www.scuola.cl\/sivm\/category\/sin-categoria\/"},{"@type":"ListItem","position":3,"name":"Crea por la Solidaridad"}]},{"@type":"WebSite","@id":"https:\/\/www.scuola.cl\/sivm\/#website","url":"https:\/\/www.scuola.cl\/sivm\/","name":"Scuola Italiana","description":"Vittorio Montiglio","publisher":{"@id":"https:\/\/www.scuola.cl\/sivm\/#organization"},"potentialAction":[{"@type":"SearchAction","target":{"@type":"EntryPoint","urlTemplate":"https:\/\/www.scuola.cl\/sivm\/?s={search_term_string}"},"query-input":{"@type":"PropertyValueSpecification","valueRequired":true,"valueName":"search_term_string"}}],"inLanguage":"es"},{"@type":"Organization","@id":"https:\/\/www.scuola.cl\/sivm\/#organization","name":"Scuola Italiana Vittorio Montiglio","url":"https:\/\/www.scuola.cl\/sivm\/","logo":{"@type":"ImageObject","inLanguage":"es","@id":"https:\/\/www.scuola.cl\/sivm\/#\/schema\/logo\/image\/","url":"https:\/\/www.scuola.cl\/sivm\/wp-content\/uploads\/2019\/06\/Logo_Scuola-01-001-1000x1000.png","contentUrl":"https:\/\/www.scuola.cl\/sivm\/wp-content\/uploads\/2019\/06\/Logo_Scuola-01-001-1000x1000.png","width":1000,"height":1000,"caption":"Scuola Italiana Vittorio Montiglio"},"image":{"@id":"https:\/\/www.scuola.cl\/sivm\/#\/schema\/logo\/image\/"}},{"@type":"Person","@id":"https:\/\/www.scuola.cl\/sivm\/#\/schema\/person\/2ac68abc1b548ee6d8e16c4d3727d1b2","name":"Comunicaciones","image":{"@type":"ImageObject","inLanguage":"es","@id":"https:\/\/www.scuola.cl\/sivm\/#\/schema\/person\/image\/","url":"https:\/\/secure.gravatar.com\/avatar\/0b29fd7cdce1ec9939eded19ce85d6ed73acf03fb52d098b0641aed356fe6aeb?s=96&d=mm&r=g","contentUrl":"https:\/\/secure.gravatar.com\/avatar\/0b29fd7cdce1ec9939eded19ce85d6ed73acf03fb52d098b0641aed356fe6aeb?s=96&d=mm&r=g","caption":"Comunicaciones"},"url":"https:\/\/www.scuola.cl\/sivm\/author\/comunicaciones-scuola\/"}]}},"_links":{"self":[{"href":"https:\/\/www.scuola.cl\/sivm\/wp-json\/wp\/v2\/posts\/4106","targetHints":{"allow":["GET"]}}],"collection":[{"href":"https:\/\/www.scuola.cl\/sivm\/wp-json\/wp\/v2\/posts"}],"about":[{"href":"https:\/\/www.scuola.cl\/sivm\/wp-json\/wp\/v2\/types\/post"}],"author":[{"embeddable":true,"href":"https:\/\/www.scuola.cl\/sivm\/wp-json\/wp\/v2\/users\/2"}],"replies":[{"embeddable":true,"href":"https:\/\/www.scuola.cl\/sivm\/wp-json\/wp\/v2\/comments?post=4106"}],"version-history":[{"count":7,"href":"https:\/\/www.scuola.cl\/sivm\/wp-json\/wp\/v2\/posts\/4106\/revisions"}],"predecessor-version":[{"id":4149,"href":"https:\/\/www.scuola.cl\/sivm\/wp-json\/wp\/v2\/posts\/4106\/revisions\/4149"}],"wp:featuredmedia":[{"embeddable":true,"href":"https:\/\/www.scuola.cl\/sivm\/wp-json\/wp\/v2\/media\/4108"}],"wp:attachment":[{"href":"https:\/\/www.scuola.cl\/sivm\/wp-json\/wp\/v2\/media?parent=4106"}],"wp:term":[{"taxonomy":"category","embeddable":true,"href":"https:\/\/www.scuola.cl\/sivm\/wp-json\/wp\/v2\/categories?post=4106"},{"taxonomy":"post_tag","embeddable":true,"href":"https:\/\/www.scuola.cl\/sivm\/wp-json\/wp\/v2\/tags?post=4106"}],"curies":[{"name":"wp","href":"https:\/\/api.w.org\/{rel}","templated":true}]}}