{"id":4085,"date":"2017-07-01T17:24:54","date_gmt":"2017-07-01T20:24:54","guid":{"rendered":"http:\/\/www.scuola.cl\/sivm\/?p=4085"},"modified":"2017-07-28T09:15:15","modified_gmt":"2017-07-28T12:15:15","slug":"solidaridad-i-semestre","status":"publish","type":"post","link":"https:\/\/www.scuola.cl\/sivm\/solidaridad-i-semestre\/","title":{"rendered":"Solidaridad I\u00b0 Semestre"},"content":{"rendered":"<p>A continuaci\u00f3n, les presentamos un resumen con algunas de las actividades de Solidaridad realizadas durante el Primer Semestre con la participaci\u00f3n de alumnos. Agradecemos a todos quienes hicieron posible estos encuentros.<\/p>\n<p>&nbsp;<\/p>\n<p>&#8211; Charla \u201cDesigualdad y pobreza\u201d del expositor y ex alumno Dieter Reineking, para alumnos de la Media Superior.<br \/>\n&#8211; Grupo de alumnos pinta oficina del Padre Pepe en la Parroquia Italiana, con motivo de la conmemoraci\u00f3n de sus 50 a\u00f1os de sacerdocio.<br \/>\n&#8211; Campa\u00f1as solidarias mensuales, de la Scuola Nido a Media Superior, a beneficio del Hogar Italiano y del Coia (Comit\u00e9 Italiano de Asistencia, que acoge a 80 familias italianas de escasos recursos).<br \/>\n&#8211; III\u00b0 Medio bi\u00f3logo realiza siembra ecol\u00f3gica en Villa Los Robles.<br \/>\n&#8211; 5\u00b0A realiza siembra ecol\u00f3gica en Hogar Italiano junto a los abuelitos.<br \/>\n&#8211; Proyecto de tecnolog\u00eda de los II\u00b0 Medios para residentes del Hogar Italiano, quienes realizan encuesta a los abuelitos, para luego dise\u00f1ar un objeto para la tercera edad (dicha actividad que finalizar\u00e1 el II\u00b0 Semestre con la entrega de objeto confeccionado).<br \/>\n&#8211; Taller de Teatro Media Superior visita Hogar Italiano con el objetivo de poder conversar y reflexionar junto a los abuelitos sobre sus vidas, para luego interpretar un personaje de la tercera edad (obra de teatro ser\u00e1 presentada el II\u00b0 Semestre en el Hogar).<br \/>\n&#8211; Jeans Day solidario que abarca a toda la Scuola fue donado al Coia y entregado por el Rector a su presidenta.<br \/>\n&#8211; 5\u00b0B realiza plantaci\u00f3n de los alm\u00e1cigos para siembra ecol\u00f3gica en el Hogar Italiano y luego los alumnos comparten con los abuelitos en el sal\u00f3n.<br \/>\n&#8211; Alumnos del Taller de Magia y Globoflexia divierten a los abuelitos del Hogar con sus trucos y finalmente regalan un globo a cada uno de ellos.<br \/>\n&#8211; II Sezione comparte con \u201ci nonni\u201d canciones y ricas merendinas enviadas por los apoderados.<br \/>\n&#8211; La Scuola dell\u00b4Infanzia invita a los ni\u00f1os del Jard\u00edn Pompeya de la Parroquia Italiana a compartir entretenidas actividades en sala, comer una rica merendina y sociabilizar con\u00a0ellos.<br \/>\n&#8211; Apoyo en colecta solidaria Mar\u00eda Ayuda.<\/p>\n<p>&nbsp;<\/p>\n<p>Para conocer m\u00e1s noticias sobre las diversas actividades realizadas, con grupo scout, casi, colectas, salidas, entre otros, los invitamos a revisar la secci\u00f3n de Solidaridad en nuestro sitio web: http:\/\/www.scuola.cl\/sivm\/category\/noticias\/solidaridad\/<\/p>\n","protected":false},"excerpt":{"rendered":"Les presentamos un resumen con algunas de las actividades de Solidaridad realizadas durante el Primer Semestre con la participaci\u00f3n de alumnos. Agradecemos a todos quienes hicieron posible estos encuentros.","protected":false},"author":2,"featured_media":3060,"comment_status":"open","ping_status":"open","sticky":false,"template":"","format":"standard","meta":{"_acf_changed":false,"footnotes":""},"categories":[5,23],"tags":[],"class_list":["post-4085","post","type-post","status-publish","format-standard","has-post-thumbnail","hentry","category-noticias","category-solidaridad"],"acf":[],"yoast_head":"<!-- This site is optimized with the Yoast SEO plugin v27.1.1 - https:\/\/yoast.com\/product\/yoast-seo-wordpress\/ -->\n<title>Solidaridad I\u00b0 Semestre - Scuola Italiana<\/title>\n<meta name=\"robots\" content=\"index, follow, max-snippet:-1, max-image-preview:large, max-video-preview:-1\" \/>\n<link rel=\"canonical\" href=\"https:\/\/www.scuola.cl\/sivm\/solidaridad-i-semestre\/\" \/>\n<meta property=\"og:locale\" content=\"es_ES\" \/>\n<meta property=\"og:type\" content=\"article\" \/>\n<meta property=\"og:title\" content=\"Solidaridad I\u00b0 Semestre - Scuola Italiana\" \/>\n<meta property=\"og:description\" content=\"Les presentamos un resumen con algunas de las actividades de Solidaridad realizadas durante el Primer Semestre con la participaci\u00f3n de alumnos. Agradecemos a todos quienes hicieron posible estos encuentros.\" \/>\n<meta property=\"og:url\" content=\"https:\/\/www.scuola.cl\/sivm\/solidaridad-i-semestre\/\" \/>\n<meta property=\"og:site_name\" content=\"Scuola Italiana\" \/>\n<meta property=\"article:published_time\" content=\"2017-07-01T20:24:54+00:00\" \/>\n<meta property=\"article:modified_time\" content=\"2017-07-28T12:15:15+00:00\" \/>\n<meta property=\"og:image\" content=\"https:\/\/www.scuola.cl\/sivm\/wp-content\/uploads\/2017\/04\/Solidaridad.jpg\" \/>\n\t<meta property=\"og:image:width\" content=\"900\" \/>\n\t<meta property=\"og:image:height\" content=\"610\" \/>\n\t<meta property=\"og:image:type\" content=\"image\/jpeg\" \/>\n<meta name=\"author\" content=\"Comunicaciones\" \/>\n<meta name=\"twitter:card\" content=\"summary_large_image\" \/>\n<meta name=\"twitter:label1\" content=\"Escrito por\" \/>\n\t<meta name=\"twitter:data1\" content=\"Comunicaciones\" \/>\n\t<meta name=\"twitter:label2\" content=\"Tiempo de lectura\" \/>\n\t<meta name=\"twitter:data2\" content=\"2 minutos\" \/>\n<script type=\"application\/ld+json\" class=\"yoast-schema-graph\">{\"@context\":\"https:\/\/schema.org\",\"@graph\":[{\"@type\":\"Article\",\"@id\":\"https:\/\/www.scuola.cl\/sivm\/solidaridad-i-semestre\/#article\",\"isPartOf\":{\"@id\":\"https:\/\/www.scuola.cl\/sivm\/solidaridad-i-semestre\/\"},\"author\":{\"name\":\"Comunicaciones\",\"@id\":\"https:\/\/www.scuola.cl\/sivm\/#\/schema\/person\/2ac68abc1b548ee6d8e16c4d3727d1b2\"},\"headline\":\"Solidaridad I\u00b0 Semestre\",\"datePublished\":\"2017-07-01T20:24:54+00:00\",\"dateModified\":\"2017-07-28T12:15:15+00:00\",\"mainEntityOfPage\":{\"@id\":\"https:\/\/www.scuola.cl\/sivm\/solidaridad-i-semestre\/\"},\"wordCount\":398,\"commentCount\":0,\"publisher\":{\"@id\":\"https:\/\/www.scuola.cl\/sivm\/#organization\"},\"image\":{\"@id\":\"https:\/\/www.scuola.cl\/sivm\/solidaridad-i-semestre\/#primaryimage\"},\"thumbnailUrl\":\"https:\/\/www.scuola.cl\/sivm\/wp-content\/uploads\/2017\/04\/Solidaridad.jpg\",\"articleSection\":[\"Noticias\",\"Solidaridad\"],\"inLanguage\":\"es\",\"potentialAction\":[{\"@type\":\"CommentAction\",\"name\":\"Comment\",\"target\":[\"https:\/\/www.scuola.cl\/sivm\/solidaridad-i-semestre\/#respond\"]}]},{\"@type\":\"WebPage\",\"@id\":\"https:\/\/www.scuola.cl\/sivm\/solidaridad-i-semestre\/\",\"url\":\"https:\/\/www.scuola.cl\/sivm\/solidaridad-i-semestre\/\",\"name\":\"Solidaridad I\u00b0 Semestre - Scuola Italiana\",\"isPartOf\":{\"@id\":\"https:\/\/www.scuola.cl\/sivm\/#website\"},\"primaryImageOfPage\":{\"@id\":\"https:\/\/www.scuola.cl\/sivm\/solidaridad-i-semestre\/#primaryimage\"},\"image\":{\"@id\":\"https:\/\/www.scuola.cl\/sivm\/solidaridad-i-semestre\/#primaryimage\"},\"thumbnailUrl\":\"https:\/\/www.scuola.cl\/sivm\/wp-content\/uploads\/2017\/04\/Solidaridad.jpg\",\"datePublished\":\"2017-07-01T20:24:54+00:00\",\"dateModified\":\"2017-07-28T12:15:15+00:00\",\"breadcrumb\":{\"@id\":\"https:\/\/www.scuola.cl\/sivm\/solidaridad-i-semestre\/#breadcrumb\"},\"inLanguage\":\"es\",\"potentialAction\":[{\"@type\":\"ReadAction\",\"target\":[\"https:\/\/www.scuola.cl\/sivm\/solidaridad-i-semestre\/\"]}]},{\"@type\":\"ImageObject\",\"inLanguage\":\"es\",\"@id\":\"https:\/\/www.scuola.cl\/sivm\/solidaridad-i-semestre\/#primaryimage\",\"url\":\"https:\/\/www.scuola.cl\/sivm\/wp-content\/uploads\/2017\/04\/Solidaridad.jpg\",\"contentUrl\":\"https:\/\/www.scuola.cl\/sivm\/wp-content\/uploads\/2017\/04\/Solidaridad.jpg\",\"width\":900,\"height\":610},{\"@type\":\"BreadcrumbList\",\"@id\":\"https:\/\/www.scuola.cl\/sivm\/solidaridad-i-semestre\/#breadcrumb\",\"itemListElement\":[{\"@type\":\"ListItem\",\"position\":1,\"name\":\"Inicio\",\"item\":\"https:\/\/www.scuola.cl\/sivm\/\"},{\"@type\":\"ListItem\",\"position\":2,\"name\":\"Noticias\",\"item\":\"https:\/\/www.scuola.cl\/sivm\/category\/noticias\/\"},{\"@type\":\"ListItem\",\"position\":3,\"name\":\"Solidaridad I\u00b0 Semestre\"}]},{\"@type\":\"WebSite\",\"@id\":\"https:\/\/www.scuola.cl\/sivm\/#website\",\"url\":\"https:\/\/www.scuola.cl\/sivm\/\",\"name\":\"Scuola Italiana\",\"description\":\"Vittorio Montiglio\",\"publisher\":{\"@id\":\"https:\/\/www.scuola.cl\/sivm\/#organization\"},\"potentialAction\":[{\"@type\":\"SearchAction\",\"target\":{\"@type\":\"EntryPoint\",\"urlTemplate\":\"https:\/\/www.scuola.cl\/sivm\/?s={search_term_string}\"},\"query-input\":{\"@type\":\"PropertyValueSpecification\",\"valueRequired\":true,\"valueName\":\"search_term_string\"}}],\"inLanguage\":\"es\"},{\"@type\":\"Organization\",\"@id\":\"https:\/\/www.scuola.cl\/sivm\/#organization\",\"name\":\"Scuola Italiana Vittorio Montiglio\",\"url\":\"https:\/\/www.scuola.cl\/sivm\/\",\"logo\":{\"@type\":\"ImageObject\",\"inLanguage\":\"es\",\"@id\":\"https:\/\/www.scuola.cl\/sivm\/#\/schema\/logo\/image\/\",\"url\":\"https:\/\/www.scuola.cl\/sivm\/wp-content\/uploads\/2019\/06\/Logo_Scuola-01-001-1000x1000.png\",\"contentUrl\":\"https:\/\/www.scuola.cl\/sivm\/wp-content\/uploads\/2019\/06\/Logo_Scuola-01-001-1000x1000.png\",\"width\":1000,\"height\":1000,\"caption\":\"Scuola Italiana Vittorio Montiglio\"},\"image\":{\"@id\":\"https:\/\/www.scuola.cl\/sivm\/#\/schema\/logo\/image\/\"}},{\"@type\":\"Person\",\"@id\":\"https:\/\/www.scuola.cl\/sivm\/#\/schema\/person\/2ac68abc1b548ee6d8e16c4d3727d1b2\",\"name\":\"Comunicaciones\",\"image\":{\"@type\":\"ImageObject\",\"inLanguage\":\"es\",\"@id\":\"https:\/\/www.scuola.cl\/sivm\/#\/schema\/person\/image\/\",\"url\":\"https:\/\/secure.gravatar.com\/avatar\/0b29fd7cdce1ec9939eded19ce85d6ed73acf03fb52d098b0641aed356fe6aeb?s=96&d=mm&r=g\",\"contentUrl\":\"https:\/\/secure.gravatar.com\/avatar\/0b29fd7cdce1ec9939eded19ce85d6ed73acf03fb52d098b0641aed356fe6aeb?s=96&d=mm&r=g\",\"caption\":\"Comunicaciones\"},\"url\":\"https:\/\/www.scuola.cl\/sivm\/author\/comunicaciones-scuola\/\"}]}<\/script>\n<!-- \/ Yoast SEO plugin. -->","yoast_head_json":{"title":"Solidaridad I\u00b0 Semestre - Scuola Italiana","robots":{"index":"index","follow":"follow","max-snippet":"max-snippet:-1","max-image-preview":"max-image-preview:large","max-video-preview":"max-video-preview:-1"},"canonical":"https:\/\/www.scuola.cl\/sivm\/solidaridad-i-semestre\/","og_locale":"es_ES","og_type":"article","og_title":"Solidaridad I\u00b0 Semestre - Scuola Italiana","og_description":"Les presentamos un resumen con algunas de las actividades de Solidaridad realizadas durante el Primer Semestre con la participaci\u00f3n de alumnos. Agradecemos a todos quienes hicieron posible estos encuentros.","og_url":"https:\/\/www.scuola.cl\/sivm\/solidaridad-i-semestre\/","og_site_name":"Scuola Italiana","article_published_time":"2017-07-01T20:24:54+00:00","article_modified_time":"2017-07-28T12:15:15+00:00","og_image":[{"width":900,"height":610,"url":"https:\/\/www.scuola.cl\/sivm\/wp-content\/uploads\/2017\/04\/Solidaridad.jpg","type":"image\/jpeg"}],"author":"Comunicaciones","twitter_card":"summary_large_image","twitter_misc":{"Escrito por":"Comunicaciones","Tiempo de lectura":"2 minutos"},"schema":{"@context":"https:\/\/schema.org","@graph":[{"@type":"Article","@id":"https:\/\/www.scuola.cl\/sivm\/solidaridad-i-semestre\/#article","isPartOf":{"@id":"https:\/\/www.scuola.cl\/sivm\/solidaridad-i-semestre\/"},"author":{"name":"Comunicaciones","@id":"https:\/\/www.scuola.cl\/sivm\/#\/schema\/person\/2ac68abc1b548ee6d8e16c4d3727d1b2"},"headline":"Solidaridad I\u00b0 Semestre","datePublished":"2017-07-01T20:24:54+00:00","dateModified":"2017-07-28T12:15:15+00:00","mainEntityOfPage":{"@id":"https:\/\/www.scuola.cl\/sivm\/solidaridad-i-semestre\/"},"wordCount":398,"commentCount":0,"publisher":{"@id":"https:\/\/www.scuola.cl\/sivm\/#organization"},"image":{"@id":"https:\/\/www.scuola.cl\/sivm\/solidaridad-i-semestre\/#primaryimage"},"thumbnailUrl":"https:\/\/www.scuola.cl\/sivm\/wp-content\/uploads\/2017\/04\/Solidaridad.jpg","articleSection":["Noticias","Solidaridad"],"inLanguage":"es","potentialAction":[{"@type":"CommentAction","name":"Comment","target":["https:\/\/www.scuola.cl\/sivm\/solidaridad-i-semestre\/#respond"]}]},{"@type":"WebPage","@id":"https:\/\/www.scuola.cl\/sivm\/solidaridad-i-semestre\/","url":"https:\/\/www.scuola.cl\/sivm\/solidaridad-i-semestre\/","name":"Solidaridad I\u00b0 Semestre - Scuola Italiana","isPartOf":{"@id":"https:\/\/www.scuola.cl\/sivm\/#website"},"primaryImageOfPage":{"@id":"https:\/\/www.scuola.cl\/sivm\/solidaridad-i-semestre\/#primaryimage"},"image":{"@id":"https:\/\/www.scuola.cl\/sivm\/solidaridad-i-semestre\/#primaryimage"},"thumbnailUrl":"https:\/\/www.scuola.cl\/sivm\/wp-content\/uploads\/2017\/04\/Solidaridad.jpg","datePublished":"2017-07-01T20:24:54+00:00","dateModified":"2017-07-28T12:15:15+00:00","breadcrumb":{"@id":"https:\/\/www.scuola.cl\/sivm\/solidaridad-i-semestre\/#breadcrumb"},"inLanguage":"es","potentialAction":[{"@type":"ReadAction","target":["https:\/\/www.scuola.cl\/sivm\/solidaridad-i-semestre\/"]}]},{"@type":"ImageObject","inLanguage":"es","@id":"https:\/\/www.scuola.cl\/sivm\/solidaridad-i-semestre\/#primaryimage","url":"https:\/\/www.scuola.cl\/sivm\/wp-content\/uploads\/2017\/04\/Solidaridad.jpg","contentUrl":"https:\/\/www.scuola.cl\/sivm\/wp-content\/uploads\/2017\/04\/Solidaridad.jpg","width":900,"height":610},{"@type":"BreadcrumbList","@id":"https:\/\/www.scuola.cl\/sivm\/solidaridad-i-semestre\/#breadcrumb","itemListElement":[{"@type":"ListItem","position":1,"name":"Inicio","item":"https:\/\/www.scuola.cl\/sivm\/"},{"@type":"ListItem","position":2,"name":"Noticias","item":"https:\/\/www.scuola.cl\/sivm\/category\/noticias\/"},{"@type":"ListItem","position":3,"name":"Solidaridad I\u00b0 Semestre"}]},{"@type":"WebSite","@id":"https:\/\/www.scuola.cl\/sivm\/#website","url":"https:\/\/www.scuola.cl\/sivm\/","name":"Scuola Italiana","description":"Vittorio Montiglio","publisher":{"@id":"https:\/\/www.scuola.cl\/sivm\/#organization"},"potentialAction":[{"@type":"SearchAction","target":{"@type":"EntryPoint","urlTemplate":"https:\/\/www.scuola.cl\/sivm\/?s={search_term_string}"},"query-input":{"@type":"PropertyValueSpecification","valueRequired":true,"valueName":"search_term_string"}}],"inLanguage":"es"},{"@type":"Organization","@id":"https:\/\/www.scuola.cl\/sivm\/#organization","name":"Scuola Italiana Vittorio Montiglio","url":"https:\/\/www.scuola.cl\/sivm\/","logo":{"@type":"ImageObject","inLanguage":"es","@id":"https:\/\/www.scuola.cl\/sivm\/#\/schema\/logo\/image\/","url":"https:\/\/www.scuola.cl\/sivm\/wp-content\/uploads\/2019\/06\/Logo_Scuola-01-001-1000x1000.png","contentUrl":"https:\/\/www.scuola.cl\/sivm\/wp-content\/uploads\/2019\/06\/Logo_Scuola-01-001-1000x1000.png","width":1000,"height":1000,"caption":"Scuola Italiana Vittorio Montiglio"},"image":{"@id":"https:\/\/www.scuola.cl\/sivm\/#\/schema\/logo\/image\/"}},{"@type":"Person","@id":"https:\/\/www.scuola.cl\/sivm\/#\/schema\/person\/2ac68abc1b548ee6d8e16c4d3727d1b2","name":"Comunicaciones","image":{"@type":"ImageObject","inLanguage":"es","@id":"https:\/\/www.scuola.cl\/sivm\/#\/schema\/person\/image\/","url":"https:\/\/secure.gravatar.com\/avatar\/0b29fd7cdce1ec9939eded19ce85d6ed73acf03fb52d098b0641aed356fe6aeb?s=96&d=mm&r=g","contentUrl":"https:\/\/secure.gravatar.com\/avatar\/0b29fd7cdce1ec9939eded19ce85d6ed73acf03fb52d098b0641aed356fe6aeb?s=96&d=mm&r=g","caption":"Comunicaciones"},"url":"https:\/\/www.scuola.cl\/sivm\/author\/comunicaciones-scuola\/"}]}},"_links":{"self":[{"href":"https:\/\/www.scuola.cl\/sivm\/wp-json\/wp\/v2\/posts\/4085","targetHints":{"allow":["GET"]}}],"collection":[{"href":"https:\/\/www.scuola.cl\/sivm\/wp-json\/wp\/v2\/posts"}],"about":[{"href":"https:\/\/www.scuola.cl\/sivm\/wp-json\/wp\/v2\/types\/post"}],"author":[{"embeddable":true,"href":"https:\/\/www.scuola.cl\/sivm\/wp-json\/wp\/v2\/users\/2"}],"replies":[{"embeddable":true,"href":"https:\/\/www.scuola.cl\/sivm\/wp-json\/wp\/v2\/comments?post=4085"}],"version-history":[{"count":3,"href":"https:\/\/www.scuola.cl\/sivm\/wp-json\/wp\/v2\/posts\/4085\/revisions"}],"predecessor-version":[{"id":4098,"href":"https:\/\/www.scuola.cl\/sivm\/wp-json\/wp\/v2\/posts\/4085\/revisions\/4098"}],"wp:featuredmedia":[{"embeddable":true,"href":"https:\/\/www.scuola.cl\/sivm\/wp-json\/wp\/v2\/media\/3060"}],"wp:attachment":[{"href":"https:\/\/www.scuola.cl\/sivm\/wp-json\/wp\/v2\/media?parent=4085"}],"wp:term":[{"taxonomy":"category","embeddable":true,"href":"https:\/\/www.scuola.cl\/sivm\/wp-json\/wp\/v2\/categories?post=4085"},{"taxonomy":"post_tag","embeddable":true,"href":"https:\/\/www.scuola.cl\/sivm\/wp-json\/wp\/v2\/tags?post=4085"}],"curies":[{"name":"wp","href":"https:\/\/api.w.org\/{rel}","templated":true}]}}