{"id":4082,"date":"2017-07-10T10:26:51","date_gmt":"2017-07-10T13:26:51","guid":{"rendered":"http:\/\/www.scuola.cl\/sivm\/?p=4082"},"modified":"2017-07-25T10:43:45","modified_gmt":"2017-07-25T13:43:45","slug":"interescolar-juicio-oral-udp","status":"publish","type":"post","link":"https:\/\/www.scuola.cl\/sivm\/interescolar-juicio-oral-udp\/","title":{"rendered":"Interescolar de Juicio Oral UDP"},"content":{"rendered":"<p>(Por Henry Mosqueira, profesor de Filosof\u00eda)<\/p>\n<p>&nbsp;<\/p>\n<p>Entre los meses de mayo y junio de este a\u00f1o, dos equipos de estudiantes de la Scuola tuvieron una destacada participaci\u00f3n en el XIV Torneo Interescolar de Juicio Oral organizado por la Universidad Diego Portales, utilizando gran parte de sus competencias cognitivas, sociales y comunicacionales.<\/p>\n<p>&nbsp;<\/p>\n<p>En este torneo, a cada grupo se le asign\u00f3 un caso penal y el rol, fiscal\u00eda o defensa, que deb\u00eda representar, incluyendo adem\u00e1s las declaraciones de Carabineros, testigos y peritos. En base a ello, cada equipo construy\u00f3 la teor\u00eda que demostrar\u00eda que su parte ten\u00eda la raz\u00f3n, elabor\u00f3 una estrategia y dise\u00f1\u00f3 las preguntas que permitir\u00edan demostrar su tesis a trav\u00e9s de la entrevista a los testigos en el juicio oral.<\/p>\n<p>&nbsp;<\/p>\n<p>El equipo compuesto por Catalina Jaramillo (IV\u00b0 C) y Karen Fonck (II\u00b0 C), gan\u00f3 el encuentro contra uno de los equipos del Liceo de Aplicaci\u00f3n, obteniendo una nota de 6,07. No obstante, como la clasificaci\u00f3n se defin\u00eda por nota, no clasificaron a la semifinal.<\/p>\n<p>&nbsp;<\/p>\n<p>El segundo grupo, compuesto por Carlos Contreras (III\u00b0 C) y Santiago Torres (II\u00b0 B), venci\u00f3 en el primer encuentro contra el equipo del Colegio San Juan Evangelista de Las Condes, obteniendo una nota de 6,21, clasificando dentro de los seis mejores a la semifinal. En la segunda etapa, perdi\u00f3 contra el experimentado equipo del Liceo Carmela Carvajal, otorg\u00e1ndole a la Scuola el cuarto lugar a nivel general y el primer lugar entre los colegios privados participantes.<\/p>\n<p>&nbsp;<\/p>\n<p>Con lo anterior, estos j\u00f3venes demostraron que pese a la juventud del equipo de Debate y que nuestro colegio participa por primera vez en este tipo de torneos, son capaces de dar lo mejor de s\u00ed y alcanzar las metas que se proponen.<\/p>\n<p>&nbsp;<\/p>\n<p>Forza Scuola!!<\/p>\n<p>&nbsp;<\/p>\n<p><img loading=\"lazy\" decoding=\"async\" width=\"700\" height=\"474\" class=\"alignnone size-large wp-image-4083\" src=\"http:\/\/www.scuola.cl\/sivm\/wp-content\/uploads\/2017\/07\/Torneo_debate_UDP-700x474.jpg\" alt=\"Torneo_debate_UDP\" srcset=\"https:\/\/www.scuola.cl\/sivm\/wp-content\/uploads\/2017\/07\/Torneo_debate_UDP-700x474.jpg 700w, https:\/\/www.scuola.cl\/sivm\/wp-content\/uploads\/2017\/07\/Torneo_debate_UDP-250x169.jpg 250w, https:\/\/www.scuola.cl\/sivm\/wp-content\/uploads\/2017\/07\/Torneo_debate_UDP-768x521.jpg 768w, https:\/\/www.scuola.cl\/sivm\/wp-content\/uploads\/2017\/07\/Torneo_debate_UDP-120x81.jpg 120w, https:\/\/www.scuola.cl\/sivm\/wp-content\/uploads\/2017\/07\/Torneo_debate_UDP.jpg 900w\" sizes=\"auto, (max-width: 700px) 100vw, 700px\" \/><\/p>\n","protected":false},"excerpt":{"rendered":"En mayo y junio, dos equipos de estudiantes de la Scuola tuvieron una destacada participaci\u00f3n en el XIV Torneo Interescolar de Juicio Oral organizado por la Universidad Diego Portales.","protected":false},"author":2,"featured_media":4083,"comment_status":"open","ping_status":"open","sticky":false,"template":"","format":"standard","meta":{"_acf_changed":false,"footnotes":""},"categories":[5,24],"tags":[],"class_list":["post-4082","post","type-post","status-publish","format-standard","has-post-thumbnail","hentry","category-noticias","category-scuola"],"acf":[],"yoast_head":"<!-- This site is optimized with the Yoast SEO plugin v27.1.1 - https:\/\/yoast.com\/product\/yoast-seo-wordpress\/ -->\n<title>Interescolar de Juicio Oral UDP - Scuola Italiana<\/title>\n<meta name=\"robots\" content=\"index, follow, max-snippet:-1, max-image-preview:large, max-video-preview:-1\" \/>\n<link rel=\"canonical\" href=\"https:\/\/www.scuola.cl\/sivm\/interescolar-juicio-oral-udp\/\" \/>\n<meta property=\"og:locale\" content=\"es_ES\" \/>\n<meta property=\"og:type\" content=\"article\" \/>\n<meta property=\"og:title\" content=\"Interescolar de Juicio Oral UDP - Scuola Italiana\" \/>\n<meta property=\"og:description\" content=\"En mayo y junio, dos equipos de estudiantes de la Scuola tuvieron una destacada participaci\u00f3n en el XIV Torneo Interescolar de Juicio Oral organizado por la Universidad Diego Portales.\" \/>\n<meta property=\"og:url\" content=\"https:\/\/www.scuola.cl\/sivm\/interescolar-juicio-oral-udp\/\" \/>\n<meta property=\"og:site_name\" content=\"Scuola Italiana\" \/>\n<meta property=\"article:published_time\" content=\"2017-07-10T13:26:51+00:00\" \/>\n<meta property=\"article:modified_time\" content=\"2017-07-25T13:43:45+00:00\" \/>\n<meta property=\"og:image\" content=\"https:\/\/www.scuola.cl\/sivm\/wp-content\/uploads\/2017\/07\/Torneo_debate_UDP.jpg\" \/>\n\t<meta property=\"og:image:width\" content=\"900\" \/>\n\t<meta property=\"og:image:height\" content=\"610\" \/>\n\t<meta property=\"og:image:type\" content=\"image\/jpeg\" \/>\n<meta name=\"author\" content=\"Comunicaciones\" \/>\n<meta name=\"twitter:card\" content=\"summary_large_image\" \/>\n<meta name=\"twitter:label1\" content=\"Escrito por\" \/>\n\t<meta name=\"twitter:data1\" content=\"Comunicaciones\" \/>\n\t<meta name=\"twitter:label2\" content=\"Tiempo de lectura\" \/>\n\t<meta name=\"twitter:data2\" content=\"2 minutos\" \/>\n<script type=\"application\/ld+json\" class=\"yoast-schema-graph\">{\"@context\":\"https:\/\/schema.org\",\"@graph\":[{\"@type\":\"Article\",\"@id\":\"https:\/\/www.scuola.cl\/sivm\/interescolar-juicio-oral-udp\/#article\",\"isPartOf\":{\"@id\":\"https:\/\/www.scuola.cl\/sivm\/interescolar-juicio-oral-udp\/\"},\"author\":{\"name\":\"Comunicaciones\",\"@id\":\"https:\/\/www.scuola.cl\/sivm\/#\/schema\/person\/2ac68abc1b548ee6d8e16c4d3727d1b2\"},\"headline\":\"Interescolar de Juicio Oral UDP\",\"datePublished\":\"2017-07-10T13:26:51+00:00\",\"dateModified\":\"2017-07-25T13:43:45+00:00\",\"mainEntityOfPage\":{\"@id\":\"https:\/\/www.scuola.cl\/sivm\/interescolar-juicio-oral-udp\/\"},\"wordCount\":314,\"commentCount\":0,\"publisher\":{\"@id\":\"https:\/\/www.scuola.cl\/sivm\/#organization\"},\"image\":{\"@id\":\"https:\/\/www.scuola.cl\/sivm\/interescolar-juicio-oral-udp\/#primaryimage\"},\"thumbnailUrl\":\"https:\/\/www.scuola.cl\/sivm\/wp-content\/uploads\/2017\/07\/Torneo_debate_UDP.jpg\",\"articleSection\":[\"Noticias\",\"Scuola\"],\"inLanguage\":\"es\",\"potentialAction\":[{\"@type\":\"CommentAction\",\"name\":\"Comment\",\"target\":[\"https:\/\/www.scuola.cl\/sivm\/interescolar-juicio-oral-udp\/#respond\"]}]},{\"@type\":\"WebPage\",\"@id\":\"https:\/\/www.scuola.cl\/sivm\/interescolar-juicio-oral-udp\/\",\"url\":\"https:\/\/www.scuola.cl\/sivm\/interescolar-juicio-oral-udp\/\",\"name\":\"Interescolar de Juicio Oral UDP - Scuola Italiana\",\"isPartOf\":{\"@id\":\"https:\/\/www.scuola.cl\/sivm\/#website\"},\"primaryImageOfPage\":{\"@id\":\"https:\/\/www.scuola.cl\/sivm\/interescolar-juicio-oral-udp\/#primaryimage\"},\"image\":{\"@id\":\"https:\/\/www.scuola.cl\/sivm\/interescolar-juicio-oral-udp\/#primaryimage\"},\"thumbnailUrl\":\"https:\/\/www.scuola.cl\/sivm\/wp-content\/uploads\/2017\/07\/Torneo_debate_UDP.jpg\",\"datePublished\":\"2017-07-10T13:26:51+00:00\",\"dateModified\":\"2017-07-25T13:43:45+00:00\",\"breadcrumb\":{\"@id\":\"https:\/\/www.scuola.cl\/sivm\/interescolar-juicio-oral-udp\/#breadcrumb\"},\"inLanguage\":\"es\",\"potentialAction\":[{\"@type\":\"ReadAction\",\"target\":[\"https:\/\/www.scuola.cl\/sivm\/interescolar-juicio-oral-udp\/\"]}]},{\"@type\":\"ImageObject\",\"inLanguage\":\"es\",\"@id\":\"https:\/\/www.scuola.cl\/sivm\/interescolar-juicio-oral-udp\/#primaryimage\",\"url\":\"https:\/\/www.scuola.cl\/sivm\/wp-content\/uploads\/2017\/07\/Torneo_debate_UDP.jpg\",\"contentUrl\":\"https:\/\/www.scuola.cl\/sivm\/wp-content\/uploads\/2017\/07\/Torneo_debate_UDP.jpg\",\"width\":900,\"height\":610},{\"@type\":\"BreadcrumbList\",\"@id\":\"https:\/\/www.scuola.cl\/sivm\/interescolar-juicio-oral-udp\/#breadcrumb\",\"itemListElement\":[{\"@type\":\"ListItem\",\"position\":1,\"name\":\"Inicio\",\"item\":\"https:\/\/www.scuola.cl\/sivm\/\"},{\"@type\":\"ListItem\",\"position\":2,\"name\":\"Noticias\",\"item\":\"https:\/\/www.scuola.cl\/sivm\/category\/noticias\/\"},{\"@type\":\"ListItem\",\"position\":3,\"name\":\"Interescolar de Juicio Oral UDP\"}]},{\"@type\":\"WebSite\",\"@id\":\"https:\/\/www.scuola.cl\/sivm\/#website\",\"url\":\"https:\/\/www.scuola.cl\/sivm\/\",\"name\":\"Scuola Italiana\",\"description\":\"Vittorio Montiglio\",\"publisher\":{\"@id\":\"https:\/\/www.scuola.cl\/sivm\/#organization\"},\"potentialAction\":[{\"@type\":\"SearchAction\",\"target\":{\"@type\":\"EntryPoint\",\"urlTemplate\":\"https:\/\/www.scuola.cl\/sivm\/?s={search_term_string}\"},\"query-input\":{\"@type\":\"PropertyValueSpecification\",\"valueRequired\":true,\"valueName\":\"search_term_string\"}}],\"inLanguage\":\"es\"},{\"@type\":\"Organization\",\"@id\":\"https:\/\/www.scuola.cl\/sivm\/#organization\",\"name\":\"Scuola Italiana Vittorio Montiglio\",\"url\":\"https:\/\/www.scuola.cl\/sivm\/\",\"logo\":{\"@type\":\"ImageObject\",\"inLanguage\":\"es\",\"@id\":\"https:\/\/www.scuola.cl\/sivm\/#\/schema\/logo\/image\/\",\"url\":\"https:\/\/www.scuola.cl\/sivm\/wp-content\/uploads\/2019\/06\/Logo_Scuola-01-001-1000x1000.png\",\"contentUrl\":\"https:\/\/www.scuola.cl\/sivm\/wp-content\/uploads\/2019\/06\/Logo_Scuola-01-001-1000x1000.png\",\"width\":1000,\"height\":1000,\"caption\":\"Scuola Italiana Vittorio Montiglio\"},\"image\":{\"@id\":\"https:\/\/www.scuola.cl\/sivm\/#\/schema\/logo\/image\/\"}},{\"@type\":\"Person\",\"@id\":\"https:\/\/www.scuola.cl\/sivm\/#\/schema\/person\/2ac68abc1b548ee6d8e16c4d3727d1b2\",\"name\":\"Comunicaciones\",\"image\":{\"@type\":\"ImageObject\",\"inLanguage\":\"es\",\"@id\":\"https:\/\/www.scuola.cl\/sivm\/#\/schema\/person\/image\/\",\"url\":\"https:\/\/secure.gravatar.com\/avatar\/0b29fd7cdce1ec9939eded19ce85d6ed73acf03fb52d098b0641aed356fe6aeb?s=96&d=mm&r=g\",\"contentUrl\":\"https:\/\/secure.gravatar.com\/avatar\/0b29fd7cdce1ec9939eded19ce85d6ed73acf03fb52d098b0641aed356fe6aeb?s=96&d=mm&r=g\",\"caption\":\"Comunicaciones\"},\"url\":\"https:\/\/www.scuola.cl\/sivm\/author\/comunicaciones-scuola\/\"}]}<\/script>\n<!-- \/ Yoast SEO plugin. -->","yoast_head_json":{"title":"Interescolar de Juicio Oral UDP - Scuola Italiana","robots":{"index":"index","follow":"follow","max-snippet":"max-snippet:-1","max-image-preview":"max-image-preview:large","max-video-preview":"max-video-preview:-1"},"canonical":"https:\/\/www.scuola.cl\/sivm\/interescolar-juicio-oral-udp\/","og_locale":"es_ES","og_type":"article","og_title":"Interescolar de Juicio Oral UDP - Scuola Italiana","og_description":"En mayo y junio, dos equipos de estudiantes de la Scuola tuvieron una destacada participaci\u00f3n en el XIV Torneo Interescolar de Juicio Oral organizado por la Universidad Diego Portales.","og_url":"https:\/\/www.scuola.cl\/sivm\/interescolar-juicio-oral-udp\/","og_site_name":"Scuola Italiana","article_published_time":"2017-07-10T13:26:51+00:00","article_modified_time":"2017-07-25T13:43:45+00:00","og_image":[{"width":900,"height":610,"url":"https:\/\/www.scuola.cl\/sivm\/wp-content\/uploads\/2017\/07\/Torneo_debate_UDP.jpg","type":"image\/jpeg"}],"author":"Comunicaciones","twitter_card":"summary_large_image","twitter_misc":{"Escrito por":"Comunicaciones","Tiempo de lectura":"2 minutos"},"schema":{"@context":"https:\/\/schema.org","@graph":[{"@type":"Article","@id":"https:\/\/www.scuola.cl\/sivm\/interescolar-juicio-oral-udp\/#article","isPartOf":{"@id":"https:\/\/www.scuola.cl\/sivm\/interescolar-juicio-oral-udp\/"},"author":{"name":"Comunicaciones","@id":"https:\/\/www.scuola.cl\/sivm\/#\/schema\/person\/2ac68abc1b548ee6d8e16c4d3727d1b2"},"headline":"Interescolar de Juicio Oral UDP","datePublished":"2017-07-10T13:26:51+00:00","dateModified":"2017-07-25T13:43:45+00:00","mainEntityOfPage":{"@id":"https:\/\/www.scuola.cl\/sivm\/interescolar-juicio-oral-udp\/"},"wordCount":314,"commentCount":0,"publisher":{"@id":"https:\/\/www.scuola.cl\/sivm\/#organization"},"image":{"@id":"https:\/\/www.scuola.cl\/sivm\/interescolar-juicio-oral-udp\/#primaryimage"},"thumbnailUrl":"https:\/\/www.scuola.cl\/sivm\/wp-content\/uploads\/2017\/07\/Torneo_debate_UDP.jpg","articleSection":["Noticias","Scuola"],"inLanguage":"es","potentialAction":[{"@type":"CommentAction","name":"Comment","target":["https:\/\/www.scuola.cl\/sivm\/interescolar-juicio-oral-udp\/#respond"]}]},{"@type":"WebPage","@id":"https:\/\/www.scuola.cl\/sivm\/interescolar-juicio-oral-udp\/","url":"https:\/\/www.scuola.cl\/sivm\/interescolar-juicio-oral-udp\/","name":"Interescolar de Juicio Oral UDP - Scuola Italiana","isPartOf":{"@id":"https:\/\/www.scuola.cl\/sivm\/#website"},"primaryImageOfPage":{"@id":"https:\/\/www.scuola.cl\/sivm\/interescolar-juicio-oral-udp\/#primaryimage"},"image":{"@id":"https:\/\/www.scuola.cl\/sivm\/interescolar-juicio-oral-udp\/#primaryimage"},"thumbnailUrl":"https:\/\/www.scuola.cl\/sivm\/wp-content\/uploads\/2017\/07\/Torneo_debate_UDP.jpg","datePublished":"2017-07-10T13:26:51+00:00","dateModified":"2017-07-25T13:43:45+00:00","breadcrumb":{"@id":"https:\/\/www.scuola.cl\/sivm\/interescolar-juicio-oral-udp\/#breadcrumb"},"inLanguage":"es","potentialAction":[{"@type":"ReadAction","target":["https:\/\/www.scuola.cl\/sivm\/interescolar-juicio-oral-udp\/"]}]},{"@type":"ImageObject","inLanguage":"es","@id":"https:\/\/www.scuola.cl\/sivm\/interescolar-juicio-oral-udp\/#primaryimage","url":"https:\/\/www.scuola.cl\/sivm\/wp-content\/uploads\/2017\/07\/Torneo_debate_UDP.jpg","contentUrl":"https:\/\/www.scuola.cl\/sivm\/wp-content\/uploads\/2017\/07\/Torneo_debate_UDP.jpg","width":900,"height":610},{"@type":"BreadcrumbList","@id":"https:\/\/www.scuola.cl\/sivm\/interescolar-juicio-oral-udp\/#breadcrumb","itemListElement":[{"@type":"ListItem","position":1,"name":"Inicio","item":"https:\/\/www.scuola.cl\/sivm\/"},{"@type":"ListItem","position":2,"name":"Noticias","item":"https:\/\/www.scuola.cl\/sivm\/category\/noticias\/"},{"@type":"ListItem","position":3,"name":"Interescolar de Juicio Oral UDP"}]},{"@type":"WebSite","@id":"https:\/\/www.scuola.cl\/sivm\/#website","url":"https:\/\/www.scuola.cl\/sivm\/","name":"Scuola Italiana","description":"Vittorio Montiglio","publisher":{"@id":"https:\/\/www.scuola.cl\/sivm\/#organization"},"potentialAction":[{"@type":"SearchAction","target":{"@type":"EntryPoint","urlTemplate":"https:\/\/www.scuola.cl\/sivm\/?s={search_term_string}"},"query-input":{"@type":"PropertyValueSpecification","valueRequired":true,"valueName":"search_term_string"}}],"inLanguage":"es"},{"@type":"Organization","@id":"https:\/\/www.scuola.cl\/sivm\/#organization","name":"Scuola Italiana Vittorio Montiglio","url":"https:\/\/www.scuola.cl\/sivm\/","logo":{"@type":"ImageObject","inLanguage":"es","@id":"https:\/\/www.scuola.cl\/sivm\/#\/schema\/logo\/image\/","url":"https:\/\/www.scuola.cl\/sivm\/wp-content\/uploads\/2019\/06\/Logo_Scuola-01-001-1000x1000.png","contentUrl":"https:\/\/www.scuola.cl\/sivm\/wp-content\/uploads\/2019\/06\/Logo_Scuola-01-001-1000x1000.png","width":1000,"height":1000,"caption":"Scuola Italiana Vittorio Montiglio"},"image":{"@id":"https:\/\/www.scuola.cl\/sivm\/#\/schema\/logo\/image\/"}},{"@type":"Person","@id":"https:\/\/www.scuola.cl\/sivm\/#\/schema\/person\/2ac68abc1b548ee6d8e16c4d3727d1b2","name":"Comunicaciones","image":{"@type":"ImageObject","inLanguage":"es","@id":"https:\/\/www.scuola.cl\/sivm\/#\/schema\/person\/image\/","url":"https:\/\/secure.gravatar.com\/avatar\/0b29fd7cdce1ec9939eded19ce85d6ed73acf03fb52d098b0641aed356fe6aeb?s=96&d=mm&r=g","contentUrl":"https:\/\/secure.gravatar.com\/avatar\/0b29fd7cdce1ec9939eded19ce85d6ed73acf03fb52d098b0641aed356fe6aeb?s=96&d=mm&r=g","caption":"Comunicaciones"},"url":"https:\/\/www.scuola.cl\/sivm\/author\/comunicaciones-scuola\/"}]}},"_links":{"self":[{"href":"https:\/\/www.scuola.cl\/sivm\/wp-json\/wp\/v2\/posts\/4082","targetHints":{"allow":["GET"]}}],"collection":[{"href":"https:\/\/www.scuola.cl\/sivm\/wp-json\/wp\/v2\/posts"}],"about":[{"href":"https:\/\/www.scuola.cl\/sivm\/wp-json\/wp\/v2\/types\/post"}],"author":[{"embeddable":true,"href":"https:\/\/www.scuola.cl\/sivm\/wp-json\/wp\/v2\/users\/2"}],"replies":[{"embeddable":true,"href":"https:\/\/www.scuola.cl\/sivm\/wp-json\/wp\/v2\/comments?post=4082"}],"version-history":[{"count":1,"href":"https:\/\/www.scuola.cl\/sivm\/wp-json\/wp\/v2\/posts\/4082\/revisions"}],"predecessor-version":[{"id":4084,"href":"https:\/\/www.scuola.cl\/sivm\/wp-json\/wp\/v2\/posts\/4082\/revisions\/4084"}],"wp:featuredmedia":[{"embeddable":true,"href":"https:\/\/www.scuola.cl\/sivm\/wp-json\/wp\/v2\/media\/4083"}],"wp:attachment":[{"href":"https:\/\/www.scuola.cl\/sivm\/wp-json\/wp\/v2\/media?parent=4082"}],"wp:term":[{"taxonomy":"category","embeddable":true,"href":"https:\/\/www.scuola.cl\/sivm\/wp-json\/wp\/v2\/categories?post=4082"},{"taxonomy":"post_tag","embeddable":true,"href":"https:\/\/www.scuola.cl\/sivm\/wp-json\/wp\/v2\/tags?post=4082"}],"curies":[{"name":"wp","href":"https:\/\/api.w.org\/{rel}","templated":true}]}}