{"id":4033,"date":"2017-08-08T08:00:08","date_gmt":"2017-08-08T11:00:08","guid":{"rendered":"http:\/\/www.scuola.cl\/sivm\/?p=4033"},"modified":"2017-08-16T10:28:08","modified_gmt":"2017-08-16T13:28:08","slug":"cruzada-del-ascensor","status":"publish","type":"post","link":"https:\/\/www.scuola.cl\/sivm\/cruzada-del-ascensor\/","title":{"rendered":"\u00abLa Cruzada del Ascensor\u00bb"},"content":{"rendered":"<p>Cara Comunit\u00e0,<\/p>\n<p>&nbsp;<\/p>\n<p>Los invitamos a ver este video realizado junto a \u00abi nostri cari nonni\u00bb del Hogar Italiano, quienes hacen un llamado a apoyarlos en la gran \u201cCruzada el Ascensor\u201d.<\/p>\n<p>&nbsp;<\/p>\n<p><iframe loading=\"lazy\" width=\"900\" height=\"506\" src=\"https:\/\/www.youtube.com\/embed\/3TNtRTiu6VM?feature=oembed\" frameborder=\"0\" allowfullscreen><\/iframe><\/p>\n<p>&nbsp;<\/p>\n<p>Desde noviembre de 2016, la Casa di Riposo se encuentra sin ascensor, ya que las mantenciones y reparaciones de \u00e9ste no han sido posibles por su antig\u00fcedad, volvi\u00e9ndose fundamental la compra de uno nuevo. Para los residentes, valentes y no valentes, y para todos quienes trabajan en el Hogar, esta situaci\u00f3n es muy complicada y tremendamente inc\u00f3moda, sobre todo por lo dif\u00edcil que resulta el traslado al segundo piso.<\/p>\n<p>&nbsp;<\/p>\n<p>Con el fin de dar soluci\u00f3n a este problema, se ha iniciado una campa\u00f1a solidaria denominada \u201cCruzada del Ascensor\u201d, la que consiste en la realizaci\u00f3n de un almuerzo familiar el d\u00eda 1 de octubre en el Stadio Italiano, para reunir fondos para la compra de un nuevo ascensor.<\/p>\n<p>&nbsp;<\/p>\n<p>Las maneras de ayudar son muchas, ya sea asistiendo a este evento y \/ o colaborando de diversas maneras, a trav\u00e9s de auspicios o donaciones para el almuerzo o con la entrega de regalos para ser sorteados entre los participantes.<\/p>\n<p>&nbsp;<\/p>\n<p>En el siguiente link, podr\u00e1n descargar la presentaci\u00f3n preparada por el Hogar Italiano para los interesados en auspiciar este importante proyecto: <a href=\"http:\/\/www.scuola.cl\/sivm\/wp-content\/uploads\/2017\/07\/Presentacion-hogar-italiano-2017-Auspicios.pdf\">Presentaci\u00f3n Hogar Italiano<\/a><\/p>\n<p>&nbsp;<\/p>\n<p><strong>Contacto Hogar Italiano:<\/strong><\/p>\n<p>Cecilia Sol\u00e9 (miembro del Directorio del Hogar Italiano): +56 9 9251 8219, <a href=\"mailto:csole@vtr.net\">csole@vtr.net<\/a><br \/>\nMarco Balc\u00e1zar (Administrador del Hogar Italiano): +56 9 7142 3216, <a href=\"mailto:mbalcazar@hogaritaliano.cl\">mbalcazar@hogaritaliano.cl<\/a><\/p>\n<p>&nbsp;<\/p>\n<p><strong>Informaci\u00f3n para transferencia de donaciones:<\/strong><br \/>\nSociedad Italiana Femenina de Beneficencia ( o Hogar Italiano)<br \/>\nRut: 70.021.670-5<br \/>\nCuenta N\u00b0 173-67962-05 del Banco de Chile<br \/>\nMail: mbalcazar@hogaritaliano.cl<br \/>\nFono: 2 2048386<\/p>\n<p>&nbsp;<\/p>\n<p>Esperamos contar con su apoyo para que los abuelitos vuelvan a tener un ascensor!<\/p>\n","protected":false},"excerpt":{"rendered":"Los invitamos a ver este video realizado junto a \u00abi nostri cari nonni\u00bb del Hogar Italiano, quienes hacen un llamado a apoyarlos en la gran \u201cCruzada el Ascensor\u201d.","protected":false},"author":2,"featured_media":4192,"comment_status":"open","ping_status":"open","sticky":false,"template":"","format":"standard","meta":{"_acf_changed":false,"footnotes":""},"categories":[5,23],"tags":[],"class_list":["post-4033","post","type-post","status-publish","format-standard","has-post-thumbnail","hentry","category-noticias","category-solidaridad"],"acf":[],"yoast_head":"<!-- This site is optimized with the Yoast SEO plugin v27.1.1 - https:\/\/yoast.com\/product\/yoast-seo-wordpress\/ -->\n<title>&quot;La Cruzada del Ascensor&quot; - Scuola Italiana<\/title>\n<meta name=\"robots\" content=\"index, follow, max-snippet:-1, max-image-preview:large, max-video-preview:-1\" \/>\n<link rel=\"canonical\" href=\"https:\/\/www.scuola.cl\/sivm\/cruzada-del-ascensor\/\" \/>\n<meta property=\"og:locale\" content=\"es_ES\" \/>\n<meta property=\"og:type\" content=\"article\" \/>\n<meta property=\"og:title\" content=\"&quot;La Cruzada del Ascensor&quot; - Scuola Italiana\" \/>\n<meta property=\"og:description\" content=\"Los invitamos a ver este video realizado junto a &quot;i nostri cari nonni&quot; del Hogar Italiano, quienes hacen un llamado a apoyarlos en la gran \u201cCruzada el Ascensor\u201d.\" \/>\n<meta property=\"og:url\" content=\"https:\/\/www.scuola.cl\/sivm\/cruzada-del-ascensor\/\" \/>\n<meta property=\"og:site_name\" content=\"Scuola Italiana\" \/>\n<meta property=\"article:published_time\" content=\"2017-08-08T11:00:08+00:00\" \/>\n<meta property=\"article:modified_time\" content=\"2017-08-16T13:28:08+00:00\" \/>\n<meta property=\"og:image\" content=\"https:\/\/www.scuola.cl\/sivm\/wp-content\/uploads\/2017\/07\/Video_CRuzada_Ascensor.jpg\" \/>\n\t<meta property=\"og:image:width\" content=\"900\" \/>\n\t<meta property=\"og:image:height\" content=\"610\" \/>\n\t<meta property=\"og:image:type\" content=\"image\/jpeg\" \/>\n<meta name=\"author\" content=\"Comunicaciones\" \/>\n<meta name=\"twitter:card\" content=\"summary_large_image\" \/>\n<meta name=\"twitter:label1\" content=\"Escrito por\" \/>\n\t<meta name=\"twitter:data1\" content=\"Comunicaciones\" \/>\n\t<meta name=\"twitter:label2\" content=\"Tiempo de lectura\" \/>\n\t<meta name=\"twitter:data2\" content=\"2 minutos\" \/>\n<script type=\"application\/ld+json\" class=\"yoast-schema-graph\">{\"@context\":\"https:\/\/schema.org\",\"@graph\":[{\"@type\":\"Article\",\"@id\":\"https:\/\/www.scuola.cl\/sivm\/cruzada-del-ascensor\/#article\",\"isPartOf\":{\"@id\":\"https:\/\/www.scuola.cl\/sivm\/cruzada-del-ascensor\/\"},\"author\":{\"name\":\"Comunicaciones\",\"@id\":\"https:\/\/www.scuola.cl\/sivm\/#\/schema\/person\/2ac68abc1b548ee6d8e16c4d3727d1b2\"},\"headline\":\"\u00abLa Cruzada del Ascensor\u00bb\",\"datePublished\":\"2017-08-08T11:00:08+00:00\",\"dateModified\":\"2017-08-16T13:28:08+00:00\",\"mainEntityOfPage\":{\"@id\":\"https:\/\/www.scuola.cl\/sivm\/cruzada-del-ascensor\/\"},\"wordCount\":306,\"commentCount\":0,\"publisher\":{\"@id\":\"https:\/\/www.scuola.cl\/sivm\/#organization\"},\"image\":{\"@id\":\"https:\/\/www.scuola.cl\/sivm\/cruzada-del-ascensor\/#primaryimage\"},\"thumbnailUrl\":\"https:\/\/www.scuola.cl\/sivm\/wp-content\/uploads\/2017\/07\/Video_CRuzada_Ascensor.jpg\",\"articleSection\":[\"Noticias\",\"Solidaridad\"],\"inLanguage\":\"es\",\"potentialAction\":[{\"@type\":\"CommentAction\",\"name\":\"Comment\",\"target\":[\"https:\/\/www.scuola.cl\/sivm\/cruzada-del-ascensor\/#respond\"]}]},{\"@type\":\"WebPage\",\"@id\":\"https:\/\/www.scuola.cl\/sivm\/cruzada-del-ascensor\/\",\"url\":\"https:\/\/www.scuola.cl\/sivm\/cruzada-del-ascensor\/\",\"name\":\"\\\"La Cruzada del Ascensor\\\" - Scuola Italiana\",\"isPartOf\":{\"@id\":\"https:\/\/www.scuola.cl\/sivm\/#website\"},\"primaryImageOfPage\":{\"@id\":\"https:\/\/www.scuola.cl\/sivm\/cruzada-del-ascensor\/#primaryimage\"},\"image\":{\"@id\":\"https:\/\/www.scuola.cl\/sivm\/cruzada-del-ascensor\/#primaryimage\"},\"thumbnailUrl\":\"https:\/\/www.scuola.cl\/sivm\/wp-content\/uploads\/2017\/07\/Video_CRuzada_Ascensor.jpg\",\"datePublished\":\"2017-08-08T11:00:08+00:00\",\"dateModified\":\"2017-08-16T13:28:08+00:00\",\"breadcrumb\":{\"@id\":\"https:\/\/www.scuola.cl\/sivm\/cruzada-del-ascensor\/#breadcrumb\"},\"inLanguage\":\"es\",\"potentialAction\":[{\"@type\":\"ReadAction\",\"target\":[\"https:\/\/www.scuola.cl\/sivm\/cruzada-del-ascensor\/\"]}]},{\"@type\":\"ImageObject\",\"inLanguage\":\"es\",\"@id\":\"https:\/\/www.scuola.cl\/sivm\/cruzada-del-ascensor\/#primaryimage\",\"url\":\"https:\/\/www.scuola.cl\/sivm\/wp-content\/uploads\/2017\/07\/Video_CRuzada_Ascensor.jpg\",\"contentUrl\":\"https:\/\/www.scuola.cl\/sivm\/wp-content\/uploads\/2017\/07\/Video_CRuzada_Ascensor.jpg\",\"width\":900,\"height\":610},{\"@type\":\"BreadcrumbList\",\"@id\":\"https:\/\/www.scuola.cl\/sivm\/cruzada-del-ascensor\/#breadcrumb\",\"itemListElement\":[{\"@type\":\"ListItem\",\"position\":1,\"name\":\"Inicio\",\"item\":\"https:\/\/www.scuola.cl\/sivm\/\"},{\"@type\":\"ListItem\",\"position\":2,\"name\":\"Noticias\",\"item\":\"https:\/\/www.scuola.cl\/sivm\/category\/noticias\/\"},{\"@type\":\"ListItem\",\"position\":3,\"name\":\"\u00abLa Cruzada del Ascensor\u00bb\"}]},{\"@type\":\"WebSite\",\"@id\":\"https:\/\/www.scuola.cl\/sivm\/#website\",\"url\":\"https:\/\/www.scuola.cl\/sivm\/\",\"name\":\"Scuola Italiana\",\"description\":\"Vittorio Montiglio\",\"publisher\":{\"@id\":\"https:\/\/www.scuola.cl\/sivm\/#organization\"},\"potentialAction\":[{\"@type\":\"SearchAction\",\"target\":{\"@type\":\"EntryPoint\",\"urlTemplate\":\"https:\/\/www.scuola.cl\/sivm\/?s={search_term_string}\"},\"query-input\":{\"@type\":\"PropertyValueSpecification\",\"valueRequired\":true,\"valueName\":\"search_term_string\"}}],\"inLanguage\":\"es\"},{\"@type\":\"Organization\",\"@id\":\"https:\/\/www.scuola.cl\/sivm\/#organization\",\"name\":\"Scuola Italiana Vittorio Montiglio\",\"url\":\"https:\/\/www.scuola.cl\/sivm\/\",\"logo\":{\"@type\":\"ImageObject\",\"inLanguage\":\"es\",\"@id\":\"https:\/\/www.scuola.cl\/sivm\/#\/schema\/logo\/image\/\",\"url\":\"https:\/\/www.scuola.cl\/sivm\/wp-content\/uploads\/2019\/06\/Logo_Scuola-01-001-1000x1000.png\",\"contentUrl\":\"https:\/\/www.scuola.cl\/sivm\/wp-content\/uploads\/2019\/06\/Logo_Scuola-01-001-1000x1000.png\",\"width\":1000,\"height\":1000,\"caption\":\"Scuola Italiana Vittorio Montiglio\"},\"image\":{\"@id\":\"https:\/\/www.scuola.cl\/sivm\/#\/schema\/logo\/image\/\"}},{\"@type\":\"Person\",\"@id\":\"https:\/\/www.scuola.cl\/sivm\/#\/schema\/person\/2ac68abc1b548ee6d8e16c4d3727d1b2\",\"name\":\"Comunicaciones\",\"image\":{\"@type\":\"ImageObject\",\"inLanguage\":\"es\",\"@id\":\"https:\/\/www.scuola.cl\/sivm\/#\/schema\/person\/image\/\",\"url\":\"https:\/\/secure.gravatar.com\/avatar\/0b29fd7cdce1ec9939eded19ce85d6ed73acf03fb52d098b0641aed356fe6aeb?s=96&d=mm&r=g\",\"contentUrl\":\"https:\/\/secure.gravatar.com\/avatar\/0b29fd7cdce1ec9939eded19ce85d6ed73acf03fb52d098b0641aed356fe6aeb?s=96&d=mm&r=g\",\"caption\":\"Comunicaciones\"},\"url\":\"https:\/\/www.scuola.cl\/sivm\/author\/comunicaciones-scuola\/\"}]}<\/script>\n<!-- \/ Yoast SEO plugin. -->","yoast_head_json":{"title":"\"La Cruzada del Ascensor\" - Scuola Italiana","robots":{"index":"index","follow":"follow","max-snippet":"max-snippet:-1","max-image-preview":"max-image-preview:large","max-video-preview":"max-video-preview:-1"},"canonical":"https:\/\/www.scuola.cl\/sivm\/cruzada-del-ascensor\/","og_locale":"es_ES","og_type":"article","og_title":"\"La Cruzada del Ascensor\" - Scuola Italiana","og_description":"Los invitamos a ver este video realizado junto a \"i nostri cari nonni\" del Hogar Italiano, quienes hacen un llamado a apoyarlos en la gran \u201cCruzada el Ascensor\u201d.","og_url":"https:\/\/www.scuola.cl\/sivm\/cruzada-del-ascensor\/","og_site_name":"Scuola Italiana","article_published_time":"2017-08-08T11:00:08+00:00","article_modified_time":"2017-08-16T13:28:08+00:00","og_image":[{"width":900,"height":610,"url":"https:\/\/www.scuola.cl\/sivm\/wp-content\/uploads\/2017\/07\/Video_CRuzada_Ascensor.jpg","type":"image\/jpeg"}],"author":"Comunicaciones","twitter_card":"summary_large_image","twitter_misc":{"Escrito por":"Comunicaciones","Tiempo de lectura":"2 minutos"},"schema":{"@context":"https:\/\/schema.org","@graph":[{"@type":"Article","@id":"https:\/\/www.scuola.cl\/sivm\/cruzada-del-ascensor\/#article","isPartOf":{"@id":"https:\/\/www.scuola.cl\/sivm\/cruzada-del-ascensor\/"},"author":{"name":"Comunicaciones","@id":"https:\/\/www.scuola.cl\/sivm\/#\/schema\/person\/2ac68abc1b548ee6d8e16c4d3727d1b2"},"headline":"\u00abLa Cruzada del Ascensor\u00bb","datePublished":"2017-08-08T11:00:08+00:00","dateModified":"2017-08-16T13:28:08+00:00","mainEntityOfPage":{"@id":"https:\/\/www.scuola.cl\/sivm\/cruzada-del-ascensor\/"},"wordCount":306,"commentCount":0,"publisher":{"@id":"https:\/\/www.scuola.cl\/sivm\/#organization"},"image":{"@id":"https:\/\/www.scuola.cl\/sivm\/cruzada-del-ascensor\/#primaryimage"},"thumbnailUrl":"https:\/\/www.scuola.cl\/sivm\/wp-content\/uploads\/2017\/07\/Video_CRuzada_Ascensor.jpg","articleSection":["Noticias","Solidaridad"],"inLanguage":"es","potentialAction":[{"@type":"CommentAction","name":"Comment","target":["https:\/\/www.scuola.cl\/sivm\/cruzada-del-ascensor\/#respond"]}]},{"@type":"WebPage","@id":"https:\/\/www.scuola.cl\/sivm\/cruzada-del-ascensor\/","url":"https:\/\/www.scuola.cl\/sivm\/cruzada-del-ascensor\/","name":"\"La Cruzada del Ascensor\" - Scuola Italiana","isPartOf":{"@id":"https:\/\/www.scuola.cl\/sivm\/#website"},"primaryImageOfPage":{"@id":"https:\/\/www.scuola.cl\/sivm\/cruzada-del-ascensor\/#primaryimage"},"image":{"@id":"https:\/\/www.scuola.cl\/sivm\/cruzada-del-ascensor\/#primaryimage"},"thumbnailUrl":"https:\/\/www.scuola.cl\/sivm\/wp-content\/uploads\/2017\/07\/Video_CRuzada_Ascensor.jpg","datePublished":"2017-08-08T11:00:08+00:00","dateModified":"2017-08-16T13:28:08+00:00","breadcrumb":{"@id":"https:\/\/www.scuola.cl\/sivm\/cruzada-del-ascensor\/#breadcrumb"},"inLanguage":"es","potentialAction":[{"@type":"ReadAction","target":["https:\/\/www.scuola.cl\/sivm\/cruzada-del-ascensor\/"]}]},{"@type":"ImageObject","inLanguage":"es","@id":"https:\/\/www.scuola.cl\/sivm\/cruzada-del-ascensor\/#primaryimage","url":"https:\/\/www.scuola.cl\/sivm\/wp-content\/uploads\/2017\/07\/Video_CRuzada_Ascensor.jpg","contentUrl":"https:\/\/www.scuola.cl\/sivm\/wp-content\/uploads\/2017\/07\/Video_CRuzada_Ascensor.jpg","width":900,"height":610},{"@type":"BreadcrumbList","@id":"https:\/\/www.scuola.cl\/sivm\/cruzada-del-ascensor\/#breadcrumb","itemListElement":[{"@type":"ListItem","position":1,"name":"Inicio","item":"https:\/\/www.scuola.cl\/sivm\/"},{"@type":"ListItem","position":2,"name":"Noticias","item":"https:\/\/www.scuola.cl\/sivm\/category\/noticias\/"},{"@type":"ListItem","position":3,"name":"\u00abLa Cruzada del Ascensor\u00bb"}]},{"@type":"WebSite","@id":"https:\/\/www.scuola.cl\/sivm\/#website","url":"https:\/\/www.scuola.cl\/sivm\/","name":"Scuola Italiana","description":"Vittorio Montiglio","publisher":{"@id":"https:\/\/www.scuola.cl\/sivm\/#organization"},"potentialAction":[{"@type":"SearchAction","target":{"@type":"EntryPoint","urlTemplate":"https:\/\/www.scuola.cl\/sivm\/?s={search_term_string}"},"query-input":{"@type":"PropertyValueSpecification","valueRequired":true,"valueName":"search_term_string"}}],"inLanguage":"es"},{"@type":"Organization","@id":"https:\/\/www.scuola.cl\/sivm\/#organization","name":"Scuola Italiana Vittorio Montiglio","url":"https:\/\/www.scuola.cl\/sivm\/","logo":{"@type":"ImageObject","inLanguage":"es","@id":"https:\/\/www.scuola.cl\/sivm\/#\/schema\/logo\/image\/","url":"https:\/\/www.scuola.cl\/sivm\/wp-content\/uploads\/2019\/06\/Logo_Scuola-01-001-1000x1000.png","contentUrl":"https:\/\/www.scuola.cl\/sivm\/wp-content\/uploads\/2019\/06\/Logo_Scuola-01-001-1000x1000.png","width":1000,"height":1000,"caption":"Scuola Italiana Vittorio Montiglio"},"image":{"@id":"https:\/\/www.scuola.cl\/sivm\/#\/schema\/logo\/image\/"}},{"@type":"Person","@id":"https:\/\/www.scuola.cl\/sivm\/#\/schema\/person\/2ac68abc1b548ee6d8e16c4d3727d1b2","name":"Comunicaciones","image":{"@type":"ImageObject","inLanguage":"es","@id":"https:\/\/www.scuola.cl\/sivm\/#\/schema\/person\/image\/","url":"https:\/\/secure.gravatar.com\/avatar\/0b29fd7cdce1ec9939eded19ce85d6ed73acf03fb52d098b0641aed356fe6aeb?s=96&d=mm&r=g","contentUrl":"https:\/\/secure.gravatar.com\/avatar\/0b29fd7cdce1ec9939eded19ce85d6ed73acf03fb52d098b0641aed356fe6aeb?s=96&d=mm&r=g","caption":"Comunicaciones"},"url":"https:\/\/www.scuola.cl\/sivm\/author\/comunicaciones-scuola\/"}]}},"_links":{"self":[{"href":"https:\/\/www.scuola.cl\/sivm\/wp-json\/wp\/v2\/posts\/4033","targetHints":{"allow":["GET"]}}],"collection":[{"href":"https:\/\/www.scuola.cl\/sivm\/wp-json\/wp\/v2\/posts"}],"about":[{"href":"https:\/\/www.scuola.cl\/sivm\/wp-json\/wp\/v2\/types\/post"}],"author":[{"embeddable":true,"href":"https:\/\/www.scuola.cl\/sivm\/wp-json\/wp\/v2\/users\/2"}],"replies":[{"embeddable":true,"href":"https:\/\/www.scuola.cl\/sivm\/wp-json\/wp\/v2\/comments?post=4033"}],"version-history":[{"count":13,"href":"https:\/\/www.scuola.cl\/sivm\/wp-json\/wp\/v2\/posts\/4033\/revisions"}],"predecessor-version":[{"id":4744,"href":"https:\/\/www.scuola.cl\/sivm\/wp-json\/wp\/v2\/posts\/4033\/revisions\/4744"}],"wp:featuredmedia":[{"embeddable":true,"href":"https:\/\/www.scuola.cl\/sivm\/wp-json\/wp\/v2\/media\/4192"}],"wp:attachment":[{"href":"https:\/\/www.scuola.cl\/sivm\/wp-json\/wp\/v2\/media?parent=4033"}],"wp:term":[{"taxonomy":"category","embeddable":true,"href":"https:\/\/www.scuola.cl\/sivm\/wp-json\/wp\/v2\/categories?post=4033"},{"taxonomy":"post_tag","embeddable":true,"href":"https:\/\/www.scuola.cl\/sivm\/wp-json\/wp\/v2\/tags?post=4033"}],"curies":[{"name":"wp","href":"https:\/\/api.w.org\/{rel}","templated":true}]}}