{"id":3999,"date":"2017-07-01T13:43:38","date_gmt":"2017-07-01T16:43:38","guid":{"rendered":"http:\/\/www.scuola.cl\/sivm\/?p=3999"},"modified":"2017-07-10T17:08:31","modified_gmt":"2017-07-10T20:08:31","slug":"recoleccion-campana-solidaria","status":"publish","type":"post","link":"https:\/\/www.scuola.cl\/sivm\/recoleccion-campana-solidaria\/","title":{"rendered":"Recolecci\u00f3n campa\u00f1a solidaria"},"content":{"rendered":"<p>En la recolecci\u00f3n de nuestra campa\u00f1a solidaria de junio, pudimos notar la alegr\u00eda con que nuestros ni\u00f1os de la Scuola Nido y Scuola dell\u00b4Infanzia, nos hac\u00edan entrega de los productos del mes, que son destinados a los nonni del Hogar Italiano y del Coia. Algunos tan peque\u00f1os, que casi no pod\u00edan sostener en sus manos el art\u00edculo para depositarlo en el carro.<\/p>\n<p>&nbsp;<\/p>\n<p>Los ni\u00f1os tienen claro el destino de estos recursos. Cuando uno les pregunta y \u201cesto para qui\u00e9n es\u201d, responden sabiendo que es para los abuelitos.<\/p>\n<p>&nbsp;<\/p>\n<p>Queremos destacar el lindo trabajo y dar un reconocimiento a las educadoras y a las familias, que est\u00e1n fomentando en los ni\u00f1os el valor de la solidaridad, pilar importante de nuestro proyecto educativo.<\/p>\n<p>&nbsp;<\/p>\n<p>Por Solidaridad Scuola<\/p>\n<p>&nbsp;<\/p>\n<p><img loading=\"lazy\" decoding=\"async\" width=\"700\" height=\"467\" class=\"alignnone size-large wp-image-4000\" src=\"http:\/\/www.scuola.cl\/sivm\/wp-content\/uploads\/2017\/07\/recoleccion_junio_solidaridad-700x467.jpg\" alt=\"recoleccion_junio_solidaridad\" srcset=\"https:\/\/www.scuola.cl\/sivm\/wp-content\/uploads\/2017\/07\/recoleccion_junio_solidaridad-700x467.jpg 700w, https:\/\/www.scuola.cl\/sivm\/wp-content\/uploads\/2017\/07\/recoleccion_junio_solidaridad-250x167.jpg 250w, https:\/\/www.scuola.cl\/sivm\/wp-content\/uploads\/2017\/07\/recoleccion_junio_solidaridad-768x512.jpg 768w, https:\/\/www.scuola.cl\/sivm\/wp-content\/uploads\/2017\/07\/recoleccion_junio_solidaridad-120x80.jpg 120w, https:\/\/www.scuola.cl\/sivm\/wp-content\/uploads\/2017\/07\/recoleccion_junio_solidaridad.jpg 900w\" sizes=\"auto, (max-width: 700px) 100vw, 700px\" \/><\/p>\n","protected":false},"excerpt":{"rendered":"En la recolecci\u00f3n de la campa\u00f1a solidaria de junio, pudimos notar la alegr\u00eda con que nuestros ni\u00f1os de la Scuola Nido y Scuola dell\u00b4Infanzia, nos hac\u00edan entrega de los productos que son destinados al Hogar Italiano y Coia.","protected":false},"author":2,"featured_media":4000,"comment_status":"open","ping_status":"open","sticky":false,"template":"","format":"standard","meta":{"_acf_changed":false,"footnotes":""},"categories":[5,23],"tags":[],"class_list":["post-3999","post","type-post","status-publish","format-standard","has-post-thumbnail","hentry","category-noticias","category-solidaridad"],"acf":[],"yoast_head":"<!-- This site is optimized with the Yoast SEO plugin v27.1.1 - https:\/\/yoast.com\/product\/yoast-seo-wordpress\/ -->\n<title>Recolecci\u00f3n campa\u00f1a solidaria - Scuola Italiana<\/title>\n<meta name=\"robots\" content=\"index, follow, max-snippet:-1, max-image-preview:large, max-video-preview:-1\" \/>\n<link rel=\"canonical\" href=\"https:\/\/www.scuola.cl\/sivm\/recoleccion-campana-solidaria\/\" \/>\n<meta property=\"og:locale\" content=\"es_ES\" \/>\n<meta property=\"og:type\" content=\"article\" \/>\n<meta property=\"og:title\" content=\"Recolecci\u00f3n campa\u00f1a solidaria - Scuola Italiana\" \/>\n<meta property=\"og:description\" content=\"En la recolecci\u00f3n de la campa\u00f1a solidaria de junio, pudimos notar la alegr\u00eda con que nuestros ni\u00f1os de la Scuola Nido y Scuola dell\u00b4Infanzia, nos hac\u00edan entrega de los productos que son destinados al Hogar Italiano y Coia.\" \/>\n<meta property=\"og:url\" content=\"https:\/\/www.scuola.cl\/sivm\/recoleccion-campana-solidaria\/\" \/>\n<meta property=\"og:site_name\" content=\"Scuola Italiana\" \/>\n<meta property=\"article:published_time\" content=\"2017-07-01T16:43:38+00:00\" \/>\n<meta property=\"article:modified_time\" content=\"2017-07-10T20:08:31+00:00\" \/>\n<meta property=\"og:image\" content=\"https:\/\/www.scuola.cl\/sivm\/wp-content\/uploads\/2017\/07\/recoleccion_junio_solidaridad.jpg\" \/>\n\t<meta property=\"og:image:width\" content=\"900\" \/>\n\t<meta property=\"og:image:height\" content=\"600\" \/>\n\t<meta property=\"og:image:type\" content=\"image\/jpeg\" \/>\n<meta name=\"author\" content=\"Comunicaciones\" \/>\n<meta name=\"twitter:card\" content=\"summary_large_image\" \/>\n<meta name=\"twitter:label1\" content=\"Escrito por\" \/>\n\t<meta name=\"twitter:data1\" content=\"Comunicaciones\" \/>\n\t<meta name=\"twitter:label2\" content=\"Tiempo de lectura\" \/>\n\t<meta name=\"twitter:data2\" content=\"1 minuto\" \/>\n<script type=\"application\/ld+json\" class=\"yoast-schema-graph\">{\"@context\":\"https:\/\/schema.org\",\"@graph\":[{\"@type\":\"Article\",\"@id\":\"https:\/\/www.scuola.cl\/sivm\/recoleccion-campana-solidaria\/#article\",\"isPartOf\":{\"@id\":\"https:\/\/www.scuola.cl\/sivm\/recoleccion-campana-solidaria\/\"},\"author\":{\"name\":\"Comunicaciones\",\"@id\":\"https:\/\/www.scuola.cl\/sivm\/#\/schema\/person\/2ac68abc1b548ee6d8e16c4d3727d1b2\"},\"headline\":\"Recolecci\u00f3n campa\u00f1a solidaria\",\"datePublished\":\"2017-07-01T16:43:38+00:00\",\"dateModified\":\"2017-07-10T20:08:31+00:00\",\"mainEntityOfPage\":{\"@id\":\"https:\/\/www.scuola.cl\/sivm\/recoleccion-campana-solidaria\/\"},\"wordCount\":145,\"commentCount\":0,\"publisher\":{\"@id\":\"https:\/\/www.scuola.cl\/sivm\/#organization\"},\"image\":{\"@id\":\"https:\/\/www.scuola.cl\/sivm\/recoleccion-campana-solidaria\/#primaryimage\"},\"thumbnailUrl\":\"https:\/\/www.scuola.cl\/sivm\/wp-content\/uploads\/2017\/07\/recoleccion_junio_solidaridad.jpg\",\"articleSection\":[\"Noticias\",\"Solidaridad\"],\"inLanguage\":\"es\",\"potentialAction\":[{\"@type\":\"CommentAction\",\"name\":\"Comment\",\"target\":[\"https:\/\/www.scuola.cl\/sivm\/recoleccion-campana-solidaria\/#respond\"]}]},{\"@type\":\"WebPage\",\"@id\":\"https:\/\/www.scuola.cl\/sivm\/recoleccion-campana-solidaria\/\",\"url\":\"https:\/\/www.scuola.cl\/sivm\/recoleccion-campana-solidaria\/\",\"name\":\"Recolecci\u00f3n campa\u00f1a solidaria - Scuola Italiana\",\"isPartOf\":{\"@id\":\"https:\/\/www.scuola.cl\/sivm\/#website\"},\"primaryImageOfPage\":{\"@id\":\"https:\/\/www.scuola.cl\/sivm\/recoleccion-campana-solidaria\/#primaryimage\"},\"image\":{\"@id\":\"https:\/\/www.scuola.cl\/sivm\/recoleccion-campana-solidaria\/#primaryimage\"},\"thumbnailUrl\":\"https:\/\/www.scuola.cl\/sivm\/wp-content\/uploads\/2017\/07\/recoleccion_junio_solidaridad.jpg\",\"datePublished\":\"2017-07-01T16:43:38+00:00\",\"dateModified\":\"2017-07-10T20:08:31+00:00\",\"breadcrumb\":{\"@id\":\"https:\/\/www.scuola.cl\/sivm\/recoleccion-campana-solidaria\/#breadcrumb\"},\"inLanguage\":\"es\",\"potentialAction\":[{\"@type\":\"ReadAction\",\"target\":[\"https:\/\/www.scuola.cl\/sivm\/recoleccion-campana-solidaria\/\"]}]},{\"@type\":\"ImageObject\",\"inLanguage\":\"es\",\"@id\":\"https:\/\/www.scuola.cl\/sivm\/recoleccion-campana-solidaria\/#primaryimage\",\"url\":\"https:\/\/www.scuola.cl\/sivm\/wp-content\/uploads\/2017\/07\/recoleccion_junio_solidaridad.jpg\",\"contentUrl\":\"https:\/\/www.scuola.cl\/sivm\/wp-content\/uploads\/2017\/07\/recoleccion_junio_solidaridad.jpg\",\"width\":900,\"height\":600},{\"@type\":\"BreadcrumbList\",\"@id\":\"https:\/\/www.scuola.cl\/sivm\/recoleccion-campana-solidaria\/#breadcrumb\",\"itemListElement\":[{\"@type\":\"ListItem\",\"position\":1,\"name\":\"Inicio\",\"item\":\"https:\/\/www.scuola.cl\/sivm\/\"},{\"@type\":\"ListItem\",\"position\":2,\"name\":\"Noticias\",\"item\":\"https:\/\/www.scuola.cl\/sivm\/category\/noticias\/\"},{\"@type\":\"ListItem\",\"position\":3,\"name\":\"Recolecci\u00f3n campa\u00f1a solidaria\"}]},{\"@type\":\"WebSite\",\"@id\":\"https:\/\/www.scuola.cl\/sivm\/#website\",\"url\":\"https:\/\/www.scuola.cl\/sivm\/\",\"name\":\"Scuola Italiana\",\"description\":\"Vittorio Montiglio\",\"publisher\":{\"@id\":\"https:\/\/www.scuola.cl\/sivm\/#organization\"},\"potentialAction\":[{\"@type\":\"SearchAction\",\"target\":{\"@type\":\"EntryPoint\",\"urlTemplate\":\"https:\/\/www.scuola.cl\/sivm\/?s={search_term_string}\"},\"query-input\":{\"@type\":\"PropertyValueSpecification\",\"valueRequired\":true,\"valueName\":\"search_term_string\"}}],\"inLanguage\":\"es\"},{\"@type\":\"Organization\",\"@id\":\"https:\/\/www.scuola.cl\/sivm\/#organization\",\"name\":\"Scuola Italiana Vittorio Montiglio\",\"url\":\"https:\/\/www.scuola.cl\/sivm\/\",\"logo\":{\"@type\":\"ImageObject\",\"inLanguage\":\"es\",\"@id\":\"https:\/\/www.scuola.cl\/sivm\/#\/schema\/logo\/image\/\",\"url\":\"https:\/\/www.scuola.cl\/sivm\/wp-content\/uploads\/2019\/06\/Logo_Scuola-01-001-1000x1000.png\",\"contentUrl\":\"https:\/\/www.scuola.cl\/sivm\/wp-content\/uploads\/2019\/06\/Logo_Scuola-01-001-1000x1000.png\",\"width\":1000,\"height\":1000,\"caption\":\"Scuola Italiana Vittorio Montiglio\"},\"image\":{\"@id\":\"https:\/\/www.scuola.cl\/sivm\/#\/schema\/logo\/image\/\"}},{\"@type\":\"Person\",\"@id\":\"https:\/\/www.scuola.cl\/sivm\/#\/schema\/person\/2ac68abc1b548ee6d8e16c4d3727d1b2\",\"name\":\"Comunicaciones\",\"image\":{\"@type\":\"ImageObject\",\"inLanguage\":\"es\",\"@id\":\"https:\/\/www.scuola.cl\/sivm\/#\/schema\/person\/image\/\",\"url\":\"https:\/\/secure.gravatar.com\/avatar\/0b29fd7cdce1ec9939eded19ce85d6ed73acf03fb52d098b0641aed356fe6aeb?s=96&d=mm&r=g\",\"contentUrl\":\"https:\/\/secure.gravatar.com\/avatar\/0b29fd7cdce1ec9939eded19ce85d6ed73acf03fb52d098b0641aed356fe6aeb?s=96&d=mm&r=g\",\"caption\":\"Comunicaciones\"},\"url\":\"https:\/\/www.scuola.cl\/sivm\/author\/comunicaciones-scuola\/\"}]}<\/script>\n<!-- \/ Yoast SEO plugin. -->","yoast_head_json":{"title":"Recolecci\u00f3n campa\u00f1a solidaria - Scuola Italiana","robots":{"index":"index","follow":"follow","max-snippet":"max-snippet:-1","max-image-preview":"max-image-preview:large","max-video-preview":"max-video-preview:-1"},"canonical":"https:\/\/www.scuola.cl\/sivm\/recoleccion-campana-solidaria\/","og_locale":"es_ES","og_type":"article","og_title":"Recolecci\u00f3n campa\u00f1a solidaria - Scuola Italiana","og_description":"En la recolecci\u00f3n de la campa\u00f1a solidaria de junio, pudimos notar la alegr\u00eda con que nuestros ni\u00f1os de la Scuola Nido y Scuola dell\u00b4Infanzia, nos hac\u00edan entrega de los productos que son destinados al Hogar Italiano y Coia.","og_url":"https:\/\/www.scuola.cl\/sivm\/recoleccion-campana-solidaria\/","og_site_name":"Scuola Italiana","article_published_time":"2017-07-01T16:43:38+00:00","article_modified_time":"2017-07-10T20:08:31+00:00","og_image":[{"width":900,"height":600,"url":"https:\/\/www.scuola.cl\/sivm\/wp-content\/uploads\/2017\/07\/recoleccion_junio_solidaridad.jpg","type":"image\/jpeg"}],"author":"Comunicaciones","twitter_card":"summary_large_image","twitter_misc":{"Escrito por":"Comunicaciones","Tiempo de lectura":"1 minuto"},"schema":{"@context":"https:\/\/schema.org","@graph":[{"@type":"Article","@id":"https:\/\/www.scuola.cl\/sivm\/recoleccion-campana-solidaria\/#article","isPartOf":{"@id":"https:\/\/www.scuola.cl\/sivm\/recoleccion-campana-solidaria\/"},"author":{"name":"Comunicaciones","@id":"https:\/\/www.scuola.cl\/sivm\/#\/schema\/person\/2ac68abc1b548ee6d8e16c4d3727d1b2"},"headline":"Recolecci\u00f3n campa\u00f1a solidaria","datePublished":"2017-07-01T16:43:38+00:00","dateModified":"2017-07-10T20:08:31+00:00","mainEntityOfPage":{"@id":"https:\/\/www.scuola.cl\/sivm\/recoleccion-campana-solidaria\/"},"wordCount":145,"commentCount":0,"publisher":{"@id":"https:\/\/www.scuola.cl\/sivm\/#organization"},"image":{"@id":"https:\/\/www.scuola.cl\/sivm\/recoleccion-campana-solidaria\/#primaryimage"},"thumbnailUrl":"https:\/\/www.scuola.cl\/sivm\/wp-content\/uploads\/2017\/07\/recoleccion_junio_solidaridad.jpg","articleSection":["Noticias","Solidaridad"],"inLanguage":"es","potentialAction":[{"@type":"CommentAction","name":"Comment","target":["https:\/\/www.scuola.cl\/sivm\/recoleccion-campana-solidaria\/#respond"]}]},{"@type":"WebPage","@id":"https:\/\/www.scuola.cl\/sivm\/recoleccion-campana-solidaria\/","url":"https:\/\/www.scuola.cl\/sivm\/recoleccion-campana-solidaria\/","name":"Recolecci\u00f3n campa\u00f1a solidaria - Scuola Italiana","isPartOf":{"@id":"https:\/\/www.scuola.cl\/sivm\/#website"},"primaryImageOfPage":{"@id":"https:\/\/www.scuola.cl\/sivm\/recoleccion-campana-solidaria\/#primaryimage"},"image":{"@id":"https:\/\/www.scuola.cl\/sivm\/recoleccion-campana-solidaria\/#primaryimage"},"thumbnailUrl":"https:\/\/www.scuola.cl\/sivm\/wp-content\/uploads\/2017\/07\/recoleccion_junio_solidaridad.jpg","datePublished":"2017-07-01T16:43:38+00:00","dateModified":"2017-07-10T20:08:31+00:00","breadcrumb":{"@id":"https:\/\/www.scuola.cl\/sivm\/recoleccion-campana-solidaria\/#breadcrumb"},"inLanguage":"es","potentialAction":[{"@type":"ReadAction","target":["https:\/\/www.scuola.cl\/sivm\/recoleccion-campana-solidaria\/"]}]},{"@type":"ImageObject","inLanguage":"es","@id":"https:\/\/www.scuola.cl\/sivm\/recoleccion-campana-solidaria\/#primaryimage","url":"https:\/\/www.scuola.cl\/sivm\/wp-content\/uploads\/2017\/07\/recoleccion_junio_solidaridad.jpg","contentUrl":"https:\/\/www.scuola.cl\/sivm\/wp-content\/uploads\/2017\/07\/recoleccion_junio_solidaridad.jpg","width":900,"height":600},{"@type":"BreadcrumbList","@id":"https:\/\/www.scuola.cl\/sivm\/recoleccion-campana-solidaria\/#breadcrumb","itemListElement":[{"@type":"ListItem","position":1,"name":"Inicio","item":"https:\/\/www.scuola.cl\/sivm\/"},{"@type":"ListItem","position":2,"name":"Noticias","item":"https:\/\/www.scuola.cl\/sivm\/category\/noticias\/"},{"@type":"ListItem","position":3,"name":"Recolecci\u00f3n campa\u00f1a solidaria"}]},{"@type":"WebSite","@id":"https:\/\/www.scuola.cl\/sivm\/#website","url":"https:\/\/www.scuola.cl\/sivm\/","name":"Scuola Italiana","description":"Vittorio Montiglio","publisher":{"@id":"https:\/\/www.scuola.cl\/sivm\/#organization"},"potentialAction":[{"@type":"SearchAction","target":{"@type":"EntryPoint","urlTemplate":"https:\/\/www.scuola.cl\/sivm\/?s={search_term_string}"},"query-input":{"@type":"PropertyValueSpecification","valueRequired":true,"valueName":"search_term_string"}}],"inLanguage":"es"},{"@type":"Organization","@id":"https:\/\/www.scuola.cl\/sivm\/#organization","name":"Scuola Italiana Vittorio Montiglio","url":"https:\/\/www.scuola.cl\/sivm\/","logo":{"@type":"ImageObject","inLanguage":"es","@id":"https:\/\/www.scuola.cl\/sivm\/#\/schema\/logo\/image\/","url":"https:\/\/www.scuola.cl\/sivm\/wp-content\/uploads\/2019\/06\/Logo_Scuola-01-001-1000x1000.png","contentUrl":"https:\/\/www.scuola.cl\/sivm\/wp-content\/uploads\/2019\/06\/Logo_Scuola-01-001-1000x1000.png","width":1000,"height":1000,"caption":"Scuola Italiana Vittorio Montiglio"},"image":{"@id":"https:\/\/www.scuola.cl\/sivm\/#\/schema\/logo\/image\/"}},{"@type":"Person","@id":"https:\/\/www.scuola.cl\/sivm\/#\/schema\/person\/2ac68abc1b548ee6d8e16c4d3727d1b2","name":"Comunicaciones","image":{"@type":"ImageObject","inLanguage":"es","@id":"https:\/\/www.scuola.cl\/sivm\/#\/schema\/person\/image\/","url":"https:\/\/secure.gravatar.com\/avatar\/0b29fd7cdce1ec9939eded19ce85d6ed73acf03fb52d098b0641aed356fe6aeb?s=96&d=mm&r=g","contentUrl":"https:\/\/secure.gravatar.com\/avatar\/0b29fd7cdce1ec9939eded19ce85d6ed73acf03fb52d098b0641aed356fe6aeb?s=96&d=mm&r=g","caption":"Comunicaciones"},"url":"https:\/\/www.scuola.cl\/sivm\/author\/comunicaciones-scuola\/"}]}},"_links":{"self":[{"href":"https:\/\/www.scuola.cl\/sivm\/wp-json\/wp\/v2\/posts\/3999","targetHints":{"allow":["GET"]}}],"collection":[{"href":"https:\/\/www.scuola.cl\/sivm\/wp-json\/wp\/v2\/posts"}],"about":[{"href":"https:\/\/www.scuola.cl\/sivm\/wp-json\/wp\/v2\/types\/post"}],"author":[{"embeddable":true,"href":"https:\/\/www.scuola.cl\/sivm\/wp-json\/wp\/v2\/users\/2"}],"replies":[{"embeddable":true,"href":"https:\/\/www.scuola.cl\/sivm\/wp-json\/wp\/v2\/comments?post=3999"}],"version-history":[{"count":3,"href":"https:\/\/www.scuola.cl\/sivm\/wp-json\/wp\/v2\/posts\/3999\/revisions"}],"predecessor-version":[{"id":4018,"href":"https:\/\/www.scuola.cl\/sivm\/wp-json\/wp\/v2\/posts\/3999\/revisions\/4018"}],"wp:featuredmedia":[{"embeddable":true,"href":"https:\/\/www.scuola.cl\/sivm\/wp-json\/wp\/v2\/media\/4000"}],"wp:attachment":[{"href":"https:\/\/www.scuola.cl\/sivm\/wp-json\/wp\/v2\/media?parent=3999"}],"wp:term":[{"taxonomy":"category","embeddable":true,"href":"https:\/\/www.scuola.cl\/sivm\/wp-json\/wp\/v2\/categories?post=3999"},{"taxonomy":"post_tag","embeddable":true,"href":"https:\/\/www.scuola.cl\/sivm\/wp-json\/wp\/v2\/tags?post=3999"}],"curies":[{"name":"wp","href":"https:\/\/api.w.org\/{rel}","templated":true}]}}