{"id":3563,"date":"2017-08-12T10:00:39","date_gmt":"2017-08-12T13:00:39","guid":{"rendered":"http:\/\/www.scuola.cl\/sivm\/?p=3563"},"modified":"2017-08-31T10:14:13","modified_gmt":"2017-08-31T13:14:13","slug":"convocatoria-festival-avanti","status":"publish","type":"post","link":"https:\/\/www.scuola.cl\/sivm\/convocatoria-festival-avanti\/","title":{"rendered":"Convocatoria Festival Avanti"},"content":{"rendered":"<p>&nbsp;<\/p>\n<p>Por segundo a\u00f1o consecutivo, la carrera de Actuaci\u00f3n de Duoc UC sede San Carlos de Apoquindo y la Scuola Italiana \u201cVittorio Montiglio\u201d junto a su Centro Cultural Scuola, invitan a todos los establecimientos educacionales de la Regi\u00f3n Metropolitana a participar en una nueva versi\u00f3n del Festival Interescolar de Teatro Avanti, que se realizar\u00e1 el 5 y 6 de octubre.<\/p>\n<p>&nbsp;<\/p>\n<p>El encuentro nace con el objetivo de promover la creaci\u00f3n y difusi\u00f3n de obras durante el periodo escolar, siendo una instancia para el desarrollo de futuros artistas de nuestro pa\u00eds. Al mismo tiempo, busca ser un espacio de encuentro e intercambio que permita generar di\u00e1logo entre los alumnos, los actores profesionales e instituciones ligadas a las artes esc\u00e9nicas, profundizando siempre el teatro como el eje principal.<\/p>\n<p>&nbsp;<\/p>\n<p>&nbsp;<\/p>\n<p>La directora del festival, la actriz y profesora de la Scuola Italiana \u201cVittorio Montiglio\u201d, Luz Mar\u00eda Eynaudi, se\u00f1al\u00f3 que \u201ccada a\u00f1o es un desaf\u00edo la planificaci\u00f3n del festival, plante\u00e1ndonos qu\u00e9 nuevas actividades podemos incorporar al programa y c\u00f3mo potenciar sobre todo las habilidades de los alumnos participantes\u201d.<\/p>\n<p>&nbsp;<\/p>\n<p>\u00abY en ese sentido, a trav\u00e9s de talleres, queremos entregar nuevas herramientas para que los alumnos logren mejorar sus habilidades sociales, conozcan su cuerpo y c\u00f3mo comunica, y nuevas t\u00e9cnicas de actuaci\u00f3n. Adem\u00e1s de fortalecer la empat\u00eda, intercambio y reflexi\u00f3n\u201d, agreg\u00f3 Eynaudi<br \/>\nLos montajes pueden ser obras cl\u00e1sicas o contempor\u00e1neas, creaciones colectivas o adaptaciones literarias, tanto nacionales como universales.<\/p>\n<p>&nbsp;<\/p>\n<p>Para la docente de la carrera de Actuaci\u00f3n de Duoc UC sede San Carlos de Apoquindo, Paula Calder\u00f3n, \u201ces muy gratificante ver como este festival a\u00f1o a a\u00f1o va creciendo. Recordemos que se ven\u00eda desarrollando hace m\u00e1s de 10 a\u00f1os por Duoc UC. Y la alianza con la Scuola Italiana, permiti\u00f3 renovar su energ\u00eda y profundizar en los beneficios hacia los participantes\u201d.<\/p>\n<p>&nbsp;<\/p>\n<p>Los establecimientos interesados en participar del festival deber\u00e1n llenar la ficha de inscripci\u00f3n (descargar) y enviar la postulaci\u00f3n al siguiente correo electr\u00f3nico: <strong>leynaudi@scuola.cl con copia a p.calderono@profesor.duocuc.cl.<\/strong> Plazo de postulaci\u00f3n: 8 de septiembre de 2017.<\/p>\n<p>&nbsp;<\/p>\n<p><a href=\"http:\/\/www.scuola.cl\/sivm\/wp-content\/uploads\/2017\/05\/BASES-II-Festival-Interescolar-de-Teatro-Avanti.pdf\">Bases II Festival Interescolar de Teatro Avanti<\/a><\/p>\n<p><a href=\"http:\/\/www.scuola.cl\/sivm\/wp-content\/uploads\/2017\/05\/Ficha-Inscripcion-Festival-Avanti-Duoc-UC-Scuola-Italiana.doc\">Ficha Inscripcion II Festival Interescolar de Teatro Avanti<\/a><\/p>\n<p><img loading=\"lazy\" decoding=\"async\" width=\"700\" height=\"474\" class=\"alignnone size-large wp-image-4890\" src=\"http:\/\/www.scuola.cl\/sivm\/wp-content\/uploads\/2017\/05\/AFICHE_ULTIMOS_DIAS_INSCRIPCION-700x474.jpg\" alt=\"AFICHE_ULTIMOS_DIAS_INSCRIPCION\" srcset=\"https:\/\/www.scuola.cl\/sivm\/wp-content\/uploads\/2017\/05\/AFICHE_ULTIMOS_DIAS_INSCRIPCION-700x474.jpg 700w, https:\/\/www.scuola.cl\/sivm\/wp-content\/uploads\/2017\/05\/AFICHE_ULTIMOS_DIAS_INSCRIPCION-250x169.jpg 250w, https:\/\/www.scuola.cl\/sivm\/wp-content\/uploads\/2017\/05\/AFICHE_ULTIMOS_DIAS_INSCRIPCION-768x520.jpg 768w, https:\/\/www.scuola.cl\/sivm\/wp-content\/uploads\/2017\/05\/AFICHE_ULTIMOS_DIAS_INSCRIPCION-120x81.jpg 120w, https:\/\/www.scuola.cl\/sivm\/wp-content\/uploads\/2017\/05\/AFICHE_ULTIMOS_DIAS_INSCRIPCION.jpg 1417w\" sizes=\"auto, (max-width: 700px) 100vw, 700px\" \/><\/p>\n<p>&nbsp;<\/p>\n","protected":false},"excerpt":{"rendered":"La Scuola Italiana y su Centro Cultural junto a Duoc UC, invitan a todos los establecimientos educacionales de la Regi\u00f3n Metropolitana a participar de la segunda edici\u00f3n del Festival Interescolar de Teatro Avanti.","protected":false},"author":2,"featured_media":4890,"comment_status":"open","ping_status":"open","sticky":false,"template":"","format":"standard","meta":{"_acf_changed":false,"footnotes":""},"categories":[18,22],"tags":[],"class_list":["post-3563","post","type-post","status-publish","format-standard","has-post-thumbnail","hentry","category-centrocultural","category-cultura"],"acf":[],"yoast_head":"<!-- This site is optimized with the Yoast SEO plugin v27.1.1 - https:\/\/yoast.com\/product\/yoast-seo-wordpress\/ -->\n<title>Convocatoria Festival Avanti - Scuola Italiana<\/title>\n<meta name=\"robots\" content=\"index, follow, max-snippet:-1, max-image-preview:large, max-video-preview:-1\" \/>\n<link rel=\"canonical\" href=\"https:\/\/www.scuola.cl\/sivm\/convocatoria-festival-avanti\/\" \/>\n<meta property=\"og:locale\" content=\"es_ES\" \/>\n<meta property=\"og:type\" content=\"article\" \/>\n<meta property=\"og:title\" content=\"Convocatoria Festival Avanti - Scuola Italiana\" \/>\n<meta property=\"og:description\" content=\"La Scuola Italiana y su Centro Cultural junto a Duoc UC, invitan a todos los establecimientos educacionales de la Regi\u00f3n Metropolitana a participar de la segunda edici\u00f3n del Festival Interescolar de Teatro Avanti.\" \/>\n<meta property=\"og:url\" content=\"https:\/\/www.scuola.cl\/sivm\/convocatoria-festival-avanti\/\" \/>\n<meta property=\"og:site_name\" content=\"Scuola Italiana\" \/>\n<meta property=\"article:published_time\" content=\"2017-08-12T13:00:39+00:00\" \/>\n<meta property=\"article:modified_time\" content=\"2017-08-31T13:14:13+00:00\" \/>\n<meta property=\"og:image\" content=\"https:\/\/www.scuola.cl\/sivm\/wp-content\/uploads\/2017\/05\/AFICHE_ULTIMOS_DIAS_INSCRIPCION.jpg\" \/>\n\t<meta property=\"og:image:width\" content=\"1417\" \/>\n\t<meta property=\"og:image:height\" content=\"960\" \/>\n\t<meta property=\"og:image:type\" content=\"image\/jpeg\" \/>\n<meta name=\"author\" content=\"Comunicaciones\" \/>\n<meta name=\"twitter:card\" content=\"summary_large_image\" \/>\n<meta name=\"twitter:label1\" content=\"Escrito por\" \/>\n\t<meta name=\"twitter:data1\" content=\"Comunicaciones\" \/>\n\t<meta name=\"twitter:label2\" content=\"Tiempo de lectura\" \/>\n\t<meta name=\"twitter:data2\" content=\"2 minutos\" \/>\n<script type=\"application\/ld+json\" class=\"yoast-schema-graph\">{\"@context\":\"https:\/\/schema.org\",\"@graph\":[{\"@type\":\"Article\",\"@id\":\"https:\/\/www.scuola.cl\/sivm\/convocatoria-festival-avanti\/#article\",\"isPartOf\":{\"@id\":\"https:\/\/www.scuola.cl\/sivm\/convocatoria-festival-avanti\/\"},\"author\":{\"name\":\"Comunicaciones\",\"@id\":\"https:\/\/www.scuola.cl\/sivm\/#\/schema\/person\/2ac68abc1b548ee6d8e16c4d3727d1b2\"},\"headline\":\"Convocatoria Festival Avanti\",\"datePublished\":\"2017-08-12T13:00:39+00:00\",\"dateModified\":\"2017-08-31T13:14:13+00:00\",\"mainEntityOfPage\":{\"@id\":\"https:\/\/www.scuola.cl\/sivm\/convocatoria-festival-avanti\/\"},\"wordCount\":394,\"commentCount\":0,\"publisher\":{\"@id\":\"https:\/\/www.scuola.cl\/sivm\/#organization\"},\"image\":{\"@id\":\"https:\/\/www.scuola.cl\/sivm\/convocatoria-festival-avanti\/#primaryimage\"},\"thumbnailUrl\":\"https:\/\/www.scuola.cl\/sivm\/wp-content\/uploads\/2017\/05\/AFICHE_ULTIMOS_DIAS_INSCRIPCION.jpg\",\"articleSection\":[\"Centro Cultural\",\"Cultura\"],\"inLanguage\":\"es\",\"potentialAction\":[{\"@type\":\"CommentAction\",\"name\":\"Comment\",\"target\":[\"https:\/\/www.scuola.cl\/sivm\/convocatoria-festival-avanti\/#respond\"]}]},{\"@type\":\"WebPage\",\"@id\":\"https:\/\/www.scuola.cl\/sivm\/convocatoria-festival-avanti\/\",\"url\":\"https:\/\/www.scuola.cl\/sivm\/convocatoria-festival-avanti\/\",\"name\":\"Convocatoria Festival Avanti - Scuola Italiana\",\"isPartOf\":{\"@id\":\"https:\/\/www.scuola.cl\/sivm\/#website\"},\"primaryImageOfPage\":{\"@id\":\"https:\/\/www.scuola.cl\/sivm\/convocatoria-festival-avanti\/#primaryimage\"},\"image\":{\"@id\":\"https:\/\/www.scuola.cl\/sivm\/convocatoria-festival-avanti\/#primaryimage\"},\"thumbnailUrl\":\"https:\/\/www.scuola.cl\/sivm\/wp-content\/uploads\/2017\/05\/AFICHE_ULTIMOS_DIAS_INSCRIPCION.jpg\",\"datePublished\":\"2017-08-12T13:00:39+00:00\",\"dateModified\":\"2017-08-31T13:14:13+00:00\",\"breadcrumb\":{\"@id\":\"https:\/\/www.scuola.cl\/sivm\/convocatoria-festival-avanti\/#breadcrumb\"},\"inLanguage\":\"es\",\"potentialAction\":[{\"@type\":\"ReadAction\",\"target\":[\"https:\/\/www.scuola.cl\/sivm\/convocatoria-festival-avanti\/\"]}]},{\"@type\":\"ImageObject\",\"inLanguage\":\"es\",\"@id\":\"https:\/\/www.scuola.cl\/sivm\/convocatoria-festival-avanti\/#primaryimage\",\"url\":\"https:\/\/www.scuola.cl\/sivm\/wp-content\/uploads\/2017\/05\/AFICHE_ULTIMOS_DIAS_INSCRIPCION.jpg\",\"contentUrl\":\"https:\/\/www.scuola.cl\/sivm\/wp-content\/uploads\/2017\/05\/AFICHE_ULTIMOS_DIAS_INSCRIPCION.jpg\",\"width\":1417,\"height\":960},{\"@type\":\"BreadcrumbList\",\"@id\":\"https:\/\/www.scuola.cl\/sivm\/convocatoria-festival-avanti\/#breadcrumb\",\"itemListElement\":[{\"@type\":\"ListItem\",\"position\":1,\"name\":\"Inicio\",\"item\":\"https:\/\/www.scuola.cl\/sivm\/\"},{\"@type\":\"ListItem\",\"position\":2,\"name\":\"Centro Cultural\",\"item\":\"https:\/\/www.scuola.cl\/sivm\/category\/centrocultural\/\"},{\"@type\":\"ListItem\",\"position\":3,\"name\":\"Convocatoria Festival Avanti\"}]},{\"@type\":\"WebSite\",\"@id\":\"https:\/\/www.scuola.cl\/sivm\/#website\",\"url\":\"https:\/\/www.scuola.cl\/sivm\/\",\"name\":\"Scuola Italiana\",\"description\":\"Vittorio Montiglio\",\"publisher\":{\"@id\":\"https:\/\/www.scuola.cl\/sivm\/#organization\"},\"potentialAction\":[{\"@type\":\"SearchAction\",\"target\":{\"@type\":\"EntryPoint\",\"urlTemplate\":\"https:\/\/www.scuola.cl\/sivm\/?s={search_term_string}\"},\"query-input\":{\"@type\":\"PropertyValueSpecification\",\"valueRequired\":true,\"valueName\":\"search_term_string\"}}],\"inLanguage\":\"es\"},{\"@type\":\"Organization\",\"@id\":\"https:\/\/www.scuola.cl\/sivm\/#organization\",\"name\":\"Scuola Italiana Vittorio Montiglio\",\"url\":\"https:\/\/www.scuola.cl\/sivm\/\",\"logo\":{\"@type\":\"ImageObject\",\"inLanguage\":\"es\",\"@id\":\"https:\/\/www.scuola.cl\/sivm\/#\/schema\/logo\/image\/\",\"url\":\"https:\/\/www.scuola.cl\/sivm\/wp-content\/uploads\/2019\/06\/Logo_Scuola-01-001-1000x1000.png\",\"contentUrl\":\"https:\/\/www.scuola.cl\/sivm\/wp-content\/uploads\/2019\/06\/Logo_Scuola-01-001-1000x1000.png\",\"width\":1000,\"height\":1000,\"caption\":\"Scuola Italiana Vittorio Montiglio\"},\"image\":{\"@id\":\"https:\/\/www.scuola.cl\/sivm\/#\/schema\/logo\/image\/\"}},{\"@type\":\"Person\",\"@id\":\"https:\/\/www.scuola.cl\/sivm\/#\/schema\/person\/2ac68abc1b548ee6d8e16c4d3727d1b2\",\"name\":\"Comunicaciones\",\"image\":{\"@type\":\"ImageObject\",\"inLanguage\":\"es\",\"@id\":\"https:\/\/www.scuola.cl\/sivm\/#\/schema\/person\/image\/\",\"url\":\"https:\/\/secure.gravatar.com\/avatar\/0b29fd7cdce1ec9939eded19ce85d6ed73acf03fb52d098b0641aed356fe6aeb?s=96&d=mm&r=g\",\"contentUrl\":\"https:\/\/secure.gravatar.com\/avatar\/0b29fd7cdce1ec9939eded19ce85d6ed73acf03fb52d098b0641aed356fe6aeb?s=96&d=mm&r=g\",\"caption\":\"Comunicaciones\"},\"url\":\"https:\/\/www.scuola.cl\/sivm\/author\/comunicaciones-scuola\/\"}]}<\/script>\n<!-- \/ Yoast SEO plugin. -->","yoast_head_json":{"title":"Convocatoria Festival Avanti - Scuola Italiana","robots":{"index":"index","follow":"follow","max-snippet":"max-snippet:-1","max-image-preview":"max-image-preview:large","max-video-preview":"max-video-preview:-1"},"canonical":"https:\/\/www.scuola.cl\/sivm\/convocatoria-festival-avanti\/","og_locale":"es_ES","og_type":"article","og_title":"Convocatoria Festival Avanti - Scuola Italiana","og_description":"La Scuola Italiana y su Centro Cultural junto a Duoc UC, invitan a todos los establecimientos educacionales de la Regi\u00f3n Metropolitana a participar de la segunda edici\u00f3n del Festival Interescolar de Teatro Avanti.","og_url":"https:\/\/www.scuola.cl\/sivm\/convocatoria-festival-avanti\/","og_site_name":"Scuola Italiana","article_published_time":"2017-08-12T13:00:39+00:00","article_modified_time":"2017-08-31T13:14:13+00:00","og_image":[{"width":1417,"height":960,"url":"https:\/\/www.scuola.cl\/sivm\/wp-content\/uploads\/2017\/05\/AFICHE_ULTIMOS_DIAS_INSCRIPCION.jpg","type":"image\/jpeg"}],"author":"Comunicaciones","twitter_card":"summary_large_image","twitter_misc":{"Escrito por":"Comunicaciones","Tiempo de lectura":"2 minutos"},"schema":{"@context":"https:\/\/schema.org","@graph":[{"@type":"Article","@id":"https:\/\/www.scuola.cl\/sivm\/convocatoria-festival-avanti\/#article","isPartOf":{"@id":"https:\/\/www.scuola.cl\/sivm\/convocatoria-festival-avanti\/"},"author":{"name":"Comunicaciones","@id":"https:\/\/www.scuola.cl\/sivm\/#\/schema\/person\/2ac68abc1b548ee6d8e16c4d3727d1b2"},"headline":"Convocatoria Festival Avanti","datePublished":"2017-08-12T13:00:39+00:00","dateModified":"2017-08-31T13:14:13+00:00","mainEntityOfPage":{"@id":"https:\/\/www.scuola.cl\/sivm\/convocatoria-festival-avanti\/"},"wordCount":394,"commentCount":0,"publisher":{"@id":"https:\/\/www.scuola.cl\/sivm\/#organization"},"image":{"@id":"https:\/\/www.scuola.cl\/sivm\/convocatoria-festival-avanti\/#primaryimage"},"thumbnailUrl":"https:\/\/www.scuola.cl\/sivm\/wp-content\/uploads\/2017\/05\/AFICHE_ULTIMOS_DIAS_INSCRIPCION.jpg","articleSection":["Centro Cultural","Cultura"],"inLanguage":"es","potentialAction":[{"@type":"CommentAction","name":"Comment","target":["https:\/\/www.scuola.cl\/sivm\/convocatoria-festival-avanti\/#respond"]}]},{"@type":"WebPage","@id":"https:\/\/www.scuola.cl\/sivm\/convocatoria-festival-avanti\/","url":"https:\/\/www.scuola.cl\/sivm\/convocatoria-festival-avanti\/","name":"Convocatoria Festival Avanti - Scuola Italiana","isPartOf":{"@id":"https:\/\/www.scuola.cl\/sivm\/#website"},"primaryImageOfPage":{"@id":"https:\/\/www.scuola.cl\/sivm\/convocatoria-festival-avanti\/#primaryimage"},"image":{"@id":"https:\/\/www.scuola.cl\/sivm\/convocatoria-festival-avanti\/#primaryimage"},"thumbnailUrl":"https:\/\/www.scuola.cl\/sivm\/wp-content\/uploads\/2017\/05\/AFICHE_ULTIMOS_DIAS_INSCRIPCION.jpg","datePublished":"2017-08-12T13:00:39+00:00","dateModified":"2017-08-31T13:14:13+00:00","breadcrumb":{"@id":"https:\/\/www.scuola.cl\/sivm\/convocatoria-festival-avanti\/#breadcrumb"},"inLanguage":"es","potentialAction":[{"@type":"ReadAction","target":["https:\/\/www.scuola.cl\/sivm\/convocatoria-festival-avanti\/"]}]},{"@type":"ImageObject","inLanguage":"es","@id":"https:\/\/www.scuola.cl\/sivm\/convocatoria-festival-avanti\/#primaryimage","url":"https:\/\/www.scuola.cl\/sivm\/wp-content\/uploads\/2017\/05\/AFICHE_ULTIMOS_DIAS_INSCRIPCION.jpg","contentUrl":"https:\/\/www.scuola.cl\/sivm\/wp-content\/uploads\/2017\/05\/AFICHE_ULTIMOS_DIAS_INSCRIPCION.jpg","width":1417,"height":960},{"@type":"BreadcrumbList","@id":"https:\/\/www.scuola.cl\/sivm\/convocatoria-festival-avanti\/#breadcrumb","itemListElement":[{"@type":"ListItem","position":1,"name":"Inicio","item":"https:\/\/www.scuola.cl\/sivm\/"},{"@type":"ListItem","position":2,"name":"Centro Cultural","item":"https:\/\/www.scuola.cl\/sivm\/category\/centrocultural\/"},{"@type":"ListItem","position":3,"name":"Convocatoria Festival Avanti"}]},{"@type":"WebSite","@id":"https:\/\/www.scuola.cl\/sivm\/#website","url":"https:\/\/www.scuola.cl\/sivm\/","name":"Scuola Italiana","description":"Vittorio Montiglio","publisher":{"@id":"https:\/\/www.scuola.cl\/sivm\/#organization"},"potentialAction":[{"@type":"SearchAction","target":{"@type":"EntryPoint","urlTemplate":"https:\/\/www.scuola.cl\/sivm\/?s={search_term_string}"},"query-input":{"@type":"PropertyValueSpecification","valueRequired":true,"valueName":"search_term_string"}}],"inLanguage":"es"},{"@type":"Organization","@id":"https:\/\/www.scuola.cl\/sivm\/#organization","name":"Scuola Italiana Vittorio Montiglio","url":"https:\/\/www.scuola.cl\/sivm\/","logo":{"@type":"ImageObject","inLanguage":"es","@id":"https:\/\/www.scuola.cl\/sivm\/#\/schema\/logo\/image\/","url":"https:\/\/www.scuola.cl\/sivm\/wp-content\/uploads\/2019\/06\/Logo_Scuola-01-001-1000x1000.png","contentUrl":"https:\/\/www.scuola.cl\/sivm\/wp-content\/uploads\/2019\/06\/Logo_Scuola-01-001-1000x1000.png","width":1000,"height":1000,"caption":"Scuola Italiana Vittorio Montiglio"},"image":{"@id":"https:\/\/www.scuola.cl\/sivm\/#\/schema\/logo\/image\/"}},{"@type":"Person","@id":"https:\/\/www.scuola.cl\/sivm\/#\/schema\/person\/2ac68abc1b548ee6d8e16c4d3727d1b2","name":"Comunicaciones","image":{"@type":"ImageObject","inLanguage":"es","@id":"https:\/\/www.scuola.cl\/sivm\/#\/schema\/person\/image\/","url":"https:\/\/secure.gravatar.com\/avatar\/0b29fd7cdce1ec9939eded19ce85d6ed73acf03fb52d098b0641aed356fe6aeb?s=96&d=mm&r=g","contentUrl":"https:\/\/secure.gravatar.com\/avatar\/0b29fd7cdce1ec9939eded19ce85d6ed73acf03fb52d098b0641aed356fe6aeb?s=96&d=mm&r=g","caption":"Comunicaciones"},"url":"https:\/\/www.scuola.cl\/sivm\/author\/comunicaciones-scuola\/"}]}},"_links":{"self":[{"href":"https:\/\/www.scuola.cl\/sivm\/wp-json\/wp\/v2\/posts\/3563","targetHints":{"allow":["GET"]}}],"collection":[{"href":"https:\/\/www.scuola.cl\/sivm\/wp-json\/wp\/v2\/posts"}],"about":[{"href":"https:\/\/www.scuola.cl\/sivm\/wp-json\/wp\/v2\/types\/post"}],"author":[{"embeddable":true,"href":"https:\/\/www.scuola.cl\/sivm\/wp-json\/wp\/v2\/users\/2"}],"replies":[{"embeddable":true,"href":"https:\/\/www.scuola.cl\/sivm\/wp-json\/wp\/v2\/comments?post=3563"}],"version-history":[{"count":12,"href":"https:\/\/www.scuola.cl\/sivm\/wp-json\/wp\/v2\/posts\/3563\/revisions"}],"predecessor-version":[{"id":4891,"href":"https:\/\/www.scuola.cl\/sivm\/wp-json\/wp\/v2\/posts\/3563\/revisions\/4891"}],"wp:featuredmedia":[{"embeddable":true,"href":"https:\/\/www.scuola.cl\/sivm\/wp-json\/wp\/v2\/media\/4890"}],"wp:attachment":[{"href":"https:\/\/www.scuola.cl\/sivm\/wp-json\/wp\/v2\/media?parent=3563"}],"wp:term":[{"taxonomy":"category","embeddable":true,"href":"https:\/\/www.scuola.cl\/sivm\/wp-json\/wp\/v2\/categories?post=3563"},{"taxonomy":"post_tag","embeddable":true,"href":"https:\/\/www.scuola.cl\/sivm\/wp-json\/wp\/v2\/tags?post=3563"}],"curies":[{"name":"wp","href":"https:\/\/api.w.org\/{rel}","templated":true}]}}