{"id":34845,"date":"2026-09-03T09:35:12","date_gmt":"2026-09-03T12:35:12","guid":{"rendered":"https:\/\/www.scuola.cl\/sivm\/?p=34845"},"modified":"2026-09-03T09:36:28","modified_gmt":"2026-09-03T12:36:28","slug":"comenzamos-las-celebraciones","status":"publish","type":"post","link":"https:\/\/www.scuola.cl\/sivm\/comenzamos-las-celebraciones\/","title":{"rendered":"\u00a1Comenzamos las celebraciones!"},"content":{"rendered":"\n<p><em>(Por Viviana Acu\u00f1a Ferrari, Directora Scuola dell\u2019Infanzia)<\/em><br \/><br \/>En el marco de nuestro proyecto IV Medio y Scuola dell\u2019Infanzia, recibimos la especial visita de los estudiantes m\u00e1s grandes para dar el puntapi\u00e9 inicial a las Fiestas Patrias.<br \/>Junto al Depto. de Educaci\u00f3n F\u00edsica, prepararon un hermoso pie de cueca y organizaron divertidos juegos tradicionales como la rayuela, el tiro al aro, carreras de sacos, gallinita ciega, p\u00f3ngale la cola al burro, entre otros.<br \/><br \/>Sin duda, vivimos una experiencia inolvidable que conect\u00f3 a peque\u00f1os y grandes en una jornada llena de alegr\u00eda, convivencia y esp\u00edritu criollo.<br \/><br \/>Esta instancia reflej\u00f3 el perfil de nuestros estudiantes, quienes demostraron su liderazgo, empat\u00eda y sentido de pertenencia, fortaleciendo los lazos intergeneracionales que caracterizan a nuestra querida comunidad Scuola.<br \/><br \/>Agradecemos a los alumnos de IV y a sus profesores por regalarnos esta fant\u00e1stica actividad.<\/p>\n<p><a href=\"https:\/\/drive.google.com\/drive\/folders\/107g358vdcQQQZTeGXkozcWKikpuMC7vy?usp=drive_link\" target=\"_blank\" rel=\"noopener\">Ver fotos<\/a><\/p>\n<p><img loading=\"lazy\" decoding=\"async\" width=\"700\" height=\"474\" class=\"alignnone size-large wp-image-34846\" src=\"https:\/\/www.scuola.cl\/sivm\/wp-content\/uploads\/2026\/09\/Diseno-sin-titulo-29-700x474.png\" alt=\"\" srcset=\"https:\/\/www.scuola.cl\/sivm\/wp-content\/uploads\/2026\/09\/Diseno-sin-titulo-29-700x474.png 700w, https:\/\/www.scuola.cl\/sivm\/wp-content\/uploads\/2026\/09\/Diseno-sin-titulo-29-250x169.png 250w, https:\/\/www.scuola.cl\/sivm\/wp-content\/uploads\/2026\/09\/Diseno-sin-titulo-29-768x521.png 768w, https:\/\/www.scuola.cl\/sivm\/wp-content\/uploads\/2026\/09\/Diseno-sin-titulo-29-120x81.png 120w, https:\/\/www.scuola.cl\/sivm\/wp-content\/uploads\/2026\/09\/Diseno-sin-titulo-29.png 900w\" sizes=\"auto, (max-width: 700px) 100vw, 700px\" \/><\/p>\n","protected":false},"excerpt":{"rendered":"Los IV Medios visitaron la Scuola dell\u2019Infanzia para dar el puntapi\u00e9 inicial a las Fiestas Patrias. Junto al Depto. de Educaci\u00f3n F\u00edsica, prepararon un hermoso pie de cueca y organizaron divertidos juegos tradicionales.","protected":false},"author":2,"featured_media":34846,"comment_status":"closed","ping_status":"closed","sticky":false,"template":"","format":"standard","meta":{"_acf_changed":false,"footnotes":""},"categories":[6,5,24],"tags":[],"class_list":["post-34845","post","type-post","status-publish","format-standard","has-post-thumbnail","hentry","category-actividades","category-noticias","category-scuola"],"acf":[],"yoast_head":"<!-- This site is optimized with the Yoast SEO plugin v28.2 - https:\/\/yoast.com\/product\/yoast-seo-wordpress\/ -->\n<title>\u00a1Comenzamos las celebraciones! - Scuola Italiana<\/title>\n<meta name=\"robots\" content=\"index, follow, max-snippet:-1, max-image-preview:large, max-video-preview:-1\" \/>\n<link rel=\"canonical\" href=\"https:\/\/www.scuola.cl\/sivm\/comenzamos-las-celebraciones\/\" \/>\n<meta property=\"og:locale\" content=\"es_ES\" \/>\n<meta property=\"og:type\" content=\"article\" \/>\n<meta property=\"og:title\" content=\"\u00a1Comenzamos las celebraciones! - Scuola Italiana\" \/>\n<meta property=\"og:description\" content=\"Los IV Medios visitaron la Scuola dell\u2019Infanzia para dar el puntapi\u00e9 inicial a las Fiestas Patrias. Junto al Depto. de Educaci\u00f3n F\u00edsica, prepararon un hermoso pie de cueca y organizaron divertidos juegos tradicionales.\" \/>\n<meta property=\"og:url\" content=\"https:\/\/www.scuola.cl\/sivm\/comenzamos-las-celebraciones\/\" \/>\n<meta property=\"og:site_name\" content=\"Scuola Italiana\" \/>\n<meta property=\"article:published_time\" content=\"2026-09-03T12:35:12+00:00\" \/>\n<meta property=\"article:modified_time\" content=\"2026-09-03T12:36:28+00:00\" \/>\n<meta property=\"og:image\" content=\"https:\/\/www.scuola.cl\/sivm\/wp-content\/uploads\/2026\/09\/Diseno-sin-titulo-29.png\" \/>\n\t<meta property=\"og:image:width\" content=\"900\" \/>\n\t<meta property=\"og:image:height\" content=\"610\" \/>\n\t<meta property=\"og:image:type\" content=\"image\/png\" \/>\n<meta name=\"author\" content=\"Comunicaciones\" \/>\n<meta name=\"twitter:card\" content=\"summary_large_image\" \/>\n<meta name=\"twitter:label1\" content=\"Escrito por\" \/>\n\t<meta name=\"twitter:data1\" content=\"Comunicaciones\" \/>\n\t<meta name=\"twitter:label2\" content=\"Tiempo de lectura\" \/>\n\t<meta name=\"twitter:data2\" content=\"2 minutos\" \/>\n<script type=\"application\/ld+json\" class=\"yoast-schema-graph\">{\"@context\":\"https:\\\/\\\/schema.org\",\"@graph\":[{\"@type\":\"Article\",\"@id\":\"https:\\\/\\\/www.scuola.cl\\\/sivm\\\/comenzamos-las-celebraciones\\\/#article\",\"isPartOf\":{\"@id\":\"https:\\\/\\\/www.scuola.cl\\\/sivm\\\/comenzamos-las-celebraciones\\\/\"},\"author\":{\"name\":\"Comunicaciones\",\"@id\":\"https:\\\/\\\/www.scuola.cl\\\/sivm\\\/#\\\/schema\\\/person\\\/2ac68abc1b548ee6d8e16c4d3727d1b2\"},\"headline\":\"\u00a1Comenzamos las celebraciones!\",\"datePublished\":\"2026-09-03T12:35:12+00:00\",\"dateModified\":\"2026-09-03T12:36:28+00:00\",\"mainEntityOfPage\":{\"@id\":\"https:\\\/\\\/www.scuola.cl\\\/sivm\\\/comenzamos-las-celebraciones\\\/\"},\"wordCount\":154,\"publisher\":{\"@id\":\"https:\\\/\\\/www.scuola.cl\\\/sivm\\\/#organization\"},\"image\":{\"@id\":\"https:\\\/\\\/www.scuola.cl\\\/sivm\\\/comenzamos-las-celebraciones\\\/#primaryimage\"},\"thumbnailUrl\":\"https:\\\/\\\/www.scuola.cl\\\/sivm\\\/wp-content\\\/uploads\\\/2026\\\/09\\\/Diseno-sin-titulo-29.png\",\"articleSection\":[\"Actividades\",\"Noticias\",\"Scuola\"],\"inLanguage\":\"es\"},{\"@type\":\"WebPage\",\"@id\":\"https:\\\/\\\/www.scuola.cl\\\/sivm\\\/comenzamos-las-celebraciones\\\/\",\"url\":\"https:\\\/\\\/www.scuola.cl\\\/sivm\\\/comenzamos-las-celebraciones\\\/\",\"name\":\"\u00a1Comenzamos las celebraciones! - Scuola Italiana\",\"isPartOf\":{\"@id\":\"https:\\\/\\\/www.scuola.cl\\\/sivm\\\/#website\"},\"primaryImageOfPage\":{\"@id\":\"https:\\\/\\\/www.scuola.cl\\\/sivm\\\/comenzamos-las-celebraciones\\\/#primaryimage\"},\"image\":{\"@id\":\"https:\\\/\\\/www.scuola.cl\\\/sivm\\\/comenzamos-las-celebraciones\\\/#primaryimage\"},\"thumbnailUrl\":\"https:\\\/\\\/www.scuola.cl\\\/sivm\\\/wp-content\\\/uploads\\\/2026\\\/09\\\/Diseno-sin-titulo-29.png\",\"datePublished\":\"2026-09-03T12:35:12+00:00\",\"dateModified\":\"2026-09-03T12:36:28+00:00\",\"breadcrumb\":{\"@id\":\"https:\\\/\\\/www.scuola.cl\\\/sivm\\\/comenzamos-las-celebraciones\\\/#breadcrumb\"},\"inLanguage\":\"es\",\"potentialAction\":[{\"@type\":\"ReadAction\",\"target\":[\"https:\\\/\\\/www.scuola.cl\\\/sivm\\\/comenzamos-las-celebraciones\\\/\"]}]},{\"@type\":\"ImageObject\",\"inLanguage\":\"es\",\"@id\":\"https:\\\/\\\/www.scuola.cl\\\/sivm\\\/comenzamos-las-celebraciones\\\/#primaryimage\",\"url\":\"https:\\\/\\\/www.scuola.cl\\\/sivm\\\/wp-content\\\/uploads\\\/2026\\\/09\\\/Diseno-sin-titulo-29.png\",\"contentUrl\":\"https:\\\/\\\/www.scuola.cl\\\/sivm\\\/wp-content\\\/uploads\\\/2026\\\/09\\\/Diseno-sin-titulo-29.png\",\"width\":900,\"height\":610},{\"@type\":\"BreadcrumbList\",\"@id\":\"https:\\\/\\\/www.scuola.cl\\\/sivm\\\/comenzamos-las-celebraciones\\\/#breadcrumb\",\"itemListElement\":[{\"@type\":\"ListItem\",\"position\":1,\"name\":\"Inicio\",\"item\":\"https:\\\/\\\/www.scuola.cl\\\/sivm\\\/\"},{\"@type\":\"ListItem\",\"position\":2,\"name\":\"Actividades\",\"item\":\"https:\\\/\\\/www.scuola.cl\\\/sivm\\\/category\\\/actividades\\\/\"},{\"@type\":\"ListItem\",\"position\":3,\"name\":\"\u00a1Comenzamos las celebraciones!\"}]},{\"@type\":\"WebSite\",\"@id\":\"https:\\\/\\\/www.scuola.cl\\\/sivm\\\/#website\",\"url\":\"https:\\\/\\\/www.scuola.cl\\\/sivm\\\/\",\"name\":\"Scuola Italiana\",\"description\":\"Vittorio Montiglio\",\"publisher\":{\"@id\":\"https:\\\/\\\/www.scuola.cl\\\/sivm\\\/#organization\"},\"potentialAction\":[{\"@type\":\"SearchAction\",\"target\":{\"@type\":\"EntryPoint\",\"urlTemplate\":\"https:\\\/\\\/www.scuola.cl\\\/sivm\\\/?s={search_term_string}\"},\"query-input\":{\"@type\":\"PropertyValueSpecification\",\"valueRequired\":true,\"valueName\":\"search_term_string\"}}],\"inLanguage\":\"es\"},{\"@type\":\"Organization\",\"@id\":\"https:\\\/\\\/www.scuola.cl\\\/sivm\\\/#organization\",\"name\":\"Scuola Italiana Vittorio Montiglio\",\"url\":\"https:\\\/\\\/www.scuola.cl\\\/sivm\\\/\",\"logo\":{\"@type\":\"ImageObject\",\"inLanguage\":\"es\",\"@id\":\"https:\\\/\\\/www.scuola.cl\\\/sivm\\\/#\\\/schema\\\/logo\\\/image\\\/\",\"url\":\"https:\\\/\\\/www.scuola.cl\\\/sivm\\\/wp-content\\\/uploads\\\/2019\\\/06\\\/Logo_Scuola-01-001-1000x1000.png\",\"contentUrl\":\"https:\\\/\\\/www.scuola.cl\\\/sivm\\\/wp-content\\\/uploads\\\/2019\\\/06\\\/Logo_Scuola-01-001-1000x1000.png\",\"width\":1000,\"height\":1000,\"caption\":\"Scuola Italiana Vittorio Montiglio\"},\"image\":{\"@id\":\"https:\\\/\\\/www.scuola.cl\\\/sivm\\\/#\\\/schema\\\/logo\\\/image\\\/\"}},{\"@type\":\"Person\",\"@id\":\"https:\\\/\\\/www.scuola.cl\\\/sivm\\\/#\\\/schema\\\/person\\\/2ac68abc1b548ee6d8e16c4d3727d1b2\",\"name\":\"Comunicaciones\",\"image\":{\"@type\":\"ImageObject\",\"inLanguage\":\"es\",\"@id\":\"https:\\\/\\\/secure.gravatar.com\\\/avatar\\\/0b29fd7cdce1ec9939eded19ce85d6ed73acf03fb52d098b0641aed356fe6aeb?s=96&d=mm&r=g\",\"url\":\"https:\\\/\\\/secure.gravatar.com\\\/avatar\\\/0b29fd7cdce1ec9939eded19ce85d6ed73acf03fb52d098b0641aed356fe6aeb?s=96&d=mm&r=g\",\"contentUrl\":\"https:\\\/\\\/secure.gravatar.com\\\/avatar\\\/0b29fd7cdce1ec9939eded19ce85d6ed73acf03fb52d098b0641aed356fe6aeb?s=96&d=mm&r=g\",\"caption\":\"Comunicaciones\"},\"url\":\"https:\\\/\\\/www.scuola.cl\\\/sivm\\\/author\\\/comunicaciones-scuola\\\/\"}]}<\/script>\n<!-- \/ Yoast SEO plugin. -->","yoast_head_json":{"title":"\u00a1Comenzamos las celebraciones! - Scuola Italiana","robots":{"index":"index","follow":"follow","max-snippet":"max-snippet:-1","max-image-preview":"max-image-preview:large","max-video-preview":"max-video-preview:-1"},"canonical":"https:\/\/www.scuola.cl\/sivm\/comenzamos-las-celebraciones\/","og_locale":"es_ES","og_type":"article","og_title":"\u00a1Comenzamos las celebraciones! - Scuola Italiana","og_description":"Los IV Medios visitaron la Scuola dell\u2019Infanzia para dar el puntapi\u00e9 inicial a las Fiestas Patrias. Junto al Depto. de Educaci\u00f3n F\u00edsica, prepararon un hermoso pie de cueca y organizaron divertidos juegos tradicionales.","og_url":"https:\/\/www.scuola.cl\/sivm\/comenzamos-las-celebraciones\/","og_site_name":"Scuola Italiana","article_published_time":"2026-09-03T12:35:12+00:00","article_modified_time":"2026-09-03T12:36:28+00:00","og_image":[{"width":900,"height":610,"url":"https:\/\/www.scuola.cl\/sivm\/wp-content\/uploads\/2026\/09\/Diseno-sin-titulo-29.png","type":"image\/png"}],"author":"Comunicaciones","twitter_card":"summary_large_image","twitter_misc":{"Escrito por":"Comunicaciones","Tiempo de lectura":"2 minutos"},"schema":{"@context":"https:\/\/schema.org","@graph":[{"@type":"Article","@id":"https:\/\/www.scuola.cl\/sivm\/comenzamos-las-celebraciones\/#article","isPartOf":{"@id":"https:\/\/www.scuola.cl\/sivm\/comenzamos-las-celebraciones\/"},"author":{"name":"Comunicaciones","@id":"https:\/\/www.scuola.cl\/sivm\/#\/schema\/person\/2ac68abc1b548ee6d8e16c4d3727d1b2"},"headline":"\u00a1Comenzamos las celebraciones!","datePublished":"2026-09-03T12:35:12+00:00","dateModified":"2026-09-03T12:36:28+00:00","mainEntityOfPage":{"@id":"https:\/\/www.scuola.cl\/sivm\/comenzamos-las-celebraciones\/"},"wordCount":154,"publisher":{"@id":"https:\/\/www.scuola.cl\/sivm\/#organization"},"image":{"@id":"https:\/\/www.scuola.cl\/sivm\/comenzamos-las-celebraciones\/#primaryimage"},"thumbnailUrl":"https:\/\/www.scuola.cl\/sivm\/wp-content\/uploads\/2026\/09\/Diseno-sin-titulo-29.png","articleSection":["Actividades","Noticias","Scuola"],"inLanguage":"es"},{"@type":"WebPage","@id":"https:\/\/www.scuola.cl\/sivm\/comenzamos-las-celebraciones\/","url":"https:\/\/www.scuola.cl\/sivm\/comenzamos-las-celebraciones\/","name":"\u00a1Comenzamos las celebraciones! - Scuola Italiana","isPartOf":{"@id":"https:\/\/www.scuola.cl\/sivm\/#website"},"primaryImageOfPage":{"@id":"https:\/\/www.scuola.cl\/sivm\/comenzamos-las-celebraciones\/#primaryimage"},"image":{"@id":"https:\/\/www.scuola.cl\/sivm\/comenzamos-las-celebraciones\/#primaryimage"},"thumbnailUrl":"https:\/\/www.scuola.cl\/sivm\/wp-content\/uploads\/2026\/09\/Diseno-sin-titulo-29.png","datePublished":"2026-09-03T12:35:12+00:00","dateModified":"2026-09-03T12:36:28+00:00","breadcrumb":{"@id":"https:\/\/www.scuola.cl\/sivm\/comenzamos-las-celebraciones\/#breadcrumb"},"inLanguage":"es","potentialAction":[{"@type":"ReadAction","target":["https:\/\/www.scuola.cl\/sivm\/comenzamos-las-celebraciones\/"]}]},{"@type":"ImageObject","inLanguage":"es","@id":"https:\/\/www.scuola.cl\/sivm\/comenzamos-las-celebraciones\/#primaryimage","url":"https:\/\/www.scuola.cl\/sivm\/wp-content\/uploads\/2026\/09\/Diseno-sin-titulo-29.png","contentUrl":"https:\/\/www.scuola.cl\/sivm\/wp-content\/uploads\/2026\/09\/Diseno-sin-titulo-29.png","width":900,"height":610},{"@type":"BreadcrumbList","@id":"https:\/\/www.scuola.cl\/sivm\/comenzamos-las-celebraciones\/#breadcrumb","itemListElement":[{"@type":"ListItem","position":1,"name":"Inicio","item":"https:\/\/www.scuola.cl\/sivm\/"},{"@type":"ListItem","position":2,"name":"Actividades","item":"https:\/\/www.scuola.cl\/sivm\/category\/actividades\/"},{"@type":"ListItem","position":3,"name":"\u00a1Comenzamos las celebraciones!"}]},{"@type":"WebSite","@id":"https:\/\/www.scuola.cl\/sivm\/#website","url":"https:\/\/www.scuola.cl\/sivm\/","name":"Scuola Italiana","description":"Vittorio Montiglio","publisher":{"@id":"https:\/\/www.scuola.cl\/sivm\/#organization"},"potentialAction":[{"@type":"SearchAction","target":{"@type":"EntryPoint","urlTemplate":"https:\/\/www.scuola.cl\/sivm\/?s={search_term_string}"},"query-input":{"@type":"PropertyValueSpecification","valueRequired":true,"valueName":"search_term_string"}}],"inLanguage":"es"},{"@type":"Organization","@id":"https:\/\/www.scuola.cl\/sivm\/#organization","name":"Scuola Italiana Vittorio Montiglio","url":"https:\/\/www.scuola.cl\/sivm\/","logo":{"@type":"ImageObject","inLanguage":"es","@id":"https:\/\/www.scuola.cl\/sivm\/#\/schema\/logo\/image\/","url":"https:\/\/www.scuola.cl\/sivm\/wp-content\/uploads\/2019\/06\/Logo_Scuola-01-001-1000x1000.png","contentUrl":"https:\/\/www.scuola.cl\/sivm\/wp-content\/uploads\/2019\/06\/Logo_Scuola-01-001-1000x1000.png","width":1000,"height":1000,"caption":"Scuola Italiana Vittorio Montiglio"},"image":{"@id":"https:\/\/www.scuola.cl\/sivm\/#\/schema\/logo\/image\/"}},{"@type":"Person","@id":"https:\/\/www.scuola.cl\/sivm\/#\/schema\/person\/2ac68abc1b548ee6d8e16c4d3727d1b2","name":"Comunicaciones","image":{"@type":"ImageObject","inLanguage":"es","@id":"https:\/\/secure.gravatar.com\/avatar\/0b29fd7cdce1ec9939eded19ce85d6ed73acf03fb52d098b0641aed356fe6aeb?s=96&d=mm&r=g","url":"https:\/\/secure.gravatar.com\/avatar\/0b29fd7cdce1ec9939eded19ce85d6ed73acf03fb52d098b0641aed356fe6aeb?s=96&d=mm&r=g","contentUrl":"https:\/\/secure.gravatar.com\/avatar\/0b29fd7cdce1ec9939eded19ce85d6ed73acf03fb52d098b0641aed356fe6aeb?s=96&d=mm&r=g","caption":"Comunicaciones"},"url":"https:\/\/www.scuola.cl\/sivm\/author\/comunicaciones-scuola\/"}]}},"_links":{"self":[{"href":"https:\/\/www.scuola.cl\/sivm\/wp-json\/wp\/v2\/posts\/34845","targetHints":{"allow":["GET"]}}],"collection":[{"href":"https:\/\/www.scuola.cl\/sivm\/wp-json\/wp\/v2\/posts"}],"about":[{"href":"https:\/\/www.scuola.cl\/sivm\/wp-json\/wp\/v2\/types\/post"}],"author":[{"embeddable":true,"href":"https:\/\/www.scuola.cl\/sivm\/wp-json\/wp\/v2\/users\/2"}],"replies":[{"embeddable":true,"href":"https:\/\/www.scuola.cl\/sivm\/wp-json\/wp\/v2\/comments?post=34845"}],"version-history":[{"count":2,"href":"https:\/\/www.scuola.cl\/sivm\/wp-json\/wp\/v2\/posts\/34845\/revisions"}],"predecessor-version":[{"id":34848,"href":"https:\/\/www.scuola.cl\/sivm\/wp-json\/wp\/v2\/posts\/34845\/revisions\/34848"}],"wp:featuredmedia":[{"embeddable":true,"href":"https:\/\/www.scuola.cl\/sivm\/wp-json\/wp\/v2\/media\/34846"}],"wp:attachment":[{"href":"https:\/\/www.scuola.cl\/sivm\/wp-json\/wp\/v2\/media?parent=34845"}],"wp:term":[{"taxonomy":"category","embeddable":true,"href":"https:\/\/www.scuola.cl\/sivm\/wp-json\/wp\/v2\/categories?post=34845"},{"taxonomy":"post_tag","embeddable":true,"href":"https:\/\/www.scuola.cl\/sivm\/wp-json\/wp\/v2\/tags?post=34845"}],"curies":[{"name":"wp","href":"https:\/\/api.w.org\/{rel}","templated":true}]}}