{"id":34817,"date":"2026-09-02T12:44:43","date_gmt":"2026-09-02T15:44:43","guid":{"rendered":"https:\/\/www.scuola.cl\/sivm\/?p=34817"},"modified":"2026-09-02T14:44:35","modified_gmt":"2026-09-02T17:44:35","slug":"nuestra-solidaridad-llego-al-hospital","status":"publish","type":"post","link":"https:\/\/www.scuola.cl\/sivm\/nuestra-solidaridad-llego-al-hospital\/","title":{"rendered":"Nuestra solidaridad lleg\u00f3 al Hospital"},"content":{"rendered":"\n<p><em>(Por Lorena Zamorano, coordinadora Solidaridad)<\/em><\/p>\n<p class=\"isSelectedEnd\">Junto al CASI, visitamos el \u00e1rea de Pediatr\u00eda del Hospital S\u00f3tero del R\u00edo para hacer entrega de las donaciones reunidas en nuestra Campa\u00f1a de Juguetes y Pa\u00f1ales.<\/p>\n<p class=\"isSelectedEnd\">Como cada a\u00f1o, fuimos recibidos por el Dr. Jos\u00e9 Pablo Arn\u00e9s, ex alumno de la Scuola, y parte del equipo de Pediatr\u00eda y Neonatolog\u00eda, quienes nos acogieron con gran cari\u00f1o y nos permitieron compartir un hermoso momento junto a ellos.<\/p>\n<p class=\"isSelectedEnd\">Los juguetes llevar\u00e1n alegr\u00eda y compa\u00f1\u00eda a los ni\u00f1os\u00a0 hospitalizados y los pa\u00f1ales que ser\u00e1n destinados a los reci\u00e9n nacidos de Neonatolog\u00eda.<\/p>\n<p class=\"isSelectedEnd\">Esta entrega es posible gracias a la generosidad y compromiso de nuestra comunidad. Cada aporte, por peque\u00f1o que parezca, se transforma en un gesto concreto de solidaridad y acompa\u00f1amiento para quienes m\u00e1s lo necesitan.<\/p>\n<p class=\"isSelectedEnd\">Agradecemos de coraz\u00f3n a todas las familias que se sumaron a esta campa\u00f1a y que, una vez m\u00e1s, demostraron que cuando nos unimos, podemos hacer una diferencia.<\/p>\n<p>\u00a1Gracias, Comunidad Scuola!<\/p>\n<p><a href=\"https:\/\/drive.google.com\/drive\/folders\/1YcMJIlrKsP4MElkoL8WbqGIIHxLMOBib?usp=drive_link\">Ver fotos<\/a><\/p>\n<p><img loading=\"lazy\" decoding=\"async\" width=\"700\" height=\"474\" class=\"alignnone size-large wp-image-34826\" src=\"https:\/\/www.scuola.cl\/sivm\/wp-content\/uploads\/2026\/09\/Diseno-sin-titulo-26-700x474.png\" alt=\"\" srcset=\"https:\/\/www.scuola.cl\/sivm\/wp-content\/uploads\/2026\/09\/Diseno-sin-titulo-26-700x474.png 700w, https:\/\/www.scuola.cl\/sivm\/wp-content\/uploads\/2026\/09\/Diseno-sin-titulo-26-250x169.png 250w, https:\/\/www.scuola.cl\/sivm\/wp-content\/uploads\/2026\/09\/Diseno-sin-titulo-26-768x521.png 768w, https:\/\/www.scuola.cl\/sivm\/wp-content\/uploads\/2026\/09\/Diseno-sin-titulo-26-120x81.png 120w, https:\/\/www.scuola.cl\/sivm\/wp-content\/uploads\/2026\/09\/Diseno-sin-titulo-26.png 900w\" sizes=\"auto, (max-width: 700px) 100vw, 700px\" \/><\/p>\n","protected":false},"excerpt":{"rendered":"Junto al CASI, visitamos el \u00e1rea de Pediatr\u00eda del Hospital S\u00f3tero del R\u00edo para hacer entrega de nuestra Campa\u00f1a de juguetes y pa\u00f1ales. Como cada a\u00f1o, fuimos recibidos por el Doctor y ex alumno Jos\u00e9 Pablo Arn\u00e9s.","protected":false},"author":2,"featured_media":34826,"comment_status":"closed","ping_status":"closed","sticky":false,"template":"","format":"standard","meta":{"_acf_changed":false,"footnotes":""},"categories":[6,5,23],"tags":[],"class_list":["post-34817","post","type-post","status-publish","format-standard","has-post-thumbnail","hentry","category-actividades","category-noticias","category-solidaridad"],"acf":[],"yoast_head":"<!-- This site is optimized with the Yoast SEO plugin v28.2 - https:\/\/yoast.com\/product\/yoast-seo-wordpress\/ -->\n<title>Nuestra solidaridad lleg\u00f3 al Hospital - Scuola Italiana<\/title>\n<meta name=\"robots\" content=\"index, follow, max-snippet:-1, max-image-preview:large, max-video-preview:-1\" \/>\n<link rel=\"canonical\" href=\"https:\/\/www.scuola.cl\/sivm\/nuestra-solidaridad-llego-al-hospital\/\" \/>\n<meta property=\"og:locale\" content=\"es_ES\" \/>\n<meta property=\"og:type\" content=\"article\" \/>\n<meta property=\"og:title\" content=\"Nuestra solidaridad lleg\u00f3 al Hospital - Scuola Italiana\" \/>\n<meta property=\"og:description\" content=\"Junto al CASI, visitamos el \u00e1rea de Pediatr\u00eda del Hospital S\u00f3tero del R\u00edo para hacer entrega de nuestra Campa\u00f1a de juguetes y pa\u00f1ales. Como cada a\u00f1o, fuimos recibidos por el Doctor y ex alumno Jos\u00e9 Pablo Arn\u00e9s.\" \/>\n<meta property=\"og:url\" content=\"https:\/\/www.scuola.cl\/sivm\/nuestra-solidaridad-llego-al-hospital\/\" \/>\n<meta property=\"og:site_name\" content=\"Scuola Italiana\" \/>\n<meta property=\"article:published_time\" content=\"2026-09-02T15:44:43+00:00\" \/>\n<meta property=\"article:modified_time\" content=\"2026-09-02T17:44:35+00:00\" \/>\n<meta property=\"og:image\" content=\"https:\/\/www.scuola.cl\/sivm\/wp-content\/uploads\/2026\/09\/Diseno-sin-titulo-26.png\" \/>\n\t<meta property=\"og:image:width\" content=\"900\" \/>\n\t<meta property=\"og:image:height\" content=\"610\" \/>\n\t<meta property=\"og:image:type\" content=\"image\/png\" \/>\n<meta name=\"author\" content=\"Comunicaciones\" \/>\n<meta name=\"twitter:card\" content=\"summary_large_image\" \/>\n<meta name=\"twitter:label1\" content=\"Escrito por\" \/>\n\t<meta name=\"twitter:data1\" content=\"Comunicaciones\" \/>\n\t<meta name=\"twitter:label2\" content=\"Tiempo de lectura\" \/>\n\t<meta name=\"twitter:data2\" content=\"2 minutos\" \/>\n<script type=\"application\/ld+json\" class=\"yoast-schema-graph\">{\"@context\":\"https:\\\/\\\/schema.org\",\"@graph\":[{\"@type\":\"Article\",\"@id\":\"https:\\\/\\\/www.scuola.cl\\\/sivm\\\/nuestra-solidaridad-llego-al-hospital\\\/#article\",\"isPartOf\":{\"@id\":\"https:\\\/\\\/www.scuola.cl\\\/sivm\\\/nuestra-solidaridad-llego-al-hospital\\\/\"},\"author\":{\"name\":\"Comunicaciones\",\"@id\":\"https:\\\/\\\/www.scuola.cl\\\/sivm\\\/#\\\/schema\\\/person\\\/2ac68abc1b548ee6d8e16c4d3727d1b2\"},\"headline\":\"Nuestra solidaridad lleg\u00f3 al Hospital\",\"datePublished\":\"2026-09-02T15:44:43+00:00\",\"dateModified\":\"2026-09-02T17:44:35+00:00\",\"mainEntityOfPage\":{\"@id\":\"https:\\\/\\\/www.scuola.cl\\\/sivm\\\/nuestra-solidaridad-llego-al-hospital\\\/\"},\"wordCount\":189,\"publisher\":{\"@id\":\"https:\\\/\\\/www.scuola.cl\\\/sivm\\\/#organization\"},\"image\":{\"@id\":\"https:\\\/\\\/www.scuola.cl\\\/sivm\\\/nuestra-solidaridad-llego-al-hospital\\\/#primaryimage\"},\"thumbnailUrl\":\"https:\\\/\\\/www.scuola.cl\\\/sivm\\\/wp-content\\\/uploads\\\/2026\\\/09\\\/Diseno-sin-titulo-26.png\",\"articleSection\":[\"Actividades\",\"Noticias\",\"Solidaridad\"],\"inLanguage\":\"es\"},{\"@type\":\"WebPage\",\"@id\":\"https:\\\/\\\/www.scuola.cl\\\/sivm\\\/nuestra-solidaridad-llego-al-hospital\\\/\",\"url\":\"https:\\\/\\\/www.scuola.cl\\\/sivm\\\/nuestra-solidaridad-llego-al-hospital\\\/\",\"name\":\"Nuestra solidaridad lleg\u00f3 al Hospital - Scuola Italiana\",\"isPartOf\":{\"@id\":\"https:\\\/\\\/www.scuola.cl\\\/sivm\\\/#website\"},\"primaryImageOfPage\":{\"@id\":\"https:\\\/\\\/www.scuola.cl\\\/sivm\\\/nuestra-solidaridad-llego-al-hospital\\\/#primaryimage\"},\"image\":{\"@id\":\"https:\\\/\\\/www.scuola.cl\\\/sivm\\\/nuestra-solidaridad-llego-al-hospital\\\/#primaryimage\"},\"thumbnailUrl\":\"https:\\\/\\\/www.scuola.cl\\\/sivm\\\/wp-content\\\/uploads\\\/2026\\\/09\\\/Diseno-sin-titulo-26.png\",\"datePublished\":\"2026-09-02T15:44:43+00:00\",\"dateModified\":\"2026-09-02T17:44:35+00:00\",\"breadcrumb\":{\"@id\":\"https:\\\/\\\/www.scuola.cl\\\/sivm\\\/nuestra-solidaridad-llego-al-hospital\\\/#breadcrumb\"},\"inLanguage\":\"es\",\"potentialAction\":[{\"@type\":\"ReadAction\",\"target\":[\"https:\\\/\\\/www.scuola.cl\\\/sivm\\\/nuestra-solidaridad-llego-al-hospital\\\/\"]}]},{\"@type\":\"ImageObject\",\"inLanguage\":\"es\",\"@id\":\"https:\\\/\\\/www.scuola.cl\\\/sivm\\\/nuestra-solidaridad-llego-al-hospital\\\/#primaryimage\",\"url\":\"https:\\\/\\\/www.scuola.cl\\\/sivm\\\/wp-content\\\/uploads\\\/2026\\\/09\\\/Diseno-sin-titulo-26.png\",\"contentUrl\":\"https:\\\/\\\/www.scuola.cl\\\/sivm\\\/wp-content\\\/uploads\\\/2026\\\/09\\\/Diseno-sin-titulo-26.png\",\"width\":900,\"height\":610},{\"@type\":\"BreadcrumbList\",\"@id\":\"https:\\\/\\\/www.scuola.cl\\\/sivm\\\/nuestra-solidaridad-llego-al-hospital\\\/#breadcrumb\",\"itemListElement\":[{\"@type\":\"ListItem\",\"position\":1,\"name\":\"Inicio\",\"item\":\"https:\\\/\\\/www.scuola.cl\\\/sivm\\\/\"},{\"@type\":\"ListItem\",\"position\":2,\"name\":\"Actividades\",\"item\":\"https:\\\/\\\/www.scuola.cl\\\/sivm\\\/category\\\/actividades\\\/\"},{\"@type\":\"ListItem\",\"position\":3,\"name\":\"Nuestra solidaridad lleg\u00f3 al Hospital\"}]},{\"@type\":\"WebSite\",\"@id\":\"https:\\\/\\\/www.scuola.cl\\\/sivm\\\/#website\",\"url\":\"https:\\\/\\\/www.scuola.cl\\\/sivm\\\/\",\"name\":\"Scuola Italiana\",\"description\":\"Vittorio Montiglio\",\"publisher\":{\"@id\":\"https:\\\/\\\/www.scuola.cl\\\/sivm\\\/#organization\"},\"potentialAction\":[{\"@type\":\"SearchAction\",\"target\":{\"@type\":\"EntryPoint\",\"urlTemplate\":\"https:\\\/\\\/www.scuola.cl\\\/sivm\\\/?s={search_term_string}\"},\"query-input\":{\"@type\":\"PropertyValueSpecification\",\"valueRequired\":true,\"valueName\":\"search_term_string\"}}],\"inLanguage\":\"es\"},{\"@type\":\"Organization\",\"@id\":\"https:\\\/\\\/www.scuola.cl\\\/sivm\\\/#organization\",\"name\":\"Scuola Italiana Vittorio Montiglio\",\"url\":\"https:\\\/\\\/www.scuola.cl\\\/sivm\\\/\",\"logo\":{\"@type\":\"ImageObject\",\"inLanguage\":\"es\",\"@id\":\"https:\\\/\\\/www.scuola.cl\\\/sivm\\\/#\\\/schema\\\/logo\\\/image\\\/\",\"url\":\"https:\\\/\\\/www.scuola.cl\\\/sivm\\\/wp-content\\\/uploads\\\/2019\\\/06\\\/Logo_Scuola-01-001-1000x1000.png\",\"contentUrl\":\"https:\\\/\\\/www.scuola.cl\\\/sivm\\\/wp-content\\\/uploads\\\/2019\\\/06\\\/Logo_Scuola-01-001-1000x1000.png\",\"width\":1000,\"height\":1000,\"caption\":\"Scuola Italiana Vittorio Montiglio\"},\"image\":{\"@id\":\"https:\\\/\\\/www.scuola.cl\\\/sivm\\\/#\\\/schema\\\/logo\\\/image\\\/\"}},{\"@type\":\"Person\",\"@id\":\"https:\\\/\\\/www.scuola.cl\\\/sivm\\\/#\\\/schema\\\/person\\\/2ac68abc1b548ee6d8e16c4d3727d1b2\",\"name\":\"Comunicaciones\",\"image\":{\"@type\":\"ImageObject\",\"inLanguage\":\"es\",\"@id\":\"https:\\\/\\\/secure.gravatar.com\\\/avatar\\\/0b29fd7cdce1ec9939eded19ce85d6ed73acf03fb52d098b0641aed356fe6aeb?s=96&d=mm&r=g\",\"url\":\"https:\\\/\\\/secure.gravatar.com\\\/avatar\\\/0b29fd7cdce1ec9939eded19ce85d6ed73acf03fb52d098b0641aed356fe6aeb?s=96&d=mm&r=g\",\"contentUrl\":\"https:\\\/\\\/secure.gravatar.com\\\/avatar\\\/0b29fd7cdce1ec9939eded19ce85d6ed73acf03fb52d098b0641aed356fe6aeb?s=96&d=mm&r=g\",\"caption\":\"Comunicaciones\"},\"url\":\"https:\\\/\\\/www.scuola.cl\\\/sivm\\\/author\\\/comunicaciones-scuola\\\/\"}]}<\/script>\n<!-- \/ Yoast SEO plugin. -->","yoast_head_json":{"title":"Nuestra solidaridad lleg\u00f3 al Hospital - Scuola Italiana","robots":{"index":"index","follow":"follow","max-snippet":"max-snippet:-1","max-image-preview":"max-image-preview:large","max-video-preview":"max-video-preview:-1"},"canonical":"https:\/\/www.scuola.cl\/sivm\/nuestra-solidaridad-llego-al-hospital\/","og_locale":"es_ES","og_type":"article","og_title":"Nuestra solidaridad lleg\u00f3 al Hospital - Scuola Italiana","og_description":"Junto al CASI, visitamos el \u00e1rea de Pediatr\u00eda del Hospital S\u00f3tero del R\u00edo para hacer entrega de nuestra Campa\u00f1a de juguetes y pa\u00f1ales. Como cada a\u00f1o, fuimos recibidos por el Doctor y ex alumno Jos\u00e9 Pablo Arn\u00e9s.","og_url":"https:\/\/www.scuola.cl\/sivm\/nuestra-solidaridad-llego-al-hospital\/","og_site_name":"Scuola Italiana","article_published_time":"2026-09-02T15:44:43+00:00","article_modified_time":"2026-09-02T17:44:35+00:00","og_image":[{"width":900,"height":610,"url":"https:\/\/www.scuola.cl\/sivm\/wp-content\/uploads\/2026\/09\/Diseno-sin-titulo-26.png","type":"image\/png"}],"author":"Comunicaciones","twitter_card":"summary_large_image","twitter_misc":{"Escrito por":"Comunicaciones","Tiempo de lectura":"2 minutos"},"schema":{"@context":"https:\/\/schema.org","@graph":[{"@type":"Article","@id":"https:\/\/www.scuola.cl\/sivm\/nuestra-solidaridad-llego-al-hospital\/#article","isPartOf":{"@id":"https:\/\/www.scuola.cl\/sivm\/nuestra-solidaridad-llego-al-hospital\/"},"author":{"name":"Comunicaciones","@id":"https:\/\/www.scuola.cl\/sivm\/#\/schema\/person\/2ac68abc1b548ee6d8e16c4d3727d1b2"},"headline":"Nuestra solidaridad lleg\u00f3 al Hospital","datePublished":"2026-09-02T15:44:43+00:00","dateModified":"2026-09-02T17:44:35+00:00","mainEntityOfPage":{"@id":"https:\/\/www.scuola.cl\/sivm\/nuestra-solidaridad-llego-al-hospital\/"},"wordCount":189,"publisher":{"@id":"https:\/\/www.scuola.cl\/sivm\/#organization"},"image":{"@id":"https:\/\/www.scuola.cl\/sivm\/nuestra-solidaridad-llego-al-hospital\/#primaryimage"},"thumbnailUrl":"https:\/\/www.scuola.cl\/sivm\/wp-content\/uploads\/2026\/09\/Diseno-sin-titulo-26.png","articleSection":["Actividades","Noticias","Solidaridad"],"inLanguage":"es"},{"@type":"WebPage","@id":"https:\/\/www.scuola.cl\/sivm\/nuestra-solidaridad-llego-al-hospital\/","url":"https:\/\/www.scuola.cl\/sivm\/nuestra-solidaridad-llego-al-hospital\/","name":"Nuestra solidaridad lleg\u00f3 al Hospital - Scuola Italiana","isPartOf":{"@id":"https:\/\/www.scuola.cl\/sivm\/#website"},"primaryImageOfPage":{"@id":"https:\/\/www.scuola.cl\/sivm\/nuestra-solidaridad-llego-al-hospital\/#primaryimage"},"image":{"@id":"https:\/\/www.scuola.cl\/sivm\/nuestra-solidaridad-llego-al-hospital\/#primaryimage"},"thumbnailUrl":"https:\/\/www.scuola.cl\/sivm\/wp-content\/uploads\/2026\/09\/Diseno-sin-titulo-26.png","datePublished":"2026-09-02T15:44:43+00:00","dateModified":"2026-09-02T17:44:35+00:00","breadcrumb":{"@id":"https:\/\/www.scuola.cl\/sivm\/nuestra-solidaridad-llego-al-hospital\/#breadcrumb"},"inLanguage":"es","potentialAction":[{"@type":"ReadAction","target":["https:\/\/www.scuola.cl\/sivm\/nuestra-solidaridad-llego-al-hospital\/"]}]},{"@type":"ImageObject","inLanguage":"es","@id":"https:\/\/www.scuola.cl\/sivm\/nuestra-solidaridad-llego-al-hospital\/#primaryimage","url":"https:\/\/www.scuola.cl\/sivm\/wp-content\/uploads\/2026\/09\/Diseno-sin-titulo-26.png","contentUrl":"https:\/\/www.scuola.cl\/sivm\/wp-content\/uploads\/2026\/09\/Diseno-sin-titulo-26.png","width":900,"height":610},{"@type":"BreadcrumbList","@id":"https:\/\/www.scuola.cl\/sivm\/nuestra-solidaridad-llego-al-hospital\/#breadcrumb","itemListElement":[{"@type":"ListItem","position":1,"name":"Inicio","item":"https:\/\/www.scuola.cl\/sivm\/"},{"@type":"ListItem","position":2,"name":"Actividades","item":"https:\/\/www.scuola.cl\/sivm\/category\/actividades\/"},{"@type":"ListItem","position":3,"name":"Nuestra solidaridad lleg\u00f3 al Hospital"}]},{"@type":"WebSite","@id":"https:\/\/www.scuola.cl\/sivm\/#website","url":"https:\/\/www.scuola.cl\/sivm\/","name":"Scuola Italiana","description":"Vittorio Montiglio","publisher":{"@id":"https:\/\/www.scuola.cl\/sivm\/#organization"},"potentialAction":[{"@type":"SearchAction","target":{"@type":"EntryPoint","urlTemplate":"https:\/\/www.scuola.cl\/sivm\/?s={search_term_string}"},"query-input":{"@type":"PropertyValueSpecification","valueRequired":true,"valueName":"search_term_string"}}],"inLanguage":"es"},{"@type":"Organization","@id":"https:\/\/www.scuola.cl\/sivm\/#organization","name":"Scuola Italiana Vittorio Montiglio","url":"https:\/\/www.scuola.cl\/sivm\/","logo":{"@type":"ImageObject","inLanguage":"es","@id":"https:\/\/www.scuola.cl\/sivm\/#\/schema\/logo\/image\/","url":"https:\/\/www.scuola.cl\/sivm\/wp-content\/uploads\/2019\/06\/Logo_Scuola-01-001-1000x1000.png","contentUrl":"https:\/\/www.scuola.cl\/sivm\/wp-content\/uploads\/2019\/06\/Logo_Scuola-01-001-1000x1000.png","width":1000,"height":1000,"caption":"Scuola Italiana Vittorio Montiglio"},"image":{"@id":"https:\/\/www.scuola.cl\/sivm\/#\/schema\/logo\/image\/"}},{"@type":"Person","@id":"https:\/\/www.scuola.cl\/sivm\/#\/schema\/person\/2ac68abc1b548ee6d8e16c4d3727d1b2","name":"Comunicaciones","image":{"@type":"ImageObject","inLanguage":"es","@id":"https:\/\/secure.gravatar.com\/avatar\/0b29fd7cdce1ec9939eded19ce85d6ed73acf03fb52d098b0641aed356fe6aeb?s=96&d=mm&r=g","url":"https:\/\/secure.gravatar.com\/avatar\/0b29fd7cdce1ec9939eded19ce85d6ed73acf03fb52d098b0641aed356fe6aeb?s=96&d=mm&r=g","contentUrl":"https:\/\/secure.gravatar.com\/avatar\/0b29fd7cdce1ec9939eded19ce85d6ed73acf03fb52d098b0641aed356fe6aeb?s=96&d=mm&r=g","caption":"Comunicaciones"},"url":"https:\/\/www.scuola.cl\/sivm\/author\/comunicaciones-scuola\/"}]}},"_links":{"self":[{"href":"https:\/\/www.scuola.cl\/sivm\/wp-json\/wp\/v2\/posts\/34817","targetHints":{"allow":["GET"]}}],"collection":[{"href":"https:\/\/www.scuola.cl\/sivm\/wp-json\/wp\/v2\/posts"}],"about":[{"href":"https:\/\/www.scuola.cl\/sivm\/wp-json\/wp\/v2\/types\/post"}],"author":[{"embeddable":true,"href":"https:\/\/www.scuola.cl\/sivm\/wp-json\/wp\/v2\/users\/2"}],"replies":[{"embeddable":true,"href":"https:\/\/www.scuola.cl\/sivm\/wp-json\/wp\/v2\/comments?post=34817"}],"version-history":[{"count":5,"href":"https:\/\/www.scuola.cl\/sivm\/wp-json\/wp\/v2\/posts\/34817\/revisions"}],"predecessor-version":[{"id":34827,"href":"https:\/\/www.scuola.cl\/sivm\/wp-json\/wp\/v2\/posts\/34817\/revisions\/34827"}],"wp:featuredmedia":[{"embeddable":true,"href":"https:\/\/www.scuola.cl\/sivm\/wp-json\/wp\/v2\/media\/34826"}],"wp:attachment":[{"href":"https:\/\/www.scuola.cl\/sivm\/wp-json\/wp\/v2\/media?parent=34817"}],"wp:term":[{"taxonomy":"category","embeddable":true,"href":"https:\/\/www.scuola.cl\/sivm\/wp-json\/wp\/v2\/categories?post=34817"},{"taxonomy":"post_tag","embeddable":true,"href":"https:\/\/www.scuola.cl\/sivm\/wp-json\/wp\/v2\/tags?post=34817"}],"curies":[{"name":"wp","href":"https:\/\/api.w.org\/{rel}","templated":true}]}}