{"id":34788,"date":"2026-08-31T13:49:26","date_gmt":"2026-08-31T16:49:26","guid":{"rendered":"https:\/\/www.scuola.cl\/sivm\/?p=34788"},"modified":"2026-08-31T13:53:06","modified_gmt":"2026-08-31T16:53:06","slug":"charla-sobre-admision","status":"publish","type":"post","link":"https:\/\/www.scuola.cl\/sivm\/charla-sobre-admision\/","title":{"rendered":"Charla sobre Admisi\u00f3n"},"content":{"rendered":"\n\n\n<p><\/p>\n\n\n\n<p>(Por Macarena Zamora, Orientadora Media Superiore)<\/p>\n<p>El martes 25 de agosto se realiz\u00f3 en el Teatro Verdi una interesante charla sobre las distintas alternativas de admisi\u00f3n especial y directa a la educaci\u00f3n superior, en la que participaron las universidades de los Andes, del Desarrollo y Adolfo Ib\u00e1\u00f1ez.<br \/>Durante el encuentro, cada instituci\u00f3n present\u00f3 las diferentes v\u00edas de admisi\u00f3n especial o directa disponibles para nuestros estudiantes, explicando sus requisitos, beneficios y las becas a las que pueden acceder.<br \/>Asimismo, se abord\u00f3 especialmente la v\u00eda de admisi\u00f3n asociada al Diploma Italiano Esame di Maturit\u00e0, que rinden nuestros estudiantes y que, en determinadas universidades, les permite acceder a una v\u00eda de ingreso anticipada, antes de rendir la PAES.<\/p>\n<p>Fue una valiosa instancia de orientaci\u00f3n que permiti\u00f3 a los estudiantes conocer de primera fuente las distintas oportunidades y alternativas que ofrecen estas instituciones para continuar sus estudios superiores.<\/p>\n<p><img loading=\"lazy\" decoding=\"async\" width=\"700\" height=\"474\" class=\"alignnone size-large wp-image-34789\" src=\"https:\/\/www.scuola.cl\/sivm\/wp-content\/uploads\/2026\/08\/Admision-700x474.png\" alt=\"\" srcset=\"https:\/\/www.scuola.cl\/sivm\/wp-content\/uploads\/2026\/08\/Admision-700x474.png 700w, https:\/\/www.scuola.cl\/sivm\/wp-content\/uploads\/2026\/08\/Admision-250x169.png 250w, https:\/\/www.scuola.cl\/sivm\/wp-content\/uploads\/2026\/08\/Admision-768x521.png 768w, https:\/\/www.scuola.cl\/sivm\/wp-content\/uploads\/2026\/08\/Admision-120x81.png 120w, https:\/\/www.scuola.cl\/sivm\/wp-content\/uploads\/2026\/08\/Admision.png 900w\" sizes=\"auto, (max-width: 700px) 100vw, 700px\" \/><\/p>\n<p><img loading=\"lazy\" decoding=\"async\" width=\"700\" height=\"875\" class=\"alignnone size-large wp-image-34790\" src=\"https:\/\/www.scuola.cl\/sivm\/wp-content\/uploads\/2026\/08\/Charla-Admision-2-700x875.png\" alt=\"\" srcset=\"https:\/\/www.scuola.cl\/sivm\/wp-content\/uploads\/2026\/08\/Charla-Admision-2-700x875.png 700w, https:\/\/www.scuola.cl\/sivm\/wp-content\/uploads\/2026\/08\/Charla-Admision-2-250x313.png 250w, https:\/\/www.scuola.cl\/sivm\/wp-content\/uploads\/2026\/08\/Charla-Admision-2-768x960.png 768w, https:\/\/www.scuola.cl\/sivm\/wp-content\/uploads\/2026\/08\/Charla-Admision-2-120x150.png 120w, https:\/\/www.scuola.cl\/sivm\/wp-content\/uploads\/2026\/08\/Charla-Admision-2.png 1080w\" sizes=\"auto, (max-width: 700px) 100vw, 700px\" \/><\/p>\n","protected":false},"excerpt":{"rendered":"El martes 25 de agosto se realiz\u00f3 una  charla sobre las distintas alternativas de admisi\u00f3n especial y directa a la educaci\u00f3n superior, en la que participaron las universidades de los Andes, del Desarrollo y Adolfo Ib\u00e1\u00f1ez.","protected":false},"author":2,"featured_media":34789,"comment_status":"closed","ping_status":"closed","sticky":false,"template":"","format":"standard","meta":{"_acf_changed":false,"footnotes":""},"categories":[6,5,24],"tags":[],"class_list":["post-34788","post","type-post","status-publish","format-standard","has-post-thumbnail","hentry","category-actividades","category-noticias","category-scuola"],"acf":[],"yoast_head":"<!-- This site is optimized with the Yoast SEO plugin v28.2 - https:\/\/yoast.com\/product\/yoast-seo-wordpress\/ -->\n<title>Charla sobre Admisi\u00f3n - Scuola Italiana<\/title>\n<meta name=\"robots\" content=\"index, follow, max-snippet:-1, max-image-preview:large, max-video-preview:-1\" \/>\n<link rel=\"canonical\" href=\"https:\/\/www.scuola.cl\/sivm\/charla-sobre-admision\/\" \/>\n<meta property=\"og:locale\" content=\"es_ES\" \/>\n<meta property=\"og:type\" content=\"article\" \/>\n<meta property=\"og:title\" content=\"Charla sobre Admisi\u00f3n - Scuola Italiana\" \/>\n<meta property=\"og:description\" content=\"El martes 25 de agosto se realiz\u00f3 una charla sobre las distintas alternativas de admisi\u00f3n especial y directa a la educaci\u00f3n superior, en la que participaron las universidades de los Andes, del Desarrollo y Adolfo Ib\u00e1\u00f1ez.\" \/>\n<meta property=\"og:url\" content=\"https:\/\/www.scuola.cl\/sivm\/charla-sobre-admision\/\" \/>\n<meta property=\"og:site_name\" content=\"Scuola Italiana\" \/>\n<meta property=\"article:published_time\" content=\"2026-08-31T16:49:26+00:00\" \/>\n<meta property=\"article:modified_time\" content=\"2026-08-31T16:53:06+00:00\" \/>\n<meta property=\"og:image\" content=\"https:\/\/www.scuola.cl\/sivm\/wp-content\/uploads\/2026\/08\/Admision.png\" \/>\n\t<meta property=\"og:image:width\" content=\"900\" \/>\n\t<meta property=\"og:image:height\" content=\"610\" \/>\n\t<meta property=\"og:image:type\" content=\"image\/png\" \/>\n<meta name=\"author\" content=\"Comunicaciones\" \/>\n<meta name=\"twitter:card\" content=\"summary_large_image\" \/>\n<meta name=\"twitter:label1\" content=\"Escrito por\" \/>\n\t<meta name=\"twitter:data1\" content=\"Comunicaciones\" \/>\n\t<meta name=\"twitter:label2\" content=\"Tiempo de lectura\" \/>\n\t<meta name=\"twitter:data2\" content=\"2 minutos\" \/>\n<script type=\"application\/ld+json\" class=\"yoast-schema-graph\">{\"@context\":\"https:\\\/\\\/schema.org\",\"@graph\":[{\"@type\":\"Article\",\"@id\":\"https:\\\/\\\/www.scuola.cl\\\/sivm\\\/charla-sobre-admision\\\/#article\",\"isPartOf\":{\"@id\":\"https:\\\/\\\/www.scuola.cl\\\/sivm\\\/charla-sobre-admision\\\/\"},\"author\":{\"name\":\"Comunicaciones\",\"@id\":\"https:\\\/\\\/www.scuola.cl\\\/sivm\\\/#\\\/schema\\\/person\\\/2ac68abc1b548ee6d8e16c4d3727d1b2\"},\"headline\":\"Charla sobre Admisi\u00f3n\",\"datePublished\":\"2026-08-31T16:49:26+00:00\",\"dateModified\":\"2026-08-31T16:53:06+00:00\",\"mainEntityOfPage\":{\"@id\":\"https:\\\/\\\/www.scuola.cl\\\/sivm\\\/charla-sobre-admision\\\/\"},\"wordCount\":157,\"publisher\":{\"@id\":\"https:\\\/\\\/www.scuola.cl\\\/sivm\\\/#organization\"},\"image\":{\"@id\":\"https:\\\/\\\/www.scuola.cl\\\/sivm\\\/charla-sobre-admision\\\/#primaryimage\"},\"thumbnailUrl\":\"https:\\\/\\\/www.scuola.cl\\\/sivm\\\/wp-content\\\/uploads\\\/2026\\\/08\\\/Admision.png\",\"articleSection\":[\"Actividades\",\"Noticias\",\"Scuola\"],\"inLanguage\":\"es\"},{\"@type\":\"WebPage\",\"@id\":\"https:\\\/\\\/www.scuola.cl\\\/sivm\\\/charla-sobre-admision\\\/\",\"url\":\"https:\\\/\\\/www.scuola.cl\\\/sivm\\\/charla-sobre-admision\\\/\",\"name\":\"Charla sobre Admisi\u00f3n - Scuola Italiana\",\"isPartOf\":{\"@id\":\"https:\\\/\\\/www.scuola.cl\\\/sivm\\\/#website\"},\"primaryImageOfPage\":{\"@id\":\"https:\\\/\\\/www.scuola.cl\\\/sivm\\\/charla-sobre-admision\\\/#primaryimage\"},\"image\":{\"@id\":\"https:\\\/\\\/www.scuola.cl\\\/sivm\\\/charla-sobre-admision\\\/#primaryimage\"},\"thumbnailUrl\":\"https:\\\/\\\/www.scuola.cl\\\/sivm\\\/wp-content\\\/uploads\\\/2026\\\/08\\\/Admision.png\",\"datePublished\":\"2026-08-31T16:49:26+00:00\",\"dateModified\":\"2026-08-31T16:53:06+00:00\",\"breadcrumb\":{\"@id\":\"https:\\\/\\\/www.scuola.cl\\\/sivm\\\/charla-sobre-admision\\\/#breadcrumb\"},\"inLanguage\":\"es\",\"potentialAction\":[{\"@type\":\"ReadAction\",\"target\":[\"https:\\\/\\\/www.scuola.cl\\\/sivm\\\/charla-sobre-admision\\\/\"]}]},{\"@type\":\"ImageObject\",\"inLanguage\":\"es\",\"@id\":\"https:\\\/\\\/www.scuola.cl\\\/sivm\\\/charla-sobre-admision\\\/#primaryimage\",\"url\":\"https:\\\/\\\/www.scuola.cl\\\/sivm\\\/wp-content\\\/uploads\\\/2026\\\/08\\\/Admision.png\",\"contentUrl\":\"https:\\\/\\\/www.scuola.cl\\\/sivm\\\/wp-content\\\/uploads\\\/2026\\\/08\\\/Admision.png\",\"width\":900,\"height\":610},{\"@type\":\"BreadcrumbList\",\"@id\":\"https:\\\/\\\/www.scuola.cl\\\/sivm\\\/charla-sobre-admision\\\/#breadcrumb\",\"itemListElement\":[{\"@type\":\"ListItem\",\"position\":1,\"name\":\"Inicio\",\"item\":\"https:\\\/\\\/www.scuola.cl\\\/sivm\\\/\"},{\"@type\":\"ListItem\",\"position\":2,\"name\":\"Actividades\",\"item\":\"https:\\\/\\\/www.scuola.cl\\\/sivm\\\/category\\\/actividades\\\/\"},{\"@type\":\"ListItem\",\"position\":3,\"name\":\"Charla sobre Admisi\u00f3n\"}]},{\"@type\":\"WebSite\",\"@id\":\"https:\\\/\\\/www.scuola.cl\\\/sivm\\\/#website\",\"url\":\"https:\\\/\\\/www.scuola.cl\\\/sivm\\\/\",\"name\":\"Scuola Italiana\",\"description\":\"Vittorio Montiglio\",\"publisher\":{\"@id\":\"https:\\\/\\\/www.scuola.cl\\\/sivm\\\/#organization\"},\"potentialAction\":[{\"@type\":\"SearchAction\",\"target\":{\"@type\":\"EntryPoint\",\"urlTemplate\":\"https:\\\/\\\/www.scuola.cl\\\/sivm\\\/?s={search_term_string}\"},\"query-input\":{\"@type\":\"PropertyValueSpecification\",\"valueRequired\":true,\"valueName\":\"search_term_string\"}}],\"inLanguage\":\"es\"},{\"@type\":\"Organization\",\"@id\":\"https:\\\/\\\/www.scuola.cl\\\/sivm\\\/#organization\",\"name\":\"Scuola Italiana Vittorio Montiglio\",\"url\":\"https:\\\/\\\/www.scuola.cl\\\/sivm\\\/\",\"logo\":{\"@type\":\"ImageObject\",\"inLanguage\":\"es\",\"@id\":\"https:\\\/\\\/www.scuola.cl\\\/sivm\\\/#\\\/schema\\\/logo\\\/image\\\/\",\"url\":\"https:\\\/\\\/www.scuola.cl\\\/sivm\\\/wp-content\\\/uploads\\\/2019\\\/06\\\/Logo_Scuola-01-001-1000x1000.png\",\"contentUrl\":\"https:\\\/\\\/www.scuola.cl\\\/sivm\\\/wp-content\\\/uploads\\\/2019\\\/06\\\/Logo_Scuola-01-001-1000x1000.png\",\"width\":1000,\"height\":1000,\"caption\":\"Scuola Italiana Vittorio Montiglio\"},\"image\":{\"@id\":\"https:\\\/\\\/www.scuola.cl\\\/sivm\\\/#\\\/schema\\\/logo\\\/image\\\/\"}},{\"@type\":\"Person\",\"@id\":\"https:\\\/\\\/www.scuola.cl\\\/sivm\\\/#\\\/schema\\\/person\\\/2ac68abc1b548ee6d8e16c4d3727d1b2\",\"name\":\"Comunicaciones\",\"image\":{\"@type\":\"ImageObject\",\"inLanguage\":\"es\",\"@id\":\"https:\\\/\\\/secure.gravatar.com\\\/avatar\\\/0b29fd7cdce1ec9939eded19ce85d6ed73acf03fb52d098b0641aed356fe6aeb?s=96&d=mm&r=g\",\"url\":\"https:\\\/\\\/secure.gravatar.com\\\/avatar\\\/0b29fd7cdce1ec9939eded19ce85d6ed73acf03fb52d098b0641aed356fe6aeb?s=96&d=mm&r=g\",\"contentUrl\":\"https:\\\/\\\/secure.gravatar.com\\\/avatar\\\/0b29fd7cdce1ec9939eded19ce85d6ed73acf03fb52d098b0641aed356fe6aeb?s=96&d=mm&r=g\",\"caption\":\"Comunicaciones\"},\"url\":\"https:\\\/\\\/www.scuola.cl\\\/sivm\\\/author\\\/comunicaciones-scuola\\\/\"}]}<\/script>\n<!-- \/ Yoast SEO plugin. -->","yoast_head_json":{"title":"Charla sobre Admisi\u00f3n - Scuola Italiana","robots":{"index":"index","follow":"follow","max-snippet":"max-snippet:-1","max-image-preview":"max-image-preview:large","max-video-preview":"max-video-preview:-1"},"canonical":"https:\/\/www.scuola.cl\/sivm\/charla-sobre-admision\/","og_locale":"es_ES","og_type":"article","og_title":"Charla sobre Admisi\u00f3n - Scuola Italiana","og_description":"El martes 25 de agosto se realiz\u00f3 una charla sobre las distintas alternativas de admisi\u00f3n especial y directa a la educaci\u00f3n superior, en la que participaron las universidades de los Andes, del Desarrollo y Adolfo Ib\u00e1\u00f1ez.","og_url":"https:\/\/www.scuola.cl\/sivm\/charla-sobre-admision\/","og_site_name":"Scuola Italiana","article_published_time":"2026-08-31T16:49:26+00:00","article_modified_time":"2026-08-31T16:53:06+00:00","og_image":[{"width":900,"height":610,"url":"https:\/\/www.scuola.cl\/sivm\/wp-content\/uploads\/2026\/08\/Admision.png","type":"image\/png"}],"author":"Comunicaciones","twitter_card":"summary_large_image","twitter_misc":{"Escrito por":"Comunicaciones","Tiempo de lectura":"2 minutos"},"schema":{"@context":"https:\/\/schema.org","@graph":[{"@type":"Article","@id":"https:\/\/www.scuola.cl\/sivm\/charla-sobre-admision\/#article","isPartOf":{"@id":"https:\/\/www.scuola.cl\/sivm\/charla-sobre-admision\/"},"author":{"name":"Comunicaciones","@id":"https:\/\/www.scuola.cl\/sivm\/#\/schema\/person\/2ac68abc1b548ee6d8e16c4d3727d1b2"},"headline":"Charla sobre Admisi\u00f3n","datePublished":"2026-08-31T16:49:26+00:00","dateModified":"2026-08-31T16:53:06+00:00","mainEntityOfPage":{"@id":"https:\/\/www.scuola.cl\/sivm\/charla-sobre-admision\/"},"wordCount":157,"publisher":{"@id":"https:\/\/www.scuola.cl\/sivm\/#organization"},"image":{"@id":"https:\/\/www.scuola.cl\/sivm\/charla-sobre-admision\/#primaryimage"},"thumbnailUrl":"https:\/\/www.scuola.cl\/sivm\/wp-content\/uploads\/2026\/08\/Admision.png","articleSection":["Actividades","Noticias","Scuola"],"inLanguage":"es"},{"@type":"WebPage","@id":"https:\/\/www.scuola.cl\/sivm\/charla-sobre-admision\/","url":"https:\/\/www.scuola.cl\/sivm\/charla-sobre-admision\/","name":"Charla sobre Admisi\u00f3n - Scuola Italiana","isPartOf":{"@id":"https:\/\/www.scuola.cl\/sivm\/#website"},"primaryImageOfPage":{"@id":"https:\/\/www.scuola.cl\/sivm\/charla-sobre-admision\/#primaryimage"},"image":{"@id":"https:\/\/www.scuola.cl\/sivm\/charla-sobre-admision\/#primaryimage"},"thumbnailUrl":"https:\/\/www.scuola.cl\/sivm\/wp-content\/uploads\/2026\/08\/Admision.png","datePublished":"2026-08-31T16:49:26+00:00","dateModified":"2026-08-31T16:53:06+00:00","breadcrumb":{"@id":"https:\/\/www.scuola.cl\/sivm\/charla-sobre-admision\/#breadcrumb"},"inLanguage":"es","potentialAction":[{"@type":"ReadAction","target":["https:\/\/www.scuola.cl\/sivm\/charla-sobre-admision\/"]}]},{"@type":"ImageObject","inLanguage":"es","@id":"https:\/\/www.scuola.cl\/sivm\/charla-sobre-admision\/#primaryimage","url":"https:\/\/www.scuola.cl\/sivm\/wp-content\/uploads\/2026\/08\/Admision.png","contentUrl":"https:\/\/www.scuola.cl\/sivm\/wp-content\/uploads\/2026\/08\/Admision.png","width":900,"height":610},{"@type":"BreadcrumbList","@id":"https:\/\/www.scuola.cl\/sivm\/charla-sobre-admision\/#breadcrumb","itemListElement":[{"@type":"ListItem","position":1,"name":"Inicio","item":"https:\/\/www.scuola.cl\/sivm\/"},{"@type":"ListItem","position":2,"name":"Actividades","item":"https:\/\/www.scuola.cl\/sivm\/category\/actividades\/"},{"@type":"ListItem","position":3,"name":"Charla sobre Admisi\u00f3n"}]},{"@type":"WebSite","@id":"https:\/\/www.scuola.cl\/sivm\/#website","url":"https:\/\/www.scuola.cl\/sivm\/","name":"Scuola Italiana","description":"Vittorio Montiglio","publisher":{"@id":"https:\/\/www.scuola.cl\/sivm\/#organization"},"potentialAction":[{"@type":"SearchAction","target":{"@type":"EntryPoint","urlTemplate":"https:\/\/www.scuola.cl\/sivm\/?s={search_term_string}"},"query-input":{"@type":"PropertyValueSpecification","valueRequired":true,"valueName":"search_term_string"}}],"inLanguage":"es"},{"@type":"Organization","@id":"https:\/\/www.scuola.cl\/sivm\/#organization","name":"Scuola Italiana Vittorio Montiglio","url":"https:\/\/www.scuola.cl\/sivm\/","logo":{"@type":"ImageObject","inLanguage":"es","@id":"https:\/\/www.scuola.cl\/sivm\/#\/schema\/logo\/image\/","url":"https:\/\/www.scuola.cl\/sivm\/wp-content\/uploads\/2019\/06\/Logo_Scuola-01-001-1000x1000.png","contentUrl":"https:\/\/www.scuola.cl\/sivm\/wp-content\/uploads\/2019\/06\/Logo_Scuola-01-001-1000x1000.png","width":1000,"height":1000,"caption":"Scuola Italiana Vittorio Montiglio"},"image":{"@id":"https:\/\/www.scuola.cl\/sivm\/#\/schema\/logo\/image\/"}},{"@type":"Person","@id":"https:\/\/www.scuola.cl\/sivm\/#\/schema\/person\/2ac68abc1b548ee6d8e16c4d3727d1b2","name":"Comunicaciones","image":{"@type":"ImageObject","inLanguage":"es","@id":"https:\/\/secure.gravatar.com\/avatar\/0b29fd7cdce1ec9939eded19ce85d6ed73acf03fb52d098b0641aed356fe6aeb?s=96&d=mm&r=g","url":"https:\/\/secure.gravatar.com\/avatar\/0b29fd7cdce1ec9939eded19ce85d6ed73acf03fb52d098b0641aed356fe6aeb?s=96&d=mm&r=g","contentUrl":"https:\/\/secure.gravatar.com\/avatar\/0b29fd7cdce1ec9939eded19ce85d6ed73acf03fb52d098b0641aed356fe6aeb?s=96&d=mm&r=g","caption":"Comunicaciones"},"url":"https:\/\/www.scuola.cl\/sivm\/author\/comunicaciones-scuola\/"}]}},"_links":{"self":[{"href":"https:\/\/www.scuola.cl\/sivm\/wp-json\/wp\/v2\/posts\/34788","targetHints":{"allow":["GET"]}}],"collection":[{"href":"https:\/\/www.scuola.cl\/sivm\/wp-json\/wp\/v2\/posts"}],"about":[{"href":"https:\/\/www.scuola.cl\/sivm\/wp-json\/wp\/v2\/types\/post"}],"author":[{"embeddable":true,"href":"https:\/\/www.scuola.cl\/sivm\/wp-json\/wp\/v2\/users\/2"}],"replies":[{"embeddable":true,"href":"https:\/\/www.scuola.cl\/sivm\/wp-json\/wp\/v2\/comments?post=34788"}],"version-history":[{"count":3,"href":"https:\/\/www.scuola.cl\/sivm\/wp-json\/wp\/v2\/posts\/34788\/revisions"}],"predecessor-version":[{"id":34793,"href":"https:\/\/www.scuola.cl\/sivm\/wp-json\/wp\/v2\/posts\/34788\/revisions\/34793"}],"wp:featuredmedia":[{"embeddable":true,"href":"https:\/\/www.scuola.cl\/sivm\/wp-json\/wp\/v2\/media\/34789"}],"wp:attachment":[{"href":"https:\/\/www.scuola.cl\/sivm\/wp-json\/wp\/v2\/media?parent=34788"}],"wp:term":[{"taxonomy":"category","embeddable":true,"href":"https:\/\/www.scuola.cl\/sivm\/wp-json\/wp\/v2\/categories?post=34788"},{"taxonomy":"post_tag","embeddable":true,"href":"https:\/\/www.scuola.cl\/sivm\/wp-json\/wp\/v2\/tags?post=34788"}],"curies":[{"name":"wp","href":"https:\/\/api.w.org\/{rel}","templated":true}]}}