{"id":34777,"date":"2026-08-31T08:52:46","date_gmt":"2026-08-31T11:52:46","guid":{"rendered":"https:\/\/www.scuola.cl\/sivm\/?p=34777"},"modified":"2026-08-31T08:57:30","modified_gmt":"2026-08-31T11:57:30","slug":"toki-rapa-nui","status":"publish","type":"post","link":"https:\/\/www.scuola.cl\/sivm\/toki-rapa-nui\/","title":{"rendered":"Toki Rapa Nui en la Scuola"},"content":{"rendered":"\n<p>El viernes 28 de agosto en el Teatro Verdi, vivimos una noche m\u00e1gica y emocionante con la presentaci\u00f3n de la Orquesta Toki Rapa Nui, dirigida por la destacada pianista Mahani Teave.<br \/><br \/>El espect\u00e1culo \u00abTe Mana\u00bb, nos invit\u00f3 a detenernos, sentir y reconectar con aquello que nos une como seres humanos y con nuestra tierra.\u00a0<br \/><br \/>En el marco de su gira por Chile, nuestro Teatro Verdi tuvo el privilegio de ser escenario de la \u00faltima presentaci\u00f3n de una exitosa gira por Chile, en una noche que reuni\u00f3 el talento de ni\u00f1os, j\u00f3venes y profesores que forman parte de esta importante agrupaci\u00f3n de Rapa Nui.<br \/><br \/>Para nuestra comunidad fue un verdadero privilegio recibirlos y acompa\u00f1arlos en el cierre de este hermoso recorrido por Chile.<br \/><br \/>Gracias Toki Rapa Nui\u00a0por regalarnos una noche tan especial y por recordarnos que el verdadero \u00abTe Mana\u00bb tambi\u00e9n vive en cada uno de nosotros.\u00a0<\/p>\n<p><a href=\"https:\/\/drive.google.com\/drive\/folders\/1W8eA60VWaB38p0xMb2Q8AcpWnqpD1VpH?usp=drive_link\" target=\"_blank\" rel=\"noopener\">Ver fotos<\/a><\/p>\n<p><img loading=\"lazy\" decoding=\"async\" width=\"700\" height=\"474\" class=\"alignnone size-large wp-image-34778\" src=\"https:\/\/www.scuola.cl\/sivm\/wp-content\/uploads\/2026\/08\/Diseno-sin-titulo-16-700x474.png\" alt=\"\" srcset=\"https:\/\/www.scuola.cl\/sivm\/wp-content\/uploads\/2026\/08\/Diseno-sin-titulo-16-700x474.png 700w, https:\/\/www.scuola.cl\/sivm\/wp-content\/uploads\/2026\/08\/Diseno-sin-titulo-16-250x169.png 250w, https:\/\/www.scuola.cl\/sivm\/wp-content\/uploads\/2026\/08\/Diseno-sin-titulo-16-768x521.png 768w, https:\/\/www.scuola.cl\/sivm\/wp-content\/uploads\/2026\/08\/Diseno-sin-titulo-16-120x81.png 120w, https:\/\/www.scuola.cl\/sivm\/wp-content\/uploads\/2026\/08\/Diseno-sin-titulo-16.png 900w\" sizes=\"auto, (max-width: 700px) 100vw, 700px\" \/><\/p>\n\n\n","protected":false},"excerpt":{"rendered":"El viernes 28 de agosto en el Teatro Verdi, vivimos una noche m\u00e1gica y emocionante con la presentaci\u00f3n de la Orquesta Toki Rapa Nui y el espect\u00e1culo \u00abTe Mana\u00bb, dirigida por la destacada pianista Mahani Teave. ","protected":false},"author":2,"featured_media":34778,"comment_status":"closed","ping_status":"closed","sticky":false,"template":"","format":"standard","meta":{"_acf_changed":false,"footnotes":""},"categories":[6,18,22,5],"tags":[],"class_list":["post-34777","post","type-post","status-publish","format-standard","has-post-thumbnail","hentry","category-actividades","category-centrocultural","category-cultura","category-noticias"],"acf":[],"yoast_head":"<!-- This site is optimized with the Yoast SEO plugin v28.2 - https:\/\/yoast.com\/product\/yoast-seo-wordpress\/ -->\n<title>Toki Rapa Nui en la Scuola - Scuola Italiana<\/title>\n<meta name=\"robots\" content=\"index, follow, max-snippet:-1, max-image-preview:large, max-video-preview:-1\" \/>\n<link rel=\"canonical\" href=\"https:\/\/www.scuola.cl\/sivm\/toki-rapa-nui\/\" \/>\n<meta property=\"og:locale\" content=\"es_ES\" \/>\n<meta property=\"og:type\" content=\"article\" \/>\n<meta property=\"og:title\" content=\"Toki Rapa Nui en la Scuola - Scuola Italiana\" \/>\n<meta property=\"og:description\" content=\"El viernes 28 de agosto en el Teatro Verdi, vivimos una noche m\u00e1gica y emocionante con la presentaci\u00f3n de la Orquesta Toki Rapa Nui y el espect\u00e1culo &quot;Te Mana&quot;, dirigida por la destacada pianista Mahani Teave.\" \/>\n<meta property=\"og:url\" content=\"https:\/\/www.scuola.cl\/sivm\/toki-rapa-nui\/\" \/>\n<meta property=\"og:site_name\" content=\"Scuola Italiana\" \/>\n<meta property=\"article:published_time\" content=\"2026-08-31T11:52:46+00:00\" \/>\n<meta property=\"article:modified_time\" content=\"2026-08-31T11:57:30+00:00\" \/>\n<meta property=\"og:image\" content=\"https:\/\/www.scuola.cl\/sivm\/wp-content\/uploads\/2026\/08\/Diseno-sin-titulo-16.png\" \/>\n\t<meta property=\"og:image:width\" content=\"900\" \/>\n\t<meta property=\"og:image:height\" content=\"610\" \/>\n\t<meta property=\"og:image:type\" content=\"image\/png\" \/>\n<meta name=\"author\" content=\"Comunicaciones\" \/>\n<meta name=\"twitter:card\" content=\"summary_large_image\" \/>\n<meta name=\"twitter:label1\" content=\"Escrito por\" \/>\n\t<meta name=\"twitter:data1\" content=\"Comunicaciones\" \/>\n\t<meta name=\"twitter:label2\" content=\"Tiempo de lectura\" \/>\n\t<meta name=\"twitter:data2\" content=\"2 minutos\" \/>\n<script type=\"application\/ld+json\" class=\"yoast-schema-graph\">{\"@context\":\"https:\\\/\\\/schema.org\",\"@graph\":[{\"@type\":\"Article\",\"@id\":\"https:\\\/\\\/www.scuola.cl\\\/sivm\\\/toki-rapa-nui\\\/#article\",\"isPartOf\":{\"@id\":\"https:\\\/\\\/www.scuola.cl\\\/sivm\\\/toki-rapa-nui\\\/\"},\"author\":{\"name\":\"Comunicaciones\",\"@id\":\"https:\\\/\\\/www.scuola.cl\\\/sivm\\\/#\\\/schema\\\/person\\\/2ac68abc1b548ee6d8e16c4d3727d1b2\"},\"headline\":\"Toki Rapa Nui en la Scuola\",\"datePublished\":\"2026-08-31T11:52:46+00:00\",\"dateModified\":\"2026-08-31T11:57:30+00:00\",\"mainEntityOfPage\":{\"@id\":\"https:\\\/\\\/www.scuola.cl\\\/sivm\\\/toki-rapa-nui\\\/\"},\"wordCount\":163,\"publisher\":{\"@id\":\"https:\\\/\\\/www.scuola.cl\\\/sivm\\\/#organization\"},\"image\":{\"@id\":\"https:\\\/\\\/www.scuola.cl\\\/sivm\\\/toki-rapa-nui\\\/#primaryimage\"},\"thumbnailUrl\":\"https:\\\/\\\/www.scuola.cl\\\/sivm\\\/wp-content\\\/uploads\\\/2026\\\/08\\\/Diseno-sin-titulo-16.png\",\"articleSection\":[\"Actividades\",\"Centro Cultural\",\"Cultura\",\"Noticias\"],\"inLanguage\":\"es\"},{\"@type\":\"WebPage\",\"@id\":\"https:\\\/\\\/www.scuola.cl\\\/sivm\\\/toki-rapa-nui\\\/\",\"url\":\"https:\\\/\\\/www.scuola.cl\\\/sivm\\\/toki-rapa-nui\\\/\",\"name\":\"Toki Rapa Nui en la Scuola - Scuola Italiana\",\"isPartOf\":{\"@id\":\"https:\\\/\\\/www.scuola.cl\\\/sivm\\\/#website\"},\"primaryImageOfPage\":{\"@id\":\"https:\\\/\\\/www.scuola.cl\\\/sivm\\\/toki-rapa-nui\\\/#primaryimage\"},\"image\":{\"@id\":\"https:\\\/\\\/www.scuola.cl\\\/sivm\\\/toki-rapa-nui\\\/#primaryimage\"},\"thumbnailUrl\":\"https:\\\/\\\/www.scuola.cl\\\/sivm\\\/wp-content\\\/uploads\\\/2026\\\/08\\\/Diseno-sin-titulo-16.png\",\"datePublished\":\"2026-08-31T11:52:46+00:00\",\"dateModified\":\"2026-08-31T11:57:30+00:00\",\"breadcrumb\":{\"@id\":\"https:\\\/\\\/www.scuola.cl\\\/sivm\\\/toki-rapa-nui\\\/#breadcrumb\"},\"inLanguage\":\"es\",\"potentialAction\":[{\"@type\":\"ReadAction\",\"target\":[\"https:\\\/\\\/www.scuola.cl\\\/sivm\\\/toki-rapa-nui\\\/\"]}]},{\"@type\":\"ImageObject\",\"inLanguage\":\"es\",\"@id\":\"https:\\\/\\\/www.scuola.cl\\\/sivm\\\/toki-rapa-nui\\\/#primaryimage\",\"url\":\"https:\\\/\\\/www.scuola.cl\\\/sivm\\\/wp-content\\\/uploads\\\/2026\\\/08\\\/Diseno-sin-titulo-16.png\",\"contentUrl\":\"https:\\\/\\\/www.scuola.cl\\\/sivm\\\/wp-content\\\/uploads\\\/2026\\\/08\\\/Diseno-sin-titulo-16.png\",\"width\":900,\"height\":610},{\"@type\":\"BreadcrumbList\",\"@id\":\"https:\\\/\\\/www.scuola.cl\\\/sivm\\\/toki-rapa-nui\\\/#breadcrumb\",\"itemListElement\":[{\"@type\":\"ListItem\",\"position\":1,\"name\":\"Inicio\",\"item\":\"https:\\\/\\\/www.scuola.cl\\\/sivm\\\/\"},{\"@type\":\"ListItem\",\"position\":2,\"name\":\"Actividades\",\"item\":\"https:\\\/\\\/www.scuola.cl\\\/sivm\\\/category\\\/actividades\\\/\"},{\"@type\":\"ListItem\",\"position\":3,\"name\":\"Toki Rapa Nui en la Scuola\"}]},{\"@type\":\"WebSite\",\"@id\":\"https:\\\/\\\/www.scuola.cl\\\/sivm\\\/#website\",\"url\":\"https:\\\/\\\/www.scuola.cl\\\/sivm\\\/\",\"name\":\"Scuola Italiana\",\"description\":\"Vittorio Montiglio\",\"publisher\":{\"@id\":\"https:\\\/\\\/www.scuola.cl\\\/sivm\\\/#organization\"},\"potentialAction\":[{\"@type\":\"SearchAction\",\"target\":{\"@type\":\"EntryPoint\",\"urlTemplate\":\"https:\\\/\\\/www.scuola.cl\\\/sivm\\\/?s={search_term_string}\"},\"query-input\":{\"@type\":\"PropertyValueSpecification\",\"valueRequired\":true,\"valueName\":\"search_term_string\"}}],\"inLanguage\":\"es\"},{\"@type\":\"Organization\",\"@id\":\"https:\\\/\\\/www.scuola.cl\\\/sivm\\\/#organization\",\"name\":\"Scuola Italiana Vittorio Montiglio\",\"url\":\"https:\\\/\\\/www.scuola.cl\\\/sivm\\\/\",\"logo\":{\"@type\":\"ImageObject\",\"inLanguage\":\"es\",\"@id\":\"https:\\\/\\\/www.scuola.cl\\\/sivm\\\/#\\\/schema\\\/logo\\\/image\\\/\",\"url\":\"https:\\\/\\\/www.scuola.cl\\\/sivm\\\/wp-content\\\/uploads\\\/2019\\\/06\\\/Logo_Scuola-01-001-1000x1000.png\",\"contentUrl\":\"https:\\\/\\\/www.scuola.cl\\\/sivm\\\/wp-content\\\/uploads\\\/2019\\\/06\\\/Logo_Scuola-01-001-1000x1000.png\",\"width\":1000,\"height\":1000,\"caption\":\"Scuola Italiana Vittorio Montiglio\"},\"image\":{\"@id\":\"https:\\\/\\\/www.scuola.cl\\\/sivm\\\/#\\\/schema\\\/logo\\\/image\\\/\"}},{\"@type\":\"Person\",\"@id\":\"https:\\\/\\\/www.scuola.cl\\\/sivm\\\/#\\\/schema\\\/person\\\/2ac68abc1b548ee6d8e16c4d3727d1b2\",\"name\":\"Comunicaciones\",\"image\":{\"@type\":\"ImageObject\",\"inLanguage\":\"es\",\"@id\":\"https:\\\/\\\/secure.gravatar.com\\\/avatar\\\/0b29fd7cdce1ec9939eded19ce85d6ed73acf03fb52d098b0641aed356fe6aeb?s=96&d=mm&r=g\",\"url\":\"https:\\\/\\\/secure.gravatar.com\\\/avatar\\\/0b29fd7cdce1ec9939eded19ce85d6ed73acf03fb52d098b0641aed356fe6aeb?s=96&d=mm&r=g\",\"contentUrl\":\"https:\\\/\\\/secure.gravatar.com\\\/avatar\\\/0b29fd7cdce1ec9939eded19ce85d6ed73acf03fb52d098b0641aed356fe6aeb?s=96&d=mm&r=g\",\"caption\":\"Comunicaciones\"},\"url\":\"https:\\\/\\\/www.scuola.cl\\\/sivm\\\/author\\\/comunicaciones-scuola\\\/\"}]}<\/script>\n<!-- \/ Yoast SEO plugin. -->","yoast_head_json":{"title":"Toki Rapa Nui en la Scuola - Scuola Italiana","robots":{"index":"index","follow":"follow","max-snippet":"max-snippet:-1","max-image-preview":"max-image-preview:large","max-video-preview":"max-video-preview:-1"},"canonical":"https:\/\/www.scuola.cl\/sivm\/toki-rapa-nui\/","og_locale":"es_ES","og_type":"article","og_title":"Toki Rapa Nui en la Scuola - Scuola Italiana","og_description":"El viernes 28 de agosto en el Teatro Verdi, vivimos una noche m\u00e1gica y emocionante con la presentaci\u00f3n de la Orquesta Toki Rapa Nui y el espect\u00e1culo \"Te Mana\", dirigida por la destacada pianista Mahani Teave.","og_url":"https:\/\/www.scuola.cl\/sivm\/toki-rapa-nui\/","og_site_name":"Scuola Italiana","article_published_time":"2026-08-31T11:52:46+00:00","article_modified_time":"2026-08-31T11:57:30+00:00","og_image":[{"width":900,"height":610,"url":"https:\/\/www.scuola.cl\/sivm\/wp-content\/uploads\/2026\/08\/Diseno-sin-titulo-16.png","type":"image\/png"}],"author":"Comunicaciones","twitter_card":"summary_large_image","twitter_misc":{"Escrito por":"Comunicaciones","Tiempo de lectura":"2 minutos"},"schema":{"@context":"https:\/\/schema.org","@graph":[{"@type":"Article","@id":"https:\/\/www.scuola.cl\/sivm\/toki-rapa-nui\/#article","isPartOf":{"@id":"https:\/\/www.scuola.cl\/sivm\/toki-rapa-nui\/"},"author":{"name":"Comunicaciones","@id":"https:\/\/www.scuola.cl\/sivm\/#\/schema\/person\/2ac68abc1b548ee6d8e16c4d3727d1b2"},"headline":"Toki Rapa Nui en la Scuola","datePublished":"2026-08-31T11:52:46+00:00","dateModified":"2026-08-31T11:57:30+00:00","mainEntityOfPage":{"@id":"https:\/\/www.scuola.cl\/sivm\/toki-rapa-nui\/"},"wordCount":163,"publisher":{"@id":"https:\/\/www.scuola.cl\/sivm\/#organization"},"image":{"@id":"https:\/\/www.scuola.cl\/sivm\/toki-rapa-nui\/#primaryimage"},"thumbnailUrl":"https:\/\/www.scuola.cl\/sivm\/wp-content\/uploads\/2026\/08\/Diseno-sin-titulo-16.png","articleSection":["Actividades","Centro Cultural","Cultura","Noticias"],"inLanguage":"es"},{"@type":"WebPage","@id":"https:\/\/www.scuola.cl\/sivm\/toki-rapa-nui\/","url":"https:\/\/www.scuola.cl\/sivm\/toki-rapa-nui\/","name":"Toki Rapa Nui en la Scuola - Scuola Italiana","isPartOf":{"@id":"https:\/\/www.scuola.cl\/sivm\/#website"},"primaryImageOfPage":{"@id":"https:\/\/www.scuola.cl\/sivm\/toki-rapa-nui\/#primaryimage"},"image":{"@id":"https:\/\/www.scuola.cl\/sivm\/toki-rapa-nui\/#primaryimage"},"thumbnailUrl":"https:\/\/www.scuola.cl\/sivm\/wp-content\/uploads\/2026\/08\/Diseno-sin-titulo-16.png","datePublished":"2026-08-31T11:52:46+00:00","dateModified":"2026-08-31T11:57:30+00:00","breadcrumb":{"@id":"https:\/\/www.scuola.cl\/sivm\/toki-rapa-nui\/#breadcrumb"},"inLanguage":"es","potentialAction":[{"@type":"ReadAction","target":["https:\/\/www.scuola.cl\/sivm\/toki-rapa-nui\/"]}]},{"@type":"ImageObject","inLanguage":"es","@id":"https:\/\/www.scuola.cl\/sivm\/toki-rapa-nui\/#primaryimage","url":"https:\/\/www.scuola.cl\/sivm\/wp-content\/uploads\/2026\/08\/Diseno-sin-titulo-16.png","contentUrl":"https:\/\/www.scuola.cl\/sivm\/wp-content\/uploads\/2026\/08\/Diseno-sin-titulo-16.png","width":900,"height":610},{"@type":"BreadcrumbList","@id":"https:\/\/www.scuola.cl\/sivm\/toki-rapa-nui\/#breadcrumb","itemListElement":[{"@type":"ListItem","position":1,"name":"Inicio","item":"https:\/\/www.scuola.cl\/sivm\/"},{"@type":"ListItem","position":2,"name":"Actividades","item":"https:\/\/www.scuola.cl\/sivm\/category\/actividades\/"},{"@type":"ListItem","position":3,"name":"Toki Rapa Nui en la Scuola"}]},{"@type":"WebSite","@id":"https:\/\/www.scuola.cl\/sivm\/#website","url":"https:\/\/www.scuola.cl\/sivm\/","name":"Scuola Italiana","description":"Vittorio Montiglio","publisher":{"@id":"https:\/\/www.scuola.cl\/sivm\/#organization"},"potentialAction":[{"@type":"SearchAction","target":{"@type":"EntryPoint","urlTemplate":"https:\/\/www.scuola.cl\/sivm\/?s={search_term_string}"},"query-input":{"@type":"PropertyValueSpecification","valueRequired":true,"valueName":"search_term_string"}}],"inLanguage":"es"},{"@type":"Organization","@id":"https:\/\/www.scuola.cl\/sivm\/#organization","name":"Scuola Italiana Vittorio Montiglio","url":"https:\/\/www.scuola.cl\/sivm\/","logo":{"@type":"ImageObject","inLanguage":"es","@id":"https:\/\/www.scuola.cl\/sivm\/#\/schema\/logo\/image\/","url":"https:\/\/www.scuola.cl\/sivm\/wp-content\/uploads\/2019\/06\/Logo_Scuola-01-001-1000x1000.png","contentUrl":"https:\/\/www.scuola.cl\/sivm\/wp-content\/uploads\/2019\/06\/Logo_Scuola-01-001-1000x1000.png","width":1000,"height":1000,"caption":"Scuola Italiana Vittorio Montiglio"},"image":{"@id":"https:\/\/www.scuola.cl\/sivm\/#\/schema\/logo\/image\/"}},{"@type":"Person","@id":"https:\/\/www.scuola.cl\/sivm\/#\/schema\/person\/2ac68abc1b548ee6d8e16c4d3727d1b2","name":"Comunicaciones","image":{"@type":"ImageObject","inLanguage":"es","@id":"https:\/\/secure.gravatar.com\/avatar\/0b29fd7cdce1ec9939eded19ce85d6ed73acf03fb52d098b0641aed356fe6aeb?s=96&d=mm&r=g","url":"https:\/\/secure.gravatar.com\/avatar\/0b29fd7cdce1ec9939eded19ce85d6ed73acf03fb52d098b0641aed356fe6aeb?s=96&d=mm&r=g","contentUrl":"https:\/\/secure.gravatar.com\/avatar\/0b29fd7cdce1ec9939eded19ce85d6ed73acf03fb52d098b0641aed356fe6aeb?s=96&d=mm&r=g","caption":"Comunicaciones"},"url":"https:\/\/www.scuola.cl\/sivm\/author\/comunicaciones-scuola\/"}]}},"_links":{"self":[{"href":"https:\/\/www.scuola.cl\/sivm\/wp-json\/wp\/v2\/posts\/34777","targetHints":{"allow":["GET"]}}],"collection":[{"href":"https:\/\/www.scuola.cl\/sivm\/wp-json\/wp\/v2\/posts"}],"about":[{"href":"https:\/\/www.scuola.cl\/sivm\/wp-json\/wp\/v2\/types\/post"}],"author":[{"embeddable":true,"href":"https:\/\/www.scuola.cl\/sivm\/wp-json\/wp\/v2\/users\/2"}],"replies":[{"embeddable":true,"href":"https:\/\/www.scuola.cl\/sivm\/wp-json\/wp\/v2\/comments?post=34777"}],"version-history":[{"count":3,"href":"https:\/\/www.scuola.cl\/sivm\/wp-json\/wp\/v2\/posts\/34777\/revisions"}],"predecessor-version":[{"id":34781,"href":"https:\/\/www.scuola.cl\/sivm\/wp-json\/wp\/v2\/posts\/34777\/revisions\/34781"}],"wp:featuredmedia":[{"embeddable":true,"href":"https:\/\/www.scuola.cl\/sivm\/wp-json\/wp\/v2\/media\/34778"}],"wp:attachment":[{"href":"https:\/\/www.scuola.cl\/sivm\/wp-json\/wp\/v2\/media?parent=34777"}],"wp:term":[{"taxonomy":"category","embeddable":true,"href":"https:\/\/www.scuola.cl\/sivm\/wp-json\/wp\/v2\/categories?post=34777"},{"taxonomy":"post_tag","embeddable":true,"href":"https:\/\/www.scuola.cl\/sivm\/wp-json\/wp\/v2\/tags?post=34777"}],"curies":[{"name":"wp","href":"https:\/\/api.w.org\/{rel}","templated":true}]}}