{"id":33118,"date":"2026-04-24T10:59:19","date_gmt":"2026-04-24T13:59:19","guid":{"rendered":"https:\/\/www.scuola.cl\/sivm\/?p=33118"},"modified":"2026-04-24T12:47:06","modified_gmt":"2026-04-24T15:47:06","slug":"concierto-opera-italiana","status":"publish","type":"post","link":"https:\/\/www.scuola.cl\/sivm\/concierto-opera-italiana\/","title":{"rendered":"Concierto \u00d3pera Italiana"},"content":{"rendered":"\n<p>En el marco de las celebraciones de la Festa della Repubblica Italiana y con motivo de los 135 a\u00f1os de la Scuola Italiana, los invitamos al \u201cConcierto Personajes de la \u00d3pera y Canzonettas Italianas\u201d, que rinde homenaje a uno de los sellos culturales m\u00e1s emblem\u00e1ticos de Italia: su m\u00fasica.<\/p>\n<p>El concierto se realizar\u00e1 el d\u00eda jueves 11 de junio a las 19:30 horas en el Teatro Giuseppe Verdi (Avda. Las Flores 12.707, Las Condes).<\/p>\n<p>Este especial concierto presentar\u00e1 una cuidada selecci\u00f3n de arias de \u00f3pera dramatizadas de destacados compositores como Giovanni Battista Pergolesi, Giovanni Paisiello, Giacomo Puccini y Giuseppe Verdi, junto a reconocidas canzonettas italianas de Cesare Andrea Bixio, Ernesto De Curtis, Gioachino Rossini, Eduardo Di Capua y Francesco Sartori, entre otros.<\/p>\n<p>La puesta en escena estar\u00e1 acompa\u00f1ada de material audiovisual especialmente dise\u00f1ado para cada interpretaci\u00f3n, generando una experiencia inmersiva que combina m\u00fasica, teatro y emoci\u00f3n.<\/p>\n<p>El espect\u00e1culo contar\u00e1 con la participaci\u00f3n de destacados int\u00e9rpretes: Cecilia Frigerio (Soprano), Daniel Olmos Muller (Tenor l\u00edrico) y en el piano Carlos Caama\u00f1o.<\/p>\n<p>Entrada liberada.<\/p>\n<p>Cupos limitados.<\/p>\n<p>Confirmaci\u00f3n de asistencia al correo: cultura@scuola.cl<\/p>\n<p><img loading=\"lazy\" decoding=\"async\" width=\"700\" height=\"474\" class=\"alignnone size-large wp-image-33122\" src=\"https:\/\/www.scuola.cl\/sivm\/wp-content\/uploads\/2026\/04\/Opera-Italiana-Cecilia-Frigerio-3-700x474.jpg\" alt=\"\" srcset=\"https:\/\/www.scuola.cl\/sivm\/wp-content\/uploads\/2026\/04\/Opera-Italiana-Cecilia-Frigerio-3-700x474.jpg 700w, https:\/\/www.scuola.cl\/sivm\/wp-content\/uploads\/2026\/04\/Opera-Italiana-Cecilia-Frigerio-3-250x169.jpg 250w, https:\/\/www.scuola.cl\/sivm\/wp-content\/uploads\/2026\/04\/Opera-Italiana-Cecilia-Frigerio-3-768x521.jpg 768w, https:\/\/www.scuola.cl\/sivm\/wp-content\/uploads\/2026\/04\/Opera-Italiana-Cecilia-Frigerio-3-120x81.jpg 120w, https:\/\/www.scuola.cl\/sivm\/wp-content\/uploads\/2026\/04\/Opera-Italiana-Cecilia-Frigerio-3.jpg 900w\" sizes=\"auto, (max-width: 700px) 100vw, 700px\" \/><\/p>\n<p>\u00a0<\/p>\n","protected":false},"excerpt":{"rendered":"En el marco de las celebraciones de la Festa della Repubblica Italiana y con motivo de los 135 a\u00f1os de la Scuola Italiana, los invitamos al \u201cConcierto Personajes de la \u00d3pera y Canzonettas Italianas\u201d.","protected":false},"author":2,"featured_media":33122,"comment_status":"closed","ping_status":"closed","sticky":false,"template":"","format":"standard","meta":{"_acf_changed":false,"footnotes":""},"categories":[18],"tags":[],"class_list":["post-33118","post","type-post","status-publish","format-standard","has-post-thumbnail","hentry","category-centrocultural"],"acf":[],"yoast_head":"<!-- This site is optimized with the Yoast SEO plugin v27.1.1 - https:\/\/yoast.com\/product\/yoast-seo-wordpress\/ -->\n<title>Concierto \u00d3pera Italiana - Scuola Italiana<\/title>\n<meta name=\"robots\" content=\"index, follow, max-snippet:-1, max-image-preview:large, max-video-preview:-1\" \/>\n<link rel=\"canonical\" href=\"https:\/\/www.scuola.cl\/sivm\/concierto-opera-italiana\/\" \/>\n<meta property=\"og:locale\" content=\"es_ES\" \/>\n<meta property=\"og:type\" content=\"article\" \/>\n<meta property=\"og:title\" content=\"Concierto \u00d3pera Italiana - Scuola Italiana\" \/>\n<meta property=\"og:description\" content=\"En el marco de las celebraciones de la Festa della Repubblica Italiana y con motivo de los 135 a\u00f1os de la Scuola Italiana, los invitamos al \u201cConcierto Personajes de la \u00d3pera y Canzonettas Italianas\u201d.\" \/>\n<meta property=\"og:url\" content=\"https:\/\/www.scuola.cl\/sivm\/concierto-opera-italiana\/\" \/>\n<meta property=\"og:site_name\" content=\"Scuola Italiana\" \/>\n<meta property=\"article:published_time\" content=\"2026-04-24T13:59:19+00:00\" \/>\n<meta property=\"article:modified_time\" content=\"2026-04-24T15:47:06+00:00\" \/>\n<meta property=\"og:image\" content=\"https:\/\/www.scuola.cl\/sivm\/wp-content\/uploads\/2026\/04\/Opera-Italiana-Cecilia-Frigerio-3.jpg\" \/>\n\t<meta property=\"og:image:width\" content=\"900\" \/>\n\t<meta property=\"og:image:height\" content=\"610\" \/>\n\t<meta property=\"og:image:type\" content=\"image\/jpeg\" \/>\n<meta name=\"author\" content=\"Comunicaciones\" \/>\n<meta name=\"twitter:card\" content=\"summary_large_image\" \/>\n<meta name=\"twitter:label1\" content=\"Escrito por\" \/>\n\t<meta name=\"twitter:data1\" content=\"Comunicaciones\" \/>\n\t<meta name=\"twitter:label2\" content=\"Tiempo de lectura\" \/>\n\t<meta name=\"twitter:data2\" content=\"2 minutos\" \/>\n<script type=\"application\/ld+json\" class=\"yoast-schema-graph\">{\"@context\":\"https:\/\/schema.org\",\"@graph\":[{\"@type\":\"Article\",\"@id\":\"https:\/\/www.scuola.cl\/sivm\/concierto-opera-italiana\/#article\",\"isPartOf\":{\"@id\":\"https:\/\/www.scuola.cl\/sivm\/concierto-opera-italiana\/\"},\"author\":{\"name\":\"Comunicaciones\",\"@id\":\"https:\/\/www.scuola.cl\/sivm\/#\/schema\/person\/2ac68abc1b548ee6d8e16c4d3727d1b2\"},\"headline\":\"Concierto \u00d3pera Italiana\",\"datePublished\":\"2026-04-24T13:59:19+00:00\",\"dateModified\":\"2026-04-24T15:47:06+00:00\",\"mainEntityOfPage\":{\"@id\":\"https:\/\/www.scuola.cl\/sivm\/concierto-opera-italiana\/\"},\"wordCount\":197,\"publisher\":{\"@id\":\"https:\/\/www.scuola.cl\/sivm\/#organization\"},\"image\":{\"@id\":\"https:\/\/www.scuola.cl\/sivm\/concierto-opera-italiana\/#primaryimage\"},\"thumbnailUrl\":\"https:\/\/www.scuola.cl\/sivm\/wp-content\/uploads\/2026\/04\/Opera-Italiana-Cecilia-Frigerio-3.jpg\",\"articleSection\":[\"Centro Cultural\"],\"inLanguage\":\"es\"},{\"@type\":\"WebPage\",\"@id\":\"https:\/\/www.scuola.cl\/sivm\/concierto-opera-italiana\/\",\"url\":\"https:\/\/www.scuola.cl\/sivm\/concierto-opera-italiana\/\",\"name\":\"Concierto \u00d3pera Italiana - Scuola Italiana\",\"isPartOf\":{\"@id\":\"https:\/\/www.scuola.cl\/sivm\/#website\"},\"primaryImageOfPage\":{\"@id\":\"https:\/\/www.scuola.cl\/sivm\/concierto-opera-italiana\/#primaryimage\"},\"image\":{\"@id\":\"https:\/\/www.scuola.cl\/sivm\/concierto-opera-italiana\/#primaryimage\"},\"thumbnailUrl\":\"https:\/\/www.scuola.cl\/sivm\/wp-content\/uploads\/2026\/04\/Opera-Italiana-Cecilia-Frigerio-3.jpg\",\"datePublished\":\"2026-04-24T13:59:19+00:00\",\"dateModified\":\"2026-04-24T15:47:06+00:00\",\"breadcrumb\":{\"@id\":\"https:\/\/www.scuola.cl\/sivm\/concierto-opera-italiana\/#breadcrumb\"},\"inLanguage\":\"es\",\"potentialAction\":[{\"@type\":\"ReadAction\",\"target\":[\"https:\/\/www.scuola.cl\/sivm\/concierto-opera-italiana\/\"]}]},{\"@type\":\"ImageObject\",\"inLanguage\":\"es\",\"@id\":\"https:\/\/www.scuola.cl\/sivm\/concierto-opera-italiana\/#primaryimage\",\"url\":\"https:\/\/www.scuola.cl\/sivm\/wp-content\/uploads\/2026\/04\/Opera-Italiana-Cecilia-Frigerio-3.jpg\",\"contentUrl\":\"https:\/\/www.scuola.cl\/sivm\/wp-content\/uploads\/2026\/04\/Opera-Italiana-Cecilia-Frigerio-3.jpg\",\"width\":900,\"height\":610},{\"@type\":\"BreadcrumbList\",\"@id\":\"https:\/\/www.scuola.cl\/sivm\/concierto-opera-italiana\/#breadcrumb\",\"itemListElement\":[{\"@type\":\"ListItem\",\"position\":1,\"name\":\"Inicio\",\"item\":\"https:\/\/www.scuola.cl\/sivm\/\"},{\"@type\":\"ListItem\",\"position\":2,\"name\":\"Centro Cultural\",\"item\":\"https:\/\/www.scuola.cl\/sivm\/category\/centrocultural\/\"},{\"@type\":\"ListItem\",\"position\":3,\"name\":\"Concierto \u00d3pera Italiana\"}]},{\"@type\":\"WebSite\",\"@id\":\"https:\/\/www.scuola.cl\/sivm\/#website\",\"url\":\"https:\/\/www.scuola.cl\/sivm\/\",\"name\":\"Scuola Italiana\",\"description\":\"Vittorio Montiglio\",\"publisher\":{\"@id\":\"https:\/\/www.scuola.cl\/sivm\/#organization\"},\"potentialAction\":[{\"@type\":\"SearchAction\",\"target\":{\"@type\":\"EntryPoint\",\"urlTemplate\":\"https:\/\/www.scuola.cl\/sivm\/?s={search_term_string}\"},\"query-input\":{\"@type\":\"PropertyValueSpecification\",\"valueRequired\":true,\"valueName\":\"search_term_string\"}}],\"inLanguage\":\"es\"},{\"@type\":\"Organization\",\"@id\":\"https:\/\/www.scuola.cl\/sivm\/#organization\",\"name\":\"Scuola Italiana Vittorio Montiglio\",\"url\":\"https:\/\/www.scuola.cl\/sivm\/\",\"logo\":{\"@type\":\"ImageObject\",\"inLanguage\":\"es\",\"@id\":\"https:\/\/www.scuola.cl\/sivm\/#\/schema\/logo\/image\/\",\"url\":\"https:\/\/www.scuola.cl\/sivm\/wp-content\/uploads\/2019\/06\/Logo_Scuola-01-001-1000x1000.png\",\"contentUrl\":\"https:\/\/www.scuola.cl\/sivm\/wp-content\/uploads\/2019\/06\/Logo_Scuola-01-001-1000x1000.png\",\"width\":1000,\"height\":1000,\"caption\":\"Scuola Italiana Vittorio Montiglio\"},\"image\":{\"@id\":\"https:\/\/www.scuola.cl\/sivm\/#\/schema\/logo\/image\/\"}},{\"@type\":\"Person\",\"@id\":\"https:\/\/www.scuola.cl\/sivm\/#\/schema\/person\/2ac68abc1b548ee6d8e16c4d3727d1b2\",\"name\":\"Comunicaciones\",\"image\":{\"@type\":\"ImageObject\",\"inLanguage\":\"es\",\"@id\":\"https:\/\/www.scuola.cl\/sivm\/#\/schema\/person\/image\/\",\"url\":\"https:\/\/secure.gravatar.com\/avatar\/0b29fd7cdce1ec9939eded19ce85d6ed73acf03fb52d098b0641aed356fe6aeb?s=96&d=mm&r=g\",\"contentUrl\":\"https:\/\/secure.gravatar.com\/avatar\/0b29fd7cdce1ec9939eded19ce85d6ed73acf03fb52d098b0641aed356fe6aeb?s=96&d=mm&r=g\",\"caption\":\"Comunicaciones\"},\"url\":\"https:\/\/www.scuola.cl\/sivm\/author\/comunicaciones-scuola\/\"}]}<\/script>\n<!-- \/ Yoast SEO plugin. -->","yoast_head_json":{"title":"Concierto \u00d3pera Italiana - Scuola Italiana","robots":{"index":"index","follow":"follow","max-snippet":"max-snippet:-1","max-image-preview":"max-image-preview:large","max-video-preview":"max-video-preview:-1"},"canonical":"https:\/\/www.scuola.cl\/sivm\/concierto-opera-italiana\/","og_locale":"es_ES","og_type":"article","og_title":"Concierto \u00d3pera Italiana - Scuola Italiana","og_description":"En el marco de las celebraciones de la Festa della Repubblica Italiana y con motivo de los 135 a\u00f1os de la Scuola Italiana, los invitamos al \u201cConcierto Personajes de la \u00d3pera y Canzonettas Italianas\u201d.","og_url":"https:\/\/www.scuola.cl\/sivm\/concierto-opera-italiana\/","og_site_name":"Scuola Italiana","article_published_time":"2026-04-24T13:59:19+00:00","article_modified_time":"2026-04-24T15:47:06+00:00","og_image":[{"width":900,"height":610,"url":"https:\/\/www.scuola.cl\/sivm\/wp-content\/uploads\/2026\/04\/Opera-Italiana-Cecilia-Frigerio-3.jpg","type":"image\/jpeg"}],"author":"Comunicaciones","twitter_card":"summary_large_image","twitter_misc":{"Escrito por":"Comunicaciones","Tiempo de lectura":"2 minutos"},"schema":{"@context":"https:\/\/schema.org","@graph":[{"@type":"Article","@id":"https:\/\/www.scuola.cl\/sivm\/concierto-opera-italiana\/#article","isPartOf":{"@id":"https:\/\/www.scuola.cl\/sivm\/concierto-opera-italiana\/"},"author":{"name":"Comunicaciones","@id":"https:\/\/www.scuola.cl\/sivm\/#\/schema\/person\/2ac68abc1b548ee6d8e16c4d3727d1b2"},"headline":"Concierto \u00d3pera Italiana","datePublished":"2026-04-24T13:59:19+00:00","dateModified":"2026-04-24T15:47:06+00:00","mainEntityOfPage":{"@id":"https:\/\/www.scuola.cl\/sivm\/concierto-opera-italiana\/"},"wordCount":197,"publisher":{"@id":"https:\/\/www.scuola.cl\/sivm\/#organization"},"image":{"@id":"https:\/\/www.scuola.cl\/sivm\/concierto-opera-italiana\/#primaryimage"},"thumbnailUrl":"https:\/\/www.scuola.cl\/sivm\/wp-content\/uploads\/2026\/04\/Opera-Italiana-Cecilia-Frigerio-3.jpg","articleSection":["Centro Cultural"],"inLanguage":"es"},{"@type":"WebPage","@id":"https:\/\/www.scuola.cl\/sivm\/concierto-opera-italiana\/","url":"https:\/\/www.scuola.cl\/sivm\/concierto-opera-italiana\/","name":"Concierto \u00d3pera Italiana - Scuola Italiana","isPartOf":{"@id":"https:\/\/www.scuola.cl\/sivm\/#website"},"primaryImageOfPage":{"@id":"https:\/\/www.scuola.cl\/sivm\/concierto-opera-italiana\/#primaryimage"},"image":{"@id":"https:\/\/www.scuola.cl\/sivm\/concierto-opera-italiana\/#primaryimage"},"thumbnailUrl":"https:\/\/www.scuola.cl\/sivm\/wp-content\/uploads\/2026\/04\/Opera-Italiana-Cecilia-Frigerio-3.jpg","datePublished":"2026-04-24T13:59:19+00:00","dateModified":"2026-04-24T15:47:06+00:00","breadcrumb":{"@id":"https:\/\/www.scuola.cl\/sivm\/concierto-opera-italiana\/#breadcrumb"},"inLanguage":"es","potentialAction":[{"@type":"ReadAction","target":["https:\/\/www.scuola.cl\/sivm\/concierto-opera-italiana\/"]}]},{"@type":"ImageObject","inLanguage":"es","@id":"https:\/\/www.scuola.cl\/sivm\/concierto-opera-italiana\/#primaryimage","url":"https:\/\/www.scuola.cl\/sivm\/wp-content\/uploads\/2026\/04\/Opera-Italiana-Cecilia-Frigerio-3.jpg","contentUrl":"https:\/\/www.scuola.cl\/sivm\/wp-content\/uploads\/2026\/04\/Opera-Italiana-Cecilia-Frigerio-3.jpg","width":900,"height":610},{"@type":"BreadcrumbList","@id":"https:\/\/www.scuola.cl\/sivm\/concierto-opera-italiana\/#breadcrumb","itemListElement":[{"@type":"ListItem","position":1,"name":"Inicio","item":"https:\/\/www.scuola.cl\/sivm\/"},{"@type":"ListItem","position":2,"name":"Centro Cultural","item":"https:\/\/www.scuola.cl\/sivm\/category\/centrocultural\/"},{"@type":"ListItem","position":3,"name":"Concierto \u00d3pera Italiana"}]},{"@type":"WebSite","@id":"https:\/\/www.scuola.cl\/sivm\/#website","url":"https:\/\/www.scuola.cl\/sivm\/","name":"Scuola Italiana","description":"Vittorio Montiglio","publisher":{"@id":"https:\/\/www.scuola.cl\/sivm\/#organization"},"potentialAction":[{"@type":"SearchAction","target":{"@type":"EntryPoint","urlTemplate":"https:\/\/www.scuola.cl\/sivm\/?s={search_term_string}"},"query-input":{"@type":"PropertyValueSpecification","valueRequired":true,"valueName":"search_term_string"}}],"inLanguage":"es"},{"@type":"Organization","@id":"https:\/\/www.scuola.cl\/sivm\/#organization","name":"Scuola Italiana Vittorio Montiglio","url":"https:\/\/www.scuola.cl\/sivm\/","logo":{"@type":"ImageObject","inLanguage":"es","@id":"https:\/\/www.scuola.cl\/sivm\/#\/schema\/logo\/image\/","url":"https:\/\/www.scuola.cl\/sivm\/wp-content\/uploads\/2019\/06\/Logo_Scuola-01-001-1000x1000.png","contentUrl":"https:\/\/www.scuola.cl\/sivm\/wp-content\/uploads\/2019\/06\/Logo_Scuola-01-001-1000x1000.png","width":1000,"height":1000,"caption":"Scuola Italiana Vittorio Montiglio"},"image":{"@id":"https:\/\/www.scuola.cl\/sivm\/#\/schema\/logo\/image\/"}},{"@type":"Person","@id":"https:\/\/www.scuola.cl\/sivm\/#\/schema\/person\/2ac68abc1b548ee6d8e16c4d3727d1b2","name":"Comunicaciones","image":{"@type":"ImageObject","inLanguage":"es","@id":"https:\/\/www.scuola.cl\/sivm\/#\/schema\/person\/image\/","url":"https:\/\/secure.gravatar.com\/avatar\/0b29fd7cdce1ec9939eded19ce85d6ed73acf03fb52d098b0641aed356fe6aeb?s=96&d=mm&r=g","contentUrl":"https:\/\/secure.gravatar.com\/avatar\/0b29fd7cdce1ec9939eded19ce85d6ed73acf03fb52d098b0641aed356fe6aeb?s=96&d=mm&r=g","caption":"Comunicaciones"},"url":"https:\/\/www.scuola.cl\/sivm\/author\/comunicaciones-scuola\/"}]}},"_links":{"self":[{"href":"https:\/\/www.scuola.cl\/sivm\/wp-json\/wp\/v2\/posts\/33118","targetHints":{"allow":["GET"]}}],"collection":[{"href":"https:\/\/www.scuola.cl\/sivm\/wp-json\/wp\/v2\/posts"}],"about":[{"href":"https:\/\/www.scuola.cl\/sivm\/wp-json\/wp\/v2\/types\/post"}],"author":[{"embeddable":true,"href":"https:\/\/www.scuola.cl\/sivm\/wp-json\/wp\/v2\/users\/2"}],"replies":[{"embeddable":true,"href":"https:\/\/www.scuola.cl\/sivm\/wp-json\/wp\/v2\/comments?post=33118"}],"version-history":[{"count":3,"href":"https:\/\/www.scuola.cl\/sivm\/wp-json\/wp\/v2\/posts\/33118\/revisions"}],"predecessor-version":[{"id":33123,"href":"https:\/\/www.scuola.cl\/sivm\/wp-json\/wp\/v2\/posts\/33118\/revisions\/33123"}],"wp:featuredmedia":[{"embeddable":true,"href":"https:\/\/www.scuola.cl\/sivm\/wp-json\/wp\/v2\/media\/33122"}],"wp:attachment":[{"href":"https:\/\/www.scuola.cl\/sivm\/wp-json\/wp\/v2\/media?parent=33118"}],"wp:term":[{"taxonomy":"category","embeddable":true,"href":"https:\/\/www.scuola.cl\/sivm\/wp-json\/wp\/v2\/categories?post=33118"},{"taxonomy":"post_tag","embeddable":true,"href":"https:\/\/www.scuola.cl\/sivm\/wp-json\/wp\/v2\/tags?post=33118"}],"curies":[{"name":"wp","href":"https:\/\/api.w.org\/{rel}","templated":true}]}}