{"id":32578,"date":"2026-03-12T08:14:30","date_gmt":"2026-03-12T11:14:30","guid":{"rendered":"https:\/\/www.scuola.cl\/sivm\/?p=32578"},"modified":"2026-03-23T08:43:59","modified_gmt":"2026-03-23T11:43:59","slug":"32578-2","status":"publish","type":"post","link":"https:\/\/www.scuola.cl\/sivm\/32578-2\/","title":{"rendered":"Inauguraci\u00f3n Expo Pop Art"},"content":{"rendered":"\n<p>El mi\u00e9rcoles 11 de marzo se realiz\u00f3 en la Sala Terracota la inauguraci\u00f3n de la exposici\u00f3n \u201cPreservaci\u00f3n Pop: El Recreo Eterno\u201d del artista Fatty Azzid, dando inicio a la primera muestra art\u00edstica del a\u00f1o.<\/p>\n<p>Familiares, artistas, amigos y p\u00fablico general acompa\u00f1aron al artista en un entretenido encuentro que permiti\u00f3 compartir, conversar y conocer m\u00e1s de cerca los detalles y procesos detr\u00e1s de su obra. Fue una instancia cercana y muy enriquecedora, donde el arte se transform\u00f3 en punto de encuentro y di\u00e1logo.<\/p>\n<p>La exposici\u00f3n presenta una serie de obras escult\u00f3ricas y pict\u00f3ricas inspiradas en el movimiento del Pop Art, en las que lo cotidiano, lo popular y lo industrial se convierten en fuente de inspiraci\u00f3n. A trav\u00e9s de colores vibrantes y humor, el artista da vida a piezas llenas de significado que invitan a mirar la realidad desde una perspectiva l\u00fadica y alegre.<\/p>\n<p>De esta forma damos inicio a nuestra programaci\u00f3n art\u00edstica de este a\u00f1o con esta entretenida muestra.<\/p>\n<p>Para la Scuola es muy importante abrir espacios al talento de los artistas y acercar el arte tanto a nuestra comunidad escolar como al p\u00fablico general, ya que creemos que el contacto con la creaci\u00f3n art\u00edstica ampl\u00eda la mirada, despierta la imaginaci\u00f3n y nos invita a relacionarnos de manera m\u00e1s sensible con el mundo que nos rodea.<\/p>\n<p>Los invitamos a visitar esta novedosa exposici\u00f3n, que sin duda no dejar\u00e1 indiferente a nadie.<\/p>\n<p>La muestra estar\u00e1 abierta al p\u00fablico hasta el 31 de abril, de lunes a viernes, entre 8:00 y 16:00 horas, en la Sala Terracota.<\/p>\n<p>\u00a1Los esperamos!<\/p>\n<p><a href=\"https:\/\/drive.google.com\/drive\/folders\/1DG5u0Y0PUqM0VVqepgCunFDlnxayabec?usp=drive_link\" target=\"_blank\" rel=\"noopener\">Ver fotos inauguraci\u00f3n<\/a><\/p>\n<p>\u00a0<\/p>\n<hr \/>\n<p>Mercoled\u00ec 11 marzo, la mostra \u00ab\u201cLa conservazione del pop: la ricreazione eterna\u201d\u00bb dell&#8217;artista Fatty Azzid \u00e8 stata inaugurata nella Sala Terracotta, segnando la prima mostra d&#8217;arte dell&#8217;anno.<\/p>\n<p><br \/>Familiari, artisti, amici e il pubblico in generale si sono uniti all&#8217;artista per un piacevole incontro che ha offerto l&#8217;opportunit\u00e0 di condividere, conversare e approfondire i dettagli e i processi che si celano dietro le sue opere. \u00c8 stata un&#8217;esperienza intima e arricchente, in cui l&#8217;arte \u00e8 diventata un punto di connessione e di dialogo.<\/p>\n<p><br \/>La mostra presenta una serie di opere scultoree e pittoriche ispirate al movimento Pop Art, in cui il quotidiano, il popolare e l&#8217;industriale diventano fonti di ispirazione. Attraverso colori vivaci e umorismo, l&#8217;artista d\u00e0 vita a opere ricche di significato che ci invitano a guardare la realt\u00e0 da una prospettiva giocosa e gioiosa.<\/p>\n<p><br \/>Con questa mostra, diamo il via al nostro programma artistico annuale. Per la Scuola \u00e8 fondamentale offrire spazi ad artisti di talento e avvicinare l&#8217;arte sia alla nostra comunit\u00e0 scolastica che al grande pubblico, poich\u00e9 crediamo che il contatto con la creazione artistica ampli gli orizzonti, risvegli l&#8217;immaginazione e ci inviti a connetterci in modo pi\u00f9 sensibile con il mondo che ci circonda.<\/p>\n<p><br \/>Vi invitiamo a visitare questa mostra innovativa, che senza dubbio non lascer\u00e0 nessuno indifferente. La mostra sar\u00e0 aperta al pubblico fino al 31 aprile, dal luned\u00ec al venerd\u00ec, dalle 8:00 alle 16:00, nella Sala Terracotta.<\/p>\n<p><img loading=\"lazy\" decoding=\"async\" width=\"700\" height=\"474\" class=\"alignnone size-large wp-image-32579\" src=\"https:\/\/www.scuola.cl\/sivm\/wp-content\/uploads\/2026\/03\/USAR-ESTA-Plantillas-IG-Scuola-900-x-610-px-62-700x474.jpg\" alt=\"\" srcset=\"https:\/\/www.scuola.cl\/sivm\/wp-content\/uploads\/2026\/03\/USAR-ESTA-Plantillas-IG-Scuola-900-x-610-px-62-700x474.jpg 700w, https:\/\/www.scuola.cl\/sivm\/wp-content\/uploads\/2026\/03\/USAR-ESTA-Plantillas-IG-Scuola-900-x-610-px-62-250x169.jpg 250w, https:\/\/www.scuola.cl\/sivm\/wp-content\/uploads\/2026\/03\/USAR-ESTA-Plantillas-IG-Scuola-900-x-610-px-62-768x521.jpg 768w, https:\/\/www.scuola.cl\/sivm\/wp-content\/uploads\/2026\/03\/USAR-ESTA-Plantillas-IG-Scuola-900-x-610-px-62-120x81.jpg 120w, https:\/\/www.scuola.cl\/sivm\/wp-content\/uploads\/2026\/03\/USAR-ESTA-Plantillas-IG-Scuola-900-x-610-px-62.jpg 900w\" sizes=\"auto, (max-width: 700px) 100vw, 700px\" \/><\/p>\n","protected":false},"excerpt":{"rendered":"El mi\u00e9rcoles 11 de marzo se realiz\u00f3 en la Sala Terracota la inauguraci\u00f3n de la exposici\u00f3n \u201cPreservaci\u00f3n Pop: El Recreo Eterno\u201d del artista Fatty Azzid, dando inicio a la primera muestra art\u00edstica del a\u00f1o y programaci\u00f3n cultural.","protected":false},"author":2,"featured_media":32579,"comment_status":"closed","ping_status":"closed","sticky":false,"template":"","format":"standard","meta":{"_acf_changed":false,"footnotes":""},"categories":[6,18,22,5],"tags":[],"class_list":["post-32578","post","type-post","status-publish","format-standard","has-post-thumbnail","hentry","category-actividades","category-centrocultural","category-cultura","category-noticias"],"acf":[],"yoast_head":"<!-- This site is optimized with the Yoast SEO plugin v27.1.1 - https:\/\/yoast.com\/product\/yoast-seo-wordpress\/ -->\n<title>Inauguraci\u00f3n Expo Pop Art - Scuola Italiana<\/title>\n<meta name=\"robots\" content=\"index, follow, max-snippet:-1, max-image-preview:large, max-video-preview:-1\" \/>\n<link rel=\"canonical\" href=\"https:\/\/www.scuola.cl\/sivm\/32578-2\/\" \/>\n<meta property=\"og:locale\" content=\"es_ES\" \/>\n<meta property=\"og:type\" content=\"article\" \/>\n<meta property=\"og:title\" content=\"Inauguraci\u00f3n Expo Pop Art - Scuola Italiana\" \/>\n<meta property=\"og:description\" content=\"El mi\u00e9rcoles 11 de marzo se realiz\u00f3 en la Sala Terracota la inauguraci\u00f3n de la exposici\u00f3n \u201cPreservaci\u00f3n Pop: El Recreo Eterno\u201d del artista Fatty Azzid, dando inicio a la primera muestra art\u00edstica del a\u00f1o y programaci\u00f3n cultural.\" \/>\n<meta property=\"og:url\" content=\"https:\/\/www.scuola.cl\/sivm\/32578-2\/\" \/>\n<meta property=\"og:site_name\" content=\"Scuola Italiana\" \/>\n<meta property=\"article:published_time\" content=\"2026-03-12T11:14:30+00:00\" \/>\n<meta property=\"article:modified_time\" content=\"2026-03-23T11:43:59+00:00\" \/>\n<meta property=\"og:image\" content=\"https:\/\/www.scuola.cl\/sivm\/wp-content\/uploads\/2026\/03\/USAR-ESTA-Plantillas-IG-Scuola-900-x-610-px-62.jpg\" \/>\n\t<meta property=\"og:image:width\" content=\"900\" \/>\n\t<meta property=\"og:image:height\" content=\"610\" \/>\n\t<meta property=\"og:image:type\" content=\"image\/jpeg\" \/>\n<meta name=\"author\" content=\"Comunicaciones\" \/>\n<meta name=\"twitter:card\" content=\"summary_large_image\" \/>\n<meta name=\"twitter:label1\" content=\"Escrito por\" \/>\n\t<meta name=\"twitter:data1\" content=\"Comunicaciones\" \/>\n\t<meta name=\"twitter:label2\" content=\"Tiempo de lectura\" \/>\n\t<meta name=\"twitter:data2\" content=\"3 minutos\" \/>\n<script type=\"application\/ld+json\" class=\"yoast-schema-graph\">{\"@context\":\"https:\/\/schema.org\",\"@graph\":[{\"@type\":\"Article\",\"@id\":\"https:\/\/www.scuola.cl\/sivm\/32578-2\/#article\",\"isPartOf\":{\"@id\":\"https:\/\/www.scuola.cl\/sivm\/32578-2\/\"},\"author\":{\"name\":\"Comunicaciones\",\"@id\":\"https:\/\/www.scuola.cl\/sivm\/#\/schema\/person\/2ac68abc1b548ee6d8e16c4d3727d1b2\"},\"headline\":\"Inauguraci\u00f3n Expo Pop Art\",\"datePublished\":\"2026-03-12T11:14:30+00:00\",\"dateModified\":\"2026-03-23T11:43:59+00:00\",\"mainEntityOfPage\":{\"@id\":\"https:\/\/www.scuola.cl\/sivm\/32578-2\/\"},\"wordCount\":515,\"publisher\":{\"@id\":\"https:\/\/www.scuola.cl\/sivm\/#organization\"},\"image\":{\"@id\":\"https:\/\/www.scuola.cl\/sivm\/32578-2\/#primaryimage\"},\"thumbnailUrl\":\"https:\/\/www.scuola.cl\/sivm\/wp-content\/uploads\/2026\/03\/USAR-ESTA-Plantillas-IG-Scuola-900-x-610-px-62.jpg\",\"articleSection\":[\"Actividades\",\"Centro Cultural\",\"Cultura\",\"Noticias\"],\"inLanguage\":\"es\"},{\"@type\":\"WebPage\",\"@id\":\"https:\/\/www.scuola.cl\/sivm\/32578-2\/\",\"url\":\"https:\/\/www.scuola.cl\/sivm\/32578-2\/\",\"name\":\"Inauguraci\u00f3n Expo Pop Art - Scuola Italiana\",\"isPartOf\":{\"@id\":\"https:\/\/www.scuola.cl\/sivm\/#website\"},\"primaryImageOfPage\":{\"@id\":\"https:\/\/www.scuola.cl\/sivm\/32578-2\/#primaryimage\"},\"image\":{\"@id\":\"https:\/\/www.scuola.cl\/sivm\/32578-2\/#primaryimage\"},\"thumbnailUrl\":\"https:\/\/www.scuola.cl\/sivm\/wp-content\/uploads\/2026\/03\/USAR-ESTA-Plantillas-IG-Scuola-900-x-610-px-62.jpg\",\"datePublished\":\"2026-03-12T11:14:30+00:00\",\"dateModified\":\"2026-03-23T11:43:59+00:00\",\"breadcrumb\":{\"@id\":\"https:\/\/www.scuola.cl\/sivm\/32578-2\/#breadcrumb\"},\"inLanguage\":\"es\",\"potentialAction\":[{\"@type\":\"ReadAction\",\"target\":[\"https:\/\/www.scuola.cl\/sivm\/32578-2\/\"]}]},{\"@type\":\"ImageObject\",\"inLanguage\":\"es\",\"@id\":\"https:\/\/www.scuola.cl\/sivm\/32578-2\/#primaryimage\",\"url\":\"https:\/\/www.scuola.cl\/sivm\/wp-content\/uploads\/2026\/03\/USAR-ESTA-Plantillas-IG-Scuola-900-x-610-px-62.jpg\",\"contentUrl\":\"https:\/\/www.scuola.cl\/sivm\/wp-content\/uploads\/2026\/03\/USAR-ESTA-Plantillas-IG-Scuola-900-x-610-px-62.jpg\",\"width\":900,\"height\":610},{\"@type\":\"BreadcrumbList\",\"@id\":\"https:\/\/www.scuola.cl\/sivm\/32578-2\/#breadcrumb\",\"itemListElement\":[{\"@type\":\"ListItem\",\"position\":1,\"name\":\"Inicio\",\"item\":\"https:\/\/www.scuola.cl\/sivm\/\"},{\"@type\":\"ListItem\",\"position\":2,\"name\":\"Actividades\",\"item\":\"https:\/\/www.scuola.cl\/sivm\/category\/actividades\/\"},{\"@type\":\"ListItem\",\"position\":3,\"name\":\"Inauguraci\u00f3n Expo Pop Art\"}]},{\"@type\":\"WebSite\",\"@id\":\"https:\/\/www.scuola.cl\/sivm\/#website\",\"url\":\"https:\/\/www.scuola.cl\/sivm\/\",\"name\":\"Scuola Italiana\",\"description\":\"Vittorio Montiglio\",\"publisher\":{\"@id\":\"https:\/\/www.scuola.cl\/sivm\/#organization\"},\"potentialAction\":[{\"@type\":\"SearchAction\",\"target\":{\"@type\":\"EntryPoint\",\"urlTemplate\":\"https:\/\/www.scuola.cl\/sivm\/?s={search_term_string}\"},\"query-input\":{\"@type\":\"PropertyValueSpecification\",\"valueRequired\":true,\"valueName\":\"search_term_string\"}}],\"inLanguage\":\"es\"},{\"@type\":\"Organization\",\"@id\":\"https:\/\/www.scuola.cl\/sivm\/#organization\",\"name\":\"Scuola Italiana Vittorio Montiglio\",\"url\":\"https:\/\/www.scuola.cl\/sivm\/\",\"logo\":{\"@type\":\"ImageObject\",\"inLanguage\":\"es\",\"@id\":\"https:\/\/www.scuola.cl\/sivm\/#\/schema\/logo\/image\/\",\"url\":\"https:\/\/www.scuola.cl\/sivm\/wp-content\/uploads\/2019\/06\/Logo_Scuola-01-001-1000x1000.png\",\"contentUrl\":\"https:\/\/www.scuola.cl\/sivm\/wp-content\/uploads\/2019\/06\/Logo_Scuola-01-001-1000x1000.png\",\"width\":1000,\"height\":1000,\"caption\":\"Scuola Italiana Vittorio Montiglio\"},\"image\":{\"@id\":\"https:\/\/www.scuola.cl\/sivm\/#\/schema\/logo\/image\/\"}},{\"@type\":\"Person\",\"@id\":\"https:\/\/www.scuola.cl\/sivm\/#\/schema\/person\/2ac68abc1b548ee6d8e16c4d3727d1b2\",\"name\":\"Comunicaciones\",\"image\":{\"@type\":\"ImageObject\",\"inLanguage\":\"es\",\"@id\":\"https:\/\/www.scuola.cl\/sivm\/#\/schema\/person\/image\/\",\"url\":\"https:\/\/secure.gravatar.com\/avatar\/0b29fd7cdce1ec9939eded19ce85d6ed73acf03fb52d098b0641aed356fe6aeb?s=96&d=mm&r=g\",\"contentUrl\":\"https:\/\/secure.gravatar.com\/avatar\/0b29fd7cdce1ec9939eded19ce85d6ed73acf03fb52d098b0641aed356fe6aeb?s=96&d=mm&r=g\",\"caption\":\"Comunicaciones\"},\"url\":\"https:\/\/www.scuola.cl\/sivm\/author\/comunicaciones-scuola\/\"}]}<\/script>\n<!-- \/ Yoast SEO plugin. -->","yoast_head_json":{"title":"Inauguraci\u00f3n Expo Pop Art - Scuola Italiana","robots":{"index":"index","follow":"follow","max-snippet":"max-snippet:-1","max-image-preview":"max-image-preview:large","max-video-preview":"max-video-preview:-1"},"canonical":"https:\/\/www.scuola.cl\/sivm\/32578-2\/","og_locale":"es_ES","og_type":"article","og_title":"Inauguraci\u00f3n Expo Pop Art - Scuola Italiana","og_description":"El mi\u00e9rcoles 11 de marzo se realiz\u00f3 en la Sala Terracota la inauguraci\u00f3n de la exposici\u00f3n \u201cPreservaci\u00f3n Pop: El Recreo Eterno\u201d del artista Fatty Azzid, dando inicio a la primera muestra art\u00edstica del a\u00f1o y programaci\u00f3n cultural.","og_url":"https:\/\/www.scuola.cl\/sivm\/32578-2\/","og_site_name":"Scuola Italiana","article_published_time":"2026-03-12T11:14:30+00:00","article_modified_time":"2026-03-23T11:43:59+00:00","og_image":[{"width":900,"height":610,"url":"https:\/\/www.scuola.cl\/sivm\/wp-content\/uploads\/2026\/03\/USAR-ESTA-Plantillas-IG-Scuola-900-x-610-px-62.jpg","type":"image\/jpeg"}],"author":"Comunicaciones","twitter_card":"summary_large_image","twitter_misc":{"Escrito por":"Comunicaciones","Tiempo de lectura":"3 minutos"},"schema":{"@context":"https:\/\/schema.org","@graph":[{"@type":"Article","@id":"https:\/\/www.scuola.cl\/sivm\/32578-2\/#article","isPartOf":{"@id":"https:\/\/www.scuola.cl\/sivm\/32578-2\/"},"author":{"name":"Comunicaciones","@id":"https:\/\/www.scuola.cl\/sivm\/#\/schema\/person\/2ac68abc1b548ee6d8e16c4d3727d1b2"},"headline":"Inauguraci\u00f3n Expo Pop Art","datePublished":"2026-03-12T11:14:30+00:00","dateModified":"2026-03-23T11:43:59+00:00","mainEntityOfPage":{"@id":"https:\/\/www.scuola.cl\/sivm\/32578-2\/"},"wordCount":515,"publisher":{"@id":"https:\/\/www.scuola.cl\/sivm\/#organization"},"image":{"@id":"https:\/\/www.scuola.cl\/sivm\/32578-2\/#primaryimage"},"thumbnailUrl":"https:\/\/www.scuola.cl\/sivm\/wp-content\/uploads\/2026\/03\/USAR-ESTA-Plantillas-IG-Scuola-900-x-610-px-62.jpg","articleSection":["Actividades","Centro Cultural","Cultura","Noticias"],"inLanguage":"es"},{"@type":"WebPage","@id":"https:\/\/www.scuola.cl\/sivm\/32578-2\/","url":"https:\/\/www.scuola.cl\/sivm\/32578-2\/","name":"Inauguraci\u00f3n Expo Pop Art - Scuola Italiana","isPartOf":{"@id":"https:\/\/www.scuola.cl\/sivm\/#website"},"primaryImageOfPage":{"@id":"https:\/\/www.scuola.cl\/sivm\/32578-2\/#primaryimage"},"image":{"@id":"https:\/\/www.scuola.cl\/sivm\/32578-2\/#primaryimage"},"thumbnailUrl":"https:\/\/www.scuola.cl\/sivm\/wp-content\/uploads\/2026\/03\/USAR-ESTA-Plantillas-IG-Scuola-900-x-610-px-62.jpg","datePublished":"2026-03-12T11:14:30+00:00","dateModified":"2026-03-23T11:43:59+00:00","breadcrumb":{"@id":"https:\/\/www.scuola.cl\/sivm\/32578-2\/#breadcrumb"},"inLanguage":"es","potentialAction":[{"@type":"ReadAction","target":["https:\/\/www.scuola.cl\/sivm\/32578-2\/"]}]},{"@type":"ImageObject","inLanguage":"es","@id":"https:\/\/www.scuola.cl\/sivm\/32578-2\/#primaryimage","url":"https:\/\/www.scuola.cl\/sivm\/wp-content\/uploads\/2026\/03\/USAR-ESTA-Plantillas-IG-Scuola-900-x-610-px-62.jpg","contentUrl":"https:\/\/www.scuola.cl\/sivm\/wp-content\/uploads\/2026\/03\/USAR-ESTA-Plantillas-IG-Scuola-900-x-610-px-62.jpg","width":900,"height":610},{"@type":"BreadcrumbList","@id":"https:\/\/www.scuola.cl\/sivm\/32578-2\/#breadcrumb","itemListElement":[{"@type":"ListItem","position":1,"name":"Inicio","item":"https:\/\/www.scuola.cl\/sivm\/"},{"@type":"ListItem","position":2,"name":"Actividades","item":"https:\/\/www.scuola.cl\/sivm\/category\/actividades\/"},{"@type":"ListItem","position":3,"name":"Inauguraci\u00f3n Expo Pop Art"}]},{"@type":"WebSite","@id":"https:\/\/www.scuola.cl\/sivm\/#website","url":"https:\/\/www.scuola.cl\/sivm\/","name":"Scuola Italiana","description":"Vittorio Montiglio","publisher":{"@id":"https:\/\/www.scuola.cl\/sivm\/#organization"},"potentialAction":[{"@type":"SearchAction","target":{"@type":"EntryPoint","urlTemplate":"https:\/\/www.scuola.cl\/sivm\/?s={search_term_string}"},"query-input":{"@type":"PropertyValueSpecification","valueRequired":true,"valueName":"search_term_string"}}],"inLanguage":"es"},{"@type":"Organization","@id":"https:\/\/www.scuola.cl\/sivm\/#organization","name":"Scuola Italiana Vittorio Montiglio","url":"https:\/\/www.scuola.cl\/sivm\/","logo":{"@type":"ImageObject","inLanguage":"es","@id":"https:\/\/www.scuola.cl\/sivm\/#\/schema\/logo\/image\/","url":"https:\/\/www.scuola.cl\/sivm\/wp-content\/uploads\/2019\/06\/Logo_Scuola-01-001-1000x1000.png","contentUrl":"https:\/\/www.scuola.cl\/sivm\/wp-content\/uploads\/2019\/06\/Logo_Scuola-01-001-1000x1000.png","width":1000,"height":1000,"caption":"Scuola Italiana Vittorio Montiglio"},"image":{"@id":"https:\/\/www.scuola.cl\/sivm\/#\/schema\/logo\/image\/"}},{"@type":"Person","@id":"https:\/\/www.scuola.cl\/sivm\/#\/schema\/person\/2ac68abc1b548ee6d8e16c4d3727d1b2","name":"Comunicaciones","image":{"@type":"ImageObject","inLanguage":"es","@id":"https:\/\/www.scuola.cl\/sivm\/#\/schema\/person\/image\/","url":"https:\/\/secure.gravatar.com\/avatar\/0b29fd7cdce1ec9939eded19ce85d6ed73acf03fb52d098b0641aed356fe6aeb?s=96&d=mm&r=g","contentUrl":"https:\/\/secure.gravatar.com\/avatar\/0b29fd7cdce1ec9939eded19ce85d6ed73acf03fb52d098b0641aed356fe6aeb?s=96&d=mm&r=g","caption":"Comunicaciones"},"url":"https:\/\/www.scuola.cl\/sivm\/author\/comunicaciones-scuola\/"}]}},"_links":{"self":[{"href":"https:\/\/www.scuola.cl\/sivm\/wp-json\/wp\/v2\/posts\/32578","targetHints":{"allow":["GET"]}}],"collection":[{"href":"https:\/\/www.scuola.cl\/sivm\/wp-json\/wp\/v2\/posts"}],"about":[{"href":"https:\/\/www.scuola.cl\/sivm\/wp-json\/wp\/v2\/types\/post"}],"author":[{"embeddable":true,"href":"https:\/\/www.scuola.cl\/sivm\/wp-json\/wp\/v2\/users\/2"}],"replies":[{"embeddable":true,"href":"https:\/\/www.scuola.cl\/sivm\/wp-json\/wp\/v2\/comments?post=32578"}],"version-history":[{"count":11,"href":"https:\/\/www.scuola.cl\/sivm\/wp-json\/wp\/v2\/posts\/32578\/revisions"}],"predecessor-version":[{"id":32765,"href":"https:\/\/www.scuola.cl\/sivm\/wp-json\/wp\/v2\/posts\/32578\/revisions\/32765"}],"wp:featuredmedia":[{"embeddable":true,"href":"https:\/\/www.scuola.cl\/sivm\/wp-json\/wp\/v2\/media\/32579"}],"wp:attachment":[{"href":"https:\/\/www.scuola.cl\/sivm\/wp-json\/wp\/v2\/media?parent=32578"}],"wp:term":[{"taxonomy":"category","embeddable":true,"href":"https:\/\/www.scuola.cl\/sivm\/wp-json\/wp\/v2\/categories?post=32578"},{"taxonomy":"post_tag","embeddable":true,"href":"https:\/\/www.scuola.cl\/sivm\/wp-json\/wp\/v2\/tags?post=32578"}],"curies":[{"name":"wp","href":"https:\/\/api.w.org\/{rel}","templated":true}]}}