{"id":32486,"date":"2026-03-14T08:19:01","date_gmt":"2026-03-14T11:19:01","guid":{"rendered":"https:\/\/www.scuola.cl\/sivm\/?p=32486"},"modified":"2026-03-17T13:58:02","modified_gmt":"2026-03-17T16:58:02","slug":"obra-de-teatro-galilei","status":"publish","type":"post","link":"https:\/\/www.scuola.cl\/sivm\/obra-de-teatro-galilei\/","title":{"rendered":"Obra de teatro Galilei"},"content":{"rendered":"\n<p>El mi\u00e9rcoles 8 de abril a las 19:30 horas, en el Teatro Verdi, presentaremos la obra \u201cGalilei: Algunas mentiras sobre la verdad\u201d. En un innovador formato de teatro\u2013conferencia, el protagonista, el destacado actor Roberto Poblete, invita al p\u00fablico no solo a observar, sino tambi\u00e9n a participar activamente en una experiencia esc\u00e9nica din\u00e1mica y reflexiva.<\/p>\n<p>A partir de la vida y pensamiento de Galileo Galilei, la obra nos impulsa a cuestionar un mundo saturado de posverdad y fake news, gui\u00e1ndonos con humor, intensidad y cercan\u00eda a trav\u00e9s de un an\u00e1lisis que combina reflexi\u00f3n, emoci\u00f3n y entretenimiento.<\/p>\n<p>Se trata de una experiencia que fusiona historia, debate y actualidad y que nos invita a vivir el teatro como un verdadero espacio de encuentro, pensamiento cr\u00edtico y humanidad.<\/p>\n<p>Para mayores de 14 a\u00f1os.<\/p>\n<p>Duraci\u00f3n: 70 minutos.<\/p>\n<p>Entrada liberada.<\/p>\n<p><strong>Reservas de cupos al mail cultura@scuola.cl.<\/strong><\/p>\n<hr \/>\n<p>\u00a0<\/p>\n<p>In un innovativo formato di teatro-conferenza, questa produzione, con protagonista il celebre attore Roberto Poblete, invita il pubblico non solo a osservare, ma anche a partecipare attivamente.<\/p>\n<p>Ispirandosi alla vita e al pensiero di Galileo Galilei, lo spettacolo ci incoraggia a mettere in discussione un mondo saturo di post-verit\u00e0 e fake news, guidandoci con umorismo, intensit\u00e0 e intimit\u00e0 attraverso un&#8217;analisi che unisce riflessione, emozione e intrattenimento.<\/p>\n<p>\u00c8 un&#8217;esperienza che fonde storia, dibattito e attualit\u00e0, invitandoci a vivere il teatro come un vero spazio di incontro, pensiero critico e umanit\u00e0.<\/p>\n<p><strong>Informazioni sullo spettacolo:<\/strong><br \/>Data: mercoled\u00ec 8 aprile &#8211; 19:30<br \/>Luogo: Teatro Giuseppe Verdi \/ Avda. Las Flores 12707, Las Condes<br \/>Dai 14 anni in su<br \/>Durata: 70 minuti<br \/>Ingresso gratuito<br \/>Prenotazioni: cultura@scuola.cl<\/p>\n<p><img loading=\"lazy\" decoding=\"async\" width=\"700\" height=\"474\" class=\"alignnone size-large wp-image-32487\" src=\"https:\/\/www.scuola.cl\/sivm\/wp-content\/uploads\/2026\/03\/Afiche-Web-Galilei-700x474.jpg\" alt=\"\" srcset=\"https:\/\/www.scuola.cl\/sivm\/wp-content\/uploads\/2026\/03\/Afiche-Web-Galilei-700x474.jpg 700w, https:\/\/www.scuola.cl\/sivm\/wp-content\/uploads\/2026\/03\/Afiche-Web-Galilei-250x169.jpg 250w, https:\/\/www.scuola.cl\/sivm\/wp-content\/uploads\/2026\/03\/Afiche-Web-Galilei-768x521.jpg 768w, https:\/\/www.scuola.cl\/sivm\/wp-content\/uploads\/2026\/03\/Afiche-Web-Galilei-120x81.jpg 120w, https:\/\/www.scuola.cl\/sivm\/wp-content\/uploads\/2026\/03\/Afiche-Web-Galilei.jpg 900w\" sizes=\"auto, (max-width: 700px) 100vw, 700px\" \/><\/p>\n","protected":false},"excerpt":{"rendered":"El mi\u00e9rcoles 8 de abril a las 19:30 horas, en el Teatro Verdi, se presentar\u00e1 la obra \u201cGalilei: Algunas mentiras sobre la verdad\u201d. En formato de teatro &#8211; conferencia, el actor Roberto Poblete invita al p\u00fablico a esta experiencia.","protected":false},"author":2,"featured_media":32487,"comment_status":"closed","ping_status":"closed","sticky":false,"template":"","format":"standard","meta":{"_acf_changed":false,"footnotes":""},"categories":[18,22,5],"tags":[],"class_list":["post-32486","post","type-post","status-publish","format-standard","has-post-thumbnail","hentry","category-centrocultural","category-cultura","category-noticias"],"acf":[],"yoast_head":"<!-- This site is optimized with the Yoast SEO plugin v27.1.1 - https:\/\/yoast.com\/product\/yoast-seo-wordpress\/ -->\n<title>Obra de teatro Galilei - Scuola Italiana<\/title>\n<meta name=\"robots\" content=\"index, follow, max-snippet:-1, max-image-preview:large, max-video-preview:-1\" \/>\n<link rel=\"canonical\" href=\"https:\/\/www.scuola.cl\/sivm\/obra-de-teatro-galilei\/\" \/>\n<meta property=\"og:locale\" content=\"es_ES\" \/>\n<meta property=\"og:type\" content=\"article\" \/>\n<meta property=\"og:title\" content=\"Obra de teatro Galilei - Scuola Italiana\" \/>\n<meta property=\"og:description\" content=\"El mi\u00e9rcoles 8 de abril a las 19:30 horas, en el Teatro Verdi, se presentar\u00e1 la obra \u201cGalilei: Algunas mentiras sobre la verdad\u201d. En formato de teatro - conferencia, el actor Roberto Poblete invita al p\u00fablico a esta experiencia.\" \/>\n<meta property=\"og:url\" content=\"https:\/\/www.scuola.cl\/sivm\/obra-de-teatro-galilei\/\" \/>\n<meta property=\"og:site_name\" content=\"Scuola Italiana\" \/>\n<meta property=\"article:published_time\" content=\"2026-03-14T11:19:01+00:00\" \/>\n<meta property=\"article:modified_time\" content=\"2026-03-17T16:58:02+00:00\" \/>\n<meta property=\"og:image\" content=\"https:\/\/www.scuola.cl\/sivm\/wp-content\/uploads\/2026\/03\/Afiche-Web-Galilei.jpg\" \/>\n\t<meta property=\"og:image:width\" content=\"900\" \/>\n\t<meta property=\"og:image:height\" content=\"610\" \/>\n\t<meta property=\"og:image:type\" content=\"image\/jpeg\" \/>\n<meta name=\"author\" content=\"Comunicaciones\" \/>\n<meta name=\"twitter:card\" content=\"summary_large_image\" \/>\n<meta name=\"twitter:label1\" content=\"Escrito por\" \/>\n\t<meta name=\"twitter:data1\" content=\"Comunicaciones\" \/>\n\t<meta name=\"twitter:label2\" content=\"Tiempo de lectura\" \/>\n\t<meta name=\"twitter:data2\" content=\"2 minutos\" \/>\n<script type=\"application\/ld+json\" class=\"yoast-schema-graph\">{\"@context\":\"https:\/\/schema.org\",\"@graph\":[{\"@type\":\"Article\",\"@id\":\"https:\/\/www.scuola.cl\/sivm\/obra-de-teatro-galilei\/#article\",\"isPartOf\":{\"@id\":\"https:\/\/www.scuola.cl\/sivm\/obra-de-teatro-galilei\/\"},\"author\":{\"name\":\"Comunicaciones\",\"@id\":\"https:\/\/www.scuola.cl\/sivm\/#\/schema\/person\/2ac68abc1b548ee6d8e16c4d3727d1b2\"},\"headline\":\"Obra de teatro Galilei\",\"datePublished\":\"2026-03-14T11:19:01+00:00\",\"dateModified\":\"2026-03-17T16:58:02+00:00\",\"mainEntityOfPage\":{\"@id\":\"https:\/\/www.scuola.cl\/sivm\/obra-de-teatro-galilei\/\"},\"wordCount\":269,\"publisher\":{\"@id\":\"https:\/\/www.scuola.cl\/sivm\/#organization\"},\"image\":{\"@id\":\"https:\/\/www.scuola.cl\/sivm\/obra-de-teatro-galilei\/#primaryimage\"},\"thumbnailUrl\":\"https:\/\/www.scuola.cl\/sivm\/wp-content\/uploads\/2026\/03\/Afiche-Web-Galilei.jpg\",\"articleSection\":[\"Centro Cultural\",\"Cultura\",\"Noticias\"],\"inLanguage\":\"es\"},{\"@type\":\"WebPage\",\"@id\":\"https:\/\/www.scuola.cl\/sivm\/obra-de-teatro-galilei\/\",\"url\":\"https:\/\/www.scuola.cl\/sivm\/obra-de-teatro-galilei\/\",\"name\":\"Obra de teatro Galilei - Scuola Italiana\",\"isPartOf\":{\"@id\":\"https:\/\/www.scuola.cl\/sivm\/#website\"},\"primaryImageOfPage\":{\"@id\":\"https:\/\/www.scuola.cl\/sivm\/obra-de-teatro-galilei\/#primaryimage\"},\"image\":{\"@id\":\"https:\/\/www.scuola.cl\/sivm\/obra-de-teatro-galilei\/#primaryimage\"},\"thumbnailUrl\":\"https:\/\/www.scuola.cl\/sivm\/wp-content\/uploads\/2026\/03\/Afiche-Web-Galilei.jpg\",\"datePublished\":\"2026-03-14T11:19:01+00:00\",\"dateModified\":\"2026-03-17T16:58:02+00:00\",\"breadcrumb\":{\"@id\":\"https:\/\/www.scuola.cl\/sivm\/obra-de-teatro-galilei\/#breadcrumb\"},\"inLanguage\":\"es\",\"potentialAction\":[{\"@type\":\"ReadAction\",\"target\":[\"https:\/\/www.scuola.cl\/sivm\/obra-de-teatro-galilei\/\"]}]},{\"@type\":\"ImageObject\",\"inLanguage\":\"es\",\"@id\":\"https:\/\/www.scuola.cl\/sivm\/obra-de-teatro-galilei\/#primaryimage\",\"url\":\"https:\/\/www.scuola.cl\/sivm\/wp-content\/uploads\/2026\/03\/Afiche-Web-Galilei.jpg\",\"contentUrl\":\"https:\/\/www.scuola.cl\/sivm\/wp-content\/uploads\/2026\/03\/Afiche-Web-Galilei.jpg\",\"width\":900,\"height\":610},{\"@type\":\"BreadcrumbList\",\"@id\":\"https:\/\/www.scuola.cl\/sivm\/obra-de-teatro-galilei\/#breadcrumb\",\"itemListElement\":[{\"@type\":\"ListItem\",\"position\":1,\"name\":\"Inicio\",\"item\":\"https:\/\/www.scuola.cl\/sivm\/\"},{\"@type\":\"ListItem\",\"position\":2,\"name\":\"Centro Cultural\",\"item\":\"https:\/\/www.scuola.cl\/sivm\/category\/centrocultural\/\"},{\"@type\":\"ListItem\",\"position\":3,\"name\":\"Obra de teatro Galilei\"}]},{\"@type\":\"WebSite\",\"@id\":\"https:\/\/www.scuola.cl\/sivm\/#website\",\"url\":\"https:\/\/www.scuola.cl\/sivm\/\",\"name\":\"Scuola Italiana\",\"description\":\"Vittorio Montiglio\",\"publisher\":{\"@id\":\"https:\/\/www.scuola.cl\/sivm\/#organization\"},\"potentialAction\":[{\"@type\":\"SearchAction\",\"target\":{\"@type\":\"EntryPoint\",\"urlTemplate\":\"https:\/\/www.scuola.cl\/sivm\/?s={search_term_string}\"},\"query-input\":{\"@type\":\"PropertyValueSpecification\",\"valueRequired\":true,\"valueName\":\"search_term_string\"}}],\"inLanguage\":\"es\"},{\"@type\":\"Organization\",\"@id\":\"https:\/\/www.scuola.cl\/sivm\/#organization\",\"name\":\"Scuola Italiana Vittorio Montiglio\",\"url\":\"https:\/\/www.scuola.cl\/sivm\/\",\"logo\":{\"@type\":\"ImageObject\",\"inLanguage\":\"es\",\"@id\":\"https:\/\/www.scuola.cl\/sivm\/#\/schema\/logo\/image\/\",\"url\":\"https:\/\/www.scuola.cl\/sivm\/wp-content\/uploads\/2019\/06\/Logo_Scuola-01-001-1000x1000.png\",\"contentUrl\":\"https:\/\/www.scuola.cl\/sivm\/wp-content\/uploads\/2019\/06\/Logo_Scuola-01-001-1000x1000.png\",\"width\":1000,\"height\":1000,\"caption\":\"Scuola Italiana Vittorio Montiglio\"},\"image\":{\"@id\":\"https:\/\/www.scuola.cl\/sivm\/#\/schema\/logo\/image\/\"}},{\"@type\":\"Person\",\"@id\":\"https:\/\/www.scuola.cl\/sivm\/#\/schema\/person\/2ac68abc1b548ee6d8e16c4d3727d1b2\",\"name\":\"Comunicaciones\",\"image\":{\"@type\":\"ImageObject\",\"inLanguage\":\"es\",\"@id\":\"https:\/\/www.scuola.cl\/sivm\/#\/schema\/person\/image\/\",\"url\":\"https:\/\/secure.gravatar.com\/avatar\/0b29fd7cdce1ec9939eded19ce85d6ed73acf03fb52d098b0641aed356fe6aeb?s=96&d=mm&r=g\",\"contentUrl\":\"https:\/\/secure.gravatar.com\/avatar\/0b29fd7cdce1ec9939eded19ce85d6ed73acf03fb52d098b0641aed356fe6aeb?s=96&d=mm&r=g\",\"caption\":\"Comunicaciones\"},\"url\":\"https:\/\/www.scuola.cl\/sivm\/author\/comunicaciones-scuola\/\"}]}<\/script>\n<!-- \/ Yoast SEO plugin. -->","yoast_head_json":{"title":"Obra de teatro Galilei - Scuola Italiana","robots":{"index":"index","follow":"follow","max-snippet":"max-snippet:-1","max-image-preview":"max-image-preview:large","max-video-preview":"max-video-preview:-1"},"canonical":"https:\/\/www.scuola.cl\/sivm\/obra-de-teatro-galilei\/","og_locale":"es_ES","og_type":"article","og_title":"Obra de teatro Galilei - Scuola Italiana","og_description":"El mi\u00e9rcoles 8 de abril a las 19:30 horas, en el Teatro Verdi, se presentar\u00e1 la obra \u201cGalilei: Algunas mentiras sobre la verdad\u201d. En formato de teatro - conferencia, el actor Roberto Poblete invita al p\u00fablico a esta experiencia.","og_url":"https:\/\/www.scuola.cl\/sivm\/obra-de-teatro-galilei\/","og_site_name":"Scuola Italiana","article_published_time":"2026-03-14T11:19:01+00:00","article_modified_time":"2026-03-17T16:58:02+00:00","og_image":[{"width":900,"height":610,"url":"https:\/\/www.scuola.cl\/sivm\/wp-content\/uploads\/2026\/03\/Afiche-Web-Galilei.jpg","type":"image\/jpeg"}],"author":"Comunicaciones","twitter_card":"summary_large_image","twitter_misc":{"Escrito por":"Comunicaciones","Tiempo de lectura":"2 minutos"},"schema":{"@context":"https:\/\/schema.org","@graph":[{"@type":"Article","@id":"https:\/\/www.scuola.cl\/sivm\/obra-de-teatro-galilei\/#article","isPartOf":{"@id":"https:\/\/www.scuola.cl\/sivm\/obra-de-teatro-galilei\/"},"author":{"name":"Comunicaciones","@id":"https:\/\/www.scuola.cl\/sivm\/#\/schema\/person\/2ac68abc1b548ee6d8e16c4d3727d1b2"},"headline":"Obra de teatro Galilei","datePublished":"2026-03-14T11:19:01+00:00","dateModified":"2026-03-17T16:58:02+00:00","mainEntityOfPage":{"@id":"https:\/\/www.scuola.cl\/sivm\/obra-de-teatro-galilei\/"},"wordCount":269,"publisher":{"@id":"https:\/\/www.scuola.cl\/sivm\/#organization"},"image":{"@id":"https:\/\/www.scuola.cl\/sivm\/obra-de-teatro-galilei\/#primaryimage"},"thumbnailUrl":"https:\/\/www.scuola.cl\/sivm\/wp-content\/uploads\/2026\/03\/Afiche-Web-Galilei.jpg","articleSection":["Centro Cultural","Cultura","Noticias"],"inLanguage":"es"},{"@type":"WebPage","@id":"https:\/\/www.scuola.cl\/sivm\/obra-de-teatro-galilei\/","url":"https:\/\/www.scuola.cl\/sivm\/obra-de-teatro-galilei\/","name":"Obra de teatro Galilei - Scuola Italiana","isPartOf":{"@id":"https:\/\/www.scuola.cl\/sivm\/#website"},"primaryImageOfPage":{"@id":"https:\/\/www.scuola.cl\/sivm\/obra-de-teatro-galilei\/#primaryimage"},"image":{"@id":"https:\/\/www.scuola.cl\/sivm\/obra-de-teatro-galilei\/#primaryimage"},"thumbnailUrl":"https:\/\/www.scuola.cl\/sivm\/wp-content\/uploads\/2026\/03\/Afiche-Web-Galilei.jpg","datePublished":"2026-03-14T11:19:01+00:00","dateModified":"2026-03-17T16:58:02+00:00","breadcrumb":{"@id":"https:\/\/www.scuola.cl\/sivm\/obra-de-teatro-galilei\/#breadcrumb"},"inLanguage":"es","potentialAction":[{"@type":"ReadAction","target":["https:\/\/www.scuola.cl\/sivm\/obra-de-teatro-galilei\/"]}]},{"@type":"ImageObject","inLanguage":"es","@id":"https:\/\/www.scuola.cl\/sivm\/obra-de-teatro-galilei\/#primaryimage","url":"https:\/\/www.scuola.cl\/sivm\/wp-content\/uploads\/2026\/03\/Afiche-Web-Galilei.jpg","contentUrl":"https:\/\/www.scuola.cl\/sivm\/wp-content\/uploads\/2026\/03\/Afiche-Web-Galilei.jpg","width":900,"height":610},{"@type":"BreadcrumbList","@id":"https:\/\/www.scuola.cl\/sivm\/obra-de-teatro-galilei\/#breadcrumb","itemListElement":[{"@type":"ListItem","position":1,"name":"Inicio","item":"https:\/\/www.scuola.cl\/sivm\/"},{"@type":"ListItem","position":2,"name":"Centro Cultural","item":"https:\/\/www.scuola.cl\/sivm\/category\/centrocultural\/"},{"@type":"ListItem","position":3,"name":"Obra de teatro Galilei"}]},{"@type":"WebSite","@id":"https:\/\/www.scuola.cl\/sivm\/#website","url":"https:\/\/www.scuola.cl\/sivm\/","name":"Scuola Italiana","description":"Vittorio Montiglio","publisher":{"@id":"https:\/\/www.scuola.cl\/sivm\/#organization"},"potentialAction":[{"@type":"SearchAction","target":{"@type":"EntryPoint","urlTemplate":"https:\/\/www.scuola.cl\/sivm\/?s={search_term_string}"},"query-input":{"@type":"PropertyValueSpecification","valueRequired":true,"valueName":"search_term_string"}}],"inLanguage":"es"},{"@type":"Organization","@id":"https:\/\/www.scuola.cl\/sivm\/#organization","name":"Scuola Italiana Vittorio Montiglio","url":"https:\/\/www.scuola.cl\/sivm\/","logo":{"@type":"ImageObject","inLanguage":"es","@id":"https:\/\/www.scuola.cl\/sivm\/#\/schema\/logo\/image\/","url":"https:\/\/www.scuola.cl\/sivm\/wp-content\/uploads\/2019\/06\/Logo_Scuola-01-001-1000x1000.png","contentUrl":"https:\/\/www.scuola.cl\/sivm\/wp-content\/uploads\/2019\/06\/Logo_Scuola-01-001-1000x1000.png","width":1000,"height":1000,"caption":"Scuola Italiana Vittorio Montiglio"},"image":{"@id":"https:\/\/www.scuola.cl\/sivm\/#\/schema\/logo\/image\/"}},{"@type":"Person","@id":"https:\/\/www.scuola.cl\/sivm\/#\/schema\/person\/2ac68abc1b548ee6d8e16c4d3727d1b2","name":"Comunicaciones","image":{"@type":"ImageObject","inLanguage":"es","@id":"https:\/\/www.scuola.cl\/sivm\/#\/schema\/person\/image\/","url":"https:\/\/secure.gravatar.com\/avatar\/0b29fd7cdce1ec9939eded19ce85d6ed73acf03fb52d098b0641aed356fe6aeb?s=96&d=mm&r=g","contentUrl":"https:\/\/secure.gravatar.com\/avatar\/0b29fd7cdce1ec9939eded19ce85d6ed73acf03fb52d098b0641aed356fe6aeb?s=96&d=mm&r=g","caption":"Comunicaciones"},"url":"https:\/\/www.scuola.cl\/sivm\/author\/comunicaciones-scuola\/"}]}},"_links":{"self":[{"href":"https:\/\/www.scuola.cl\/sivm\/wp-json\/wp\/v2\/posts\/32486","targetHints":{"allow":["GET"]}}],"collection":[{"href":"https:\/\/www.scuola.cl\/sivm\/wp-json\/wp\/v2\/posts"}],"about":[{"href":"https:\/\/www.scuola.cl\/sivm\/wp-json\/wp\/v2\/types\/post"}],"author":[{"embeddable":true,"href":"https:\/\/www.scuola.cl\/sivm\/wp-json\/wp\/v2\/users\/2"}],"replies":[{"embeddable":true,"href":"https:\/\/www.scuola.cl\/sivm\/wp-json\/wp\/v2\/comments?post=32486"}],"version-history":[{"count":13,"href":"https:\/\/www.scuola.cl\/sivm\/wp-json\/wp\/v2\/posts\/32486\/revisions"}],"predecessor-version":[{"id":32599,"href":"https:\/\/www.scuola.cl\/sivm\/wp-json\/wp\/v2\/posts\/32486\/revisions\/32599"}],"wp:featuredmedia":[{"embeddable":true,"href":"https:\/\/www.scuola.cl\/sivm\/wp-json\/wp\/v2\/media\/32487"}],"wp:attachment":[{"href":"https:\/\/www.scuola.cl\/sivm\/wp-json\/wp\/v2\/media?parent=32486"}],"wp:term":[{"taxonomy":"category","embeddable":true,"href":"https:\/\/www.scuola.cl\/sivm\/wp-json\/wp\/v2\/categories?post=32486"},{"taxonomy":"post_tag","embeddable":true,"href":"https:\/\/www.scuola.cl\/sivm\/wp-json\/wp\/v2\/tags?post=32486"}],"curies":[{"name":"wp","href":"https:\/\/api.w.org\/{rel}","templated":true}]}}