{"id":32138,"date":"2025-12-11T08:19:56","date_gmt":"2025-12-11T11:19:56","guid":{"rendered":"https:\/\/www.scuola.cl\/sivm\/?p=32138"},"modified":"2025-12-11T08:54:54","modified_gmt":"2025-12-11T11:54:54","slug":"visita-delegacion-de-vicenza","status":"publish","type":"post","link":"https:\/\/www.scuola.cl\/sivm\/visita-delegacion-de-vicenza\/","title":{"rendered":"Visita Delegaci\u00f3n de Vicenza"},"content":{"rendered":"\n<p>El martes 11 de noviembre recibimos la visita oficial de una delegaci\u00f3n proveniente de Vicenza, Italia, en el marco de su recorrido por Chile que incluy\u00f3 las ciudades de Punta Arenas y Santiago. La comitiva estuvo integrada por el Presidente de la C\u00e1mara de Comercio, adem\u00e1s de destacados representantes del \u00e1mbito acad\u00e9mico, cultural y econ\u00f3mico de la regi\u00f3n italiana.<\/p>\n<p>La visita tuvo como prop\u00f3sito conocer a nuestra Rectora, al Consigliere Emilio Modolo y recorrer las instalaciones de la Scuola Italiana. Los invitados quedaron impresionados con la estructura de nuestro establecimiento.<\/p>\n<p>Uno de los momentos m\u00e1s relevantes de la visita fue el gesto del Presidente de la Accademia Ol\u00edmpica de Vicenza, instituci\u00f3n fundada en 1555, quien realiz\u00f3 una donaci\u00f3n de ejemplares de Pigafetta para la Biblioteca de la Scuola Italiana Vittorio Montiglio. Esta contribuci\u00f3n enriquece nuestro patrimonio cultural y refuerza el v\u00ednculo hist\u00f3rico que une a ambas comunidades.<\/p>\n<p>Agradecemos la presencia de la delegaci\u00f3n de Vicenza y reafirmamos nuestro compromiso con la promoci\u00f3n del intercambio cultural y acad\u00e9mico entre Chile e Italia.<\/p>\n<p><a href=\"https:\/\/drive.google.com\/drive\/folders\/1iyBxcRA-FER4QooJMAW34nAjcZbYiXfF?usp=sharing\" target=\"_blank\" rel=\"noopener\">Ver fotos<\/a><\/p>\n<p><img loading=\"lazy\" decoding=\"async\" width=\"700\" height=\"474\" class=\"alignnone size-large wp-image-32139\" src=\"https:\/\/www.scuola.cl\/sivm\/wp-content\/uploads\/2025\/12\/web-Vicenza-700x474.jpg\" alt=\"\" srcset=\"https:\/\/www.scuola.cl\/sivm\/wp-content\/uploads\/2025\/12\/web-Vicenza-700x474.jpg 700w, https:\/\/www.scuola.cl\/sivm\/wp-content\/uploads\/2025\/12\/web-Vicenza-250x169.jpg 250w, https:\/\/www.scuola.cl\/sivm\/wp-content\/uploads\/2025\/12\/web-Vicenza-768x521.jpg 768w, https:\/\/www.scuola.cl\/sivm\/wp-content\/uploads\/2025\/12\/web-Vicenza-120x81.jpg 120w, https:\/\/www.scuola.cl\/sivm\/wp-content\/uploads\/2025\/12\/web-Vicenza.jpg 900w\" sizes=\"auto, (max-width: 700px) 100vw, 700px\" \/><\/p>\n<p>\u00a0<\/p>\n","protected":false},"excerpt":{"rendered":"El martes 11 de noviembre recibimos la visita oficial de una delegaci\u00f3n proveniente de Vicenza, Italia, en el marco de su recorrido por Chile que incluy\u00f3 las ciudades de Punta Arenas y Santiago. ","protected":false},"author":2,"featured_media":32139,"comment_status":"closed","ping_status":"closed","sticky":false,"template":"","format":"standard","meta":{"_acf_changed":false,"footnotes":""},"categories":[6,5,24],"tags":[],"class_list":["post-32138","post","type-post","status-publish","format-standard","has-post-thumbnail","hentry","category-actividades","category-noticias","category-scuola"],"acf":[],"yoast_head":"<!-- This site is optimized with the Yoast SEO plugin v27.1.1 - https:\/\/yoast.com\/product\/yoast-seo-wordpress\/ -->\n<title>Visita Delegaci\u00f3n de Vicenza - Scuola Italiana<\/title>\n<meta name=\"robots\" content=\"index, follow, max-snippet:-1, max-image-preview:large, max-video-preview:-1\" \/>\n<link rel=\"canonical\" href=\"https:\/\/www.scuola.cl\/sivm\/visita-delegacion-de-vicenza\/\" \/>\n<meta property=\"og:locale\" content=\"es_ES\" \/>\n<meta property=\"og:type\" content=\"article\" \/>\n<meta property=\"og:title\" content=\"Visita Delegaci\u00f3n de Vicenza - Scuola Italiana\" \/>\n<meta property=\"og:description\" content=\"El martes 11 de noviembre recibimos la visita oficial de una delegaci\u00f3n proveniente de Vicenza, Italia, en el marco de su recorrido por Chile que incluy\u00f3 las ciudades de Punta Arenas y Santiago.\" \/>\n<meta property=\"og:url\" content=\"https:\/\/www.scuola.cl\/sivm\/visita-delegacion-de-vicenza\/\" \/>\n<meta property=\"og:site_name\" content=\"Scuola Italiana\" \/>\n<meta property=\"article:published_time\" content=\"2025-12-11T11:19:56+00:00\" \/>\n<meta property=\"article:modified_time\" content=\"2025-12-11T11:54:54+00:00\" \/>\n<meta property=\"og:image\" content=\"https:\/\/www.scuola.cl\/sivm\/wp-content\/uploads\/2025\/12\/web-Vicenza.jpg\" \/>\n\t<meta property=\"og:image:width\" content=\"900\" \/>\n\t<meta property=\"og:image:height\" content=\"610\" \/>\n\t<meta property=\"og:image:type\" content=\"image\/jpeg\" \/>\n<meta name=\"author\" content=\"Comunicaciones\" \/>\n<meta name=\"twitter:card\" content=\"summary_large_image\" \/>\n<meta name=\"twitter:label1\" content=\"Escrito por\" \/>\n\t<meta name=\"twitter:data1\" content=\"Comunicaciones\" \/>\n\t<meta name=\"twitter:label2\" content=\"Tiempo de lectura\" \/>\n\t<meta name=\"twitter:data2\" content=\"2 minutos\" \/>\n<script type=\"application\/ld+json\" class=\"yoast-schema-graph\">{\"@context\":\"https:\/\/schema.org\",\"@graph\":[{\"@type\":\"Article\",\"@id\":\"https:\/\/www.scuola.cl\/sivm\/visita-delegacion-de-vicenza\/#article\",\"isPartOf\":{\"@id\":\"https:\/\/www.scuola.cl\/sivm\/visita-delegacion-de-vicenza\/\"},\"author\":{\"name\":\"Comunicaciones\",\"@id\":\"https:\/\/www.scuola.cl\/sivm\/#\/schema\/person\/2ac68abc1b548ee6d8e16c4d3727d1b2\"},\"headline\":\"Visita Delegaci\u00f3n de Vicenza\",\"datePublished\":\"2025-12-11T11:19:56+00:00\",\"dateModified\":\"2025-12-11T11:54:54+00:00\",\"mainEntityOfPage\":{\"@id\":\"https:\/\/www.scuola.cl\/sivm\/visita-delegacion-de-vicenza\/\"},\"wordCount\":193,\"publisher\":{\"@id\":\"https:\/\/www.scuola.cl\/sivm\/#organization\"},\"image\":{\"@id\":\"https:\/\/www.scuola.cl\/sivm\/visita-delegacion-de-vicenza\/#primaryimage\"},\"thumbnailUrl\":\"https:\/\/www.scuola.cl\/sivm\/wp-content\/uploads\/2025\/12\/web-Vicenza.jpg\",\"articleSection\":[\"Actividades\",\"Noticias\",\"Scuola\"],\"inLanguage\":\"es\"},{\"@type\":\"WebPage\",\"@id\":\"https:\/\/www.scuola.cl\/sivm\/visita-delegacion-de-vicenza\/\",\"url\":\"https:\/\/www.scuola.cl\/sivm\/visita-delegacion-de-vicenza\/\",\"name\":\"Visita Delegaci\u00f3n de Vicenza - Scuola Italiana\",\"isPartOf\":{\"@id\":\"https:\/\/www.scuola.cl\/sivm\/#website\"},\"primaryImageOfPage\":{\"@id\":\"https:\/\/www.scuola.cl\/sivm\/visita-delegacion-de-vicenza\/#primaryimage\"},\"image\":{\"@id\":\"https:\/\/www.scuola.cl\/sivm\/visita-delegacion-de-vicenza\/#primaryimage\"},\"thumbnailUrl\":\"https:\/\/www.scuola.cl\/sivm\/wp-content\/uploads\/2025\/12\/web-Vicenza.jpg\",\"datePublished\":\"2025-12-11T11:19:56+00:00\",\"dateModified\":\"2025-12-11T11:54:54+00:00\",\"breadcrumb\":{\"@id\":\"https:\/\/www.scuola.cl\/sivm\/visita-delegacion-de-vicenza\/#breadcrumb\"},\"inLanguage\":\"es\",\"potentialAction\":[{\"@type\":\"ReadAction\",\"target\":[\"https:\/\/www.scuola.cl\/sivm\/visita-delegacion-de-vicenza\/\"]}]},{\"@type\":\"ImageObject\",\"inLanguage\":\"es\",\"@id\":\"https:\/\/www.scuola.cl\/sivm\/visita-delegacion-de-vicenza\/#primaryimage\",\"url\":\"https:\/\/www.scuola.cl\/sivm\/wp-content\/uploads\/2025\/12\/web-Vicenza.jpg\",\"contentUrl\":\"https:\/\/www.scuola.cl\/sivm\/wp-content\/uploads\/2025\/12\/web-Vicenza.jpg\",\"width\":900,\"height\":610},{\"@type\":\"BreadcrumbList\",\"@id\":\"https:\/\/www.scuola.cl\/sivm\/visita-delegacion-de-vicenza\/#breadcrumb\",\"itemListElement\":[{\"@type\":\"ListItem\",\"position\":1,\"name\":\"Inicio\",\"item\":\"https:\/\/www.scuola.cl\/sivm\/\"},{\"@type\":\"ListItem\",\"position\":2,\"name\":\"Actividades\",\"item\":\"https:\/\/www.scuola.cl\/sivm\/category\/actividades\/\"},{\"@type\":\"ListItem\",\"position\":3,\"name\":\"Visita Delegaci\u00f3n de Vicenza\"}]},{\"@type\":\"WebSite\",\"@id\":\"https:\/\/www.scuola.cl\/sivm\/#website\",\"url\":\"https:\/\/www.scuola.cl\/sivm\/\",\"name\":\"Scuola Italiana\",\"description\":\"Vittorio Montiglio\",\"publisher\":{\"@id\":\"https:\/\/www.scuola.cl\/sivm\/#organization\"},\"potentialAction\":[{\"@type\":\"SearchAction\",\"target\":{\"@type\":\"EntryPoint\",\"urlTemplate\":\"https:\/\/www.scuola.cl\/sivm\/?s={search_term_string}\"},\"query-input\":{\"@type\":\"PropertyValueSpecification\",\"valueRequired\":true,\"valueName\":\"search_term_string\"}}],\"inLanguage\":\"es\"},{\"@type\":\"Organization\",\"@id\":\"https:\/\/www.scuola.cl\/sivm\/#organization\",\"name\":\"Scuola Italiana Vittorio Montiglio\",\"url\":\"https:\/\/www.scuola.cl\/sivm\/\",\"logo\":{\"@type\":\"ImageObject\",\"inLanguage\":\"es\",\"@id\":\"https:\/\/www.scuola.cl\/sivm\/#\/schema\/logo\/image\/\",\"url\":\"https:\/\/www.scuola.cl\/sivm\/wp-content\/uploads\/2019\/06\/Logo_Scuola-01-001-1000x1000.png\",\"contentUrl\":\"https:\/\/www.scuola.cl\/sivm\/wp-content\/uploads\/2019\/06\/Logo_Scuola-01-001-1000x1000.png\",\"width\":1000,\"height\":1000,\"caption\":\"Scuola Italiana Vittorio Montiglio\"},\"image\":{\"@id\":\"https:\/\/www.scuola.cl\/sivm\/#\/schema\/logo\/image\/\"}},{\"@type\":\"Person\",\"@id\":\"https:\/\/www.scuola.cl\/sivm\/#\/schema\/person\/2ac68abc1b548ee6d8e16c4d3727d1b2\",\"name\":\"Comunicaciones\",\"image\":{\"@type\":\"ImageObject\",\"inLanguage\":\"es\",\"@id\":\"https:\/\/www.scuola.cl\/sivm\/#\/schema\/person\/image\/\",\"url\":\"https:\/\/secure.gravatar.com\/avatar\/0b29fd7cdce1ec9939eded19ce85d6ed73acf03fb52d098b0641aed356fe6aeb?s=96&d=mm&r=g\",\"contentUrl\":\"https:\/\/secure.gravatar.com\/avatar\/0b29fd7cdce1ec9939eded19ce85d6ed73acf03fb52d098b0641aed356fe6aeb?s=96&d=mm&r=g\",\"caption\":\"Comunicaciones\"},\"url\":\"https:\/\/www.scuola.cl\/sivm\/author\/comunicaciones-scuola\/\"}]}<\/script>\n<!-- \/ Yoast SEO plugin. -->","yoast_head_json":{"title":"Visita Delegaci\u00f3n de Vicenza - Scuola Italiana","robots":{"index":"index","follow":"follow","max-snippet":"max-snippet:-1","max-image-preview":"max-image-preview:large","max-video-preview":"max-video-preview:-1"},"canonical":"https:\/\/www.scuola.cl\/sivm\/visita-delegacion-de-vicenza\/","og_locale":"es_ES","og_type":"article","og_title":"Visita Delegaci\u00f3n de Vicenza - Scuola Italiana","og_description":"El martes 11 de noviembre recibimos la visita oficial de una delegaci\u00f3n proveniente de Vicenza, Italia, en el marco de su recorrido por Chile que incluy\u00f3 las ciudades de Punta Arenas y Santiago.","og_url":"https:\/\/www.scuola.cl\/sivm\/visita-delegacion-de-vicenza\/","og_site_name":"Scuola Italiana","article_published_time":"2025-12-11T11:19:56+00:00","article_modified_time":"2025-12-11T11:54:54+00:00","og_image":[{"width":900,"height":610,"url":"https:\/\/www.scuola.cl\/sivm\/wp-content\/uploads\/2025\/12\/web-Vicenza.jpg","type":"image\/jpeg"}],"author":"Comunicaciones","twitter_card":"summary_large_image","twitter_misc":{"Escrito por":"Comunicaciones","Tiempo de lectura":"2 minutos"},"schema":{"@context":"https:\/\/schema.org","@graph":[{"@type":"Article","@id":"https:\/\/www.scuola.cl\/sivm\/visita-delegacion-de-vicenza\/#article","isPartOf":{"@id":"https:\/\/www.scuola.cl\/sivm\/visita-delegacion-de-vicenza\/"},"author":{"name":"Comunicaciones","@id":"https:\/\/www.scuola.cl\/sivm\/#\/schema\/person\/2ac68abc1b548ee6d8e16c4d3727d1b2"},"headline":"Visita Delegaci\u00f3n de Vicenza","datePublished":"2025-12-11T11:19:56+00:00","dateModified":"2025-12-11T11:54:54+00:00","mainEntityOfPage":{"@id":"https:\/\/www.scuola.cl\/sivm\/visita-delegacion-de-vicenza\/"},"wordCount":193,"publisher":{"@id":"https:\/\/www.scuola.cl\/sivm\/#organization"},"image":{"@id":"https:\/\/www.scuola.cl\/sivm\/visita-delegacion-de-vicenza\/#primaryimage"},"thumbnailUrl":"https:\/\/www.scuola.cl\/sivm\/wp-content\/uploads\/2025\/12\/web-Vicenza.jpg","articleSection":["Actividades","Noticias","Scuola"],"inLanguage":"es"},{"@type":"WebPage","@id":"https:\/\/www.scuola.cl\/sivm\/visita-delegacion-de-vicenza\/","url":"https:\/\/www.scuola.cl\/sivm\/visita-delegacion-de-vicenza\/","name":"Visita Delegaci\u00f3n de Vicenza - Scuola Italiana","isPartOf":{"@id":"https:\/\/www.scuola.cl\/sivm\/#website"},"primaryImageOfPage":{"@id":"https:\/\/www.scuola.cl\/sivm\/visita-delegacion-de-vicenza\/#primaryimage"},"image":{"@id":"https:\/\/www.scuola.cl\/sivm\/visita-delegacion-de-vicenza\/#primaryimage"},"thumbnailUrl":"https:\/\/www.scuola.cl\/sivm\/wp-content\/uploads\/2025\/12\/web-Vicenza.jpg","datePublished":"2025-12-11T11:19:56+00:00","dateModified":"2025-12-11T11:54:54+00:00","breadcrumb":{"@id":"https:\/\/www.scuola.cl\/sivm\/visita-delegacion-de-vicenza\/#breadcrumb"},"inLanguage":"es","potentialAction":[{"@type":"ReadAction","target":["https:\/\/www.scuola.cl\/sivm\/visita-delegacion-de-vicenza\/"]}]},{"@type":"ImageObject","inLanguage":"es","@id":"https:\/\/www.scuola.cl\/sivm\/visita-delegacion-de-vicenza\/#primaryimage","url":"https:\/\/www.scuola.cl\/sivm\/wp-content\/uploads\/2025\/12\/web-Vicenza.jpg","contentUrl":"https:\/\/www.scuola.cl\/sivm\/wp-content\/uploads\/2025\/12\/web-Vicenza.jpg","width":900,"height":610},{"@type":"BreadcrumbList","@id":"https:\/\/www.scuola.cl\/sivm\/visita-delegacion-de-vicenza\/#breadcrumb","itemListElement":[{"@type":"ListItem","position":1,"name":"Inicio","item":"https:\/\/www.scuola.cl\/sivm\/"},{"@type":"ListItem","position":2,"name":"Actividades","item":"https:\/\/www.scuola.cl\/sivm\/category\/actividades\/"},{"@type":"ListItem","position":3,"name":"Visita Delegaci\u00f3n de Vicenza"}]},{"@type":"WebSite","@id":"https:\/\/www.scuola.cl\/sivm\/#website","url":"https:\/\/www.scuola.cl\/sivm\/","name":"Scuola Italiana","description":"Vittorio Montiglio","publisher":{"@id":"https:\/\/www.scuola.cl\/sivm\/#organization"},"potentialAction":[{"@type":"SearchAction","target":{"@type":"EntryPoint","urlTemplate":"https:\/\/www.scuola.cl\/sivm\/?s={search_term_string}"},"query-input":{"@type":"PropertyValueSpecification","valueRequired":true,"valueName":"search_term_string"}}],"inLanguage":"es"},{"@type":"Organization","@id":"https:\/\/www.scuola.cl\/sivm\/#organization","name":"Scuola Italiana Vittorio Montiglio","url":"https:\/\/www.scuola.cl\/sivm\/","logo":{"@type":"ImageObject","inLanguage":"es","@id":"https:\/\/www.scuola.cl\/sivm\/#\/schema\/logo\/image\/","url":"https:\/\/www.scuola.cl\/sivm\/wp-content\/uploads\/2019\/06\/Logo_Scuola-01-001-1000x1000.png","contentUrl":"https:\/\/www.scuola.cl\/sivm\/wp-content\/uploads\/2019\/06\/Logo_Scuola-01-001-1000x1000.png","width":1000,"height":1000,"caption":"Scuola Italiana Vittorio Montiglio"},"image":{"@id":"https:\/\/www.scuola.cl\/sivm\/#\/schema\/logo\/image\/"}},{"@type":"Person","@id":"https:\/\/www.scuola.cl\/sivm\/#\/schema\/person\/2ac68abc1b548ee6d8e16c4d3727d1b2","name":"Comunicaciones","image":{"@type":"ImageObject","inLanguage":"es","@id":"https:\/\/www.scuola.cl\/sivm\/#\/schema\/person\/image\/","url":"https:\/\/secure.gravatar.com\/avatar\/0b29fd7cdce1ec9939eded19ce85d6ed73acf03fb52d098b0641aed356fe6aeb?s=96&d=mm&r=g","contentUrl":"https:\/\/secure.gravatar.com\/avatar\/0b29fd7cdce1ec9939eded19ce85d6ed73acf03fb52d098b0641aed356fe6aeb?s=96&d=mm&r=g","caption":"Comunicaciones"},"url":"https:\/\/www.scuola.cl\/sivm\/author\/comunicaciones-scuola\/"}]}},"_links":{"self":[{"href":"https:\/\/www.scuola.cl\/sivm\/wp-json\/wp\/v2\/posts\/32138","targetHints":{"allow":["GET"]}}],"collection":[{"href":"https:\/\/www.scuola.cl\/sivm\/wp-json\/wp\/v2\/posts"}],"about":[{"href":"https:\/\/www.scuola.cl\/sivm\/wp-json\/wp\/v2\/types\/post"}],"author":[{"embeddable":true,"href":"https:\/\/www.scuola.cl\/sivm\/wp-json\/wp\/v2\/users\/2"}],"replies":[{"embeddable":true,"href":"https:\/\/www.scuola.cl\/sivm\/wp-json\/wp\/v2\/comments?post=32138"}],"version-history":[{"count":3,"href":"https:\/\/www.scuola.cl\/sivm\/wp-json\/wp\/v2\/posts\/32138\/revisions"}],"predecessor-version":[{"id":32142,"href":"https:\/\/www.scuola.cl\/sivm\/wp-json\/wp\/v2\/posts\/32138\/revisions\/32142"}],"wp:featuredmedia":[{"embeddable":true,"href":"https:\/\/www.scuola.cl\/sivm\/wp-json\/wp\/v2\/media\/32139"}],"wp:attachment":[{"href":"https:\/\/www.scuola.cl\/sivm\/wp-json\/wp\/v2\/media?parent=32138"}],"wp:term":[{"taxonomy":"category","embeddable":true,"href":"https:\/\/www.scuola.cl\/sivm\/wp-json\/wp\/v2\/categories?post=32138"},{"taxonomy":"post_tag","embeddable":true,"href":"https:\/\/www.scuola.cl\/sivm\/wp-json\/wp\/v2\/tags?post=32138"}],"curies":[{"name":"wp","href":"https:\/\/api.w.org\/{rel}","templated":true}]}}