{"id":32111,"date":"2025-12-10T07:36:56","date_gmt":"2025-12-10T10:36:56","guid":{"rendered":"https:\/\/www.scuola.cl\/sivm\/?p=32111"},"modified":"2025-12-10T16:04:59","modified_gmt":"2025-12-10T19:04:59","slug":"vendita-teleton-3","status":"publish","type":"post","link":"https:\/\/www.scuola.cl\/sivm\/vendita-teleton-3\/","title":{"rendered":"Vendita Telet\u00f3n"},"content":{"rendered":"\n<p>El viernes 28 de noviembre, los estudiantes de Scuola Nido, Infanzia y Primaria participaron con entusiasmo en una nueva edici\u00f3n de la tradicional \u201cVendita Telet\u00f3n\u201d, instancia que reuni\u00f3 solidaridad, comunidad y aprendizaje.<\/p>\n<p>Durante los recreos, los ni\u00f1os de Infanzia y Primaria pudieron comprar ricas merendinas elaboradas por los m\u00e1s peque\u00f1os, viviendo una experiencia que combin\u00f3 la colaboraci\u00f3n con el aprendizaje pr\u00e1ctico, especialmente en contenidos de cuantificaci\u00f3n en Matem\u00e1ticas.<\/p>\n<p>Por su parte, Scuola Nido llev\u00f3 a cabo el \u201cMercato delle manine solidali\u201d, un peque\u00f1o bazar solidario donde los padres y apoderados pudieron adquirir productos realizados por los ni\u00f1os del \u00e1rea. Esta actividad busc\u00f3 promover valores como la inclusi\u00f3n, la solidaridad y el compromiso social, adem\u00e1s de estimular la creatividad y el desarrollo integral de los estudiantes m\u00e1s peque\u00f1os.<\/p>\n<p>La jornada se desarroll\u00f3 de forma ordenada, alegre y muy exitosa, contando con la activa participaci\u00f3n de toda la comunidad escolar.<\/p>\n<p>Los fondos recaudados fueron depositados a la instituci\u00f3n cerrando con orgullo una iniciativa que refleja el fuerte esp\u00edritu solidario de nuestra Scuola.<\/p>\n<p><a href=\"https:\/\/drive.google.com\/drive\/folders\/1JxTMWWoSJLK0J2glrlG5KLNy2s85SJSS?usp=drive_link\" target=\"_blank\" rel=\"noopener\">Ver fotos Nido<\/a><\/p>\n<p><a href=\"https:\/\/drive.google.com\/drive\/folders\/14XCZtda7irv4GsaF50bv7m5Dsm8c7ppj?usp=drive_link\" target=\"_blank\" rel=\"noopener\">Ver fotos Infanzia e Primaria<\/a><\/p>\n<hr \/>\n<p>\u00a0<\/p>\n<p>Venerd\u00ec 28 novembre, gli studenti di Scuola Nido, Infanzia e Primaria hanno partecipato con entusiasmo a una nuova edizione della tradizionale \u00abVendita Teleton\u00bb, evento che ha riunito solidariet\u00e0, comunit\u00e0 e apprendimento.<\/p>\n<p>Durante le ricreazione, i bambini di Infanzia e Primaria hanno potuto acquistare ricche merende preparate dai pi\u00f9 piccoli, vivendo un&#8217;esperienza che ha combinato la collaborazione con l&#8217;apprendimento pratico, soprattutto nei contenuti di quantificazione in Matematica.<\/p>\n<p>Da parte sua, Scuola Nido ha realizzato il \u00abMercato delle manine solidali\u00bb, un piccolo bazar di solidariet\u00e0 dove genitori e tutori hanno potuto acquistare prodotti realizzati dai bambini della zona. Questa attivit\u00e0 ha cercato di promuovere valori come l&#8217;inclusione, la solidariet\u00e0 e l&#8217;impegno sociale, oltre a stimolare la creativit\u00e0 e lo sviluppo integrale degli studenti pi\u00f9 piccoli.<\/p>\n<p>La giornata si \u00e8 svolta in modo ordinato, allegro e di grande successo, con la partecipazione attiva di tutta la comunit\u00e0 scolastica.<\/p>\n<p>I fondi raccolti sono stati depositati presso l&#8217;istituto chiudendo con orgoglio un&#8217;iniziativa che riflette il forte spirito di solidariet\u00e0 della nostra Scuola.<\/p>\n<p><img loading=\"lazy\" decoding=\"async\" width=\"700\" height=\"474\" class=\"alignnone size-large wp-image-32113\" src=\"https:\/\/www.scuola.cl\/sivm\/wp-content\/uploads\/2025\/12\/USAR-ESTA-Plantillas-IG-Scuola-900-x-610-px-6-700x474.png\" alt=\"\" srcset=\"https:\/\/www.scuola.cl\/sivm\/wp-content\/uploads\/2025\/12\/USAR-ESTA-Plantillas-IG-Scuola-900-x-610-px-6-700x474.png 700w, https:\/\/www.scuola.cl\/sivm\/wp-content\/uploads\/2025\/12\/USAR-ESTA-Plantillas-IG-Scuola-900-x-610-px-6-250x169.png 250w, https:\/\/www.scuola.cl\/sivm\/wp-content\/uploads\/2025\/12\/USAR-ESTA-Plantillas-IG-Scuola-900-x-610-px-6-768x521.png 768w, https:\/\/www.scuola.cl\/sivm\/wp-content\/uploads\/2025\/12\/USAR-ESTA-Plantillas-IG-Scuola-900-x-610-px-6-120x81.png 120w, https:\/\/www.scuola.cl\/sivm\/wp-content\/uploads\/2025\/12\/USAR-ESTA-Plantillas-IG-Scuola-900-x-610-px-6.png 900w\" sizes=\"auto, (max-width: 700px) 100vw, 700px\" \/><\/p>\n","protected":false},"excerpt":{"rendered":"El viernes 28 de noviembre, los estudiantes de Scuola Nido, Infanzia y Primaria participaron con entusiasmo en una nueva edici\u00f3n de la tradicional \u201cVendita Telet\u00f3n\u201d, instancia que reuni\u00f3 solidaridad, comunidad y aprendizaje.","protected":false},"author":2,"featured_media":32113,"comment_status":"closed","ping_status":"closed","sticky":false,"template":"","format":"standard","meta":{"_acf_changed":false,"footnotes":""},"categories":[6,5,24],"tags":[],"class_list":["post-32111","post","type-post","status-publish","format-standard","has-post-thumbnail","hentry","category-actividades","category-noticias","category-scuola"],"acf":[],"yoast_head":"<!-- This site is optimized with the Yoast SEO plugin v27.1.1 - https:\/\/yoast.com\/product\/yoast-seo-wordpress\/ -->\n<title>Vendita Telet\u00f3n - Scuola Italiana<\/title>\n<meta name=\"robots\" content=\"index, follow, max-snippet:-1, max-image-preview:large, max-video-preview:-1\" \/>\n<link rel=\"canonical\" href=\"https:\/\/www.scuola.cl\/sivm\/vendita-teleton-3\/\" \/>\n<meta property=\"og:locale\" content=\"es_ES\" \/>\n<meta property=\"og:type\" content=\"article\" \/>\n<meta property=\"og:title\" content=\"Vendita Telet\u00f3n - Scuola Italiana\" \/>\n<meta property=\"og:description\" content=\"El viernes 28 de noviembre, los estudiantes de Scuola Nido, Infanzia y Primaria participaron con entusiasmo en una nueva edici\u00f3n de la tradicional \u201cVendita Telet\u00f3n\u201d, instancia que reuni\u00f3 solidaridad, comunidad y aprendizaje.\" \/>\n<meta property=\"og:url\" content=\"https:\/\/www.scuola.cl\/sivm\/vendita-teleton-3\/\" \/>\n<meta property=\"og:site_name\" content=\"Scuola Italiana\" \/>\n<meta property=\"article:published_time\" content=\"2025-12-10T10:36:56+00:00\" \/>\n<meta property=\"article:modified_time\" content=\"2025-12-10T19:04:59+00:00\" \/>\n<meta property=\"og:image\" content=\"https:\/\/www.scuola.cl\/sivm\/wp-content\/uploads\/2025\/12\/USAR-ESTA-Plantillas-IG-Scuola-900-x-610-px-6.png\" \/>\n\t<meta property=\"og:image:width\" content=\"900\" \/>\n\t<meta property=\"og:image:height\" content=\"610\" \/>\n\t<meta property=\"og:image:type\" content=\"image\/png\" \/>\n<meta name=\"author\" content=\"Comunicaciones\" \/>\n<meta name=\"twitter:card\" content=\"summary_large_image\" \/>\n<meta name=\"twitter:label1\" content=\"Escrito por\" \/>\n\t<meta name=\"twitter:data1\" content=\"Comunicaciones\" \/>\n\t<meta name=\"twitter:label2\" content=\"Tiempo de lectura\" \/>\n\t<meta name=\"twitter:data2\" content=\"2 minutos\" \/>\n<script type=\"application\/ld+json\" class=\"yoast-schema-graph\">{\"@context\":\"https:\/\/schema.org\",\"@graph\":[{\"@type\":\"Article\",\"@id\":\"https:\/\/www.scuola.cl\/sivm\/vendita-teleton-3\/#article\",\"isPartOf\":{\"@id\":\"https:\/\/www.scuola.cl\/sivm\/vendita-teleton-3\/\"},\"author\":{\"name\":\"Comunicaciones\",\"@id\":\"https:\/\/www.scuola.cl\/sivm\/#\/schema\/person\/2ac68abc1b548ee6d8e16c4d3727d1b2\"},\"headline\":\"Vendita Telet\u00f3n\",\"datePublished\":\"2025-12-10T10:36:56+00:00\",\"dateModified\":\"2025-12-10T19:04:59+00:00\",\"mainEntityOfPage\":{\"@id\":\"https:\/\/www.scuola.cl\/sivm\/vendita-teleton-3\/\"},\"wordCount\":363,\"publisher\":{\"@id\":\"https:\/\/www.scuola.cl\/sivm\/#organization\"},\"image\":{\"@id\":\"https:\/\/www.scuola.cl\/sivm\/vendita-teleton-3\/#primaryimage\"},\"thumbnailUrl\":\"https:\/\/www.scuola.cl\/sivm\/wp-content\/uploads\/2025\/12\/USAR-ESTA-Plantillas-IG-Scuola-900-x-610-px-6.png\",\"articleSection\":[\"Actividades\",\"Noticias\",\"Scuola\"],\"inLanguage\":\"es\"},{\"@type\":\"WebPage\",\"@id\":\"https:\/\/www.scuola.cl\/sivm\/vendita-teleton-3\/\",\"url\":\"https:\/\/www.scuola.cl\/sivm\/vendita-teleton-3\/\",\"name\":\"Vendita Telet\u00f3n - Scuola Italiana\",\"isPartOf\":{\"@id\":\"https:\/\/www.scuola.cl\/sivm\/#website\"},\"primaryImageOfPage\":{\"@id\":\"https:\/\/www.scuola.cl\/sivm\/vendita-teleton-3\/#primaryimage\"},\"image\":{\"@id\":\"https:\/\/www.scuola.cl\/sivm\/vendita-teleton-3\/#primaryimage\"},\"thumbnailUrl\":\"https:\/\/www.scuola.cl\/sivm\/wp-content\/uploads\/2025\/12\/USAR-ESTA-Plantillas-IG-Scuola-900-x-610-px-6.png\",\"datePublished\":\"2025-12-10T10:36:56+00:00\",\"dateModified\":\"2025-12-10T19:04:59+00:00\",\"breadcrumb\":{\"@id\":\"https:\/\/www.scuola.cl\/sivm\/vendita-teleton-3\/#breadcrumb\"},\"inLanguage\":\"es\",\"potentialAction\":[{\"@type\":\"ReadAction\",\"target\":[\"https:\/\/www.scuola.cl\/sivm\/vendita-teleton-3\/\"]}]},{\"@type\":\"ImageObject\",\"inLanguage\":\"es\",\"@id\":\"https:\/\/www.scuola.cl\/sivm\/vendita-teleton-3\/#primaryimage\",\"url\":\"https:\/\/www.scuola.cl\/sivm\/wp-content\/uploads\/2025\/12\/USAR-ESTA-Plantillas-IG-Scuola-900-x-610-px-6.png\",\"contentUrl\":\"https:\/\/www.scuola.cl\/sivm\/wp-content\/uploads\/2025\/12\/USAR-ESTA-Plantillas-IG-Scuola-900-x-610-px-6.png\",\"width\":900,\"height\":610},{\"@type\":\"BreadcrumbList\",\"@id\":\"https:\/\/www.scuola.cl\/sivm\/vendita-teleton-3\/#breadcrumb\",\"itemListElement\":[{\"@type\":\"ListItem\",\"position\":1,\"name\":\"Inicio\",\"item\":\"https:\/\/www.scuola.cl\/sivm\/\"},{\"@type\":\"ListItem\",\"position\":2,\"name\":\"Actividades\",\"item\":\"https:\/\/www.scuola.cl\/sivm\/category\/actividades\/\"},{\"@type\":\"ListItem\",\"position\":3,\"name\":\"Vendita Telet\u00f3n\"}]},{\"@type\":\"WebSite\",\"@id\":\"https:\/\/www.scuola.cl\/sivm\/#website\",\"url\":\"https:\/\/www.scuola.cl\/sivm\/\",\"name\":\"Scuola Italiana\",\"description\":\"Vittorio Montiglio\",\"publisher\":{\"@id\":\"https:\/\/www.scuola.cl\/sivm\/#organization\"},\"potentialAction\":[{\"@type\":\"SearchAction\",\"target\":{\"@type\":\"EntryPoint\",\"urlTemplate\":\"https:\/\/www.scuola.cl\/sivm\/?s={search_term_string}\"},\"query-input\":{\"@type\":\"PropertyValueSpecification\",\"valueRequired\":true,\"valueName\":\"search_term_string\"}}],\"inLanguage\":\"es\"},{\"@type\":\"Organization\",\"@id\":\"https:\/\/www.scuola.cl\/sivm\/#organization\",\"name\":\"Scuola Italiana Vittorio Montiglio\",\"url\":\"https:\/\/www.scuola.cl\/sivm\/\",\"logo\":{\"@type\":\"ImageObject\",\"inLanguage\":\"es\",\"@id\":\"https:\/\/www.scuola.cl\/sivm\/#\/schema\/logo\/image\/\",\"url\":\"https:\/\/www.scuola.cl\/sivm\/wp-content\/uploads\/2019\/06\/Logo_Scuola-01-001-1000x1000.png\",\"contentUrl\":\"https:\/\/www.scuola.cl\/sivm\/wp-content\/uploads\/2019\/06\/Logo_Scuola-01-001-1000x1000.png\",\"width\":1000,\"height\":1000,\"caption\":\"Scuola Italiana Vittorio Montiglio\"},\"image\":{\"@id\":\"https:\/\/www.scuola.cl\/sivm\/#\/schema\/logo\/image\/\"}},{\"@type\":\"Person\",\"@id\":\"https:\/\/www.scuola.cl\/sivm\/#\/schema\/person\/2ac68abc1b548ee6d8e16c4d3727d1b2\",\"name\":\"Comunicaciones\",\"image\":{\"@type\":\"ImageObject\",\"inLanguage\":\"es\",\"@id\":\"https:\/\/www.scuola.cl\/sivm\/#\/schema\/person\/image\/\",\"url\":\"https:\/\/secure.gravatar.com\/avatar\/0b29fd7cdce1ec9939eded19ce85d6ed73acf03fb52d098b0641aed356fe6aeb?s=96&d=mm&r=g\",\"contentUrl\":\"https:\/\/secure.gravatar.com\/avatar\/0b29fd7cdce1ec9939eded19ce85d6ed73acf03fb52d098b0641aed356fe6aeb?s=96&d=mm&r=g\",\"caption\":\"Comunicaciones\"},\"url\":\"https:\/\/www.scuola.cl\/sivm\/author\/comunicaciones-scuola\/\"}]}<\/script>\n<!-- \/ Yoast SEO plugin. -->","yoast_head_json":{"title":"Vendita Telet\u00f3n - Scuola Italiana","robots":{"index":"index","follow":"follow","max-snippet":"max-snippet:-1","max-image-preview":"max-image-preview:large","max-video-preview":"max-video-preview:-1"},"canonical":"https:\/\/www.scuola.cl\/sivm\/vendita-teleton-3\/","og_locale":"es_ES","og_type":"article","og_title":"Vendita Telet\u00f3n - Scuola Italiana","og_description":"El viernes 28 de noviembre, los estudiantes de Scuola Nido, Infanzia y Primaria participaron con entusiasmo en una nueva edici\u00f3n de la tradicional \u201cVendita Telet\u00f3n\u201d, instancia que reuni\u00f3 solidaridad, comunidad y aprendizaje.","og_url":"https:\/\/www.scuola.cl\/sivm\/vendita-teleton-3\/","og_site_name":"Scuola Italiana","article_published_time":"2025-12-10T10:36:56+00:00","article_modified_time":"2025-12-10T19:04:59+00:00","og_image":[{"width":900,"height":610,"url":"https:\/\/www.scuola.cl\/sivm\/wp-content\/uploads\/2025\/12\/USAR-ESTA-Plantillas-IG-Scuola-900-x-610-px-6.png","type":"image\/png"}],"author":"Comunicaciones","twitter_card":"summary_large_image","twitter_misc":{"Escrito por":"Comunicaciones","Tiempo de lectura":"2 minutos"},"schema":{"@context":"https:\/\/schema.org","@graph":[{"@type":"Article","@id":"https:\/\/www.scuola.cl\/sivm\/vendita-teleton-3\/#article","isPartOf":{"@id":"https:\/\/www.scuola.cl\/sivm\/vendita-teleton-3\/"},"author":{"name":"Comunicaciones","@id":"https:\/\/www.scuola.cl\/sivm\/#\/schema\/person\/2ac68abc1b548ee6d8e16c4d3727d1b2"},"headline":"Vendita Telet\u00f3n","datePublished":"2025-12-10T10:36:56+00:00","dateModified":"2025-12-10T19:04:59+00:00","mainEntityOfPage":{"@id":"https:\/\/www.scuola.cl\/sivm\/vendita-teleton-3\/"},"wordCount":363,"publisher":{"@id":"https:\/\/www.scuola.cl\/sivm\/#organization"},"image":{"@id":"https:\/\/www.scuola.cl\/sivm\/vendita-teleton-3\/#primaryimage"},"thumbnailUrl":"https:\/\/www.scuola.cl\/sivm\/wp-content\/uploads\/2025\/12\/USAR-ESTA-Plantillas-IG-Scuola-900-x-610-px-6.png","articleSection":["Actividades","Noticias","Scuola"],"inLanguage":"es"},{"@type":"WebPage","@id":"https:\/\/www.scuola.cl\/sivm\/vendita-teleton-3\/","url":"https:\/\/www.scuola.cl\/sivm\/vendita-teleton-3\/","name":"Vendita Telet\u00f3n - Scuola Italiana","isPartOf":{"@id":"https:\/\/www.scuola.cl\/sivm\/#website"},"primaryImageOfPage":{"@id":"https:\/\/www.scuola.cl\/sivm\/vendita-teleton-3\/#primaryimage"},"image":{"@id":"https:\/\/www.scuola.cl\/sivm\/vendita-teleton-3\/#primaryimage"},"thumbnailUrl":"https:\/\/www.scuola.cl\/sivm\/wp-content\/uploads\/2025\/12\/USAR-ESTA-Plantillas-IG-Scuola-900-x-610-px-6.png","datePublished":"2025-12-10T10:36:56+00:00","dateModified":"2025-12-10T19:04:59+00:00","breadcrumb":{"@id":"https:\/\/www.scuola.cl\/sivm\/vendita-teleton-3\/#breadcrumb"},"inLanguage":"es","potentialAction":[{"@type":"ReadAction","target":["https:\/\/www.scuola.cl\/sivm\/vendita-teleton-3\/"]}]},{"@type":"ImageObject","inLanguage":"es","@id":"https:\/\/www.scuola.cl\/sivm\/vendita-teleton-3\/#primaryimage","url":"https:\/\/www.scuola.cl\/sivm\/wp-content\/uploads\/2025\/12\/USAR-ESTA-Plantillas-IG-Scuola-900-x-610-px-6.png","contentUrl":"https:\/\/www.scuola.cl\/sivm\/wp-content\/uploads\/2025\/12\/USAR-ESTA-Plantillas-IG-Scuola-900-x-610-px-6.png","width":900,"height":610},{"@type":"BreadcrumbList","@id":"https:\/\/www.scuola.cl\/sivm\/vendita-teleton-3\/#breadcrumb","itemListElement":[{"@type":"ListItem","position":1,"name":"Inicio","item":"https:\/\/www.scuola.cl\/sivm\/"},{"@type":"ListItem","position":2,"name":"Actividades","item":"https:\/\/www.scuola.cl\/sivm\/category\/actividades\/"},{"@type":"ListItem","position":3,"name":"Vendita Telet\u00f3n"}]},{"@type":"WebSite","@id":"https:\/\/www.scuola.cl\/sivm\/#website","url":"https:\/\/www.scuola.cl\/sivm\/","name":"Scuola Italiana","description":"Vittorio Montiglio","publisher":{"@id":"https:\/\/www.scuola.cl\/sivm\/#organization"},"potentialAction":[{"@type":"SearchAction","target":{"@type":"EntryPoint","urlTemplate":"https:\/\/www.scuola.cl\/sivm\/?s={search_term_string}"},"query-input":{"@type":"PropertyValueSpecification","valueRequired":true,"valueName":"search_term_string"}}],"inLanguage":"es"},{"@type":"Organization","@id":"https:\/\/www.scuola.cl\/sivm\/#organization","name":"Scuola Italiana Vittorio Montiglio","url":"https:\/\/www.scuola.cl\/sivm\/","logo":{"@type":"ImageObject","inLanguage":"es","@id":"https:\/\/www.scuola.cl\/sivm\/#\/schema\/logo\/image\/","url":"https:\/\/www.scuola.cl\/sivm\/wp-content\/uploads\/2019\/06\/Logo_Scuola-01-001-1000x1000.png","contentUrl":"https:\/\/www.scuola.cl\/sivm\/wp-content\/uploads\/2019\/06\/Logo_Scuola-01-001-1000x1000.png","width":1000,"height":1000,"caption":"Scuola Italiana Vittorio Montiglio"},"image":{"@id":"https:\/\/www.scuola.cl\/sivm\/#\/schema\/logo\/image\/"}},{"@type":"Person","@id":"https:\/\/www.scuola.cl\/sivm\/#\/schema\/person\/2ac68abc1b548ee6d8e16c4d3727d1b2","name":"Comunicaciones","image":{"@type":"ImageObject","inLanguage":"es","@id":"https:\/\/www.scuola.cl\/sivm\/#\/schema\/person\/image\/","url":"https:\/\/secure.gravatar.com\/avatar\/0b29fd7cdce1ec9939eded19ce85d6ed73acf03fb52d098b0641aed356fe6aeb?s=96&d=mm&r=g","contentUrl":"https:\/\/secure.gravatar.com\/avatar\/0b29fd7cdce1ec9939eded19ce85d6ed73acf03fb52d098b0641aed356fe6aeb?s=96&d=mm&r=g","caption":"Comunicaciones"},"url":"https:\/\/www.scuola.cl\/sivm\/author\/comunicaciones-scuola\/"}]}},"_links":{"self":[{"href":"https:\/\/www.scuola.cl\/sivm\/wp-json\/wp\/v2\/posts\/32111","targetHints":{"allow":["GET"]}}],"collection":[{"href":"https:\/\/www.scuola.cl\/sivm\/wp-json\/wp\/v2\/posts"}],"about":[{"href":"https:\/\/www.scuola.cl\/sivm\/wp-json\/wp\/v2\/types\/post"}],"author":[{"embeddable":true,"href":"https:\/\/www.scuola.cl\/sivm\/wp-json\/wp\/v2\/users\/2"}],"replies":[{"embeddable":true,"href":"https:\/\/www.scuola.cl\/sivm\/wp-json\/wp\/v2\/comments?post=32111"}],"version-history":[{"count":2,"href":"https:\/\/www.scuola.cl\/sivm\/wp-json\/wp\/v2\/posts\/32111\/revisions"}],"predecessor-version":[{"id":32134,"href":"https:\/\/www.scuola.cl\/sivm\/wp-json\/wp\/v2\/posts\/32111\/revisions\/32134"}],"wp:featuredmedia":[{"embeddable":true,"href":"https:\/\/www.scuola.cl\/sivm\/wp-json\/wp\/v2\/media\/32113"}],"wp:attachment":[{"href":"https:\/\/www.scuola.cl\/sivm\/wp-json\/wp\/v2\/media?parent=32111"}],"wp:term":[{"taxonomy":"category","embeddable":true,"href":"https:\/\/www.scuola.cl\/sivm\/wp-json\/wp\/v2\/categories?post=32111"},{"taxonomy":"post_tag","embeddable":true,"href":"https:\/\/www.scuola.cl\/sivm\/wp-json\/wp\/v2\/tags?post=32111"}],"curies":[{"name":"wp","href":"https:\/\/api.w.org\/{rel}","templated":true}]}}