{"id":32099,"date":"2025-12-09T14:53:56","date_gmt":"2025-12-09T17:53:56","guid":{"rendered":"https:\/\/www.scuola.cl\/sivm\/?p=32099"},"modified":"2025-12-10T10:18:36","modified_gmt":"2025-12-10T13:18:36","slug":"campeonas-copa-donna","status":"publish","type":"post","link":"https:\/\/www.scuola.cl\/sivm\/campeonas-copa-donna\/","title":{"rendered":"\u00a1Campeonas Copa Donna!"},"content":{"rendered":"\n<p><em>(Por profesora Josefina Wise)<\/em><\/p>\n<p>El viernes 5 de diciembre nuestro equipo disput\u00f3 la final de la Copa Donna, instancia que durante aproximadamente dos meses nos permiti\u00f3 compartir con otros colegios, competir con respeto y seguir fomentando el f\u00fatbol femenino cada viernes.\u00a0<br \/>Fue una experiencia formativa y motivadora, en la que las ni\u00f1as demostraron compromiso, trabajo en equipo y un crecimiento constante.<\/p>\n<p>Los resultados finales del torneo fueron los siguientes:<br \/>4\u00b0 lugar: Colegio San Nicol\u00e1s de Myra.<br \/>3\u00b0 lugar: Andree English School.<br \/>2\u00b0 lugar: Colegio San Pedro Nolasco.<br \/>1\u00b0 lugar: Scuola Italiana \u2013 \u00a1Campeonas del Torneo!\u00a0<br \/><br \/>Premios individuales:<br \/>Goleadora:<br \/>Sof\u00eda Cortez \u2013 Scuola Italiana.<br \/>Mejor arquera: Josefina Le\u00f3n \u2013 Andr\u00e9e English School.<\/p>\n<p>Agradecemos a los apoderados, familiares y amigos por acompa\u00f1arnos durante todo este campeonato. Su apoyo constante fue clave para que vivieran esta experiencia con entusiasmo y seguridad.<\/p>\n<p>La Copa Donna no solo nos deja un t\u00edtulo, sino tambi\u00e9n la satisfacci\u00f3n de haber participado en una instancia que promueve el deporte femenino, el compa\u00f1erismo y el desarrollo integral de cada jugadora.<\/p>\n<p>Felicitamos a nuestras alumnas por convertirse en las campeonas de este torneo y por representar a la Scuola con compromiso, alegr\u00eda y esp\u00edritu deportivo.<\/p>\n<p>Congratulazioni, care ragazze!<\/p>\n<p><a href=\"https:\/\/www.instagram.com\/p\/DSDRT24AI8E\/?img_index=1\" target=\"_blank\" rel=\"noopener\">Ver fotos<\/a><\/p>\n<hr \/>\n<p>\u00a0<\/p>\n<p>Venerd\u00ec 5 dicembre la nostra squadra ha disputato la finale della Coppa Donna, un evento che per circa due mesi ci ha permesso di condividere con altre scuole, competere con rispetto e continuare a promuovere il calcio femminile ogni venerd\u00ec. <\/p>\n<p>\u00c8 stata un&#8217;esperienza formativa e motivante, in cui le ragazze hanno dimostrato impegno, lavoro di squadra e crescita costante.<br \/>I risultati finali del torneo sono stati:<br \/>4\u00b0 posto: Colegio San Nicol\u00e1s de Myra.<br \/>3\u00b0 posto: Andree English School.<br \/>2\u00b0\u00a0 posto: Colegio San Pedro Nolasco.<br \/>1\u00b0 posto: Scuola Italiana &#8211; Campionesse del Torneo! <\/p>\n<p>Premi individuali:<br \/>Capocannoniere:<br \/>Sofia Cortez &#8211; Scuola Italiana.<br \/>Miglior arciera: Josefina Le\u00f3n &#8211; Andr\u00e9e English School.<\/p>\n<p>Ringraziamo i delegati, la famiglia e gli amici per essere stati con noi durante tutto il campionato. Il loro costante sostegno \u00e8 stato fondamentale per farli vivere questa esperienza con entusiasmo e sicurezza.<br \/>La Coppa Donna non ci lascia solo un titolo, ma anche la soddisfazione di aver partecipato a un&#8217;istanza che promuove lo sport femminile, il cameratismo e lo sviluppo integrale di ogni giocatrice.<br \/>Ci congratuliamo con le nostre alunne per essere diventate campionesse di questo torneo e per rappresentare la Scuola con impegno, gioia e spirito sportivo.<br \/>Congratulazioni, care ragazze!<\/p>\n<p><img loading=\"lazy\" decoding=\"async\" width=\"700\" height=\"474\" class=\"alignnone size-large wp-image-32100\" src=\"https:\/\/www.scuola.cl\/sivm\/wp-content\/uploads\/2025\/12\/USAR-ESTA-Plantillas-IG-Scuola-900-x-610-px-38-700x474.jpg\" alt=\"\" srcset=\"https:\/\/www.scuola.cl\/sivm\/wp-content\/uploads\/2025\/12\/USAR-ESTA-Plantillas-IG-Scuola-900-x-610-px-38-700x474.jpg 700w, https:\/\/www.scuola.cl\/sivm\/wp-content\/uploads\/2025\/12\/USAR-ESTA-Plantillas-IG-Scuola-900-x-610-px-38-250x169.jpg 250w, https:\/\/www.scuola.cl\/sivm\/wp-content\/uploads\/2025\/12\/USAR-ESTA-Plantillas-IG-Scuola-900-x-610-px-38-768x521.jpg 768w, https:\/\/www.scuola.cl\/sivm\/wp-content\/uploads\/2025\/12\/USAR-ESTA-Plantillas-IG-Scuola-900-x-610-px-38-120x81.jpg 120w, https:\/\/www.scuola.cl\/sivm\/wp-content\/uploads\/2025\/12\/USAR-ESTA-Plantillas-IG-Scuola-900-x-610-px-38.jpg 900w\" sizes=\"auto, (max-width: 700px) 100vw, 700px\" \/><\/p>\n","protected":false},"excerpt":{"rendered":"El viernes 5 de diciembre nuestro equipo disput\u00f3 la final de la Copa Donna, instancia que durante dos meses nos permiti\u00f3 compartir con otros colegios, competir con respeto y seguir fomentando el f\u00fatbol femenino.\u00a0","protected":false},"author":2,"featured_media":32100,"comment_status":"closed","ping_status":"closed","sticky":false,"template":"","format":"standard","meta":{"_acf_changed":false,"footnotes":""},"categories":[6,39,12,5],"tags":[],"class_list":["post-32099","post","type-post","status-publish","format-standard","has-post-thumbnail","hentry","category-actividades","category-deportes-2","category-deportes","category-noticias"],"acf":[],"yoast_head":"<!-- This site is optimized with the Yoast SEO plugin v27.1.1 - https:\/\/yoast.com\/product\/yoast-seo-wordpress\/ -->\n<title>\u00a1Campeonas Copa Donna! - Scuola Italiana<\/title>\n<meta name=\"robots\" content=\"index, follow, max-snippet:-1, max-image-preview:large, max-video-preview:-1\" \/>\n<link rel=\"canonical\" href=\"https:\/\/www.scuola.cl\/sivm\/campeonas-copa-donna\/\" \/>\n<meta property=\"og:locale\" content=\"es_ES\" \/>\n<meta property=\"og:type\" content=\"article\" \/>\n<meta property=\"og:title\" content=\"\u00a1Campeonas Copa Donna! - Scuola Italiana\" \/>\n<meta property=\"og:description\" content=\"El viernes 5 de diciembre nuestro equipo disput\u00f3 la final de la Copa Donna, instancia que durante dos meses nos permiti\u00f3 compartir con otros colegios, competir con respeto y seguir fomentando el f\u00fatbol femenino.\u00a0\" \/>\n<meta property=\"og:url\" content=\"https:\/\/www.scuola.cl\/sivm\/campeonas-copa-donna\/\" \/>\n<meta property=\"og:site_name\" content=\"Scuola Italiana\" \/>\n<meta property=\"article:published_time\" content=\"2025-12-09T17:53:56+00:00\" \/>\n<meta property=\"article:modified_time\" content=\"2025-12-10T13:18:36+00:00\" \/>\n<meta property=\"og:image\" content=\"https:\/\/www.scuola.cl\/sivm\/wp-content\/uploads\/2025\/12\/USAR-ESTA-Plantillas-IG-Scuola-900-x-610-px-38.jpg\" \/>\n\t<meta property=\"og:image:width\" content=\"900\" \/>\n\t<meta property=\"og:image:height\" content=\"610\" \/>\n\t<meta property=\"og:image:type\" content=\"image\/jpeg\" \/>\n<meta name=\"author\" content=\"Comunicaciones\" \/>\n<meta name=\"twitter:card\" content=\"summary_large_image\" \/>\n<meta name=\"twitter:label1\" content=\"Escrito por\" \/>\n\t<meta name=\"twitter:data1\" content=\"Comunicaciones\" \/>\n\t<meta name=\"twitter:label2\" content=\"Tiempo de lectura\" \/>\n\t<meta name=\"twitter:data2\" content=\"3 minutos\" \/>\n<script type=\"application\/ld+json\" class=\"yoast-schema-graph\">{\"@context\":\"https:\/\/schema.org\",\"@graph\":[{\"@type\":\"Article\",\"@id\":\"https:\/\/www.scuola.cl\/sivm\/campeonas-copa-donna\/#article\",\"isPartOf\":{\"@id\":\"https:\/\/www.scuola.cl\/sivm\/campeonas-copa-donna\/\"},\"author\":{\"name\":\"Comunicaciones\",\"@id\":\"https:\/\/www.scuola.cl\/sivm\/#\/schema\/person\/2ac68abc1b548ee6d8e16c4d3727d1b2\"},\"headline\":\"\u00a1Campeonas Copa Donna!\",\"datePublished\":\"2025-12-09T17:53:56+00:00\",\"dateModified\":\"2025-12-10T13:18:36+00:00\",\"mainEntityOfPage\":{\"@id\":\"https:\/\/www.scuola.cl\/sivm\/campeonas-copa-donna\/\"},\"wordCount\":404,\"publisher\":{\"@id\":\"https:\/\/www.scuola.cl\/sivm\/#organization\"},\"image\":{\"@id\":\"https:\/\/www.scuola.cl\/sivm\/campeonas-copa-donna\/#primaryimage\"},\"thumbnailUrl\":\"https:\/\/www.scuola.cl\/sivm\/wp-content\/uploads\/2025\/12\/USAR-ESTA-Plantillas-IG-Scuola-900-x-610-px-38.jpg\",\"articleSection\":[\"Actividades\",\"Deportes\",\"Deportes\",\"Noticias\"],\"inLanguage\":\"es\"},{\"@type\":\"WebPage\",\"@id\":\"https:\/\/www.scuola.cl\/sivm\/campeonas-copa-donna\/\",\"url\":\"https:\/\/www.scuola.cl\/sivm\/campeonas-copa-donna\/\",\"name\":\"\u00a1Campeonas Copa Donna! - Scuola Italiana\",\"isPartOf\":{\"@id\":\"https:\/\/www.scuola.cl\/sivm\/#website\"},\"primaryImageOfPage\":{\"@id\":\"https:\/\/www.scuola.cl\/sivm\/campeonas-copa-donna\/#primaryimage\"},\"image\":{\"@id\":\"https:\/\/www.scuola.cl\/sivm\/campeonas-copa-donna\/#primaryimage\"},\"thumbnailUrl\":\"https:\/\/www.scuola.cl\/sivm\/wp-content\/uploads\/2025\/12\/USAR-ESTA-Plantillas-IG-Scuola-900-x-610-px-38.jpg\",\"datePublished\":\"2025-12-09T17:53:56+00:00\",\"dateModified\":\"2025-12-10T13:18:36+00:00\",\"breadcrumb\":{\"@id\":\"https:\/\/www.scuola.cl\/sivm\/campeonas-copa-donna\/#breadcrumb\"},\"inLanguage\":\"es\",\"potentialAction\":[{\"@type\":\"ReadAction\",\"target\":[\"https:\/\/www.scuola.cl\/sivm\/campeonas-copa-donna\/\"]}]},{\"@type\":\"ImageObject\",\"inLanguage\":\"es\",\"@id\":\"https:\/\/www.scuola.cl\/sivm\/campeonas-copa-donna\/#primaryimage\",\"url\":\"https:\/\/www.scuola.cl\/sivm\/wp-content\/uploads\/2025\/12\/USAR-ESTA-Plantillas-IG-Scuola-900-x-610-px-38.jpg\",\"contentUrl\":\"https:\/\/www.scuola.cl\/sivm\/wp-content\/uploads\/2025\/12\/USAR-ESTA-Plantillas-IG-Scuola-900-x-610-px-38.jpg\",\"width\":900,\"height\":610},{\"@type\":\"BreadcrumbList\",\"@id\":\"https:\/\/www.scuola.cl\/sivm\/campeonas-copa-donna\/#breadcrumb\",\"itemListElement\":[{\"@type\":\"ListItem\",\"position\":1,\"name\":\"Inicio\",\"item\":\"https:\/\/www.scuola.cl\/sivm\/\"},{\"@type\":\"ListItem\",\"position\":2,\"name\":\"Actividades\",\"item\":\"https:\/\/www.scuola.cl\/sivm\/category\/actividades\/\"},{\"@type\":\"ListItem\",\"position\":3,\"name\":\"\u00a1Campeonas Copa Donna!\"}]},{\"@type\":\"WebSite\",\"@id\":\"https:\/\/www.scuola.cl\/sivm\/#website\",\"url\":\"https:\/\/www.scuola.cl\/sivm\/\",\"name\":\"Scuola Italiana\",\"description\":\"Vittorio Montiglio\",\"publisher\":{\"@id\":\"https:\/\/www.scuola.cl\/sivm\/#organization\"},\"potentialAction\":[{\"@type\":\"SearchAction\",\"target\":{\"@type\":\"EntryPoint\",\"urlTemplate\":\"https:\/\/www.scuola.cl\/sivm\/?s={search_term_string}\"},\"query-input\":{\"@type\":\"PropertyValueSpecification\",\"valueRequired\":true,\"valueName\":\"search_term_string\"}}],\"inLanguage\":\"es\"},{\"@type\":\"Organization\",\"@id\":\"https:\/\/www.scuola.cl\/sivm\/#organization\",\"name\":\"Scuola Italiana Vittorio Montiglio\",\"url\":\"https:\/\/www.scuola.cl\/sivm\/\",\"logo\":{\"@type\":\"ImageObject\",\"inLanguage\":\"es\",\"@id\":\"https:\/\/www.scuola.cl\/sivm\/#\/schema\/logo\/image\/\",\"url\":\"https:\/\/www.scuola.cl\/sivm\/wp-content\/uploads\/2019\/06\/Logo_Scuola-01-001-1000x1000.png\",\"contentUrl\":\"https:\/\/www.scuola.cl\/sivm\/wp-content\/uploads\/2019\/06\/Logo_Scuola-01-001-1000x1000.png\",\"width\":1000,\"height\":1000,\"caption\":\"Scuola Italiana Vittorio Montiglio\"},\"image\":{\"@id\":\"https:\/\/www.scuola.cl\/sivm\/#\/schema\/logo\/image\/\"}},{\"@type\":\"Person\",\"@id\":\"https:\/\/www.scuola.cl\/sivm\/#\/schema\/person\/2ac68abc1b548ee6d8e16c4d3727d1b2\",\"name\":\"Comunicaciones\",\"image\":{\"@type\":\"ImageObject\",\"inLanguage\":\"es\",\"@id\":\"https:\/\/www.scuola.cl\/sivm\/#\/schema\/person\/image\/\",\"url\":\"https:\/\/secure.gravatar.com\/avatar\/0b29fd7cdce1ec9939eded19ce85d6ed73acf03fb52d098b0641aed356fe6aeb?s=96&d=mm&r=g\",\"contentUrl\":\"https:\/\/secure.gravatar.com\/avatar\/0b29fd7cdce1ec9939eded19ce85d6ed73acf03fb52d098b0641aed356fe6aeb?s=96&d=mm&r=g\",\"caption\":\"Comunicaciones\"},\"url\":\"https:\/\/www.scuola.cl\/sivm\/author\/comunicaciones-scuola\/\"}]}<\/script>\n<!-- \/ Yoast SEO plugin. -->","yoast_head_json":{"title":"\u00a1Campeonas Copa Donna! - Scuola Italiana","robots":{"index":"index","follow":"follow","max-snippet":"max-snippet:-1","max-image-preview":"max-image-preview:large","max-video-preview":"max-video-preview:-1"},"canonical":"https:\/\/www.scuola.cl\/sivm\/campeonas-copa-donna\/","og_locale":"es_ES","og_type":"article","og_title":"\u00a1Campeonas Copa Donna! - Scuola Italiana","og_description":"El viernes 5 de diciembre nuestro equipo disput\u00f3 la final de la Copa Donna, instancia que durante dos meses nos permiti\u00f3 compartir con otros colegios, competir con respeto y seguir fomentando el f\u00fatbol femenino.\u00a0","og_url":"https:\/\/www.scuola.cl\/sivm\/campeonas-copa-donna\/","og_site_name":"Scuola Italiana","article_published_time":"2025-12-09T17:53:56+00:00","article_modified_time":"2025-12-10T13:18:36+00:00","og_image":[{"width":900,"height":610,"url":"https:\/\/www.scuola.cl\/sivm\/wp-content\/uploads\/2025\/12\/USAR-ESTA-Plantillas-IG-Scuola-900-x-610-px-38.jpg","type":"image\/jpeg"}],"author":"Comunicaciones","twitter_card":"summary_large_image","twitter_misc":{"Escrito por":"Comunicaciones","Tiempo de lectura":"3 minutos"},"schema":{"@context":"https:\/\/schema.org","@graph":[{"@type":"Article","@id":"https:\/\/www.scuola.cl\/sivm\/campeonas-copa-donna\/#article","isPartOf":{"@id":"https:\/\/www.scuola.cl\/sivm\/campeonas-copa-donna\/"},"author":{"name":"Comunicaciones","@id":"https:\/\/www.scuola.cl\/sivm\/#\/schema\/person\/2ac68abc1b548ee6d8e16c4d3727d1b2"},"headline":"\u00a1Campeonas Copa Donna!","datePublished":"2025-12-09T17:53:56+00:00","dateModified":"2025-12-10T13:18:36+00:00","mainEntityOfPage":{"@id":"https:\/\/www.scuola.cl\/sivm\/campeonas-copa-donna\/"},"wordCount":404,"publisher":{"@id":"https:\/\/www.scuola.cl\/sivm\/#organization"},"image":{"@id":"https:\/\/www.scuola.cl\/sivm\/campeonas-copa-donna\/#primaryimage"},"thumbnailUrl":"https:\/\/www.scuola.cl\/sivm\/wp-content\/uploads\/2025\/12\/USAR-ESTA-Plantillas-IG-Scuola-900-x-610-px-38.jpg","articleSection":["Actividades","Deportes","Deportes","Noticias"],"inLanguage":"es"},{"@type":"WebPage","@id":"https:\/\/www.scuola.cl\/sivm\/campeonas-copa-donna\/","url":"https:\/\/www.scuola.cl\/sivm\/campeonas-copa-donna\/","name":"\u00a1Campeonas Copa Donna! - Scuola Italiana","isPartOf":{"@id":"https:\/\/www.scuola.cl\/sivm\/#website"},"primaryImageOfPage":{"@id":"https:\/\/www.scuola.cl\/sivm\/campeonas-copa-donna\/#primaryimage"},"image":{"@id":"https:\/\/www.scuola.cl\/sivm\/campeonas-copa-donna\/#primaryimage"},"thumbnailUrl":"https:\/\/www.scuola.cl\/sivm\/wp-content\/uploads\/2025\/12\/USAR-ESTA-Plantillas-IG-Scuola-900-x-610-px-38.jpg","datePublished":"2025-12-09T17:53:56+00:00","dateModified":"2025-12-10T13:18:36+00:00","breadcrumb":{"@id":"https:\/\/www.scuola.cl\/sivm\/campeonas-copa-donna\/#breadcrumb"},"inLanguage":"es","potentialAction":[{"@type":"ReadAction","target":["https:\/\/www.scuola.cl\/sivm\/campeonas-copa-donna\/"]}]},{"@type":"ImageObject","inLanguage":"es","@id":"https:\/\/www.scuola.cl\/sivm\/campeonas-copa-donna\/#primaryimage","url":"https:\/\/www.scuola.cl\/sivm\/wp-content\/uploads\/2025\/12\/USAR-ESTA-Plantillas-IG-Scuola-900-x-610-px-38.jpg","contentUrl":"https:\/\/www.scuola.cl\/sivm\/wp-content\/uploads\/2025\/12\/USAR-ESTA-Plantillas-IG-Scuola-900-x-610-px-38.jpg","width":900,"height":610},{"@type":"BreadcrumbList","@id":"https:\/\/www.scuola.cl\/sivm\/campeonas-copa-donna\/#breadcrumb","itemListElement":[{"@type":"ListItem","position":1,"name":"Inicio","item":"https:\/\/www.scuola.cl\/sivm\/"},{"@type":"ListItem","position":2,"name":"Actividades","item":"https:\/\/www.scuola.cl\/sivm\/category\/actividades\/"},{"@type":"ListItem","position":3,"name":"\u00a1Campeonas Copa Donna!"}]},{"@type":"WebSite","@id":"https:\/\/www.scuola.cl\/sivm\/#website","url":"https:\/\/www.scuola.cl\/sivm\/","name":"Scuola Italiana","description":"Vittorio Montiglio","publisher":{"@id":"https:\/\/www.scuola.cl\/sivm\/#organization"},"potentialAction":[{"@type":"SearchAction","target":{"@type":"EntryPoint","urlTemplate":"https:\/\/www.scuola.cl\/sivm\/?s={search_term_string}"},"query-input":{"@type":"PropertyValueSpecification","valueRequired":true,"valueName":"search_term_string"}}],"inLanguage":"es"},{"@type":"Organization","@id":"https:\/\/www.scuola.cl\/sivm\/#organization","name":"Scuola Italiana Vittorio Montiglio","url":"https:\/\/www.scuola.cl\/sivm\/","logo":{"@type":"ImageObject","inLanguage":"es","@id":"https:\/\/www.scuola.cl\/sivm\/#\/schema\/logo\/image\/","url":"https:\/\/www.scuola.cl\/sivm\/wp-content\/uploads\/2019\/06\/Logo_Scuola-01-001-1000x1000.png","contentUrl":"https:\/\/www.scuola.cl\/sivm\/wp-content\/uploads\/2019\/06\/Logo_Scuola-01-001-1000x1000.png","width":1000,"height":1000,"caption":"Scuola Italiana Vittorio Montiglio"},"image":{"@id":"https:\/\/www.scuola.cl\/sivm\/#\/schema\/logo\/image\/"}},{"@type":"Person","@id":"https:\/\/www.scuola.cl\/sivm\/#\/schema\/person\/2ac68abc1b548ee6d8e16c4d3727d1b2","name":"Comunicaciones","image":{"@type":"ImageObject","inLanguage":"es","@id":"https:\/\/www.scuola.cl\/sivm\/#\/schema\/person\/image\/","url":"https:\/\/secure.gravatar.com\/avatar\/0b29fd7cdce1ec9939eded19ce85d6ed73acf03fb52d098b0641aed356fe6aeb?s=96&d=mm&r=g","contentUrl":"https:\/\/secure.gravatar.com\/avatar\/0b29fd7cdce1ec9939eded19ce85d6ed73acf03fb52d098b0641aed356fe6aeb?s=96&d=mm&r=g","caption":"Comunicaciones"},"url":"https:\/\/www.scuola.cl\/sivm\/author\/comunicaciones-scuola\/"}]}},"_links":{"self":[{"href":"https:\/\/www.scuola.cl\/sivm\/wp-json\/wp\/v2\/posts\/32099","targetHints":{"allow":["GET"]}}],"collection":[{"href":"https:\/\/www.scuola.cl\/sivm\/wp-json\/wp\/v2\/posts"}],"about":[{"href":"https:\/\/www.scuola.cl\/sivm\/wp-json\/wp\/v2\/types\/post"}],"author":[{"embeddable":true,"href":"https:\/\/www.scuola.cl\/sivm\/wp-json\/wp\/v2\/users\/2"}],"replies":[{"embeddable":true,"href":"https:\/\/www.scuola.cl\/sivm\/wp-json\/wp\/v2\/comments?post=32099"}],"version-history":[{"count":7,"href":"https:\/\/www.scuola.cl\/sivm\/wp-json\/wp\/v2\/posts\/32099\/revisions"}],"predecessor-version":[{"id":32133,"href":"https:\/\/www.scuola.cl\/sivm\/wp-json\/wp\/v2\/posts\/32099\/revisions\/32133"}],"wp:featuredmedia":[{"embeddable":true,"href":"https:\/\/www.scuola.cl\/sivm\/wp-json\/wp\/v2\/media\/32100"}],"wp:attachment":[{"href":"https:\/\/www.scuola.cl\/sivm\/wp-json\/wp\/v2\/media?parent=32099"}],"wp:term":[{"taxonomy":"category","embeddable":true,"href":"https:\/\/www.scuola.cl\/sivm\/wp-json\/wp\/v2\/categories?post=32099"},{"taxonomy":"post_tag","embeddable":true,"href":"https:\/\/www.scuola.cl\/sivm\/wp-json\/wp\/v2\/tags?post=32099"}],"curies":[{"name":"wp","href":"https:\/\/api.w.org\/{rel}","templated":true}]}}