{"id":32075,"date":"2025-12-08T09:30:17","date_gmt":"2025-12-08T12:30:17","guid":{"rendered":"https:\/\/www.scuola.cl\/sivm\/?p=32075"},"modified":"2025-12-09T15:09:22","modified_gmt":"2025-12-09T18:09:22","slug":"lanzamiento-hotel-oniria","status":"publish","type":"post","link":"https:\/\/www.scuola.cl\/sivm\/lanzamiento-hotel-oniria\/","title":{"rendered":"Lanzamiento \u00abHotel Oniria\u00bb"},"content":{"rendered":"\n<p><em>(Por Priscila Oses, Coordinadora Departamento de Lenguaje)<\/em><\/p>\n<p>El jueves 4 de diciembre celebramos la culminaci\u00f3n de un proyecto que naci\u00f3 en el contexto del diferenciado de Literatura y que se transform\u00f3 en una obra colectiva \u00fanica. A lo largo del a\u00f1o, los estudiantes desarrollaron un proceso de escritura creativa inspirado en la t\u00e9cnica del grupo Oulipo, un movimiento literario que propone escribir a partir de restricciones creativas. Este enfoque los desafi\u00f3 a experimentar con nuevas formas de narrar, a jugar con la estructura y a explorar posibilidades expresivas que dieron vida al universo de Hotel Oniria.<\/p>\n<p>La propuesta surgi\u00f3 de un ejercicio imaginativo compartido: crear un espacio com\u00fan para habitar literariamente. Tras varias sesiones de conversaci\u00f3n y dise\u00f1o, el grupo decidi\u00f3 construir un hotel como escenario narrativo. Dise\u00f1aron su arquitectura y luego cada estudiante eligi\u00f3 una habitaci\u00f3n o zona del hotel para convertirla en su territorio literario. As\u00ed naci\u00f3 una obra coral donde cada cap\u00edtulo aporta una voz distinta a este mundo enigm\u00e1tico.<\/p>\n<p>Este proyecto fue posible gracias al apoyo de la Scuola a trav\u00e9s del fondo de innovaci\u00f3n pedag\u00f3gica, que permiti\u00f3 trabajar con una editora, una ilustradora y dise\u00f1adora gr\u00e1fica. Su acompa\u00f1amiento profesional dio forma final al libro y permiti\u00f3 que Hotel Oniria alcanzara la calidad material y est\u00e9tica con la que hoy lo presentamos.<br \/>Con orgullo compartimos este trabajo que re\u00fane creatividad, disciplina y colaboraci\u00f3n.<\/p>\n<p>Hotel Oniria es un reflejo del talento y la dedicaci\u00f3n de nuestros estudiantes.<\/p>\n<p><a href=\"https:\/\/www.instagram.com\/p\/DSA7Oawjxxj\/?img_index=1\" target=\"_blank\" rel=\"noopener\">Ver fotos<\/a><\/p>\n<hr \/>\n<p>\u00a0<\/p>\n<p>Gioved\u00ec 4 dicembre abbiamo celebrato il culmine di un progetto nato nel contesto della letteratura differenziata e che si \u00e8 trasformato in un&#8217;opera collettiva unica. Nel corso dell&#8217;anno, gli studenti hanno sviluppato un processo di scrittura creativa ispirato alla tecnica del gruppo Oulipo, un movimento letterario che propone di scrivere partendo da vincoli creativi. Questo approccio li ha sfidati a sperimentare nuove forme di narrazione, a giocare con la struttura e ad esplorare le possibilit\u00e0 espressive che hanno dato vita all&#8217;universo dell&#8217;Hotel Oniria.<\/p>\n<p>La proposta \u00e8 nata da un esercizio immaginativo condiviso: creare uno spazio comune per abitare letteralmente. Dopo diverse sessioni di conversazione e progettazione, il gruppo ha deciso di costruire un hotel come scenario narrativo. Hanno progettato la loro architettura e poi ogni studente ha scelto una stanza o un&#8217;area dell&#8217;hotel per trasformarla nel proprio territorio letterario. Nasce cos\u00ec un&#8217;opera corale in cui ogni capitolo porta una voce diversa a questo mondo enigmatico.<\/p>\n<p>Questo progetto \u00e8 stato possibile grazie al sostegno della Scuola attraverso il fondo per l&#8217;innovazione pedagogica, che ha permesso di lavorare con un editore, un illustratore e graphic designer. Il suo accompagnamento professionale ha dato forma finale al libro e ha permesso all&#8217;Hotel Oniria di raggiungere la qualit\u00e0 materiale ed estetica con cui oggi lo presentiamo.<\/p>\n<p>Condividiamo con orgoglio questo lavoro che unisce creativit\u00e0, disciplina e collaborazione.<br \/>Hotel Oniria \u00e8 un riflesso del talento e la dedizione dei nostri studenti.<\/p>\n<p><img loading=\"lazy\" decoding=\"async\" width=\"700\" height=\"474\" class=\"alignnone size-large wp-image-32076\" src=\"https:\/\/www.scuola.cl\/sivm\/wp-content\/uploads\/2025\/12\/USAR-ESTA-Plantillas-IG-Scuola-900-x-610-px-34-700x474.jpg\" alt=\"\" srcset=\"https:\/\/www.scuola.cl\/sivm\/wp-content\/uploads\/2025\/12\/USAR-ESTA-Plantillas-IG-Scuola-900-x-610-px-34-700x474.jpg 700w, https:\/\/www.scuola.cl\/sivm\/wp-content\/uploads\/2025\/12\/USAR-ESTA-Plantillas-IG-Scuola-900-x-610-px-34-250x169.jpg 250w, https:\/\/www.scuola.cl\/sivm\/wp-content\/uploads\/2025\/12\/USAR-ESTA-Plantillas-IG-Scuola-900-x-610-px-34-768x521.jpg 768w, https:\/\/www.scuola.cl\/sivm\/wp-content\/uploads\/2025\/12\/USAR-ESTA-Plantillas-IG-Scuola-900-x-610-px-34-120x81.jpg 120w, https:\/\/www.scuola.cl\/sivm\/wp-content\/uploads\/2025\/12\/USAR-ESTA-Plantillas-IG-Scuola-900-x-610-px-34.jpg 900w\" sizes=\"auto, (max-width: 700px) 100vw, 700px\" \/><\/p>\n\n\n","protected":false},"excerpt":{"rendered":"El 4 de diciembre celebramos la culminaci\u00f3n de un proyecto que naci\u00f3 en el contexto del diferenciado de Literatura y que se transform\u00f3 en una obra colectiva \u00fanica. Los estudiantes desarrollaron un proceso de escritura.","protected":false},"author":2,"featured_media":32076,"comment_status":"closed","ping_status":"closed","sticky":false,"template":"","format":"standard","meta":{"_acf_changed":false,"footnotes":""},"categories":[6,22,5],"tags":[],"class_list":["post-32075","post","type-post","status-publish","format-standard","has-post-thumbnail","hentry","category-actividades","category-cultura","category-noticias"],"acf":[],"yoast_head":"<!-- This site is optimized with the Yoast SEO plugin v27.1.1 - https:\/\/yoast.com\/product\/yoast-seo-wordpress\/ -->\n<title>Lanzamiento &quot;Hotel Oniria&quot; - Scuola Italiana<\/title>\n<meta name=\"robots\" content=\"index, follow, max-snippet:-1, max-image-preview:large, max-video-preview:-1\" \/>\n<link rel=\"canonical\" href=\"https:\/\/www.scuola.cl\/sivm\/lanzamiento-hotel-oniria\/\" \/>\n<meta property=\"og:locale\" content=\"es_ES\" \/>\n<meta property=\"og:type\" content=\"article\" \/>\n<meta property=\"og:title\" content=\"Lanzamiento &quot;Hotel Oniria&quot; - Scuola Italiana\" \/>\n<meta property=\"og:description\" content=\"El 4 de diciembre celebramos la culminaci\u00f3n de un proyecto que naci\u00f3 en el contexto del diferenciado de Literatura y que se transform\u00f3 en una obra colectiva \u00fanica. Los estudiantes desarrollaron un proceso de escritura.\" \/>\n<meta property=\"og:url\" content=\"https:\/\/www.scuola.cl\/sivm\/lanzamiento-hotel-oniria\/\" \/>\n<meta property=\"og:site_name\" content=\"Scuola Italiana\" \/>\n<meta property=\"article:published_time\" content=\"2025-12-08T12:30:17+00:00\" \/>\n<meta property=\"article:modified_time\" content=\"2025-12-09T18:09:22+00:00\" \/>\n<meta property=\"og:image\" content=\"https:\/\/www.scuola.cl\/sivm\/wp-content\/uploads\/2025\/12\/USAR-ESTA-Plantillas-IG-Scuola-900-x-610-px-34.jpg\" \/>\n\t<meta property=\"og:image:width\" content=\"900\" \/>\n\t<meta property=\"og:image:height\" content=\"610\" \/>\n\t<meta property=\"og:image:type\" content=\"image\/jpeg\" \/>\n<meta name=\"author\" content=\"Comunicaciones\" \/>\n<meta name=\"twitter:card\" content=\"summary_large_image\" \/>\n<meta name=\"twitter:label1\" content=\"Escrito por\" \/>\n\t<meta name=\"twitter:data1\" content=\"Comunicaciones\" \/>\n\t<meta name=\"twitter:label2\" content=\"Tiempo de lectura\" \/>\n\t<meta name=\"twitter:data2\" content=\"3 minutos\" \/>\n<script type=\"application\/ld+json\" class=\"yoast-schema-graph\">{\"@context\":\"https:\/\/schema.org\",\"@graph\":[{\"@type\":\"Article\",\"@id\":\"https:\/\/www.scuola.cl\/sivm\/lanzamiento-hotel-oniria\/#article\",\"isPartOf\":{\"@id\":\"https:\/\/www.scuola.cl\/sivm\/lanzamiento-hotel-oniria\/\"},\"author\":{\"name\":\"Comunicaciones\",\"@id\":\"https:\/\/www.scuola.cl\/sivm\/#\/schema\/person\/2ac68abc1b548ee6d8e16c4d3727d1b2\"},\"headline\":\"Lanzamiento \u00abHotel Oniria\u00bb\",\"datePublished\":\"2025-12-08T12:30:17+00:00\",\"dateModified\":\"2025-12-09T18:09:22+00:00\",\"mainEntityOfPage\":{\"@id\":\"https:\/\/www.scuola.cl\/sivm\/lanzamiento-hotel-oniria\/\"},\"wordCount\":494,\"publisher\":{\"@id\":\"https:\/\/www.scuola.cl\/sivm\/#organization\"},\"image\":{\"@id\":\"https:\/\/www.scuola.cl\/sivm\/lanzamiento-hotel-oniria\/#primaryimage\"},\"thumbnailUrl\":\"https:\/\/www.scuola.cl\/sivm\/wp-content\/uploads\/2025\/12\/USAR-ESTA-Plantillas-IG-Scuola-900-x-610-px-34.jpg\",\"articleSection\":[\"Actividades\",\"Cultura\",\"Noticias\"],\"inLanguage\":\"es\"},{\"@type\":\"WebPage\",\"@id\":\"https:\/\/www.scuola.cl\/sivm\/lanzamiento-hotel-oniria\/\",\"url\":\"https:\/\/www.scuola.cl\/sivm\/lanzamiento-hotel-oniria\/\",\"name\":\"Lanzamiento \\\"Hotel Oniria\\\" - Scuola Italiana\",\"isPartOf\":{\"@id\":\"https:\/\/www.scuola.cl\/sivm\/#website\"},\"primaryImageOfPage\":{\"@id\":\"https:\/\/www.scuola.cl\/sivm\/lanzamiento-hotel-oniria\/#primaryimage\"},\"image\":{\"@id\":\"https:\/\/www.scuola.cl\/sivm\/lanzamiento-hotel-oniria\/#primaryimage\"},\"thumbnailUrl\":\"https:\/\/www.scuola.cl\/sivm\/wp-content\/uploads\/2025\/12\/USAR-ESTA-Plantillas-IG-Scuola-900-x-610-px-34.jpg\",\"datePublished\":\"2025-12-08T12:30:17+00:00\",\"dateModified\":\"2025-12-09T18:09:22+00:00\",\"breadcrumb\":{\"@id\":\"https:\/\/www.scuola.cl\/sivm\/lanzamiento-hotel-oniria\/#breadcrumb\"},\"inLanguage\":\"es\",\"potentialAction\":[{\"@type\":\"ReadAction\",\"target\":[\"https:\/\/www.scuola.cl\/sivm\/lanzamiento-hotel-oniria\/\"]}]},{\"@type\":\"ImageObject\",\"inLanguage\":\"es\",\"@id\":\"https:\/\/www.scuola.cl\/sivm\/lanzamiento-hotel-oniria\/#primaryimage\",\"url\":\"https:\/\/www.scuola.cl\/sivm\/wp-content\/uploads\/2025\/12\/USAR-ESTA-Plantillas-IG-Scuola-900-x-610-px-34.jpg\",\"contentUrl\":\"https:\/\/www.scuola.cl\/sivm\/wp-content\/uploads\/2025\/12\/USAR-ESTA-Plantillas-IG-Scuola-900-x-610-px-34.jpg\",\"width\":900,\"height\":610},{\"@type\":\"BreadcrumbList\",\"@id\":\"https:\/\/www.scuola.cl\/sivm\/lanzamiento-hotel-oniria\/#breadcrumb\",\"itemListElement\":[{\"@type\":\"ListItem\",\"position\":1,\"name\":\"Inicio\",\"item\":\"https:\/\/www.scuola.cl\/sivm\/\"},{\"@type\":\"ListItem\",\"position\":2,\"name\":\"Actividades\",\"item\":\"https:\/\/www.scuola.cl\/sivm\/category\/actividades\/\"},{\"@type\":\"ListItem\",\"position\":3,\"name\":\"Lanzamiento \u00abHotel Oniria\u00bb\"}]},{\"@type\":\"WebSite\",\"@id\":\"https:\/\/www.scuola.cl\/sivm\/#website\",\"url\":\"https:\/\/www.scuola.cl\/sivm\/\",\"name\":\"Scuola Italiana\",\"description\":\"Vittorio Montiglio\",\"publisher\":{\"@id\":\"https:\/\/www.scuola.cl\/sivm\/#organization\"},\"potentialAction\":[{\"@type\":\"SearchAction\",\"target\":{\"@type\":\"EntryPoint\",\"urlTemplate\":\"https:\/\/www.scuola.cl\/sivm\/?s={search_term_string}\"},\"query-input\":{\"@type\":\"PropertyValueSpecification\",\"valueRequired\":true,\"valueName\":\"search_term_string\"}}],\"inLanguage\":\"es\"},{\"@type\":\"Organization\",\"@id\":\"https:\/\/www.scuola.cl\/sivm\/#organization\",\"name\":\"Scuola Italiana Vittorio Montiglio\",\"url\":\"https:\/\/www.scuola.cl\/sivm\/\",\"logo\":{\"@type\":\"ImageObject\",\"inLanguage\":\"es\",\"@id\":\"https:\/\/www.scuola.cl\/sivm\/#\/schema\/logo\/image\/\",\"url\":\"https:\/\/www.scuola.cl\/sivm\/wp-content\/uploads\/2019\/06\/Logo_Scuola-01-001-1000x1000.png\",\"contentUrl\":\"https:\/\/www.scuola.cl\/sivm\/wp-content\/uploads\/2019\/06\/Logo_Scuola-01-001-1000x1000.png\",\"width\":1000,\"height\":1000,\"caption\":\"Scuola Italiana Vittorio Montiglio\"},\"image\":{\"@id\":\"https:\/\/www.scuola.cl\/sivm\/#\/schema\/logo\/image\/\"}},{\"@type\":\"Person\",\"@id\":\"https:\/\/www.scuola.cl\/sivm\/#\/schema\/person\/2ac68abc1b548ee6d8e16c4d3727d1b2\",\"name\":\"Comunicaciones\",\"image\":{\"@type\":\"ImageObject\",\"inLanguage\":\"es\",\"@id\":\"https:\/\/www.scuola.cl\/sivm\/#\/schema\/person\/image\/\",\"url\":\"https:\/\/secure.gravatar.com\/avatar\/0b29fd7cdce1ec9939eded19ce85d6ed73acf03fb52d098b0641aed356fe6aeb?s=96&d=mm&r=g\",\"contentUrl\":\"https:\/\/secure.gravatar.com\/avatar\/0b29fd7cdce1ec9939eded19ce85d6ed73acf03fb52d098b0641aed356fe6aeb?s=96&d=mm&r=g\",\"caption\":\"Comunicaciones\"},\"url\":\"https:\/\/www.scuola.cl\/sivm\/author\/comunicaciones-scuola\/\"}]}<\/script>\n<!-- \/ Yoast SEO plugin. -->","yoast_head_json":{"title":"Lanzamiento \"Hotel Oniria\" - Scuola Italiana","robots":{"index":"index","follow":"follow","max-snippet":"max-snippet:-1","max-image-preview":"max-image-preview:large","max-video-preview":"max-video-preview:-1"},"canonical":"https:\/\/www.scuola.cl\/sivm\/lanzamiento-hotel-oniria\/","og_locale":"es_ES","og_type":"article","og_title":"Lanzamiento \"Hotel Oniria\" - Scuola Italiana","og_description":"El 4 de diciembre celebramos la culminaci\u00f3n de un proyecto que naci\u00f3 en el contexto del diferenciado de Literatura y que se transform\u00f3 en una obra colectiva \u00fanica. Los estudiantes desarrollaron un proceso de escritura.","og_url":"https:\/\/www.scuola.cl\/sivm\/lanzamiento-hotel-oniria\/","og_site_name":"Scuola Italiana","article_published_time":"2025-12-08T12:30:17+00:00","article_modified_time":"2025-12-09T18:09:22+00:00","og_image":[{"width":900,"height":610,"url":"https:\/\/www.scuola.cl\/sivm\/wp-content\/uploads\/2025\/12\/USAR-ESTA-Plantillas-IG-Scuola-900-x-610-px-34.jpg","type":"image\/jpeg"}],"author":"Comunicaciones","twitter_card":"summary_large_image","twitter_misc":{"Escrito por":"Comunicaciones","Tiempo de lectura":"3 minutos"},"schema":{"@context":"https:\/\/schema.org","@graph":[{"@type":"Article","@id":"https:\/\/www.scuola.cl\/sivm\/lanzamiento-hotel-oniria\/#article","isPartOf":{"@id":"https:\/\/www.scuola.cl\/sivm\/lanzamiento-hotel-oniria\/"},"author":{"name":"Comunicaciones","@id":"https:\/\/www.scuola.cl\/sivm\/#\/schema\/person\/2ac68abc1b548ee6d8e16c4d3727d1b2"},"headline":"Lanzamiento \u00abHotel Oniria\u00bb","datePublished":"2025-12-08T12:30:17+00:00","dateModified":"2025-12-09T18:09:22+00:00","mainEntityOfPage":{"@id":"https:\/\/www.scuola.cl\/sivm\/lanzamiento-hotel-oniria\/"},"wordCount":494,"publisher":{"@id":"https:\/\/www.scuola.cl\/sivm\/#organization"},"image":{"@id":"https:\/\/www.scuola.cl\/sivm\/lanzamiento-hotel-oniria\/#primaryimage"},"thumbnailUrl":"https:\/\/www.scuola.cl\/sivm\/wp-content\/uploads\/2025\/12\/USAR-ESTA-Plantillas-IG-Scuola-900-x-610-px-34.jpg","articleSection":["Actividades","Cultura","Noticias"],"inLanguage":"es"},{"@type":"WebPage","@id":"https:\/\/www.scuola.cl\/sivm\/lanzamiento-hotel-oniria\/","url":"https:\/\/www.scuola.cl\/sivm\/lanzamiento-hotel-oniria\/","name":"Lanzamiento \"Hotel Oniria\" - Scuola Italiana","isPartOf":{"@id":"https:\/\/www.scuola.cl\/sivm\/#website"},"primaryImageOfPage":{"@id":"https:\/\/www.scuola.cl\/sivm\/lanzamiento-hotel-oniria\/#primaryimage"},"image":{"@id":"https:\/\/www.scuola.cl\/sivm\/lanzamiento-hotel-oniria\/#primaryimage"},"thumbnailUrl":"https:\/\/www.scuola.cl\/sivm\/wp-content\/uploads\/2025\/12\/USAR-ESTA-Plantillas-IG-Scuola-900-x-610-px-34.jpg","datePublished":"2025-12-08T12:30:17+00:00","dateModified":"2025-12-09T18:09:22+00:00","breadcrumb":{"@id":"https:\/\/www.scuola.cl\/sivm\/lanzamiento-hotel-oniria\/#breadcrumb"},"inLanguage":"es","potentialAction":[{"@type":"ReadAction","target":["https:\/\/www.scuola.cl\/sivm\/lanzamiento-hotel-oniria\/"]}]},{"@type":"ImageObject","inLanguage":"es","@id":"https:\/\/www.scuola.cl\/sivm\/lanzamiento-hotel-oniria\/#primaryimage","url":"https:\/\/www.scuola.cl\/sivm\/wp-content\/uploads\/2025\/12\/USAR-ESTA-Plantillas-IG-Scuola-900-x-610-px-34.jpg","contentUrl":"https:\/\/www.scuola.cl\/sivm\/wp-content\/uploads\/2025\/12\/USAR-ESTA-Plantillas-IG-Scuola-900-x-610-px-34.jpg","width":900,"height":610},{"@type":"BreadcrumbList","@id":"https:\/\/www.scuola.cl\/sivm\/lanzamiento-hotel-oniria\/#breadcrumb","itemListElement":[{"@type":"ListItem","position":1,"name":"Inicio","item":"https:\/\/www.scuola.cl\/sivm\/"},{"@type":"ListItem","position":2,"name":"Actividades","item":"https:\/\/www.scuola.cl\/sivm\/category\/actividades\/"},{"@type":"ListItem","position":3,"name":"Lanzamiento \u00abHotel Oniria\u00bb"}]},{"@type":"WebSite","@id":"https:\/\/www.scuola.cl\/sivm\/#website","url":"https:\/\/www.scuola.cl\/sivm\/","name":"Scuola Italiana","description":"Vittorio Montiglio","publisher":{"@id":"https:\/\/www.scuola.cl\/sivm\/#organization"},"potentialAction":[{"@type":"SearchAction","target":{"@type":"EntryPoint","urlTemplate":"https:\/\/www.scuola.cl\/sivm\/?s={search_term_string}"},"query-input":{"@type":"PropertyValueSpecification","valueRequired":true,"valueName":"search_term_string"}}],"inLanguage":"es"},{"@type":"Organization","@id":"https:\/\/www.scuola.cl\/sivm\/#organization","name":"Scuola Italiana Vittorio Montiglio","url":"https:\/\/www.scuola.cl\/sivm\/","logo":{"@type":"ImageObject","inLanguage":"es","@id":"https:\/\/www.scuola.cl\/sivm\/#\/schema\/logo\/image\/","url":"https:\/\/www.scuola.cl\/sivm\/wp-content\/uploads\/2019\/06\/Logo_Scuola-01-001-1000x1000.png","contentUrl":"https:\/\/www.scuola.cl\/sivm\/wp-content\/uploads\/2019\/06\/Logo_Scuola-01-001-1000x1000.png","width":1000,"height":1000,"caption":"Scuola Italiana Vittorio Montiglio"},"image":{"@id":"https:\/\/www.scuola.cl\/sivm\/#\/schema\/logo\/image\/"}},{"@type":"Person","@id":"https:\/\/www.scuola.cl\/sivm\/#\/schema\/person\/2ac68abc1b548ee6d8e16c4d3727d1b2","name":"Comunicaciones","image":{"@type":"ImageObject","inLanguage":"es","@id":"https:\/\/www.scuola.cl\/sivm\/#\/schema\/person\/image\/","url":"https:\/\/secure.gravatar.com\/avatar\/0b29fd7cdce1ec9939eded19ce85d6ed73acf03fb52d098b0641aed356fe6aeb?s=96&d=mm&r=g","contentUrl":"https:\/\/secure.gravatar.com\/avatar\/0b29fd7cdce1ec9939eded19ce85d6ed73acf03fb52d098b0641aed356fe6aeb?s=96&d=mm&r=g","caption":"Comunicaciones"},"url":"https:\/\/www.scuola.cl\/sivm\/author\/comunicaciones-scuola\/"}]}},"_links":{"self":[{"href":"https:\/\/www.scuola.cl\/sivm\/wp-json\/wp\/v2\/posts\/32075","targetHints":{"allow":["GET"]}}],"collection":[{"href":"https:\/\/www.scuola.cl\/sivm\/wp-json\/wp\/v2\/posts"}],"about":[{"href":"https:\/\/www.scuola.cl\/sivm\/wp-json\/wp\/v2\/types\/post"}],"author":[{"embeddable":true,"href":"https:\/\/www.scuola.cl\/sivm\/wp-json\/wp\/v2\/users\/2"}],"replies":[{"embeddable":true,"href":"https:\/\/www.scuola.cl\/sivm\/wp-json\/wp\/v2\/comments?post=32075"}],"version-history":[{"count":14,"href":"https:\/\/www.scuola.cl\/sivm\/wp-json\/wp\/v2\/posts\/32075\/revisions"}],"predecessor-version":[{"id":32107,"href":"https:\/\/www.scuola.cl\/sivm\/wp-json\/wp\/v2\/posts\/32075\/revisions\/32107"}],"wp:featuredmedia":[{"embeddable":true,"href":"https:\/\/www.scuola.cl\/sivm\/wp-json\/wp\/v2\/media\/32076"}],"wp:attachment":[{"href":"https:\/\/www.scuola.cl\/sivm\/wp-json\/wp\/v2\/media?parent=32075"}],"wp:term":[{"taxonomy":"category","embeddable":true,"href":"https:\/\/www.scuola.cl\/sivm\/wp-json\/wp\/v2\/categories?post=32075"},{"taxonomy":"post_tag","embeddable":true,"href":"https:\/\/www.scuola.cl\/sivm\/wp-json\/wp\/v2\/tags?post=32075"}],"curies":[{"name":"wp","href":"https:\/\/api.w.org\/{rel}","templated":true}]}}