{"id":32068,"date":"2025-12-09T09:12:15","date_gmt":"2025-12-09T12:12:15","guid":{"rendered":"https:\/\/www.scuola.cl\/sivm\/?p=32068"},"modified":"2025-12-09T15:00:12","modified_gmt":"2025-12-09T18:00:12","slug":"exitosa-gira-musical","status":"publish","type":"post","link":"https:\/\/www.scuola.cl\/sivm\/exitosa-gira-musical\/","title":{"rendered":"Exitosa gira musical"},"content":{"rendered":"\n<p><em>(Por Carolina Aguayo, Directora)<\/em><br \/><br \/>La reciente gira del Coro de Apoderados de la Scuola Italiana por la X Regi\u00f3n se convirti\u00f3 en un hito art\u00edstico y cultural para la comunidad escolar y regional. El conjunto vocal demostr\u00f3 todo su talento, calidad interpretativa, fiato y cohesi\u00f3n musical, cautivando al p\u00fablico en cada una de sus presentaciones.<br \/><br \/>El coro se consolid\u00f3 como embajador cultural de la Scuola Italiana, promoviendo y fortaleciendo el uso y amor por la lingua italiana a trav\u00e9s de reconocidas piezas como Con te partir\u00f2, Nessun Dorma, Samba Italiana y Signore delle cime, repertorio que fue recibido con entusiasmo por las audiencias del sur del pa\u00eds.<br \/><br \/>Los conciertos se llevaron a cabo en escenarios de gran valor art\u00edstico y patrimonial:<br \/><br \/>Biblioteca de Frutillar, Parroquia San Agust\u00edn de Puerto Octay, y COMBAS, Conservatorio de M\u00fasica y Bellas Artes del Sur, donde el coro comparti\u00f3 escenario con la soprano Massiel G\u00f3mez y la joven cellista Pascale D\u00edaz, enriqueciendo a\u00fan m\u00e1s la experiencia musical.<br \/><br \/>Asimismo, destac\u00f3 su brillante presentaci\u00f3n en la Iglesia Cat\u00f3lica de Frutillar Bajo, actividad enmarcada en el aniversario de la ciudad y la conmemoraci\u00f3n del D\u00eda de Santa Cecilia, patrona de la m\u00fasica, lo que otorg\u00f3 un especial sentido a la interpretaci\u00f3n del coro.<br \/><br \/>Toda la gira cont\u00f3 con el valioso acompa\u00f1amiento del pianista Maximiliano Osand\u00f3n y el apoyo art\u00edstico-cultural de Mario Moure, gestores de m\u00fasica y cultura de la X Regi\u00f3n, quienes contribuyeron al desarrollo de esta exitosa experiencia.<br \/><br \/>La Scuola Italiana celebra este logro, que reafirma el compromiso con el arte, la cultura y la promoci\u00f3n del patrimonio italiano en Chile.<\/p>\n<p><a href=\"https:\/\/www.instagram.com\/p\/DSAGv-sAIpC\/?img_index=1\" target=\"_blank\" rel=\"noopener\">Ver fotos<\/a><\/p>\n<hr \/>\n<p>\u00a0<\/p>\n<p>Il recente tour del Coro dei Genitori della Scuola Italiana per la X Regione \u00e8 diventato un punto di riferimento artistico e culturale per la comunit\u00e0 scolastica e regionale. L&#8217;ensemble vocale ha dimostrato tutto il suo talento, qualit\u00e0 interpretativa, fiato e coesione musicale, affascinando il pubblico in ciascuna delle sue presentazioni.<\/p>\n<p>Il coro si \u00e8 consolidato come ambasciatore culturale della Scuola Italiana, promuovendo e rafforzando l&#8217;uso e l&#8217;amore per la lingua italiana attraverso pezzi riconosciuti come Con te partir\u00f2, Nessun Dorma, Samba Italiana e Signore delle cime, repertorio che \u00e8 stato accolto con entusiasmo dagli spettatori del sud del paese.<\/p>\n<p>I concerti si sono svolti in palchi di grande valore artistico e patrimoniale:<br \/>Biblioteca di Frutillar, Parroquia San Agust\u00edn de Puerto Octay, e COMBAS, Conservatorio di Musica e Belle Arti del Sud, dove il coro ha condiviso il palco con il soprano Massiel G\u00f3mez e la giovane violoncellista Pascale D\u00edaz, arricchendo ulteriormente l&#8217;esperienza musicale.<\/p>\n<p>Inoltre, ha evidenziato la sua brillante presentazione nella Chiesa Cattolica di Frutillar Bajo, attivit\u00e0 inquadrata nell&#8217;anniversario della citt\u00e0 e la commemorazione del Giorno di Santa Cecilia, patrona della musica, che ha dato un senso speciale all&#8217;interpretazione del coro.<\/p>\n<p>L&#8217;intero tour ha avuto il prezioso accompagnamento del pianista Maximiliano Osand\u00f3n e il sostegno artistico-culturale di Mario Moure, manager di musica e cultura della X Regione, che hanno contribuito allo sviluppo di questa esperienza di successo.<\/p>\n<p>La Scuola Italiana celebra questo risultato, che riafferma l&#8217;impegno per l&#8217;arte, la cultura e la promozione del patrimonio italiano in Cile.<\/p>\n<p><img loading=\"lazy\" decoding=\"async\" width=\"700\" height=\"474\" class=\"alignnone size-large wp-image-32069\" src=\"https:\/\/www.scuola.cl\/sivm\/wp-content\/uploads\/2025\/12\/USAR-ESTA-Plantillas-IG-Scuola-900-x-610-px-31-700x474.jpg\" alt=\"\" srcset=\"https:\/\/www.scuola.cl\/sivm\/wp-content\/uploads\/2025\/12\/USAR-ESTA-Plantillas-IG-Scuola-900-x-610-px-31-700x474.jpg 700w, https:\/\/www.scuola.cl\/sivm\/wp-content\/uploads\/2025\/12\/USAR-ESTA-Plantillas-IG-Scuola-900-x-610-px-31-250x169.jpg 250w, https:\/\/www.scuola.cl\/sivm\/wp-content\/uploads\/2025\/12\/USAR-ESTA-Plantillas-IG-Scuola-900-x-610-px-31-768x521.jpg 768w, https:\/\/www.scuola.cl\/sivm\/wp-content\/uploads\/2025\/12\/USAR-ESTA-Plantillas-IG-Scuola-900-x-610-px-31-120x81.jpg 120w, https:\/\/www.scuola.cl\/sivm\/wp-content\/uploads\/2025\/12\/USAR-ESTA-Plantillas-IG-Scuola-900-x-610-px-31.jpg 900w\" sizes=\"auto, (max-width: 700px) 100vw, 700px\" \/><\/p>\n","protected":false},"excerpt":{"rendered":"La reciente gira del Coro de Apoderados de la Scuola Italiana por la X Regi\u00f3n se convirti\u00f3 en un hito art\u00edstico y cultural para la comunidad escolar y regional. El conjunto vocal demostr\u00f3 todo su talento.","protected":false},"author":2,"featured_media":32069,"comment_status":"closed","ping_status":"closed","sticky":false,"template":"","format":"standard","meta":{"_acf_changed":false,"footnotes":""},"categories":[6,36,5],"tags":[],"class_list":["post-32068","post","type-post","status-publish","format-standard","has-post-thumbnail","hentry","category-actividades","category-coro-scuola","category-noticias"],"acf":[],"yoast_head":"<!-- This site is optimized with the Yoast SEO plugin v27.1.1 - https:\/\/yoast.com\/product\/yoast-seo-wordpress\/ -->\n<title>Exitosa gira musical - Scuola Italiana<\/title>\n<meta name=\"robots\" content=\"index, follow, max-snippet:-1, max-image-preview:large, max-video-preview:-1\" \/>\n<link rel=\"canonical\" href=\"https:\/\/www.scuola.cl\/sivm\/exitosa-gira-musical\/\" \/>\n<meta property=\"og:locale\" content=\"es_ES\" \/>\n<meta property=\"og:type\" content=\"article\" \/>\n<meta property=\"og:title\" content=\"Exitosa gira musical - Scuola Italiana\" \/>\n<meta property=\"og:description\" content=\"La reciente gira del Coro de Apoderados de la Scuola Italiana por la X Regi\u00f3n se convirti\u00f3 en un hito art\u00edstico y cultural para la comunidad escolar y regional. El conjunto vocal demostr\u00f3 todo su talento.\" \/>\n<meta property=\"og:url\" content=\"https:\/\/www.scuola.cl\/sivm\/exitosa-gira-musical\/\" \/>\n<meta property=\"og:site_name\" content=\"Scuola Italiana\" \/>\n<meta property=\"article:published_time\" content=\"2025-12-09T12:12:15+00:00\" \/>\n<meta property=\"article:modified_time\" content=\"2025-12-09T18:00:12+00:00\" \/>\n<meta property=\"og:image\" content=\"https:\/\/www.scuola.cl\/sivm\/wp-content\/uploads\/2025\/12\/USAR-ESTA-Plantillas-IG-Scuola-900-x-610-px-31.jpg\" \/>\n\t<meta property=\"og:image:width\" content=\"900\" \/>\n\t<meta property=\"og:image:height\" content=\"610\" \/>\n\t<meta property=\"og:image:type\" content=\"image\/jpeg\" \/>\n<meta name=\"author\" content=\"Comunicaciones\" \/>\n<meta name=\"twitter:card\" content=\"summary_large_image\" \/>\n<meta name=\"twitter:label1\" content=\"Escrito por\" \/>\n\t<meta name=\"twitter:data1\" content=\"Comunicaciones\" \/>\n\t<meta name=\"twitter:label2\" content=\"Tiempo de lectura\" \/>\n\t<meta name=\"twitter:data2\" content=\"3 minutos\" \/>\n<script type=\"application\/ld+json\" class=\"yoast-schema-graph\">{\"@context\":\"https:\/\/schema.org\",\"@graph\":[{\"@type\":\"Article\",\"@id\":\"https:\/\/www.scuola.cl\/sivm\/exitosa-gira-musical\/#article\",\"isPartOf\":{\"@id\":\"https:\/\/www.scuola.cl\/sivm\/exitosa-gira-musical\/\"},\"author\":{\"name\":\"Comunicaciones\",\"@id\":\"https:\/\/www.scuola.cl\/sivm\/#\/schema\/person\/2ac68abc1b548ee6d8e16c4d3727d1b2\"},\"headline\":\"Exitosa gira musical\",\"datePublished\":\"2025-12-09T12:12:15+00:00\",\"dateModified\":\"2025-12-09T18:00:12+00:00\",\"mainEntityOfPage\":{\"@id\":\"https:\/\/www.scuola.cl\/sivm\/exitosa-gira-musical\/\"},\"wordCount\":544,\"publisher\":{\"@id\":\"https:\/\/www.scuola.cl\/sivm\/#organization\"},\"image\":{\"@id\":\"https:\/\/www.scuola.cl\/sivm\/exitosa-gira-musical\/#primaryimage\"},\"thumbnailUrl\":\"https:\/\/www.scuola.cl\/sivm\/wp-content\/uploads\/2025\/12\/USAR-ESTA-Plantillas-IG-Scuola-900-x-610-px-31.jpg\",\"articleSection\":[\"Actividades\",\"Coro Scuola\",\"Noticias\"],\"inLanguage\":\"es\"},{\"@type\":\"WebPage\",\"@id\":\"https:\/\/www.scuola.cl\/sivm\/exitosa-gira-musical\/\",\"url\":\"https:\/\/www.scuola.cl\/sivm\/exitosa-gira-musical\/\",\"name\":\"Exitosa gira musical - Scuola Italiana\",\"isPartOf\":{\"@id\":\"https:\/\/www.scuola.cl\/sivm\/#website\"},\"primaryImageOfPage\":{\"@id\":\"https:\/\/www.scuola.cl\/sivm\/exitosa-gira-musical\/#primaryimage\"},\"image\":{\"@id\":\"https:\/\/www.scuola.cl\/sivm\/exitosa-gira-musical\/#primaryimage\"},\"thumbnailUrl\":\"https:\/\/www.scuola.cl\/sivm\/wp-content\/uploads\/2025\/12\/USAR-ESTA-Plantillas-IG-Scuola-900-x-610-px-31.jpg\",\"datePublished\":\"2025-12-09T12:12:15+00:00\",\"dateModified\":\"2025-12-09T18:00:12+00:00\",\"breadcrumb\":{\"@id\":\"https:\/\/www.scuola.cl\/sivm\/exitosa-gira-musical\/#breadcrumb\"},\"inLanguage\":\"es\",\"potentialAction\":[{\"@type\":\"ReadAction\",\"target\":[\"https:\/\/www.scuola.cl\/sivm\/exitosa-gira-musical\/\"]}]},{\"@type\":\"ImageObject\",\"inLanguage\":\"es\",\"@id\":\"https:\/\/www.scuola.cl\/sivm\/exitosa-gira-musical\/#primaryimage\",\"url\":\"https:\/\/www.scuola.cl\/sivm\/wp-content\/uploads\/2025\/12\/USAR-ESTA-Plantillas-IG-Scuola-900-x-610-px-31.jpg\",\"contentUrl\":\"https:\/\/www.scuola.cl\/sivm\/wp-content\/uploads\/2025\/12\/USAR-ESTA-Plantillas-IG-Scuola-900-x-610-px-31.jpg\",\"width\":900,\"height\":610},{\"@type\":\"BreadcrumbList\",\"@id\":\"https:\/\/www.scuola.cl\/sivm\/exitosa-gira-musical\/#breadcrumb\",\"itemListElement\":[{\"@type\":\"ListItem\",\"position\":1,\"name\":\"Inicio\",\"item\":\"https:\/\/www.scuola.cl\/sivm\/\"},{\"@type\":\"ListItem\",\"position\":2,\"name\":\"Actividades\",\"item\":\"https:\/\/www.scuola.cl\/sivm\/category\/actividades\/\"},{\"@type\":\"ListItem\",\"position\":3,\"name\":\"Exitosa gira musical\"}]},{\"@type\":\"WebSite\",\"@id\":\"https:\/\/www.scuola.cl\/sivm\/#website\",\"url\":\"https:\/\/www.scuola.cl\/sivm\/\",\"name\":\"Scuola Italiana\",\"description\":\"Vittorio Montiglio\",\"publisher\":{\"@id\":\"https:\/\/www.scuola.cl\/sivm\/#organization\"},\"potentialAction\":[{\"@type\":\"SearchAction\",\"target\":{\"@type\":\"EntryPoint\",\"urlTemplate\":\"https:\/\/www.scuola.cl\/sivm\/?s={search_term_string}\"},\"query-input\":{\"@type\":\"PropertyValueSpecification\",\"valueRequired\":true,\"valueName\":\"search_term_string\"}}],\"inLanguage\":\"es\"},{\"@type\":\"Organization\",\"@id\":\"https:\/\/www.scuola.cl\/sivm\/#organization\",\"name\":\"Scuola Italiana Vittorio Montiglio\",\"url\":\"https:\/\/www.scuola.cl\/sivm\/\",\"logo\":{\"@type\":\"ImageObject\",\"inLanguage\":\"es\",\"@id\":\"https:\/\/www.scuola.cl\/sivm\/#\/schema\/logo\/image\/\",\"url\":\"https:\/\/www.scuola.cl\/sivm\/wp-content\/uploads\/2019\/06\/Logo_Scuola-01-001-1000x1000.png\",\"contentUrl\":\"https:\/\/www.scuola.cl\/sivm\/wp-content\/uploads\/2019\/06\/Logo_Scuola-01-001-1000x1000.png\",\"width\":1000,\"height\":1000,\"caption\":\"Scuola Italiana Vittorio Montiglio\"},\"image\":{\"@id\":\"https:\/\/www.scuola.cl\/sivm\/#\/schema\/logo\/image\/\"}},{\"@type\":\"Person\",\"@id\":\"https:\/\/www.scuola.cl\/sivm\/#\/schema\/person\/2ac68abc1b548ee6d8e16c4d3727d1b2\",\"name\":\"Comunicaciones\",\"image\":{\"@type\":\"ImageObject\",\"inLanguage\":\"es\",\"@id\":\"https:\/\/www.scuola.cl\/sivm\/#\/schema\/person\/image\/\",\"url\":\"https:\/\/secure.gravatar.com\/avatar\/0b29fd7cdce1ec9939eded19ce85d6ed73acf03fb52d098b0641aed356fe6aeb?s=96&d=mm&r=g\",\"contentUrl\":\"https:\/\/secure.gravatar.com\/avatar\/0b29fd7cdce1ec9939eded19ce85d6ed73acf03fb52d098b0641aed356fe6aeb?s=96&d=mm&r=g\",\"caption\":\"Comunicaciones\"},\"url\":\"https:\/\/www.scuola.cl\/sivm\/author\/comunicaciones-scuola\/\"}]}<\/script>\n<!-- \/ Yoast SEO plugin. -->","yoast_head_json":{"title":"Exitosa gira musical - Scuola Italiana","robots":{"index":"index","follow":"follow","max-snippet":"max-snippet:-1","max-image-preview":"max-image-preview:large","max-video-preview":"max-video-preview:-1"},"canonical":"https:\/\/www.scuola.cl\/sivm\/exitosa-gira-musical\/","og_locale":"es_ES","og_type":"article","og_title":"Exitosa gira musical - Scuola Italiana","og_description":"La reciente gira del Coro de Apoderados de la Scuola Italiana por la X Regi\u00f3n se convirti\u00f3 en un hito art\u00edstico y cultural para la comunidad escolar y regional. El conjunto vocal demostr\u00f3 todo su talento.","og_url":"https:\/\/www.scuola.cl\/sivm\/exitosa-gira-musical\/","og_site_name":"Scuola Italiana","article_published_time":"2025-12-09T12:12:15+00:00","article_modified_time":"2025-12-09T18:00:12+00:00","og_image":[{"width":900,"height":610,"url":"https:\/\/www.scuola.cl\/sivm\/wp-content\/uploads\/2025\/12\/USAR-ESTA-Plantillas-IG-Scuola-900-x-610-px-31.jpg","type":"image\/jpeg"}],"author":"Comunicaciones","twitter_card":"summary_large_image","twitter_misc":{"Escrito por":"Comunicaciones","Tiempo de lectura":"3 minutos"},"schema":{"@context":"https:\/\/schema.org","@graph":[{"@type":"Article","@id":"https:\/\/www.scuola.cl\/sivm\/exitosa-gira-musical\/#article","isPartOf":{"@id":"https:\/\/www.scuola.cl\/sivm\/exitosa-gira-musical\/"},"author":{"name":"Comunicaciones","@id":"https:\/\/www.scuola.cl\/sivm\/#\/schema\/person\/2ac68abc1b548ee6d8e16c4d3727d1b2"},"headline":"Exitosa gira musical","datePublished":"2025-12-09T12:12:15+00:00","dateModified":"2025-12-09T18:00:12+00:00","mainEntityOfPage":{"@id":"https:\/\/www.scuola.cl\/sivm\/exitosa-gira-musical\/"},"wordCount":544,"publisher":{"@id":"https:\/\/www.scuola.cl\/sivm\/#organization"},"image":{"@id":"https:\/\/www.scuola.cl\/sivm\/exitosa-gira-musical\/#primaryimage"},"thumbnailUrl":"https:\/\/www.scuola.cl\/sivm\/wp-content\/uploads\/2025\/12\/USAR-ESTA-Plantillas-IG-Scuola-900-x-610-px-31.jpg","articleSection":["Actividades","Coro Scuola","Noticias"],"inLanguage":"es"},{"@type":"WebPage","@id":"https:\/\/www.scuola.cl\/sivm\/exitosa-gira-musical\/","url":"https:\/\/www.scuola.cl\/sivm\/exitosa-gira-musical\/","name":"Exitosa gira musical - Scuola Italiana","isPartOf":{"@id":"https:\/\/www.scuola.cl\/sivm\/#website"},"primaryImageOfPage":{"@id":"https:\/\/www.scuola.cl\/sivm\/exitosa-gira-musical\/#primaryimage"},"image":{"@id":"https:\/\/www.scuola.cl\/sivm\/exitosa-gira-musical\/#primaryimage"},"thumbnailUrl":"https:\/\/www.scuola.cl\/sivm\/wp-content\/uploads\/2025\/12\/USAR-ESTA-Plantillas-IG-Scuola-900-x-610-px-31.jpg","datePublished":"2025-12-09T12:12:15+00:00","dateModified":"2025-12-09T18:00:12+00:00","breadcrumb":{"@id":"https:\/\/www.scuola.cl\/sivm\/exitosa-gira-musical\/#breadcrumb"},"inLanguage":"es","potentialAction":[{"@type":"ReadAction","target":["https:\/\/www.scuola.cl\/sivm\/exitosa-gira-musical\/"]}]},{"@type":"ImageObject","inLanguage":"es","@id":"https:\/\/www.scuola.cl\/sivm\/exitosa-gira-musical\/#primaryimage","url":"https:\/\/www.scuola.cl\/sivm\/wp-content\/uploads\/2025\/12\/USAR-ESTA-Plantillas-IG-Scuola-900-x-610-px-31.jpg","contentUrl":"https:\/\/www.scuola.cl\/sivm\/wp-content\/uploads\/2025\/12\/USAR-ESTA-Plantillas-IG-Scuola-900-x-610-px-31.jpg","width":900,"height":610},{"@type":"BreadcrumbList","@id":"https:\/\/www.scuola.cl\/sivm\/exitosa-gira-musical\/#breadcrumb","itemListElement":[{"@type":"ListItem","position":1,"name":"Inicio","item":"https:\/\/www.scuola.cl\/sivm\/"},{"@type":"ListItem","position":2,"name":"Actividades","item":"https:\/\/www.scuola.cl\/sivm\/category\/actividades\/"},{"@type":"ListItem","position":3,"name":"Exitosa gira musical"}]},{"@type":"WebSite","@id":"https:\/\/www.scuola.cl\/sivm\/#website","url":"https:\/\/www.scuola.cl\/sivm\/","name":"Scuola Italiana","description":"Vittorio Montiglio","publisher":{"@id":"https:\/\/www.scuola.cl\/sivm\/#organization"},"potentialAction":[{"@type":"SearchAction","target":{"@type":"EntryPoint","urlTemplate":"https:\/\/www.scuola.cl\/sivm\/?s={search_term_string}"},"query-input":{"@type":"PropertyValueSpecification","valueRequired":true,"valueName":"search_term_string"}}],"inLanguage":"es"},{"@type":"Organization","@id":"https:\/\/www.scuola.cl\/sivm\/#organization","name":"Scuola Italiana Vittorio Montiglio","url":"https:\/\/www.scuola.cl\/sivm\/","logo":{"@type":"ImageObject","inLanguage":"es","@id":"https:\/\/www.scuola.cl\/sivm\/#\/schema\/logo\/image\/","url":"https:\/\/www.scuola.cl\/sivm\/wp-content\/uploads\/2019\/06\/Logo_Scuola-01-001-1000x1000.png","contentUrl":"https:\/\/www.scuola.cl\/sivm\/wp-content\/uploads\/2019\/06\/Logo_Scuola-01-001-1000x1000.png","width":1000,"height":1000,"caption":"Scuola Italiana Vittorio Montiglio"},"image":{"@id":"https:\/\/www.scuola.cl\/sivm\/#\/schema\/logo\/image\/"}},{"@type":"Person","@id":"https:\/\/www.scuola.cl\/sivm\/#\/schema\/person\/2ac68abc1b548ee6d8e16c4d3727d1b2","name":"Comunicaciones","image":{"@type":"ImageObject","inLanguage":"es","@id":"https:\/\/www.scuola.cl\/sivm\/#\/schema\/person\/image\/","url":"https:\/\/secure.gravatar.com\/avatar\/0b29fd7cdce1ec9939eded19ce85d6ed73acf03fb52d098b0641aed356fe6aeb?s=96&d=mm&r=g","contentUrl":"https:\/\/secure.gravatar.com\/avatar\/0b29fd7cdce1ec9939eded19ce85d6ed73acf03fb52d098b0641aed356fe6aeb?s=96&d=mm&r=g","caption":"Comunicaciones"},"url":"https:\/\/www.scuola.cl\/sivm\/author\/comunicaciones-scuola\/"}]}},"_links":{"self":[{"href":"https:\/\/www.scuola.cl\/sivm\/wp-json\/wp\/v2\/posts\/32068","targetHints":{"allow":["GET"]}}],"collection":[{"href":"https:\/\/www.scuola.cl\/sivm\/wp-json\/wp\/v2\/posts"}],"about":[{"href":"https:\/\/www.scuola.cl\/sivm\/wp-json\/wp\/v2\/types\/post"}],"author":[{"embeddable":true,"href":"https:\/\/www.scuola.cl\/sivm\/wp-json\/wp\/v2\/users\/2"}],"replies":[{"embeddable":true,"href":"https:\/\/www.scuola.cl\/sivm\/wp-json\/wp\/v2\/comments?post=32068"}],"version-history":[{"count":6,"href":"https:\/\/www.scuola.cl\/sivm\/wp-json\/wp\/v2\/posts\/32068\/revisions"}],"predecessor-version":[{"id":32106,"href":"https:\/\/www.scuola.cl\/sivm\/wp-json\/wp\/v2\/posts\/32068\/revisions\/32106"}],"wp:featuredmedia":[{"embeddable":true,"href":"https:\/\/www.scuola.cl\/sivm\/wp-json\/wp\/v2\/media\/32069"}],"wp:attachment":[{"href":"https:\/\/www.scuola.cl\/sivm\/wp-json\/wp\/v2\/media?parent=32068"}],"wp:term":[{"taxonomy":"category","embeddable":true,"href":"https:\/\/www.scuola.cl\/sivm\/wp-json\/wp\/v2\/categories?post=32068"},{"taxonomy":"post_tag","embeddable":true,"href":"https:\/\/www.scuola.cl\/sivm\/wp-json\/wp\/v2\/tags?post=32068"}],"curies":[{"name":"wp","href":"https:\/\/api.w.org\/{rel}","templated":true}]}}