{"id":32050,"date":"2025-12-05T08:24:57","date_gmt":"2025-12-05T11:24:57","guid":{"rendered":"https:\/\/www.scuola.cl\/sivm\/?p=32050"},"modified":"2025-12-09T14:52:32","modified_gmt":"2025-12-09T17:52:32","slug":"exposiciones-finales-de-arte","status":"publish","type":"post","link":"https:\/\/www.scuola.cl\/sivm\/exposiciones-finales-de-arte\/","title":{"rendered":"Exposiciones finales de Arte"},"content":{"rendered":"\n<p><br \/><em>(Por Sof\u00eda Dannemann, profesora de Arte Visuales)<\/em><\/p>\n<p>A fin de a\u00f1o, la Scuola se llena de arte gracias a las diversas exposiciones que se est\u00e1n presentando en nuestros espacios. En el foyer Verdi, del 24 de noviembre al 4 de diciembre, estuvo la muestra de los trabajos de la \u00faltima unidad de la asignatura de Arte, realizada por estudiantes desde 1\u00b0 B\u00e1sico a III Medio y tambi\u00e9n la muestra de la talleres culturales.<\/p>\n<p>Asimismo, destacamos el proyecto interdisciplinario \u201cLa storia si riveste\u201d, desarrollado en conjunto por las asignaturas de Artes Visuales, Historia e Italiano. Esta propuesta explora el arco como monumento, recorriendo su evoluci\u00f3n desde la arquitectura romana hasta los monumentos contempor\u00e1neos.<\/p>\n<p>En las asignaturas de Historia e Italiano, los estudiantes elaboraron un d\u00edptico\/depliant para investigar distintos arcos europeos, mientras que en Arte realizaron un an\u00e1lisis cr\u00edtico sobre la historia del arco, reinterpret\u00e1ndolo mediante una met\u00e1fora visual que otorga un nuevo significado vinculado a una problem\u00e1tica social actual.<\/p>\n<p>La desigualdad, la guerra y la contaminaci\u00f3n fueron algunas de las tem\u00e1ticas abordadas por los alumnos, quienes utilizaron materiales innovadores para revestir simb\u00f3licamente el arco y dar forma a sus reflexiones.<\/p>\n<p><a href=\"https:\/\/drive.google.com\/drive\/folders\/1DWOOK0b0SRzsSADe2_wIIWXT_kOCEoPi?usp=sharing\" target=\"_blank\" rel=\"noopener\">Ver fotos<\/a><\/p>\n<hr \/>\n<p>\u00a0<\/p>\n<p>A fine anno, la Scuola si riempie di arte grazie alle diverse mostre che vengono presentate nei nostri spazi. Nel foyer Verdi, dal 24 novembre al 4 dicembre, si \u00e8 tenuta la mostra dei lavori dell&#8217;ultima unit\u00e0 del corso d&#8217;arte, realizzata da studenti dal 1\u00b0 Basico al III Medio e anche la mostra dei laboratori culturali.<\/p>\n<p>Inoltre, segnaliamo il progetto interdisciplinare \u00abLa storia si riveste\u00bb, sviluppato congiuntamente dalle materie di Arti Visive, Storia e Italiano. Questa proposta esplora l&#8217;arco come monumento, ripercorrendo la sua evoluzione dall&#8217;architettura romana ai monumenti contemporanei.<\/p>\n<p>Nelle materie di storia e italiano, gli studenti hanno elaborato un dittico\/depliant per indagare diversi archi europei, mentre nell&#8217;arte hanno condotto un&#8217;analisi critica sulla storia dell&#8217;arco, interpretandolo attraverso una metafora visiva che d\u00e0 un nuovo significato legato ad una problematica sociale attuale.<\/p>\n<p>Disuguaglianza, guerra e inquinamento sono stati alcuni dei temi affrontati dagli studenti, che hanno utilizzato materiali innovativi per rivestire simbolicamente l&#8217;arco e dare forma alle loro riflessioni.<\/p>\n<p><img loading=\"lazy\" decoding=\"async\" width=\"700\" height=\"474\" class=\"alignnone size-large wp-image-32051\" src=\"https:\/\/www.scuola.cl\/sivm\/wp-content\/uploads\/2025\/12\/web-arte-700x474.jpg\" alt=\"\" srcset=\"https:\/\/www.scuola.cl\/sivm\/wp-content\/uploads\/2025\/12\/web-arte-700x474.jpg 700w, https:\/\/www.scuola.cl\/sivm\/wp-content\/uploads\/2025\/12\/web-arte-250x169.jpg 250w, https:\/\/www.scuola.cl\/sivm\/wp-content\/uploads\/2025\/12\/web-arte-768x521.jpg 768w, https:\/\/www.scuola.cl\/sivm\/wp-content\/uploads\/2025\/12\/web-arte-120x81.jpg 120w, https:\/\/www.scuola.cl\/sivm\/wp-content\/uploads\/2025\/12\/web-arte.jpg 900w\" sizes=\"auto, (max-width: 700px) 100vw, 700px\" \/><\/p>\n<p>\u00a0<\/p>\n","protected":false},"excerpt":{"rendered":"A fin de a\u00f1o, la Scuola se llena de arte gracias a las diversas exposiciones que se est\u00e1n presentando en nuestros espacios. En el foyer Verdi, del 24 de noviembre al 4 de diciembre, estuvo la muestra de los trabajos.","protected":false},"author":2,"featured_media":32051,"comment_status":"closed","ping_status":"closed","sticky":false,"template":"","format":"standard","meta":{"_acf_changed":false,"footnotes":""},"categories":[6,22,5],"tags":[],"class_list":["post-32050","post","type-post","status-publish","format-standard","has-post-thumbnail","hentry","category-actividades","category-cultura","category-noticias"],"acf":[],"yoast_head":"<!-- This site is optimized with the Yoast SEO plugin v27.1.1 - https:\/\/yoast.com\/product\/yoast-seo-wordpress\/ -->\n<title>Exposiciones finales de Arte - Scuola Italiana<\/title>\n<meta name=\"robots\" content=\"index, follow, max-snippet:-1, max-image-preview:large, max-video-preview:-1\" \/>\n<link rel=\"canonical\" href=\"https:\/\/www.scuola.cl\/sivm\/exposiciones-finales-de-arte\/\" \/>\n<meta property=\"og:locale\" content=\"es_ES\" \/>\n<meta property=\"og:type\" content=\"article\" \/>\n<meta property=\"og:title\" content=\"Exposiciones finales de Arte - Scuola Italiana\" \/>\n<meta property=\"og:description\" content=\"A fin de a\u00f1o, la Scuola se llena de arte gracias a las diversas exposiciones que se est\u00e1n presentando en nuestros espacios. En el foyer Verdi, del 24 de noviembre al 4 de diciembre, estuvo la muestra de los trabajos.\" \/>\n<meta property=\"og:url\" content=\"https:\/\/www.scuola.cl\/sivm\/exposiciones-finales-de-arte\/\" \/>\n<meta property=\"og:site_name\" content=\"Scuola Italiana\" \/>\n<meta property=\"article:published_time\" content=\"2025-12-05T11:24:57+00:00\" \/>\n<meta property=\"article:modified_time\" content=\"2025-12-09T17:52:32+00:00\" \/>\n<meta property=\"og:image\" content=\"https:\/\/www.scuola.cl\/sivm\/wp-content\/uploads\/2025\/12\/web-arte.jpg\" \/>\n\t<meta property=\"og:image:width\" content=\"900\" \/>\n\t<meta property=\"og:image:height\" content=\"610\" \/>\n\t<meta property=\"og:image:type\" content=\"image\/jpeg\" \/>\n<meta name=\"author\" content=\"Comunicaciones\" \/>\n<meta name=\"twitter:card\" content=\"summary_large_image\" \/>\n<meta name=\"twitter:label1\" content=\"Escrito por\" \/>\n\t<meta name=\"twitter:data1\" content=\"Comunicaciones\" \/>\n\t<meta name=\"twitter:label2\" content=\"Tiempo de lectura\" \/>\n\t<meta name=\"twitter:data2\" content=\"3 minutos\" \/>\n<script type=\"application\/ld+json\" class=\"yoast-schema-graph\">{\"@context\":\"https:\/\/schema.org\",\"@graph\":[{\"@type\":\"Article\",\"@id\":\"https:\/\/www.scuola.cl\/sivm\/exposiciones-finales-de-arte\/#article\",\"isPartOf\":{\"@id\":\"https:\/\/www.scuola.cl\/sivm\/exposiciones-finales-de-arte\/\"},\"author\":{\"name\":\"Comunicaciones\",\"@id\":\"https:\/\/www.scuola.cl\/sivm\/#\/schema\/person\/2ac68abc1b548ee6d8e16c4d3727d1b2\"},\"headline\":\"Exposiciones finales de Arte\",\"datePublished\":\"2025-12-05T11:24:57+00:00\",\"dateModified\":\"2025-12-09T17:52:32+00:00\",\"mainEntityOfPage\":{\"@id\":\"https:\/\/www.scuola.cl\/sivm\/exposiciones-finales-de-arte\/\"},\"wordCount\":365,\"publisher\":{\"@id\":\"https:\/\/www.scuola.cl\/sivm\/#organization\"},\"image\":{\"@id\":\"https:\/\/www.scuola.cl\/sivm\/exposiciones-finales-de-arte\/#primaryimage\"},\"thumbnailUrl\":\"https:\/\/www.scuola.cl\/sivm\/wp-content\/uploads\/2025\/12\/web-arte.jpg\",\"articleSection\":[\"Actividades\",\"Cultura\",\"Noticias\"],\"inLanguage\":\"es\"},{\"@type\":\"WebPage\",\"@id\":\"https:\/\/www.scuola.cl\/sivm\/exposiciones-finales-de-arte\/\",\"url\":\"https:\/\/www.scuola.cl\/sivm\/exposiciones-finales-de-arte\/\",\"name\":\"Exposiciones finales de Arte - Scuola Italiana\",\"isPartOf\":{\"@id\":\"https:\/\/www.scuola.cl\/sivm\/#website\"},\"primaryImageOfPage\":{\"@id\":\"https:\/\/www.scuola.cl\/sivm\/exposiciones-finales-de-arte\/#primaryimage\"},\"image\":{\"@id\":\"https:\/\/www.scuola.cl\/sivm\/exposiciones-finales-de-arte\/#primaryimage\"},\"thumbnailUrl\":\"https:\/\/www.scuola.cl\/sivm\/wp-content\/uploads\/2025\/12\/web-arte.jpg\",\"datePublished\":\"2025-12-05T11:24:57+00:00\",\"dateModified\":\"2025-12-09T17:52:32+00:00\",\"breadcrumb\":{\"@id\":\"https:\/\/www.scuola.cl\/sivm\/exposiciones-finales-de-arte\/#breadcrumb\"},\"inLanguage\":\"es\",\"potentialAction\":[{\"@type\":\"ReadAction\",\"target\":[\"https:\/\/www.scuola.cl\/sivm\/exposiciones-finales-de-arte\/\"]}]},{\"@type\":\"ImageObject\",\"inLanguage\":\"es\",\"@id\":\"https:\/\/www.scuola.cl\/sivm\/exposiciones-finales-de-arte\/#primaryimage\",\"url\":\"https:\/\/www.scuola.cl\/sivm\/wp-content\/uploads\/2025\/12\/web-arte.jpg\",\"contentUrl\":\"https:\/\/www.scuola.cl\/sivm\/wp-content\/uploads\/2025\/12\/web-arte.jpg\",\"width\":900,\"height\":610},{\"@type\":\"BreadcrumbList\",\"@id\":\"https:\/\/www.scuola.cl\/sivm\/exposiciones-finales-de-arte\/#breadcrumb\",\"itemListElement\":[{\"@type\":\"ListItem\",\"position\":1,\"name\":\"Inicio\",\"item\":\"https:\/\/www.scuola.cl\/sivm\/\"},{\"@type\":\"ListItem\",\"position\":2,\"name\":\"Actividades\",\"item\":\"https:\/\/www.scuola.cl\/sivm\/category\/actividades\/\"},{\"@type\":\"ListItem\",\"position\":3,\"name\":\"Exposiciones finales de Arte\"}]},{\"@type\":\"WebSite\",\"@id\":\"https:\/\/www.scuola.cl\/sivm\/#website\",\"url\":\"https:\/\/www.scuola.cl\/sivm\/\",\"name\":\"Scuola Italiana\",\"description\":\"Vittorio Montiglio\",\"publisher\":{\"@id\":\"https:\/\/www.scuola.cl\/sivm\/#organization\"},\"potentialAction\":[{\"@type\":\"SearchAction\",\"target\":{\"@type\":\"EntryPoint\",\"urlTemplate\":\"https:\/\/www.scuola.cl\/sivm\/?s={search_term_string}\"},\"query-input\":{\"@type\":\"PropertyValueSpecification\",\"valueRequired\":true,\"valueName\":\"search_term_string\"}}],\"inLanguage\":\"es\"},{\"@type\":\"Organization\",\"@id\":\"https:\/\/www.scuola.cl\/sivm\/#organization\",\"name\":\"Scuola Italiana Vittorio Montiglio\",\"url\":\"https:\/\/www.scuola.cl\/sivm\/\",\"logo\":{\"@type\":\"ImageObject\",\"inLanguage\":\"es\",\"@id\":\"https:\/\/www.scuola.cl\/sivm\/#\/schema\/logo\/image\/\",\"url\":\"https:\/\/www.scuola.cl\/sivm\/wp-content\/uploads\/2019\/06\/Logo_Scuola-01-001-1000x1000.png\",\"contentUrl\":\"https:\/\/www.scuola.cl\/sivm\/wp-content\/uploads\/2019\/06\/Logo_Scuola-01-001-1000x1000.png\",\"width\":1000,\"height\":1000,\"caption\":\"Scuola Italiana Vittorio Montiglio\"},\"image\":{\"@id\":\"https:\/\/www.scuola.cl\/sivm\/#\/schema\/logo\/image\/\"}},{\"@type\":\"Person\",\"@id\":\"https:\/\/www.scuola.cl\/sivm\/#\/schema\/person\/2ac68abc1b548ee6d8e16c4d3727d1b2\",\"name\":\"Comunicaciones\",\"image\":{\"@type\":\"ImageObject\",\"inLanguage\":\"es\",\"@id\":\"https:\/\/www.scuola.cl\/sivm\/#\/schema\/person\/image\/\",\"url\":\"https:\/\/secure.gravatar.com\/avatar\/0b29fd7cdce1ec9939eded19ce85d6ed73acf03fb52d098b0641aed356fe6aeb?s=96&d=mm&r=g\",\"contentUrl\":\"https:\/\/secure.gravatar.com\/avatar\/0b29fd7cdce1ec9939eded19ce85d6ed73acf03fb52d098b0641aed356fe6aeb?s=96&d=mm&r=g\",\"caption\":\"Comunicaciones\"},\"url\":\"https:\/\/www.scuola.cl\/sivm\/author\/comunicaciones-scuola\/\"}]}<\/script>\n<!-- \/ Yoast SEO plugin. -->","yoast_head_json":{"title":"Exposiciones finales de Arte - Scuola Italiana","robots":{"index":"index","follow":"follow","max-snippet":"max-snippet:-1","max-image-preview":"max-image-preview:large","max-video-preview":"max-video-preview:-1"},"canonical":"https:\/\/www.scuola.cl\/sivm\/exposiciones-finales-de-arte\/","og_locale":"es_ES","og_type":"article","og_title":"Exposiciones finales de Arte - Scuola Italiana","og_description":"A fin de a\u00f1o, la Scuola se llena de arte gracias a las diversas exposiciones que se est\u00e1n presentando en nuestros espacios. En el foyer Verdi, del 24 de noviembre al 4 de diciembre, estuvo la muestra de los trabajos.","og_url":"https:\/\/www.scuola.cl\/sivm\/exposiciones-finales-de-arte\/","og_site_name":"Scuola Italiana","article_published_time":"2025-12-05T11:24:57+00:00","article_modified_time":"2025-12-09T17:52:32+00:00","og_image":[{"width":900,"height":610,"url":"https:\/\/www.scuola.cl\/sivm\/wp-content\/uploads\/2025\/12\/web-arte.jpg","type":"image\/jpeg"}],"author":"Comunicaciones","twitter_card":"summary_large_image","twitter_misc":{"Escrito por":"Comunicaciones","Tiempo de lectura":"3 minutos"},"schema":{"@context":"https:\/\/schema.org","@graph":[{"@type":"Article","@id":"https:\/\/www.scuola.cl\/sivm\/exposiciones-finales-de-arte\/#article","isPartOf":{"@id":"https:\/\/www.scuola.cl\/sivm\/exposiciones-finales-de-arte\/"},"author":{"name":"Comunicaciones","@id":"https:\/\/www.scuola.cl\/sivm\/#\/schema\/person\/2ac68abc1b548ee6d8e16c4d3727d1b2"},"headline":"Exposiciones finales de Arte","datePublished":"2025-12-05T11:24:57+00:00","dateModified":"2025-12-09T17:52:32+00:00","mainEntityOfPage":{"@id":"https:\/\/www.scuola.cl\/sivm\/exposiciones-finales-de-arte\/"},"wordCount":365,"publisher":{"@id":"https:\/\/www.scuola.cl\/sivm\/#organization"},"image":{"@id":"https:\/\/www.scuola.cl\/sivm\/exposiciones-finales-de-arte\/#primaryimage"},"thumbnailUrl":"https:\/\/www.scuola.cl\/sivm\/wp-content\/uploads\/2025\/12\/web-arte.jpg","articleSection":["Actividades","Cultura","Noticias"],"inLanguage":"es"},{"@type":"WebPage","@id":"https:\/\/www.scuola.cl\/sivm\/exposiciones-finales-de-arte\/","url":"https:\/\/www.scuola.cl\/sivm\/exposiciones-finales-de-arte\/","name":"Exposiciones finales de Arte - Scuola Italiana","isPartOf":{"@id":"https:\/\/www.scuola.cl\/sivm\/#website"},"primaryImageOfPage":{"@id":"https:\/\/www.scuola.cl\/sivm\/exposiciones-finales-de-arte\/#primaryimage"},"image":{"@id":"https:\/\/www.scuola.cl\/sivm\/exposiciones-finales-de-arte\/#primaryimage"},"thumbnailUrl":"https:\/\/www.scuola.cl\/sivm\/wp-content\/uploads\/2025\/12\/web-arte.jpg","datePublished":"2025-12-05T11:24:57+00:00","dateModified":"2025-12-09T17:52:32+00:00","breadcrumb":{"@id":"https:\/\/www.scuola.cl\/sivm\/exposiciones-finales-de-arte\/#breadcrumb"},"inLanguage":"es","potentialAction":[{"@type":"ReadAction","target":["https:\/\/www.scuola.cl\/sivm\/exposiciones-finales-de-arte\/"]}]},{"@type":"ImageObject","inLanguage":"es","@id":"https:\/\/www.scuola.cl\/sivm\/exposiciones-finales-de-arte\/#primaryimage","url":"https:\/\/www.scuola.cl\/sivm\/wp-content\/uploads\/2025\/12\/web-arte.jpg","contentUrl":"https:\/\/www.scuola.cl\/sivm\/wp-content\/uploads\/2025\/12\/web-arte.jpg","width":900,"height":610},{"@type":"BreadcrumbList","@id":"https:\/\/www.scuola.cl\/sivm\/exposiciones-finales-de-arte\/#breadcrumb","itemListElement":[{"@type":"ListItem","position":1,"name":"Inicio","item":"https:\/\/www.scuola.cl\/sivm\/"},{"@type":"ListItem","position":2,"name":"Actividades","item":"https:\/\/www.scuola.cl\/sivm\/category\/actividades\/"},{"@type":"ListItem","position":3,"name":"Exposiciones finales de Arte"}]},{"@type":"WebSite","@id":"https:\/\/www.scuola.cl\/sivm\/#website","url":"https:\/\/www.scuola.cl\/sivm\/","name":"Scuola Italiana","description":"Vittorio Montiglio","publisher":{"@id":"https:\/\/www.scuola.cl\/sivm\/#organization"},"potentialAction":[{"@type":"SearchAction","target":{"@type":"EntryPoint","urlTemplate":"https:\/\/www.scuola.cl\/sivm\/?s={search_term_string}"},"query-input":{"@type":"PropertyValueSpecification","valueRequired":true,"valueName":"search_term_string"}}],"inLanguage":"es"},{"@type":"Organization","@id":"https:\/\/www.scuola.cl\/sivm\/#organization","name":"Scuola Italiana Vittorio Montiglio","url":"https:\/\/www.scuola.cl\/sivm\/","logo":{"@type":"ImageObject","inLanguage":"es","@id":"https:\/\/www.scuola.cl\/sivm\/#\/schema\/logo\/image\/","url":"https:\/\/www.scuola.cl\/sivm\/wp-content\/uploads\/2019\/06\/Logo_Scuola-01-001-1000x1000.png","contentUrl":"https:\/\/www.scuola.cl\/sivm\/wp-content\/uploads\/2019\/06\/Logo_Scuola-01-001-1000x1000.png","width":1000,"height":1000,"caption":"Scuola Italiana Vittorio Montiglio"},"image":{"@id":"https:\/\/www.scuola.cl\/sivm\/#\/schema\/logo\/image\/"}},{"@type":"Person","@id":"https:\/\/www.scuola.cl\/sivm\/#\/schema\/person\/2ac68abc1b548ee6d8e16c4d3727d1b2","name":"Comunicaciones","image":{"@type":"ImageObject","inLanguage":"es","@id":"https:\/\/www.scuola.cl\/sivm\/#\/schema\/person\/image\/","url":"https:\/\/secure.gravatar.com\/avatar\/0b29fd7cdce1ec9939eded19ce85d6ed73acf03fb52d098b0641aed356fe6aeb?s=96&d=mm&r=g","contentUrl":"https:\/\/secure.gravatar.com\/avatar\/0b29fd7cdce1ec9939eded19ce85d6ed73acf03fb52d098b0641aed356fe6aeb?s=96&d=mm&r=g","caption":"Comunicaciones"},"url":"https:\/\/www.scuola.cl\/sivm\/author\/comunicaciones-scuola\/"}]}},"_links":{"self":[{"href":"https:\/\/www.scuola.cl\/sivm\/wp-json\/wp\/v2\/posts\/32050","targetHints":{"allow":["GET"]}}],"collection":[{"href":"https:\/\/www.scuola.cl\/sivm\/wp-json\/wp\/v2\/posts"}],"about":[{"href":"https:\/\/www.scuola.cl\/sivm\/wp-json\/wp\/v2\/types\/post"}],"author":[{"embeddable":true,"href":"https:\/\/www.scuola.cl\/sivm\/wp-json\/wp\/v2\/users\/2"}],"replies":[{"embeddable":true,"href":"https:\/\/www.scuola.cl\/sivm\/wp-json\/wp\/v2\/comments?post=32050"}],"version-history":[{"count":5,"href":"https:\/\/www.scuola.cl\/sivm\/wp-json\/wp\/v2\/posts\/32050\/revisions"}],"predecessor-version":[{"id":32101,"href":"https:\/\/www.scuola.cl\/sivm\/wp-json\/wp\/v2\/posts\/32050\/revisions\/32101"}],"wp:featuredmedia":[{"embeddable":true,"href":"https:\/\/www.scuola.cl\/sivm\/wp-json\/wp\/v2\/media\/32051"}],"wp:attachment":[{"href":"https:\/\/www.scuola.cl\/sivm\/wp-json\/wp\/v2\/media?parent=32050"}],"wp:term":[{"taxonomy":"category","embeddable":true,"href":"https:\/\/www.scuola.cl\/sivm\/wp-json\/wp\/v2\/categories?post=32050"},{"taxonomy":"post_tag","embeddable":true,"href":"https:\/\/www.scuola.cl\/sivm\/wp-json\/wp\/v2\/tags?post=32050"}],"curies":[{"name":"wp","href":"https:\/\/api.w.org\/{rel}","templated":true}]}}