{"id":32036,"date":"2025-12-04T07:24:03","date_gmt":"2025-12-04T10:24:03","guid":{"rendered":"https:\/\/www.scuola.cl\/sivm\/?p=32036"},"modified":"2025-12-09T11:45:34","modified_gmt":"2025-12-09T14:45:34","slug":"cocerto-piccolo-scravania","status":"publish","type":"post","link":"https:\/\/www.scuola.cl\/sivm\/cocerto-piccolo-scravania\/","title":{"rendered":"Concerto Piccola Scrivania"},"content":{"rendered":"\n<p><em>(Por profesor Ricardo Carrasco, profesor de M\u00fasica).<\/em><\/p>\n<p>El mi\u00e9rcoles 3 de diciembre se realiz\u00f3 en el teatro Giuseppe Verdi el concierto de cierre del Taller Diferenciado de M\u00fasica de III Medio, bajo la direcci\u00f3n del profesor Ricardo Carrasco. Fue una jornada marcada por la energ\u00eda, el compromiso y la creatividad de los estudiantes, quienes compartieron en escena el trabajo musical desarrollado durante el a\u00f1o.<\/p>\n<p>La propuesta llev\u00f3 por nombre \u201cPiccola Scrivania\u201d, en alusi\u00f3n a la est\u00e9tica del formato Tiny Desk, y present\u00f3 un repertorio variado en estilos y lenguas, reflejando el car\u00e1cter triling\u00fce del colegio. Se interpretaron canciones en espa\u00f1ol, ingl\u00e9s e italiano, abarcando g\u00e9neros como rock, pop y ritmos latinos, con obras de artistas como Ca7riel y Paco Amoroso, Sam Smith, Arctic Monkeys, Maroon 5, Los Jaivas y M\u00e5neskin, entre otros.<\/p>\n<p>El p\u00fablico, compuesto por estudiantes de media superior, primaria y familiares de los artistas, disfrut\u00f3 de un espect\u00e1culo cercano y expresivo, en el que se not\u00f3 el entusiasmo y la madurez esc\u00e9nica de los int\u00e9rpretes.<\/p>\n<p>La Rectora Gabriela Chiuminatto, entreg\u00f3 unas palabras de felicitaci\u00f3n al cierre del evento, destacando la importancia de estos espacios en el desarrollo integral de los j\u00f3venes. La educaci\u00f3n musical no solo brinda la posibilidad de expresarse art\u00edsticamente, sino que tambi\u00e9n permite desarrollar m\u00faltiples capacidades: trabajar de forma comprometida en equipo, fortalecer habilidades de estudio y cultivar la sensibilidad y la perseverancia. Este concierto fue una clara muestra del impacto que tiene la formaci\u00f3n art\u00edstica en el crecimiento personal de nuestros estudiantes.<\/p>\n<p><a href=\"https:\/\/drive.google.com\/drive\/folders\/1C4SYZW1T_3_Lsm7QDWiu9mT1lyae3fhY?usp=sharing\" target=\"_blank\" rel=\"noopener\">Ver fotos<\/a><\/p>\n<hr \/>\n<p>\u00a0<\/p>\n<p>Mercoled\u00ec 3 dicembre si \u00e8 svolto al teatro Giuseppe Verdi il concerto di chiusura del Laboratorio Differenziato di Musica di III Medio, sotto la direzione del professor Ricardo Carrasco. \u00c8 stata una giornata segnata dall&#8217;energia, dall&#8217;impegno e dalla creativit\u00e0 degli studenti, che hanno condiviso sul palcoscenico il lavoro musicale sviluppato durante l&#8217;anno.<\/p>\n<p>La proposta si chiamava \u00abPiccola Scrivania\u00bb, in riferimento all&#8217;estetica del formato Tiny Desk, e presentava un repertorio variato in stili e lingue, riflettendo il carattere trilingue della scuola. Sono stati eseguiti brani in spagnolo, inglese e italiano, che abbracciano generi come rock, pop e ritmi latini, con opere di artisti come Ca7riel e Paco Amoroso, Sam Smith, Arctic Monkeys, Maroon 5, Los Jaivas e M\u00e5neskin, tra gli altri.<\/p>\n<p>Il pubblico, composto da studenti di media superiore, elementari e familiari degli artisti, ha goduto di uno spettacolo vicino ed espressivo, in cui si \u00e8 notato l&#8217;entusiasmo e la maturit\u00e0 scenica degli interpreti.<\/p>\n<p>La Rettrice Gabriela Chiuminatto, ha consegnato alcune parole di congratulazioni alla chiusura dell&#8217;evento, sottolineando l&#8217;importanza di questi spazi nello sviluppo integrale dei giovani. L&#8217;educazione musicale non solo offre la possibilit\u00e0 di esprimersi artisticamente, ma permette anche di sviluppare molteplici capacit\u00e0: lavorare in modo impegnato in squadra, rafforzare le abilit\u00e0 di studio e coltivare sensibilit\u00e0 e perseveranza. Questo concerto \u00e8 stato un chiaro esempio dell&#8217;impatto che la formazione artistica ha sulla crescita personale dei nostri studenti.<\/p>\n<p><img loading=\"lazy\" decoding=\"async\" width=\"700\" height=\"474\" class=\"alignnone size-large wp-image-32037\" src=\"https:\/\/www.scuola.cl\/sivm\/wp-content\/uploads\/2025\/12\/WEB-Cocnierto-III-Medio-Musica-700x474.jpg\" alt=\"\" srcset=\"https:\/\/www.scuola.cl\/sivm\/wp-content\/uploads\/2025\/12\/WEB-Cocnierto-III-Medio-Musica-700x474.jpg 700w, https:\/\/www.scuola.cl\/sivm\/wp-content\/uploads\/2025\/12\/WEB-Cocnierto-III-Medio-Musica-250x169.jpg 250w, https:\/\/www.scuola.cl\/sivm\/wp-content\/uploads\/2025\/12\/WEB-Cocnierto-III-Medio-Musica-768x521.jpg 768w, https:\/\/www.scuola.cl\/sivm\/wp-content\/uploads\/2025\/12\/WEB-Cocnierto-III-Medio-Musica-120x81.jpg 120w, https:\/\/www.scuola.cl\/sivm\/wp-content\/uploads\/2025\/12\/WEB-Cocnierto-III-Medio-Musica.jpg 900w\" sizes=\"auto, (max-width: 700px) 100vw, 700px\" \/><\/p>\n\n\n","protected":false},"excerpt":{"rendered":"El mi\u00e9rcoles 3 de diciembre se realiz\u00f3 en el teatro Giuseppe Verdi el concierto de cierre del Taller Diferenciado de M\u00fasica de III Medio, bajo la direcci\u00f3n del profesor Ricardo Carrasco. Fue una jornada marcada por la energ\u00eda.","protected":false},"author":2,"featured_media":32037,"comment_status":"closed","ping_status":"closed","sticky":false,"template":"","format":"standard","meta":{"_acf_changed":false,"footnotes":""},"categories":[6,5,24],"tags":[],"class_list":["post-32036","post","type-post","status-publish","format-standard","has-post-thumbnail","hentry","category-actividades","category-noticias","category-scuola"],"acf":[],"yoast_head":"<!-- This site is optimized with the Yoast SEO plugin v27.1.1 - https:\/\/yoast.com\/product\/yoast-seo-wordpress\/ -->\n<title>Concerto Piccola Scrivania - Scuola Italiana<\/title>\n<meta name=\"robots\" content=\"index, follow, max-snippet:-1, max-image-preview:large, max-video-preview:-1\" \/>\n<link rel=\"canonical\" href=\"https:\/\/www.scuola.cl\/sivm\/cocerto-piccolo-scravania\/\" \/>\n<meta property=\"og:locale\" content=\"es_ES\" \/>\n<meta property=\"og:type\" content=\"article\" \/>\n<meta property=\"og:title\" content=\"Concerto Piccola Scrivania - Scuola Italiana\" \/>\n<meta property=\"og:description\" content=\"El mi\u00e9rcoles 3 de diciembre se realiz\u00f3 en el teatro Giuseppe Verdi el concierto de cierre del Taller Diferenciado de M\u00fasica de III Medio, bajo la direcci\u00f3n del profesor Ricardo Carrasco. Fue una jornada marcada por la energ\u00eda.\" \/>\n<meta property=\"og:url\" content=\"https:\/\/www.scuola.cl\/sivm\/cocerto-piccolo-scravania\/\" \/>\n<meta property=\"og:site_name\" content=\"Scuola Italiana\" \/>\n<meta property=\"article:published_time\" content=\"2025-12-04T10:24:03+00:00\" \/>\n<meta property=\"article:modified_time\" content=\"2025-12-09T14:45:34+00:00\" \/>\n<meta property=\"og:image\" content=\"https:\/\/www.scuola.cl\/sivm\/wp-content\/uploads\/2025\/12\/WEB-Cocnierto-III-Medio-Musica.jpg\" \/>\n\t<meta property=\"og:image:width\" content=\"900\" \/>\n\t<meta property=\"og:image:height\" content=\"610\" \/>\n\t<meta property=\"og:image:type\" content=\"image\/jpeg\" \/>\n<meta name=\"author\" content=\"Comunicaciones\" \/>\n<meta name=\"twitter:card\" content=\"summary_large_image\" \/>\n<meta name=\"twitter:label1\" content=\"Escrito por\" \/>\n\t<meta name=\"twitter:data1\" content=\"Comunicaciones\" \/>\n\t<meta name=\"twitter:label2\" content=\"Tiempo de lectura\" \/>\n\t<meta name=\"twitter:data2\" content=\"3 minutos\" \/>\n<script type=\"application\/ld+json\" class=\"yoast-schema-graph\">{\"@context\":\"https:\/\/schema.org\",\"@graph\":[{\"@type\":\"Article\",\"@id\":\"https:\/\/www.scuola.cl\/sivm\/cocerto-piccolo-scravania\/#article\",\"isPartOf\":{\"@id\":\"https:\/\/www.scuola.cl\/sivm\/cocerto-piccolo-scravania\/\"},\"author\":{\"name\":\"Comunicaciones\",\"@id\":\"https:\/\/www.scuola.cl\/sivm\/#\/schema\/person\/2ac68abc1b548ee6d8e16c4d3727d1b2\"},\"headline\":\"Concerto Piccola Scrivania\",\"datePublished\":\"2025-12-04T10:24:03+00:00\",\"dateModified\":\"2025-12-09T14:45:34+00:00\",\"mainEntityOfPage\":{\"@id\":\"https:\/\/www.scuola.cl\/sivm\/cocerto-piccolo-scravania\/\"},\"wordCount\":502,\"publisher\":{\"@id\":\"https:\/\/www.scuola.cl\/sivm\/#organization\"},\"image\":{\"@id\":\"https:\/\/www.scuola.cl\/sivm\/cocerto-piccolo-scravania\/#primaryimage\"},\"thumbnailUrl\":\"https:\/\/www.scuola.cl\/sivm\/wp-content\/uploads\/2025\/12\/WEB-Cocnierto-III-Medio-Musica.jpg\",\"articleSection\":[\"Actividades\",\"Noticias\",\"Scuola\"],\"inLanguage\":\"es\"},{\"@type\":\"WebPage\",\"@id\":\"https:\/\/www.scuola.cl\/sivm\/cocerto-piccolo-scravania\/\",\"url\":\"https:\/\/www.scuola.cl\/sivm\/cocerto-piccolo-scravania\/\",\"name\":\"Concerto Piccola Scrivania - Scuola Italiana\",\"isPartOf\":{\"@id\":\"https:\/\/www.scuola.cl\/sivm\/#website\"},\"primaryImageOfPage\":{\"@id\":\"https:\/\/www.scuola.cl\/sivm\/cocerto-piccolo-scravania\/#primaryimage\"},\"image\":{\"@id\":\"https:\/\/www.scuola.cl\/sivm\/cocerto-piccolo-scravania\/#primaryimage\"},\"thumbnailUrl\":\"https:\/\/www.scuola.cl\/sivm\/wp-content\/uploads\/2025\/12\/WEB-Cocnierto-III-Medio-Musica.jpg\",\"datePublished\":\"2025-12-04T10:24:03+00:00\",\"dateModified\":\"2025-12-09T14:45:34+00:00\",\"breadcrumb\":{\"@id\":\"https:\/\/www.scuola.cl\/sivm\/cocerto-piccolo-scravania\/#breadcrumb\"},\"inLanguage\":\"es\",\"potentialAction\":[{\"@type\":\"ReadAction\",\"target\":[\"https:\/\/www.scuola.cl\/sivm\/cocerto-piccolo-scravania\/\"]}]},{\"@type\":\"ImageObject\",\"inLanguage\":\"es\",\"@id\":\"https:\/\/www.scuola.cl\/sivm\/cocerto-piccolo-scravania\/#primaryimage\",\"url\":\"https:\/\/www.scuola.cl\/sivm\/wp-content\/uploads\/2025\/12\/WEB-Cocnierto-III-Medio-Musica.jpg\",\"contentUrl\":\"https:\/\/www.scuola.cl\/sivm\/wp-content\/uploads\/2025\/12\/WEB-Cocnierto-III-Medio-Musica.jpg\",\"width\":900,\"height\":610},{\"@type\":\"BreadcrumbList\",\"@id\":\"https:\/\/www.scuola.cl\/sivm\/cocerto-piccolo-scravania\/#breadcrumb\",\"itemListElement\":[{\"@type\":\"ListItem\",\"position\":1,\"name\":\"Inicio\",\"item\":\"https:\/\/www.scuola.cl\/sivm\/\"},{\"@type\":\"ListItem\",\"position\":2,\"name\":\"Actividades\",\"item\":\"https:\/\/www.scuola.cl\/sivm\/category\/actividades\/\"},{\"@type\":\"ListItem\",\"position\":3,\"name\":\"Concerto Piccola Scrivania\"}]},{\"@type\":\"WebSite\",\"@id\":\"https:\/\/www.scuola.cl\/sivm\/#website\",\"url\":\"https:\/\/www.scuola.cl\/sivm\/\",\"name\":\"Scuola Italiana\",\"description\":\"Vittorio Montiglio\",\"publisher\":{\"@id\":\"https:\/\/www.scuola.cl\/sivm\/#organization\"},\"potentialAction\":[{\"@type\":\"SearchAction\",\"target\":{\"@type\":\"EntryPoint\",\"urlTemplate\":\"https:\/\/www.scuola.cl\/sivm\/?s={search_term_string}\"},\"query-input\":{\"@type\":\"PropertyValueSpecification\",\"valueRequired\":true,\"valueName\":\"search_term_string\"}}],\"inLanguage\":\"es\"},{\"@type\":\"Organization\",\"@id\":\"https:\/\/www.scuola.cl\/sivm\/#organization\",\"name\":\"Scuola Italiana Vittorio Montiglio\",\"url\":\"https:\/\/www.scuola.cl\/sivm\/\",\"logo\":{\"@type\":\"ImageObject\",\"inLanguage\":\"es\",\"@id\":\"https:\/\/www.scuola.cl\/sivm\/#\/schema\/logo\/image\/\",\"url\":\"https:\/\/www.scuola.cl\/sivm\/wp-content\/uploads\/2019\/06\/Logo_Scuola-01-001-1000x1000.png\",\"contentUrl\":\"https:\/\/www.scuola.cl\/sivm\/wp-content\/uploads\/2019\/06\/Logo_Scuola-01-001-1000x1000.png\",\"width\":1000,\"height\":1000,\"caption\":\"Scuola Italiana Vittorio Montiglio\"},\"image\":{\"@id\":\"https:\/\/www.scuola.cl\/sivm\/#\/schema\/logo\/image\/\"}},{\"@type\":\"Person\",\"@id\":\"https:\/\/www.scuola.cl\/sivm\/#\/schema\/person\/2ac68abc1b548ee6d8e16c4d3727d1b2\",\"name\":\"Comunicaciones\",\"image\":{\"@type\":\"ImageObject\",\"inLanguage\":\"es\",\"@id\":\"https:\/\/www.scuola.cl\/sivm\/#\/schema\/person\/image\/\",\"url\":\"https:\/\/secure.gravatar.com\/avatar\/0b29fd7cdce1ec9939eded19ce85d6ed73acf03fb52d098b0641aed356fe6aeb?s=96&d=mm&r=g\",\"contentUrl\":\"https:\/\/secure.gravatar.com\/avatar\/0b29fd7cdce1ec9939eded19ce85d6ed73acf03fb52d098b0641aed356fe6aeb?s=96&d=mm&r=g\",\"caption\":\"Comunicaciones\"},\"url\":\"https:\/\/www.scuola.cl\/sivm\/author\/comunicaciones-scuola\/\"}]}<\/script>\n<!-- \/ Yoast SEO plugin. -->","yoast_head_json":{"title":"Concerto Piccola Scrivania - Scuola Italiana","robots":{"index":"index","follow":"follow","max-snippet":"max-snippet:-1","max-image-preview":"max-image-preview:large","max-video-preview":"max-video-preview:-1"},"canonical":"https:\/\/www.scuola.cl\/sivm\/cocerto-piccolo-scravania\/","og_locale":"es_ES","og_type":"article","og_title":"Concerto Piccola Scrivania - Scuola Italiana","og_description":"El mi\u00e9rcoles 3 de diciembre se realiz\u00f3 en el teatro Giuseppe Verdi el concierto de cierre del Taller Diferenciado de M\u00fasica de III Medio, bajo la direcci\u00f3n del profesor Ricardo Carrasco. Fue una jornada marcada por la energ\u00eda.","og_url":"https:\/\/www.scuola.cl\/sivm\/cocerto-piccolo-scravania\/","og_site_name":"Scuola Italiana","article_published_time":"2025-12-04T10:24:03+00:00","article_modified_time":"2025-12-09T14:45:34+00:00","og_image":[{"width":900,"height":610,"url":"https:\/\/www.scuola.cl\/sivm\/wp-content\/uploads\/2025\/12\/WEB-Cocnierto-III-Medio-Musica.jpg","type":"image\/jpeg"}],"author":"Comunicaciones","twitter_card":"summary_large_image","twitter_misc":{"Escrito por":"Comunicaciones","Tiempo de lectura":"3 minutos"},"schema":{"@context":"https:\/\/schema.org","@graph":[{"@type":"Article","@id":"https:\/\/www.scuola.cl\/sivm\/cocerto-piccolo-scravania\/#article","isPartOf":{"@id":"https:\/\/www.scuola.cl\/sivm\/cocerto-piccolo-scravania\/"},"author":{"name":"Comunicaciones","@id":"https:\/\/www.scuola.cl\/sivm\/#\/schema\/person\/2ac68abc1b548ee6d8e16c4d3727d1b2"},"headline":"Concerto Piccola Scrivania","datePublished":"2025-12-04T10:24:03+00:00","dateModified":"2025-12-09T14:45:34+00:00","mainEntityOfPage":{"@id":"https:\/\/www.scuola.cl\/sivm\/cocerto-piccolo-scravania\/"},"wordCount":502,"publisher":{"@id":"https:\/\/www.scuola.cl\/sivm\/#organization"},"image":{"@id":"https:\/\/www.scuola.cl\/sivm\/cocerto-piccolo-scravania\/#primaryimage"},"thumbnailUrl":"https:\/\/www.scuola.cl\/sivm\/wp-content\/uploads\/2025\/12\/WEB-Cocnierto-III-Medio-Musica.jpg","articleSection":["Actividades","Noticias","Scuola"],"inLanguage":"es"},{"@type":"WebPage","@id":"https:\/\/www.scuola.cl\/sivm\/cocerto-piccolo-scravania\/","url":"https:\/\/www.scuola.cl\/sivm\/cocerto-piccolo-scravania\/","name":"Concerto Piccola Scrivania - Scuola Italiana","isPartOf":{"@id":"https:\/\/www.scuola.cl\/sivm\/#website"},"primaryImageOfPage":{"@id":"https:\/\/www.scuola.cl\/sivm\/cocerto-piccolo-scravania\/#primaryimage"},"image":{"@id":"https:\/\/www.scuola.cl\/sivm\/cocerto-piccolo-scravania\/#primaryimage"},"thumbnailUrl":"https:\/\/www.scuola.cl\/sivm\/wp-content\/uploads\/2025\/12\/WEB-Cocnierto-III-Medio-Musica.jpg","datePublished":"2025-12-04T10:24:03+00:00","dateModified":"2025-12-09T14:45:34+00:00","breadcrumb":{"@id":"https:\/\/www.scuola.cl\/sivm\/cocerto-piccolo-scravania\/#breadcrumb"},"inLanguage":"es","potentialAction":[{"@type":"ReadAction","target":["https:\/\/www.scuola.cl\/sivm\/cocerto-piccolo-scravania\/"]}]},{"@type":"ImageObject","inLanguage":"es","@id":"https:\/\/www.scuola.cl\/sivm\/cocerto-piccolo-scravania\/#primaryimage","url":"https:\/\/www.scuola.cl\/sivm\/wp-content\/uploads\/2025\/12\/WEB-Cocnierto-III-Medio-Musica.jpg","contentUrl":"https:\/\/www.scuola.cl\/sivm\/wp-content\/uploads\/2025\/12\/WEB-Cocnierto-III-Medio-Musica.jpg","width":900,"height":610},{"@type":"BreadcrumbList","@id":"https:\/\/www.scuola.cl\/sivm\/cocerto-piccolo-scravania\/#breadcrumb","itemListElement":[{"@type":"ListItem","position":1,"name":"Inicio","item":"https:\/\/www.scuola.cl\/sivm\/"},{"@type":"ListItem","position":2,"name":"Actividades","item":"https:\/\/www.scuola.cl\/sivm\/category\/actividades\/"},{"@type":"ListItem","position":3,"name":"Concerto Piccola Scrivania"}]},{"@type":"WebSite","@id":"https:\/\/www.scuola.cl\/sivm\/#website","url":"https:\/\/www.scuola.cl\/sivm\/","name":"Scuola Italiana","description":"Vittorio Montiglio","publisher":{"@id":"https:\/\/www.scuola.cl\/sivm\/#organization"},"potentialAction":[{"@type":"SearchAction","target":{"@type":"EntryPoint","urlTemplate":"https:\/\/www.scuola.cl\/sivm\/?s={search_term_string}"},"query-input":{"@type":"PropertyValueSpecification","valueRequired":true,"valueName":"search_term_string"}}],"inLanguage":"es"},{"@type":"Organization","@id":"https:\/\/www.scuola.cl\/sivm\/#organization","name":"Scuola Italiana Vittorio Montiglio","url":"https:\/\/www.scuola.cl\/sivm\/","logo":{"@type":"ImageObject","inLanguage":"es","@id":"https:\/\/www.scuola.cl\/sivm\/#\/schema\/logo\/image\/","url":"https:\/\/www.scuola.cl\/sivm\/wp-content\/uploads\/2019\/06\/Logo_Scuola-01-001-1000x1000.png","contentUrl":"https:\/\/www.scuola.cl\/sivm\/wp-content\/uploads\/2019\/06\/Logo_Scuola-01-001-1000x1000.png","width":1000,"height":1000,"caption":"Scuola Italiana Vittorio Montiglio"},"image":{"@id":"https:\/\/www.scuola.cl\/sivm\/#\/schema\/logo\/image\/"}},{"@type":"Person","@id":"https:\/\/www.scuola.cl\/sivm\/#\/schema\/person\/2ac68abc1b548ee6d8e16c4d3727d1b2","name":"Comunicaciones","image":{"@type":"ImageObject","inLanguage":"es","@id":"https:\/\/www.scuola.cl\/sivm\/#\/schema\/person\/image\/","url":"https:\/\/secure.gravatar.com\/avatar\/0b29fd7cdce1ec9939eded19ce85d6ed73acf03fb52d098b0641aed356fe6aeb?s=96&d=mm&r=g","contentUrl":"https:\/\/secure.gravatar.com\/avatar\/0b29fd7cdce1ec9939eded19ce85d6ed73acf03fb52d098b0641aed356fe6aeb?s=96&d=mm&r=g","caption":"Comunicaciones"},"url":"https:\/\/www.scuola.cl\/sivm\/author\/comunicaciones-scuola\/"}]}},"_links":{"self":[{"href":"https:\/\/www.scuola.cl\/sivm\/wp-json\/wp\/v2\/posts\/32036","targetHints":{"allow":["GET"]}}],"collection":[{"href":"https:\/\/www.scuola.cl\/sivm\/wp-json\/wp\/v2\/posts"}],"about":[{"href":"https:\/\/www.scuola.cl\/sivm\/wp-json\/wp\/v2\/types\/post"}],"author":[{"embeddable":true,"href":"https:\/\/www.scuola.cl\/sivm\/wp-json\/wp\/v2\/users\/2"}],"replies":[{"embeddable":true,"href":"https:\/\/www.scuola.cl\/sivm\/wp-json\/wp\/v2\/comments?post=32036"}],"version-history":[{"count":11,"href":"https:\/\/www.scuola.cl\/sivm\/wp-json\/wp\/v2\/posts\/32036\/revisions"}],"predecessor-version":[{"id":32059,"href":"https:\/\/www.scuola.cl\/sivm\/wp-json\/wp\/v2\/posts\/32036\/revisions\/32059"}],"wp:featuredmedia":[{"embeddable":true,"href":"https:\/\/www.scuola.cl\/sivm\/wp-json\/wp\/v2\/media\/32037"}],"wp:attachment":[{"href":"https:\/\/www.scuola.cl\/sivm\/wp-json\/wp\/v2\/media?parent=32036"}],"wp:term":[{"taxonomy":"category","embeddable":true,"href":"https:\/\/www.scuola.cl\/sivm\/wp-json\/wp\/v2\/categories?post=32036"},{"taxonomy":"post_tag","embeddable":true,"href":"https:\/\/www.scuola.cl\/sivm\/wp-json\/wp\/v2\/tags?post=32036"}],"curies":[{"name":"wp","href":"https:\/\/api.w.org\/{rel}","templated":true}]}}