{"id":31991,"date":"2025-12-02T14:02:50","date_gmt":"2025-12-02T17:02:50","guid":{"rendered":"https:\/\/www.scuola.cl\/sivm\/?p=31991"},"modified":"2025-12-02T17:19:24","modified_gmt":"2025-12-02T20:19:24","slug":"cierre-talleres-deportivos-3","status":"publish","type":"post","link":"https:\/\/www.scuola.cl\/sivm\/cierre-talleres-deportivos-3\/","title":{"rendered":"Cierre Talleres Deportivos"},"content":{"rendered":"\n<p>Para dar cierre a los talleres deportivos de Infanzia y Primaria del semestre, durante la semana del 24 al 28 de noviembre invitamos a los apoderados a participar en una clase abierta, con el objetivo de compartir y mostrar parte el trabajo realizado durante este per\u00edodo.<\/p>\n<p>En esta instancia, las familias pudieron presenciar y sumarse a una jornada interactiva junto a los estudiantes, quienes demostraron con entusiasmo algunas de las actividades desarrolladas durante el semestre.<\/p>\n<p>Dance, F\u00fatbol, Tenis, Bochas, Gimnasia Art\u00edstica, B\u00e1squetbol, V\u00f3leibol, Hip Hop-Dance, Aikido y Nataci\u00f3n, fueron los talleres en los que los apoderados vivieron esta enriquecedora y entretenida experiencia.<\/p>\n<p>Agradecemos a todos nuestros estudiantes por su compromiso y participaci\u00f3n a lo largo del a\u00f1o.<\/p>\n<p>\u00a1Los esperamos el 2026 para seguir creciendo juntos a trav\u00e9s del deporte!<\/p>\n<p><a href=\"https:\/\/drive.google.com\/drive\/folders\/1b1PcFNQbrxzS8_L3BRXRZxOMFGvz7kzi?usp=drive_link\" target=\"_blank\" rel=\"noopener\">Ver fotos<\/a><\/p>\n<hr \/>\n<p>\u00a0<\/p>\n<p>Per chiudere i laboratori sportivi del semestre, durante la settimana dal 24 al 28 novembre invitiamo i genitori a partecipare ad una classe aperta, con l&#8217;obiettivo di condividere e mostrare parte del lavoro svolto durante questo periodo.<\/p>\n<p>In questa occasione, le famiglie hanno potuto assistere e partecipare attivamente a una giornata interattiva insieme agli studenti, che hanno mostrato con entusiasmo alcune delle attivit\u00e0 svolte durante il semestre.<\/p>\n<p>Danza, calcio, tennis, bocce, ginnastica artistica e nuoto sono stati alcuni dei laboratori in cui i genitorii hanno vissuto questa esperienza arricchente e divertente.<\/p>\n<p><img loading=\"lazy\" decoding=\"async\" width=\"700\" height=\"474\" class=\"alignnone size-large wp-image-31992\" src=\"https:\/\/www.scuola.cl\/sivm\/wp-content\/uploads\/2025\/12\/USAR-ESTA-Plantillas-IG-Scuola-900-x-610-px-3-700x474.png\" alt=\"\" srcset=\"https:\/\/www.scuola.cl\/sivm\/wp-content\/uploads\/2025\/12\/USAR-ESTA-Plantillas-IG-Scuola-900-x-610-px-3-700x474.png 700w, https:\/\/www.scuola.cl\/sivm\/wp-content\/uploads\/2025\/12\/USAR-ESTA-Plantillas-IG-Scuola-900-x-610-px-3-250x169.png 250w, https:\/\/www.scuola.cl\/sivm\/wp-content\/uploads\/2025\/12\/USAR-ESTA-Plantillas-IG-Scuola-900-x-610-px-3-768x521.png 768w, https:\/\/www.scuola.cl\/sivm\/wp-content\/uploads\/2025\/12\/USAR-ESTA-Plantillas-IG-Scuola-900-x-610-px-3-120x81.png 120w, https:\/\/www.scuola.cl\/sivm\/wp-content\/uploads\/2025\/12\/USAR-ESTA-Plantillas-IG-Scuola-900-x-610-px-3.png 900w\" sizes=\"auto, (max-width: 700px) 100vw, 700px\" \/><\/p>\n<p>\u00a0<\/p>\n","protected":false},"excerpt":{"rendered":"Para dar cierre a los talleres deportivos de Infanzia y Primaria, durante la semana del 24 al 28 de noviembre invitamos a los apoderados a participar en una clase abierta, con el objetivo de compartir y mostrar el trabajo realizado.","protected":false},"author":2,"featured_media":31993,"comment_status":"closed","ping_status":"closed","sticky":false,"template":"","format":"standard","meta":{"_acf_changed":false,"footnotes":""},"categories":[6,39,12,5],"tags":[],"class_list":["post-31991","post","type-post","status-publish","format-standard","has-post-thumbnail","hentry","category-actividades","category-deportes-2","category-deportes","category-noticias"],"acf":[],"yoast_head":"<!-- This site is optimized with the Yoast SEO plugin v27.1.1 - https:\/\/yoast.com\/product\/yoast-seo-wordpress\/ -->\n<title>Cierre Talleres Deportivos - Scuola Italiana<\/title>\n<meta name=\"robots\" content=\"index, follow, max-snippet:-1, max-image-preview:large, max-video-preview:-1\" \/>\n<link rel=\"canonical\" href=\"https:\/\/www.scuola.cl\/sivm\/cierre-talleres-deportivos-3\/\" \/>\n<meta property=\"og:locale\" content=\"es_ES\" \/>\n<meta property=\"og:type\" content=\"article\" \/>\n<meta property=\"og:title\" content=\"Cierre Talleres Deportivos - Scuola Italiana\" \/>\n<meta property=\"og:description\" content=\"Para dar cierre a los talleres deportivos de Infanzia y Primaria, durante la semana del 24 al 28 de noviembre invitamos a los apoderados a participar en una clase abierta, con el objetivo de compartir y mostrar el trabajo realizado.\" \/>\n<meta property=\"og:url\" content=\"https:\/\/www.scuola.cl\/sivm\/cierre-talleres-deportivos-3\/\" \/>\n<meta property=\"og:site_name\" content=\"Scuola Italiana\" \/>\n<meta property=\"article:published_time\" content=\"2025-12-02T17:02:50+00:00\" \/>\n<meta property=\"article:modified_time\" content=\"2025-12-02T20:19:24+00:00\" \/>\n<meta property=\"og:image\" content=\"https:\/\/www.scuola.cl\/sivm\/wp-content\/uploads\/2025\/12\/USAR-ESTA-Plantillas-IG-Scuola-900-x-610-px-3-1.png\" \/>\n\t<meta property=\"og:image:width\" content=\"900\" \/>\n\t<meta property=\"og:image:height\" content=\"610\" \/>\n\t<meta property=\"og:image:type\" content=\"image\/png\" \/>\n<meta name=\"author\" content=\"Comunicaciones\" \/>\n<meta name=\"twitter:card\" content=\"summary_large_image\" \/>\n<meta name=\"twitter:label1\" content=\"Escrito por\" \/>\n\t<meta name=\"twitter:data1\" content=\"Comunicaciones\" \/>\n\t<meta name=\"twitter:label2\" content=\"Tiempo de lectura\" \/>\n\t<meta name=\"twitter:data2\" content=\"2 minutos\" \/>\n<script type=\"application\/ld+json\" class=\"yoast-schema-graph\">{\"@context\":\"https:\/\/schema.org\",\"@graph\":[{\"@type\":\"Article\",\"@id\":\"https:\/\/www.scuola.cl\/sivm\/cierre-talleres-deportivos-3\/#article\",\"isPartOf\":{\"@id\":\"https:\/\/www.scuola.cl\/sivm\/cierre-talleres-deportivos-3\/\"},\"author\":{\"name\":\"Comunicaciones\",\"@id\":\"https:\/\/www.scuola.cl\/sivm\/#\/schema\/person\/2ac68abc1b548ee6d8e16c4d3727d1b2\"},\"headline\":\"Cierre Talleres Deportivos\",\"datePublished\":\"2025-12-02T17:02:50+00:00\",\"dateModified\":\"2025-12-02T20:19:24+00:00\",\"mainEntityOfPage\":{\"@id\":\"https:\/\/www.scuola.cl\/sivm\/cierre-talleres-deportivos-3\/\"},\"wordCount\":229,\"publisher\":{\"@id\":\"https:\/\/www.scuola.cl\/sivm\/#organization\"},\"image\":{\"@id\":\"https:\/\/www.scuola.cl\/sivm\/cierre-talleres-deportivos-3\/#primaryimage\"},\"thumbnailUrl\":\"https:\/\/www.scuola.cl\/sivm\/wp-content\/uploads\/2025\/12\/USAR-ESTA-Plantillas-IG-Scuola-900-x-610-px-3-1.png\",\"articleSection\":[\"Actividades\",\"Deportes\",\"Deportes\",\"Noticias\"],\"inLanguage\":\"es\"},{\"@type\":\"WebPage\",\"@id\":\"https:\/\/www.scuola.cl\/sivm\/cierre-talleres-deportivos-3\/\",\"url\":\"https:\/\/www.scuola.cl\/sivm\/cierre-talleres-deportivos-3\/\",\"name\":\"Cierre Talleres Deportivos - Scuola Italiana\",\"isPartOf\":{\"@id\":\"https:\/\/www.scuola.cl\/sivm\/#website\"},\"primaryImageOfPage\":{\"@id\":\"https:\/\/www.scuola.cl\/sivm\/cierre-talleres-deportivos-3\/#primaryimage\"},\"image\":{\"@id\":\"https:\/\/www.scuola.cl\/sivm\/cierre-talleres-deportivos-3\/#primaryimage\"},\"thumbnailUrl\":\"https:\/\/www.scuola.cl\/sivm\/wp-content\/uploads\/2025\/12\/USAR-ESTA-Plantillas-IG-Scuola-900-x-610-px-3-1.png\",\"datePublished\":\"2025-12-02T17:02:50+00:00\",\"dateModified\":\"2025-12-02T20:19:24+00:00\",\"breadcrumb\":{\"@id\":\"https:\/\/www.scuola.cl\/sivm\/cierre-talleres-deportivos-3\/#breadcrumb\"},\"inLanguage\":\"es\",\"potentialAction\":[{\"@type\":\"ReadAction\",\"target\":[\"https:\/\/www.scuola.cl\/sivm\/cierre-talleres-deportivos-3\/\"]}]},{\"@type\":\"ImageObject\",\"inLanguage\":\"es\",\"@id\":\"https:\/\/www.scuola.cl\/sivm\/cierre-talleres-deportivos-3\/#primaryimage\",\"url\":\"https:\/\/www.scuola.cl\/sivm\/wp-content\/uploads\/2025\/12\/USAR-ESTA-Plantillas-IG-Scuola-900-x-610-px-3-1.png\",\"contentUrl\":\"https:\/\/www.scuola.cl\/sivm\/wp-content\/uploads\/2025\/12\/USAR-ESTA-Plantillas-IG-Scuola-900-x-610-px-3-1.png\",\"width\":900,\"height\":610},{\"@type\":\"BreadcrumbList\",\"@id\":\"https:\/\/www.scuola.cl\/sivm\/cierre-talleres-deportivos-3\/#breadcrumb\",\"itemListElement\":[{\"@type\":\"ListItem\",\"position\":1,\"name\":\"Inicio\",\"item\":\"https:\/\/www.scuola.cl\/sivm\/\"},{\"@type\":\"ListItem\",\"position\":2,\"name\":\"Actividades\",\"item\":\"https:\/\/www.scuola.cl\/sivm\/category\/actividades\/\"},{\"@type\":\"ListItem\",\"position\":3,\"name\":\"Cierre Talleres Deportivos\"}]},{\"@type\":\"WebSite\",\"@id\":\"https:\/\/www.scuola.cl\/sivm\/#website\",\"url\":\"https:\/\/www.scuola.cl\/sivm\/\",\"name\":\"Scuola Italiana\",\"description\":\"Vittorio Montiglio\",\"publisher\":{\"@id\":\"https:\/\/www.scuola.cl\/sivm\/#organization\"},\"potentialAction\":[{\"@type\":\"SearchAction\",\"target\":{\"@type\":\"EntryPoint\",\"urlTemplate\":\"https:\/\/www.scuola.cl\/sivm\/?s={search_term_string}\"},\"query-input\":{\"@type\":\"PropertyValueSpecification\",\"valueRequired\":true,\"valueName\":\"search_term_string\"}}],\"inLanguage\":\"es\"},{\"@type\":\"Organization\",\"@id\":\"https:\/\/www.scuola.cl\/sivm\/#organization\",\"name\":\"Scuola Italiana Vittorio Montiglio\",\"url\":\"https:\/\/www.scuola.cl\/sivm\/\",\"logo\":{\"@type\":\"ImageObject\",\"inLanguage\":\"es\",\"@id\":\"https:\/\/www.scuola.cl\/sivm\/#\/schema\/logo\/image\/\",\"url\":\"https:\/\/www.scuola.cl\/sivm\/wp-content\/uploads\/2019\/06\/Logo_Scuola-01-001-1000x1000.png\",\"contentUrl\":\"https:\/\/www.scuola.cl\/sivm\/wp-content\/uploads\/2019\/06\/Logo_Scuola-01-001-1000x1000.png\",\"width\":1000,\"height\":1000,\"caption\":\"Scuola Italiana Vittorio Montiglio\"},\"image\":{\"@id\":\"https:\/\/www.scuola.cl\/sivm\/#\/schema\/logo\/image\/\"}},{\"@type\":\"Person\",\"@id\":\"https:\/\/www.scuola.cl\/sivm\/#\/schema\/person\/2ac68abc1b548ee6d8e16c4d3727d1b2\",\"name\":\"Comunicaciones\",\"image\":{\"@type\":\"ImageObject\",\"inLanguage\":\"es\",\"@id\":\"https:\/\/www.scuola.cl\/sivm\/#\/schema\/person\/image\/\",\"url\":\"https:\/\/secure.gravatar.com\/avatar\/0b29fd7cdce1ec9939eded19ce85d6ed73acf03fb52d098b0641aed356fe6aeb?s=96&d=mm&r=g\",\"contentUrl\":\"https:\/\/secure.gravatar.com\/avatar\/0b29fd7cdce1ec9939eded19ce85d6ed73acf03fb52d098b0641aed356fe6aeb?s=96&d=mm&r=g\",\"caption\":\"Comunicaciones\"},\"url\":\"https:\/\/www.scuola.cl\/sivm\/author\/comunicaciones-scuola\/\"}]}<\/script>\n<!-- \/ Yoast SEO plugin. -->","yoast_head_json":{"title":"Cierre Talleres Deportivos - Scuola Italiana","robots":{"index":"index","follow":"follow","max-snippet":"max-snippet:-1","max-image-preview":"max-image-preview:large","max-video-preview":"max-video-preview:-1"},"canonical":"https:\/\/www.scuola.cl\/sivm\/cierre-talleres-deportivos-3\/","og_locale":"es_ES","og_type":"article","og_title":"Cierre Talleres Deportivos - Scuola Italiana","og_description":"Para dar cierre a los talleres deportivos de Infanzia y Primaria, durante la semana del 24 al 28 de noviembre invitamos a los apoderados a participar en una clase abierta, con el objetivo de compartir y mostrar el trabajo realizado.","og_url":"https:\/\/www.scuola.cl\/sivm\/cierre-talleres-deportivos-3\/","og_site_name":"Scuola Italiana","article_published_time":"2025-12-02T17:02:50+00:00","article_modified_time":"2025-12-02T20:19:24+00:00","og_image":[{"width":900,"height":610,"url":"https:\/\/www.scuola.cl\/sivm\/wp-content\/uploads\/2025\/12\/USAR-ESTA-Plantillas-IG-Scuola-900-x-610-px-3-1.png","type":"image\/png"}],"author":"Comunicaciones","twitter_card":"summary_large_image","twitter_misc":{"Escrito por":"Comunicaciones","Tiempo de lectura":"2 minutos"},"schema":{"@context":"https:\/\/schema.org","@graph":[{"@type":"Article","@id":"https:\/\/www.scuola.cl\/sivm\/cierre-talleres-deportivos-3\/#article","isPartOf":{"@id":"https:\/\/www.scuola.cl\/sivm\/cierre-talleres-deportivos-3\/"},"author":{"name":"Comunicaciones","@id":"https:\/\/www.scuola.cl\/sivm\/#\/schema\/person\/2ac68abc1b548ee6d8e16c4d3727d1b2"},"headline":"Cierre Talleres Deportivos","datePublished":"2025-12-02T17:02:50+00:00","dateModified":"2025-12-02T20:19:24+00:00","mainEntityOfPage":{"@id":"https:\/\/www.scuola.cl\/sivm\/cierre-talleres-deportivos-3\/"},"wordCount":229,"publisher":{"@id":"https:\/\/www.scuola.cl\/sivm\/#organization"},"image":{"@id":"https:\/\/www.scuola.cl\/sivm\/cierre-talleres-deportivos-3\/#primaryimage"},"thumbnailUrl":"https:\/\/www.scuola.cl\/sivm\/wp-content\/uploads\/2025\/12\/USAR-ESTA-Plantillas-IG-Scuola-900-x-610-px-3-1.png","articleSection":["Actividades","Deportes","Deportes","Noticias"],"inLanguage":"es"},{"@type":"WebPage","@id":"https:\/\/www.scuola.cl\/sivm\/cierre-talleres-deportivos-3\/","url":"https:\/\/www.scuola.cl\/sivm\/cierre-talleres-deportivos-3\/","name":"Cierre Talleres Deportivos - Scuola Italiana","isPartOf":{"@id":"https:\/\/www.scuola.cl\/sivm\/#website"},"primaryImageOfPage":{"@id":"https:\/\/www.scuola.cl\/sivm\/cierre-talleres-deportivos-3\/#primaryimage"},"image":{"@id":"https:\/\/www.scuola.cl\/sivm\/cierre-talleres-deportivos-3\/#primaryimage"},"thumbnailUrl":"https:\/\/www.scuola.cl\/sivm\/wp-content\/uploads\/2025\/12\/USAR-ESTA-Plantillas-IG-Scuola-900-x-610-px-3-1.png","datePublished":"2025-12-02T17:02:50+00:00","dateModified":"2025-12-02T20:19:24+00:00","breadcrumb":{"@id":"https:\/\/www.scuola.cl\/sivm\/cierre-talleres-deportivos-3\/#breadcrumb"},"inLanguage":"es","potentialAction":[{"@type":"ReadAction","target":["https:\/\/www.scuola.cl\/sivm\/cierre-talleres-deportivos-3\/"]}]},{"@type":"ImageObject","inLanguage":"es","@id":"https:\/\/www.scuola.cl\/sivm\/cierre-talleres-deportivos-3\/#primaryimage","url":"https:\/\/www.scuola.cl\/sivm\/wp-content\/uploads\/2025\/12\/USAR-ESTA-Plantillas-IG-Scuola-900-x-610-px-3-1.png","contentUrl":"https:\/\/www.scuola.cl\/sivm\/wp-content\/uploads\/2025\/12\/USAR-ESTA-Plantillas-IG-Scuola-900-x-610-px-3-1.png","width":900,"height":610},{"@type":"BreadcrumbList","@id":"https:\/\/www.scuola.cl\/sivm\/cierre-talleres-deportivos-3\/#breadcrumb","itemListElement":[{"@type":"ListItem","position":1,"name":"Inicio","item":"https:\/\/www.scuola.cl\/sivm\/"},{"@type":"ListItem","position":2,"name":"Actividades","item":"https:\/\/www.scuola.cl\/sivm\/category\/actividades\/"},{"@type":"ListItem","position":3,"name":"Cierre Talleres Deportivos"}]},{"@type":"WebSite","@id":"https:\/\/www.scuola.cl\/sivm\/#website","url":"https:\/\/www.scuola.cl\/sivm\/","name":"Scuola Italiana","description":"Vittorio Montiglio","publisher":{"@id":"https:\/\/www.scuola.cl\/sivm\/#organization"},"potentialAction":[{"@type":"SearchAction","target":{"@type":"EntryPoint","urlTemplate":"https:\/\/www.scuola.cl\/sivm\/?s={search_term_string}"},"query-input":{"@type":"PropertyValueSpecification","valueRequired":true,"valueName":"search_term_string"}}],"inLanguage":"es"},{"@type":"Organization","@id":"https:\/\/www.scuola.cl\/sivm\/#organization","name":"Scuola Italiana Vittorio Montiglio","url":"https:\/\/www.scuola.cl\/sivm\/","logo":{"@type":"ImageObject","inLanguage":"es","@id":"https:\/\/www.scuola.cl\/sivm\/#\/schema\/logo\/image\/","url":"https:\/\/www.scuola.cl\/sivm\/wp-content\/uploads\/2019\/06\/Logo_Scuola-01-001-1000x1000.png","contentUrl":"https:\/\/www.scuola.cl\/sivm\/wp-content\/uploads\/2019\/06\/Logo_Scuola-01-001-1000x1000.png","width":1000,"height":1000,"caption":"Scuola Italiana Vittorio Montiglio"},"image":{"@id":"https:\/\/www.scuola.cl\/sivm\/#\/schema\/logo\/image\/"}},{"@type":"Person","@id":"https:\/\/www.scuola.cl\/sivm\/#\/schema\/person\/2ac68abc1b548ee6d8e16c4d3727d1b2","name":"Comunicaciones","image":{"@type":"ImageObject","inLanguage":"es","@id":"https:\/\/www.scuola.cl\/sivm\/#\/schema\/person\/image\/","url":"https:\/\/secure.gravatar.com\/avatar\/0b29fd7cdce1ec9939eded19ce85d6ed73acf03fb52d098b0641aed356fe6aeb?s=96&d=mm&r=g","contentUrl":"https:\/\/secure.gravatar.com\/avatar\/0b29fd7cdce1ec9939eded19ce85d6ed73acf03fb52d098b0641aed356fe6aeb?s=96&d=mm&r=g","caption":"Comunicaciones"},"url":"https:\/\/www.scuola.cl\/sivm\/author\/comunicaciones-scuola\/"}]}},"_links":{"self":[{"href":"https:\/\/www.scuola.cl\/sivm\/wp-json\/wp\/v2\/posts\/31991","targetHints":{"allow":["GET"]}}],"collection":[{"href":"https:\/\/www.scuola.cl\/sivm\/wp-json\/wp\/v2\/posts"}],"about":[{"href":"https:\/\/www.scuola.cl\/sivm\/wp-json\/wp\/v2\/types\/post"}],"author":[{"embeddable":true,"href":"https:\/\/www.scuola.cl\/sivm\/wp-json\/wp\/v2\/users\/2"}],"replies":[{"embeddable":true,"href":"https:\/\/www.scuola.cl\/sivm\/wp-json\/wp\/v2\/comments?post=31991"}],"version-history":[{"count":7,"href":"https:\/\/www.scuola.cl\/sivm\/wp-json\/wp\/v2\/posts\/31991\/revisions"}],"predecessor-version":[{"id":32011,"href":"https:\/\/www.scuola.cl\/sivm\/wp-json\/wp\/v2\/posts\/31991\/revisions\/32011"}],"wp:featuredmedia":[{"embeddable":true,"href":"https:\/\/www.scuola.cl\/sivm\/wp-json\/wp\/v2\/media\/31993"}],"wp:attachment":[{"href":"https:\/\/www.scuola.cl\/sivm\/wp-json\/wp\/v2\/media?parent=31991"}],"wp:term":[{"taxonomy":"category","embeddable":true,"href":"https:\/\/www.scuola.cl\/sivm\/wp-json\/wp\/v2\/categories?post=31991"},{"taxonomy":"post_tag","embeddable":true,"href":"https:\/\/www.scuola.cl\/sivm\/wp-json\/wp\/v2\/tags?post=31991"}],"curies":[{"name":"wp","href":"https:\/\/api.w.org\/{rel}","templated":true}]}}