{"id":31971,"date":"2025-12-02T09:20:55","date_gmt":"2025-12-02T12:20:55","guid":{"rendered":"https:\/\/www.scuola.cl\/sivm\/?p=31971"},"modified":"2025-12-02T16:53:15","modified_gmt":"2025-12-02T19:53:15","slug":"granja-educativa-nido","status":"publish","type":"post","link":"https:\/\/www.scuola.cl\/sivm\/granja-educativa-nido\/","title":{"rendered":"Granja Educativa en Scuola Nido"},"content":{"rendered":"\n<p><em>(Por Fernanda Aravena, Directora Scuola Nido)<\/em><\/p>\n<p>El martes 18 de noviembre, nuestros peque\u00f1os vivieron una experiencia inolvidable con la visita de una Granja Educativa, en el marco del proyecto \u201cMedio Ambiente\u201d. Esta actividad les brind\u00f3 la oportunidad de conocer de cerca diversas especies animales y promover un aprendizaje activo mediante el contacto directo con estos seres vivos.<\/p>\n<p>Durante la visita, los ni\u00f1os exploraron las caracter\u00edsticas y necesidades de los animales presentes en Scuola Nido, fomentando as\u00ed el respeto por la biodiversidad y el cuidado del entorno. Esta experiencia sensorial y vivencial fortalece sus habilidades sociales, cognitivas y emocionales, al tiempo que impulsa valores esenciales como la colaboraci\u00f3n y la conciencia ambiental, especialmente valiosos en un contexto urbano.<\/p>\n<p>Agradecemos a todas las familias por hacer posible esta iniciativa que acerca a nuestros ni\u00f1os al mundo natural.<\/p>\n<p><a href=\"https:\/\/drive.google.com\/drive\/folders\/1jA8aKJK416ssdhU0nKtDuGgMmfT5CxPP?usp=drive_link\" target=\"_blank\" rel=\"noopener\">Ver fotos<\/a><\/p>\n<hr \/>\n<p>\u00a0<\/p>\n<p>Marted\u00ec 18 novembre, i nostri piccoli hanno vissuto un&#8217;esperienza indimenticabile con la visita di una Fattoria Educativa, nell&#8217;ambito del progetto \u00abAmbiente\u00bb. Questa attivit\u00e0 ha dato loro l&#8217;opportunit\u00e0 di conoscere da vicino diverse specie animali e promuovere un apprendimento attivo attraverso il contatto diretto con questi esseri viventi.<\/p>\n<p>Durante la visita, i bambini hanno esplorato le caratteristiche e le esigenze degli animali presenti a Scuola Nido, promuovendo cos\u00ec il rispetto per la biodiversit\u00e0 e la cura dell&#8217;ambiente. Questa esperienza sensoriale e esperienziale rafforza le vostre abilit\u00e0 sociali, cognitive ed emotive, promuovendo al contempo valori essenziali come la collaborazione e la consapevolezza ambientale, particolarmente preziose in un contesto urbano.<\/p>\n<p>Ringraziamo tutte le famiglie per aver reso possibile questa iniziativa che avvicina i nostri bambini al mondo naturale.<\/p>\n<p><img loading=\"lazy\" decoding=\"async\" width=\"700\" height=\"474\" class=\"alignnone size-large wp-image-31972\" src=\"https:\/\/www.scuola.cl\/sivm\/wp-content\/uploads\/2025\/12\/USAR-ESTA-Plantillas-IG-Scuola-900-x-610-px-20-700x474.jpg\" alt=\"\" srcset=\"https:\/\/www.scuola.cl\/sivm\/wp-content\/uploads\/2025\/12\/USAR-ESTA-Plantillas-IG-Scuola-900-x-610-px-20-700x474.jpg 700w, https:\/\/www.scuola.cl\/sivm\/wp-content\/uploads\/2025\/12\/USAR-ESTA-Plantillas-IG-Scuola-900-x-610-px-20-250x169.jpg 250w, https:\/\/www.scuola.cl\/sivm\/wp-content\/uploads\/2025\/12\/USAR-ESTA-Plantillas-IG-Scuola-900-x-610-px-20-768x521.jpg 768w, https:\/\/www.scuola.cl\/sivm\/wp-content\/uploads\/2025\/12\/USAR-ESTA-Plantillas-IG-Scuola-900-x-610-px-20-120x81.jpg 120w, https:\/\/www.scuola.cl\/sivm\/wp-content\/uploads\/2025\/12\/USAR-ESTA-Plantillas-IG-Scuola-900-x-610-px-20.jpg 900w\" sizes=\"auto, (max-width: 700px) 100vw, 700px\" \/><\/p>\n\n\n","protected":false},"excerpt":{"rendered":"El 18 de noviembre, nuestros peque\u00f1os vivieron una experiencia inolvidable con la visita de una Granja Educativa, en el marco del proyecto \u201cMedio Ambiente\u201d. Esta actividad les brind\u00f3 la oportunidad de conocer a diversos animales.","protected":false},"author":2,"featured_media":31972,"comment_status":"closed","ping_status":"closed","sticky":false,"template":"","format":"standard","meta":{"_acf_changed":false,"footnotes":""},"categories":[6,5,24],"tags":[],"class_list":["post-31971","post","type-post","status-publish","format-standard","has-post-thumbnail","hentry","category-actividades","category-noticias","category-scuola"],"acf":[],"yoast_head":"<!-- This site is optimized with the Yoast SEO plugin v27.1.1 - https:\/\/yoast.com\/product\/yoast-seo-wordpress\/ -->\n<title>Granja Educativa en Scuola Nido - Scuola Italiana<\/title>\n<meta name=\"robots\" content=\"index, follow, max-snippet:-1, max-image-preview:large, max-video-preview:-1\" \/>\n<link rel=\"canonical\" href=\"https:\/\/www.scuola.cl\/sivm\/granja-educativa-nido\/\" \/>\n<meta property=\"og:locale\" content=\"es_ES\" \/>\n<meta property=\"og:type\" content=\"article\" \/>\n<meta property=\"og:title\" content=\"Granja Educativa en Scuola Nido - Scuola Italiana\" \/>\n<meta property=\"og:description\" content=\"El 18 de noviembre, nuestros peque\u00f1os vivieron una experiencia inolvidable con la visita de una Granja Educativa, en el marco del proyecto \u201cMedio Ambiente\u201d. Esta actividad les brind\u00f3 la oportunidad de conocer a diversos animales.\" \/>\n<meta property=\"og:url\" content=\"https:\/\/www.scuola.cl\/sivm\/granja-educativa-nido\/\" \/>\n<meta property=\"og:site_name\" content=\"Scuola Italiana\" \/>\n<meta property=\"article:published_time\" content=\"2025-12-02T12:20:55+00:00\" \/>\n<meta property=\"article:modified_time\" content=\"2025-12-02T19:53:15+00:00\" \/>\n<meta property=\"og:image\" content=\"https:\/\/www.scuola.cl\/sivm\/wp-content\/uploads\/2025\/12\/USAR-ESTA-Plantillas-IG-Scuola-900-x-610-px-20.jpg\" \/>\n\t<meta property=\"og:image:width\" content=\"900\" \/>\n\t<meta property=\"og:image:height\" content=\"610\" \/>\n\t<meta property=\"og:image:type\" content=\"image\/jpeg\" \/>\n<meta name=\"author\" content=\"Comunicaciones\" \/>\n<meta name=\"twitter:card\" content=\"summary_large_image\" \/>\n<meta name=\"twitter:label1\" content=\"Escrito por\" \/>\n\t<meta name=\"twitter:data1\" content=\"Comunicaciones\" \/>\n\t<meta name=\"twitter:label2\" content=\"Tiempo de lectura\" \/>\n\t<meta name=\"twitter:data2\" content=\"2 minutos\" \/>\n<script type=\"application\/ld+json\" class=\"yoast-schema-graph\">{\"@context\":\"https:\/\/schema.org\",\"@graph\":[{\"@type\":\"Article\",\"@id\":\"https:\/\/www.scuola.cl\/sivm\/granja-educativa-nido\/#article\",\"isPartOf\":{\"@id\":\"https:\/\/www.scuola.cl\/sivm\/granja-educativa-nido\/\"},\"author\":{\"name\":\"Comunicaciones\",\"@id\":\"https:\/\/www.scuola.cl\/sivm\/#\/schema\/person\/2ac68abc1b548ee6d8e16c4d3727d1b2\"},\"headline\":\"Granja Educativa en Scuola Nido\",\"datePublished\":\"2025-12-02T12:20:55+00:00\",\"dateModified\":\"2025-12-02T19:53:15+00:00\",\"mainEntityOfPage\":{\"@id\":\"https:\/\/www.scuola.cl\/sivm\/granja-educativa-nido\/\"},\"wordCount\":270,\"publisher\":{\"@id\":\"https:\/\/www.scuola.cl\/sivm\/#organization\"},\"image\":{\"@id\":\"https:\/\/www.scuola.cl\/sivm\/granja-educativa-nido\/#primaryimage\"},\"thumbnailUrl\":\"https:\/\/www.scuola.cl\/sivm\/wp-content\/uploads\/2025\/12\/USAR-ESTA-Plantillas-IG-Scuola-900-x-610-px-20.jpg\",\"articleSection\":[\"Actividades\",\"Noticias\",\"Scuola\"],\"inLanguage\":\"es\"},{\"@type\":\"WebPage\",\"@id\":\"https:\/\/www.scuola.cl\/sivm\/granja-educativa-nido\/\",\"url\":\"https:\/\/www.scuola.cl\/sivm\/granja-educativa-nido\/\",\"name\":\"Granja Educativa en Scuola Nido - Scuola Italiana\",\"isPartOf\":{\"@id\":\"https:\/\/www.scuola.cl\/sivm\/#website\"},\"primaryImageOfPage\":{\"@id\":\"https:\/\/www.scuola.cl\/sivm\/granja-educativa-nido\/#primaryimage\"},\"image\":{\"@id\":\"https:\/\/www.scuola.cl\/sivm\/granja-educativa-nido\/#primaryimage\"},\"thumbnailUrl\":\"https:\/\/www.scuola.cl\/sivm\/wp-content\/uploads\/2025\/12\/USAR-ESTA-Plantillas-IG-Scuola-900-x-610-px-20.jpg\",\"datePublished\":\"2025-12-02T12:20:55+00:00\",\"dateModified\":\"2025-12-02T19:53:15+00:00\",\"breadcrumb\":{\"@id\":\"https:\/\/www.scuola.cl\/sivm\/granja-educativa-nido\/#breadcrumb\"},\"inLanguage\":\"es\",\"potentialAction\":[{\"@type\":\"ReadAction\",\"target\":[\"https:\/\/www.scuola.cl\/sivm\/granja-educativa-nido\/\"]}]},{\"@type\":\"ImageObject\",\"inLanguage\":\"es\",\"@id\":\"https:\/\/www.scuola.cl\/sivm\/granja-educativa-nido\/#primaryimage\",\"url\":\"https:\/\/www.scuola.cl\/sivm\/wp-content\/uploads\/2025\/12\/USAR-ESTA-Plantillas-IG-Scuola-900-x-610-px-20.jpg\",\"contentUrl\":\"https:\/\/www.scuola.cl\/sivm\/wp-content\/uploads\/2025\/12\/USAR-ESTA-Plantillas-IG-Scuola-900-x-610-px-20.jpg\",\"width\":900,\"height\":610},{\"@type\":\"BreadcrumbList\",\"@id\":\"https:\/\/www.scuola.cl\/sivm\/granja-educativa-nido\/#breadcrumb\",\"itemListElement\":[{\"@type\":\"ListItem\",\"position\":1,\"name\":\"Inicio\",\"item\":\"https:\/\/www.scuola.cl\/sivm\/\"},{\"@type\":\"ListItem\",\"position\":2,\"name\":\"Actividades\",\"item\":\"https:\/\/www.scuola.cl\/sivm\/category\/actividades\/\"},{\"@type\":\"ListItem\",\"position\":3,\"name\":\"Granja Educativa en Scuola Nido\"}]},{\"@type\":\"WebSite\",\"@id\":\"https:\/\/www.scuola.cl\/sivm\/#website\",\"url\":\"https:\/\/www.scuola.cl\/sivm\/\",\"name\":\"Scuola Italiana\",\"description\":\"Vittorio Montiglio\",\"publisher\":{\"@id\":\"https:\/\/www.scuola.cl\/sivm\/#organization\"},\"potentialAction\":[{\"@type\":\"SearchAction\",\"target\":{\"@type\":\"EntryPoint\",\"urlTemplate\":\"https:\/\/www.scuola.cl\/sivm\/?s={search_term_string}\"},\"query-input\":{\"@type\":\"PropertyValueSpecification\",\"valueRequired\":true,\"valueName\":\"search_term_string\"}}],\"inLanguage\":\"es\"},{\"@type\":\"Organization\",\"@id\":\"https:\/\/www.scuola.cl\/sivm\/#organization\",\"name\":\"Scuola Italiana Vittorio Montiglio\",\"url\":\"https:\/\/www.scuola.cl\/sivm\/\",\"logo\":{\"@type\":\"ImageObject\",\"inLanguage\":\"es\",\"@id\":\"https:\/\/www.scuola.cl\/sivm\/#\/schema\/logo\/image\/\",\"url\":\"https:\/\/www.scuola.cl\/sivm\/wp-content\/uploads\/2019\/06\/Logo_Scuola-01-001-1000x1000.png\",\"contentUrl\":\"https:\/\/www.scuola.cl\/sivm\/wp-content\/uploads\/2019\/06\/Logo_Scuola-01-001-1000x1000.png\",\"width\":1000,\"height\":1000,\"caption\":\"Scuola Italiana Vittorio Montiglio\"},\"image\":{\"@id\":\"https:\/\/www.scuola.cl\/sivm\/#\/schema\/logo\/image\/\"}},{\"@type\":\"Person\",\"@id\":\"https:\/\/www.scuola.cl\/sivm\/#\/schema\/person\/2ac68abc1b548ee6d8e16c4d3727d1b2\",\"name\":\"Comunicaciones\",\"image\":{\"@type\":\"ImageObject\",\"inLanguage\":\"es\",\"@id\":\"https:\/\/www.scuola.cl\/sivm\/#\/schema\/person\/image\/\",\"url\":\"https:\/\/secure.gravatar.com\/avatar\/0b29fd7cdce1ec9939eded19ce85d6ed73acf03fb52d098b0641aed356fe6aeb?s=96&d=mm&r=g\",\"contentUrl\":\"https:\/\/secure.gravatar.com\/avatar\/0b29fd7cdce1ec9939eded19ce85d6ed73acf03fb52d098b0641aed356fe6aeb?s=96&d=mm&r=g\",\"caption\":\"Comunicaciones\"},\"url\":\"https:\/\/www.scuola.cl\/sivm\/author\/comunicaciones-scuola\/\"}]}<\/script>\n<!-- \/ Yoast SEO plugin. -->","yoast_head_json":{"title":"Granja Educativa en Scuola Nido - Scuola Italiana","robots":{"index":"index","follow":"follow","max-snippet":"max-snippet:-1","max-image-preview":"max-image-preview:large","max-video-preview":"max-video-preview:-1"},"canonical":"https:\/\/www.scuola.cl\/sivm\/granja-educativa-nido\/","og_locale":"es_ES","og_type":"article","og_title":"Granja Educativa en Scuola Nido - Scuola Italiana","og_description":"El 18 de noviembre, nuestros peque\u00f1os vivieron una experiencia inolvidable con la visita de una Granja Educativa, en el marco del proyecto \u201cMedio Ambiente\u201d. Esta actividad les brind\u00f3 la oportunidad de conocer a diversos animales.","og_url":"https:\/\/www.scuola.cl\/sivm\/granja-educativa-nido\/","og_site_name":"Scuola Italiana","article_published_time":"2025-12-02T12:20:55+00:00","article_modified_time":"2025-12-02T19:53:15+00:00","og_image":[{"width":900,"height":610,"url":"https:\/\/www.scuola.cl\/sivm\/wp-content\/uploads\/2025\/12\/USAR-ESTA-Plantillas-IG-Scuola-900-x-610-px-20.jpg","type":"image\/jpeg"}],"author":"Comunicaciones","twitter_card":"summary_large_image","twitter_misc":{"Escrito por":"Comunicaciones","Tiempo de lectura":"2 minutos"},"schema":{"@context":"https:\/\/schema.org","@graph":[{"@type":"Article","@id":"https:\/\/www.scuola.cl\/sivm\/granja-educativa-nido\/#article","isPartOf":{"@id":"https:\/\/www.scuola.cl\/sivm\/granja-educativa-nido\/"},"author":{"name":"Comunicaciones","@id":"https:\/\/www.scuola.cl\/sivm\/#\/schema\/person\/2ac68abc1b548ee6d8e16c4d3727d1b2"},"headline":"Granja Educativa en Scuola Nido","datePublished":"2025-12-02T12:20:55+00:00","dateModified":"2025-12-02T19:53:15+00:00","mainEntityOfPage":{"@id":"https:\/\/www.scuola.cl\/sivm\/granja-educativa-nido\/"},"wordCount":270,"publisher":{"@id":"https:\/\/www.scuola.cl\/sivm\/#organization"},"image":{"@id":"https:\/\/www.scuola.cl\/sivm\/granja-educativa-nido\/#primaryimage"},"thumbnailUrl":"https:\/\/www.scuola.cl\/sivm\/wp-content\/uploads\/2025\/12\/USAR-ESTA-Plantillas-IG-Scuola-900-x-610-px-20.jpg","articleSection":["Actividades","Noticias","Scuola"],"inLanguage":"es"},{"@type":"WebPage","@id":"https:\/\/www.scuola.cl\/sivm\/granja-educativa-nido\/","url":"https:\/\/www.scuola.cl\/sivm\/granja-educativa-nido\/","name":"Granja Educativa en Scuola Nido - Scuola Italiana","isPartOf":{"@id":"https:\/\/www.scuola.cl\/sivm\/#website"},"primaryImageOfPage":{"@id":"https:\/\/www.scuola.cl\/sivm\/granja-educativa-nido\/#primaryimage"},"image":{"@id":"https:\/\/www.scuola.cl\/sivm\/granja-educativa-nido\/#primaryimage"},"thumbnailUrl":"https:\/\/www.scuola.cl\/sivm\/wp-content\/uploads\/2025\/12\/USAR-ESTA-Plantillas-IG-Scuola-900-x-610-px-20.jpg","datePublished":"2025-12-02T12:20:55+00:00","dateModified":"2025-12-02T19:53:15+00:00","breadcrumb":{"@id":"https:\/\/www.scuola.cl\/sivm\/granja-educativa-nido\/#breadcrumb"},"inLanguage":"es","potentialAction":[{"@type":"ReadAction","target":["https:\/\/www.scuola.cl\/sivm\/granja-educativa-nido\/"]}]},{"@type":"ImageObject","inLanguage":"es","@id":"https:\/\/www.scuola.cl\/sivm\/granja-educativa-nido\/#primaryimage","url":"https:\/\/www.scuola.cl\/sivm\/wp-content\/uploads\/2025\/12\/USAR-ESTA-Plantillas-IG-Scuola-900-x-610-px-20.jpg","contentUrl":"https:\/\/www.scuola.cl\/sivm\/wp-content\/uploads\/2025\/12\/USAR-ESTA-Plantillas-IG-Scuola-900-x-610-px-20.jpg","width":900,"height":610},{"@type":"BreadcrumbList","@id":"https:\/\/www.scuola.cl\/sivm\/granja-educativa-nido\/#breadcrumb","itemListElement":[{"@type":"ListItem","position":1,"name":"Inicio","item":"https:\/\/www.scuola.cl\/sivm\/"},{"@type":"ListItem","position":2,"name":"Actividades","item":"https:\/\/www.scuola.cl\/sivm\/category\/actividades\/"},{"@type":"ListItem","position":3,"name":"Granja Educativa en Scuola Nido"}]},{"@type":"WebSite","@id":"https:\/\/www.scuola.cl\/sivm\/#website","url":"https:\/\/www.scuola.cl\/sivm\/","name":"Scuola Italiana","description":"Vittorio Montiglio","publisher":{"@id":"https:\/\/www.scuola.cl\/sivm\/#organization"},"potentialAction":[{"@type":"SearchAction","target":{"@type":"EntryPoint","urlTemplate":"https:\/\/www.scuola.cl\/sivm\/?s={search_term_string}"},"query-input":{"@type":"PropertyValueSpecification","valueRequired":true,"valueName":"search_term_string"}}],"inLanguage":"es"},{"@type":"Organization","@id":"https:\/\/www.scuola.cl\/sivm\/#organization","name":"Scuola Italiana Vittorio Montiglio","url":"https:\/\/www.scuola.cl\/sivm\/","logo":{"@type":"ImageObject","inLanguage":"es","@id":"https:\/\/www.scuola.cl\/sivm\/#\/schema\/logo\/image\/","url":"https:\/\/www.scuola.cl\/sivm\/wp-content\/uploads\/2019\/06\/Logo_Scuola-01-001-1000x1000.png","contentUrl":"https:\/\/www.scuola.cl\/sivm\/wp-content\/uploads\/2019\/06\/Logo_Scuola-01-001-1000x1000.png","width":1000,"height":1000,"caption":"Scuola Italiana Vittorio Montiglio"},"image":{"@id":"https:\/\/www.scuola.cl\/sivm\/#\/schema\/logo\/image\/"}},{"@type":"Person","@id":"https:\/\/www.scuola.cl\/sivm\/#\/schema\/person\/2ac68abc1b548ee6d8e16c4d3727d1b2","name":"Comunicaciones","image":{"@type":"ImageObject","inLanguage":"es","@id":"https:\/\/www.scuola.cl\/sivm\/#\/schema\/person\/image\/","url":"https:\/\/secure.gravatar.com\/avatar\/0b29fd7cdce1ec9939eded19ce85d6ed73acf03fb52d098b0641aed356fe6aeb?s=96&d=mm&r=g","contentUrl":"https:\/\/secure.gravatar.com\/avatar\/0b29fd7cdce1ec9939eded19ce85d6ed73acf03fb52d098b0641aed356fe6aeb?s=96&d=mm&r=g","caption":"Comunicaciones"},"url":"https:\/\/www.scuola.cl\/sivm\/author\/comunicaciones-scuola\/"}]}},"_links":{"self":[{"href":"https:\/\/www.scuola.cl\/sivm\/wp-json\/wp\/v2\/posts\/31971","targetHints":{"allow":["GET"]}}],"collection":[{"href":"https:\/\/www.scuola.cl\/sivm\/wp-json\/wp\/v2\/posts"}],"about":[{"href":"https:\/\/www.scuola.cl\/sivm\/wp-json\/wp\/v2\/types\/post"}],"author":[{"embeddable":true,"href":"https:\/\/www.scuola.cl\/sivm\/wp-json\/wp\/v2\/users\/2"}],"replies":[{"embeddable":true,"href":"https:\/\/www.scuola.cl\/sivm\/wp-json\/wp\/v2\/comments?post=31971"}],"version-history":[{"count":8,"href":"https:\/\/www.scuola.cl\/sivm\/wp-json\/wp\/v2\/posts\/31971\/revisions"}],"predecessor-version":[{"id":32006,"href":"https:\/\/www.scuola.cl\/sivm\/wp-json\/wp\/v2\/posts\/31971\/revisions\/32006"}],"wp:featuredmedia":[{"embeddable":true,"href":"https:\/\/www.scuola.cl\/sivm\/wp-json\/wp\/v2\/media\/31972"}],"wp:attachment":[{"href":"https:\/\/www.scuola.cl\/sivm\/wp-json\/wp\/v2\/media?parent=31971"}],"wp:term":[{"taxonomy":"category","embeddable":true,"href":"https:\/\/www.scuola.cl\/sivm\/wp-json\/wp\/v2\/categories?post=31971"},{"taxonomy":"post_tag","embeddable":true,"href":"https:\/\/www.scuola.cl\/sivm\/wp-json\/wp\/v2\/tags?post=31971"}],"curies":[{"name":"wp","href":"https:\/\/api.w.org\/{rel}","templated":true}]}}