{"id":31932,"date":"2025-11-28T07:28:04","date_gmt":"2025-11-28T10:28:04","guid":{"rendered":"https:\/\/www.scuola.cl\/sivm\/?p=31932"},"modified":"2025-12-01T16:48:49","modified_gmt":"2025-12-01T19:48:49","slug":"premiacion-bibliomascota-2026","status":"publish","type":"post","link":"https:\/\/www.scuola.cl\/sivm\/premiacion-bibliomascota-2026\/","title":{"rendered":"Premiaci\u00f3n Bibliomascota 2026"},"content":{"rendered":"\n<p><em>(Por Pamela Messina, Coordinadora Pedag\u00f3gica Biblioteca y Encargada Talleres Culturales)<\/em><\/p>\n<p>El mi\u00e9rcoles 27 de noviembre vivimos una experiencia verdaderamente hermosa: celebramos la premiaci\u00f3n de la Bibliomascota 2026, una instancia llena de creatividad, entusiasmo y participaci\u00f3n de nuestros estudiantes.<\/p>\n<p>Fue una grata sorpresa contar con la presencia de las familias, quienes acompa\u00f1aron con orgullo a los ni\u00f1os y ni\u00f1as ganadores.<\/p>\n<p>La ceremonia estuvo llena de emoci\u00f3n, especialmente cuando vimos en escena a nuestras queridas mascotas de a\u00f1os anteriores: Tommaso, Bibliomascota 2024, y Antonella, Bibliomascota 2025. Ambos recibieron a Fenicottero, nuestra nueva mascota 2026, con gran alegr\u00eda, entreg\u00e1ndole simb\u00f3licamente el legado y la responsabilidad de acompa\u00f1ar la lectura y las actividades del pr\u00f3ximo a\u00f1o.<\/p>\n<p>Agradecemos profundamente a todas las personas que hicieron posible este momento tan especial.<\/p>\n<p>\u00a1Felicitaciones a Matias Nicoletti (4\u00b0B) por ser el creador de Feniccotero y a nuestros estudiantes por vivir juntos esta fiesta de imaginaci\u00f3n y lectura!<\/p>\n<p><a href=\"https:\/\/drive.google.com\/drive\/folders\/1NeXwoPSwmaAeUxdIIGcdSRVyKAeKsf4C?usp=sharing\" target=\"_blank\" rel=\"noopener\">Ver fotos<\/a><\/p>\n<p><img loading=\"lazy\" decoding=\"async\" width=\"700\" height=\"474\" class=\"alignnone size-large wp-image-31933\" src=\"https:\/\/www.scuola.cl\/sivm\/wp-content\/uploads\/2025\/11\/USAR-ESTA-Plantillas-IG-Scuola-900-x-610-px-15-700x474.jpg\" alt=\"\" srcset=\"https:\/\/www.scuola.cl\/sivm\/wp-content\/uploads\/2025\/11\/USAR-ESTA-Plantillas-IG-Scuola-900-x-610-px-15-700x474.jpg 700w, https:\/\/www.scuola.cl\/sivm\/wp-content\/uploads\/2025\/11\/USAR-ESTA-Plantillas-IG-Scuola-900-x-610-px-15-250x169.jpg 250w, https:\/\/www.scuola.cl\/sivm\/wp-content\/uploads\/2025\/11\/USAR-ESTA-Plantillas-IG-Scuola-900-x-610-px-15-768x521.jpg 768w, https:\/\/www.scuola.cl\/sivm\/wp-content\/uploads\/2025\/11\/USAR-ESTA-Plantillas-IG-Scuola-900-x-610-px-15-120x81.jpg 120w, https:\/\/www.scuola.cl\/sivm\/wp-content\/uploads\/2025\/11\/USAR-ESTA-Plantillas-IG-Scuola-900-x-610-px-15.jpg 900w\" sizes=\"auto, (max-width: 700px) 100vw, 700px\" \/><\/p>\n<p>\u00a0<\/p>\n\n\n","protected":false},"excerpt":{"rendered":"El 27 de noviembre celebramos la premiaci\u00f3n de la Bibliomascota 2026, un momento lleno de creatividad y emoci\u00f3n. Tommaso y Antonella dieron la bienvenida a Fenicottero, nuestra nueva mascota.","protected":false},"author":2,"featured_media":31933,"comment_status":"closed","ping_status":"closed","sticky":false,"template":"","format":"standard","meta":{"_acf_changed":false,"footnotes":""},"categories":[6,43,5],"tags":[],"class_list":["post-31932","post","type-post","status-publish","format-standard","has-post-thumbnail","hentry","category-actividades","category-biblioscuola","category-noticias"],"acf":[],"yoast_head":"<!-- This site is optimized with the Yoast SEO plugin v27.1.1 - https:\/\/yoast.com\/product\/yoast-seo-wordpress\/ -->\n<title>Premiaci\u00f3n Bibliomascota 2026 - Scuola Italiana<\/title>\n<meta name=\"robots\" content=\"index, follow, max-snippet:-1, max-image-preview:large, max-video-preview:-1\" \/>\n<link rel=\"canonical\" href=\"https:\/\/www.scuola.cl\/sivm\/premiacion-bibliomascota-2026\/\" \/>\n<meta property=\"og:locale\" content=\"es_ES\" \/>\n<meta property=\"og:type\" content=\"article\" \/>\n<meta property=\"og:title\" content=\"Premiaci\u00f3n Bibliomascota 2026 - Scuola Italiana\" \/>\n<meta property=\"og:description\" content=\"El 27 de noviembre celebramos la premiaci\u00f3n de la Bibliomascota 2026, un momento lleno de creatividad y emoci\u00f3n. Tommaso y Antonella dieron la bienvenida a Fenicottero, nuestra nueva mascota.\" \/>\n<meta property=\"og:url\" content=\"https:\/\/www.scuola.cl\/sivm\/premiacion-bibliomascota-2026\/\" \/>\n<meta property=\"og:site_name\" content=\"Scuola Italiana\" \/>\n<meta property=\"article:published_time\" content=\"2025-11-28T10:28:04+00:00\" \/>\n<meta property=\"article:modified_time\" content=\"2025-12-01T19:48:49+00:00\" \/>\n<meta property=\"og:image\" content=\"https:\/\/www.scuola.cl\/sivm\/wp-content\/uploads\/2025\/11\/USAR-ESTA-Plantillas-IG-Scuola-900-x-610-px-15.jpg\" \/>\n\t<meta property=\"og:image:width\" content=\"900\" \/>\n\t<meta property=\"og:image:height\" content=\"610\" \/>\n\t<meta property=\"og:image:type\" content=\"image\/jpeg\" \/>\n<meta name=\"author\" content=\"Comunicaciones\" \/>\n<meta name=\"twitter:card\" content=\"summary_large_image\" \/>\n<meta name=\"twitter:label1\" content=\"Escrito por\" \/>\n\t<meta name=\"twitter:data1\" content=\"Comunicaciones\" \/>\n\t<meta name=\"twitter:label2\" content=\"Tiempo de lectura\" \/>\n\t<meta name=\"twitter:data2\" content=\"2 minutos\" \/>\n<script type=\"application\/ld+json\" class=\"yoast-schema-graph\">{\"@context\":\"https:\/\/schema.org\",\"@graph\":[{\"@type\":\"Article\",\"@id\":\"https:\/\/www.scuola.cl\/sivm\/premiacion-bibliomascota-2026\/#article\",\"isPartOf\":{\"@id\":\"https:\/\/www.scuola.cl\/sivm\/premiacion-bibliomascota-2026\/\"},\"author\":{\"name\":\"Comunicaciones\",\"@id\":\"https:\/\/www.scuola.cl\/sivm\/#\/schema\/person\/2ac68abc1b548ee6d8e16c4d3727d1b2\"},\"headline\":\"Premiaci\u00f3n Bibliomascota 2026\",\"datePublished\":\"2025-11-28T10:28:04+00:00\",\"dateModified\":\"2025-12-01T19:48:49+00:00\",\"mainEntityOfPage\":{\"@id\":\"https:\/\/www.scuola.cl\/sivm\/premiacion-bibliomascota-2026\/\"},\"wordCount\":165,\"publisher\":{\"@id\":\"https:\/\/www.scuola.cl\/sivm\/#organization\"},\"image\":{\"@id\":\"https:\/\/www.scuola.cl\/sivm\/premiacion-bibliomascota-2026\/#primaryimage\"},\"thumbnailUrl\":\"https:\/\/www.scuola.cl\/sivm\/wp-content\/uploads\/2025\/11\/USAR-ESTA-Plantillas-IG-Scuola-900-x-610-px-15.jpg\",\"articleSection\":[\"Actividades\",\"Biblioscuola\",\"Noticias\"],\"inLanguage\":\"es\"},{\"@type\":\"WebPage\",\"@id\":\"https:\/\/www.scuola.cl\/sivm\/premiacion-bibliomascota-2026\/\",\"url\":\"https:\/\/www.scuola.cl\/sivm\/premiacion-bibliomascota-2026\/\",\"name\":\"Premiaci\u00f3n Bibliomascota 2026 - Scuola Italiana\",\"isPartOf\":{\"@id\":\"https:\/\/www.scuola.cl\/sivm\/#website\"},\"primaryImageOfPage\":{\"@id\":\"https:\/\/www.scuola.cl\/sivm\/premiacion-bibliomascota-2026\/#primaryimage\"},\"image\":{\"@id\":\"https:\/\/www.scuola.cl\/sivm\/premiacion-bibliomascota-2026\/#primaryimage\"},\"thumbnailUrl\":\"https:\/\/www.scuola.cl\/sivm\/wp-content\/uploads\/2025\/11\/USAR-ESTA-Plantillas-IG-Scuola-900-x-610-px-15.jpg\",\"datePublished\":\"2025-11-28T10:28:04+00:00\",\"dateModified\":\"2025-12-01T19:48:49+00:00\",\"breadcrumb\":{\"@id\":\"https:\/\/www.scuola.cl\/sivm\/premiacion-bibliomascota-2026\/#breadcrumb\"},\"inLanguage\":\"es\",\"potentialAction\":[{\"@type\":\"ReadAction\",\"target\":[\"https:\/\/www.scuola.cl\/sivm\/premiacion-bibliomascota-2026\/\"]}]},{\"@type\":\"ImageObject\",\"inLanguage\":\"es\",\"@id\":\"https:\/\/www.scuola.cl\/sivm\/premiacion-bibliomascota-2026\/#primaryimage\",\"url\":\"https:\/\/www.scuola.cl\/sivm\/wp-content\/uploads\/2025\/11\/USAR-ESTA-Plantillas-IG-Scuola-900-x-610-px-15.jpg\",\"contentUrl\":\"https:\/\/www.scuola.cl\/sivm\/wp-content\/uploads\/2025\/11\/USAR-ESTA-Plantillas-IG-Scuola-900-x-610-px-15.jpg\",\"width\":900,\"height\":610},{\"@type\":\"BreadcrumbList\",\"@id\":\"https:\/\/www.scuola.cl\/sivm\/premiacion-bibliomascota-2026\/#breadcrumb\",\"itemListElement\":[{\"@type\":\"ListItem\",\"position\":1,\"name\":\"Inicio\",\"item\":\"https:\/\/www.scuola.cl\/sivm\/\"},{\"@type\":\"ListItem\",\"position\":2,\"name\":\"Actividades\",\"item\":\"https:\/\/www.scuola.cl\/sivm\/category\/actividades\/\"},{\"@type\":\"ListItem\",\"position\":3,\"name\":\"Premiaci\u00f3n Bibliomascota 2026\"}]},{\"@type\":\"WebSite\",\"@id\":\"https:\/\/www.scuola.cl\/sivm\/#website\",\"url\":\"https:\/\/www.scuola.cl\/sivm\/\",\"name\":\"Scuola Italiana\",\"description\":\"Vittorio Montiglio\",\"publisher\":{\"@id\":\"https:\/\/www.scuola.cl\/sivm\/#organization\"},\"potentialAction\":[{\"@type\":\"SearchAction\",\"target\":{\"@type\":\"EntryPoint\",\"urlTemplate\":\"https:\/\/www.scuola.cl\/sivm\/?s={search_term_string}\"},\"query-input\":{\"@type\":\"PropertyValueSpecification\",\"valueRequired\":true,\"valueName\":\"search_term_string\"}}],\"inLanguage\":\"es\"},{\"@type\":\"Organization\",\"@id\":\"https:\/\/www.scuola.cl\/sivm\/#organization\",\"name\":\"Scuola Italiana Vittorio Montiglio\",\"url\":\"https:\/\/www.scuola.cl\/sivm\/\",\"logo\":{\"@type\":\"ImageObject\",\"inLanguage\":\"es\",\"@id\":\"https:\/\/www.scuola.cl\/sivm\/#\/schema\/logo\/image\/\",\"url\":\"https:\/\/www.scuola.cl\/sivm\/wp-content\/uploads\/2019\/06\/Logo_Scuola-01-001-1000x1000.png\",\"contentUrl\":\"https:\/\/www.scuola.cl\/sivm\/wp-content\/uploads\/2019\/06\/Logo_Scuola-01-001-1000x1000.png\",\"width\":1000,\"height\":1000,\"caption\":\"Scuola Italiana Vittorio Montiglio\"},\"image\":{\"@id\":\"https:\/\/www.scuola.cl\/sivm\/#\/schema\/logo\/image\/\"}},{\"@type\":\"Person\",\"@id\":\"https:\/\/www.scuola.cl\/sivm\/#\/schema\/person\/2ac68abc1b548ee6d8e16c4d3727d1b2\",\"name\":\"Comunicaciones\",\"image\":{\"@type\":\"ImageObject\",\"inLanguage\":\"es\",\"@id\":\"https:\/\/www.scuola.cl\/sivm\/#\/schema\/person\/image\/\",\"url\":\"https:\/\/secure.gravatar.com\/avatar\/0b29fd7cdce1ec9939eded19ce85d6ed73acf03fb52d098b0641aed356fe6aeb?s=96&d=mm&r=g\",\"contentUrl\":\"https:\/\/secure.gravatar.com\/avatar\/0b29fd7cdce1ec9939eded19ce85d6ed73acf03fb52d098b0641aed356fe6aeb?s=96&d=mm&r=g\",\"caption\":\"Comunicaciones\"},\"url\":\"https:\/\/www.scuola.cl\/sivm\/author\/comunicaciones-scuola\/\"}]}<\/script>\n<!-- \/ Yoast SEO plugin. -->","yoast_head_json":{"title":"Premiaci\u00f3n Bibliomascota 2026 - Scuola Italiana","robots":{"index":"index","follow":"follow","max-snippet":"max-snippet:-1","max-image-preview":"max-image-preview:large","max-video-preview":"max-video-preview:-1"},"canonical":"https:\/\/www.scuola.cl\/sivm\/premiacion-bibliomascota-2026\/","og_locale":"es_ES","og_type":"article","og_title":"Premiaci\u00f3n Bibliomascota 2026 - Scuola Italiana","og_description":"El 27 de noviembre celebramos la premiaci\u00f3n de la Bibliomascota 2026, un momento lleno de creatividad y emoci\u00f3n. Tommaso y Antonella dieron la bienvenida a Fenicottero, nuestra nueva mascota.","og_url":"https:\/\/www.scuola.cl\/sivm\/premiacion-bibliomascota-2026\/","og_site_name":"Scuola Italiana","article_published_time":"2025-11-28T10:28:04+00:00","article_modified_time":"2025-12-01T19:48:49+00:00","og_image":[{"width":900,"height":610,"url":"https:\/\/www.scuola.cl\/sivm\/wp-content\/uploads\/2025\/11\/USAR-ESTA-Plantillas-IG-Scuola-900-x-610-px-15.jpg","type":"image\/jpeg"}],"author":"Comunicaciones","twitter_card":"summary_large_image","twitter_misc":{"Escrito por":"Comunicaciones","Tiempo de lectura":"2 minutos"},"schema":{"@context":"https:\/\/schema.org","@graph":[{"@type":"Article","@id":"https:\/\/www.scuola.cl\/sivm\/premiacion-bibliomascota-2026\/#article","isPartOf":{"@id":"https:\/\/www.scuola.cl\/sivm\/premiacion-bibliomascota-2026\/"},"author":{"name":"Comunicaciones","@id":"https:\/\/www.scuola.cl\/sivm\/#\/schema\/person\/2ac68abc1b548ee6d8e16c4d3727d1b2"},"headline":"Premiaci\u00f3n Bibliomascota 2026","datePublished":"2025-11-28T10:28:04+00:00","dateModified":"2025-12-01T19:48:49+00:00","mainEntityOfPage":{"@id":"https:\/\/www.scuola.cl\/sivm\/premiacion-bibliomascota-2026\/"},"wordCount":165,"publisher":{"@id":"https:\/\/www.scuola.cl\/sivm\/#organization"},"image":{"@id":"https:\/\/www.scuola.cl\/sivm\/premiacion-bibliomascota-2026\/#primaryimage"},"thumbnailUrl":"https:\/\/www.scuola.cl\/sivm\/wp-content\/uploads\/2025\/11\/USAR-ESTA-Plantillas-IG-Scuola-900-x-610-px-15.jpg","articleSection":["Actividades","Biblioscuola","Noticias"],"inLanguage":"es"},{"@type":"WebPage","@id":"https:\/\/www.scuola.cl\/sivm\/premiacion-bibliomascota-2026\/","url":"https:\/\/www.scuola.cl\/sivm\/premiacion-bibliomascota-2026\/","name":"Premiaci\u00f3n Bibliomascota 2026 - Scuola Italiana","isPartOf":{"@id":"https:\/\/www.scuola.cl\/sivm\/#website"},"primaryImageOfPage":{"@id":"https:\/\/www.scuola.cl\/sivm\/premiacion-bibliomascota-2026\/#primaryimage"},"image":{"@id":"https:\/\/www.scuola.cl\/sivm\/premiacion-bibliomascota-2026\/#primaryimage"},"thumbnailUrl":"https:\/\/www.scuola.cl\/sivm\/wp-content\/uploads\/2025\/11\/USAR-ESTA-Plantillas-IG-Scuola-900-x-610-px-15.jpg","datePublished":"2025-11-28T10:28:04+00:00","dateModified":"2025-12-01T19:48:49+00:00","breadcrumb":{"@id":"https:\/\/www.scuola.cl\/sivm\/premiacion-bibliomascota-2026\/#breadcrumb"},"inLanguage":"es","potentialAction":[{"@type":"ReadAction","target":["https:\/\/www.scuola.cl\/sivm\/premiacion-bibliomascota-2026\/"]}]},{"@type":"ImageObject","inLanguage":"es","@id":"https:\/\/www.scuola.cl\/sivm\/premiacion-bibliomascota-2026\/#primaryimage","url":"https:\/\/www.scuola.cl\/sivm\/wp-content\/uploads\/2025\/11\/USAR-ESTA-Plantillas-IG-Scuola-900-x-610-px-15.jpg","contentUrl":"https:\/\/www.scuola.cl\/sivm\/wp-content\/uploads\/2025\/11\/USAR-ESTA-Plantillas-IG-Scuola-900-x-610-px-15.jpg","width":900,"height":610},{"@type":"BreadcrumbList","@id":"https:\/\/www.scuola.cl\/sivm\/premiacion-bibliomascota-2026\/#breadcrumb","itemListElement":[{"@type":"ListItem","position":1,"name":"Inicio","item":"https:\/\/www.scuola.cl\/sivm\/"},{"@type":"ListItem","position":2,"name":"Actividades","item":"https:\/\/www.scuola.cl\/sivm\/category\/actividades\/"},{"@type":"ListItem","position":3,"name":"Premiaci\u00f3n Bibliomascota 2026"}]},{"@type":"WebSite","@id":"https:\/\/www.scuola.cl\/sivm\/#website","url":"https:\/\/www.scuola.cl\/sivm\/","name":"Scuola Italiana","description":"Vittorio Montiglio","publisher":{"@id":"https:\/\/www.scuola.cl\/sivm\/#organization"},"potentialAction":[{"@type":"SearchAction","target":{"@type":"EntryPoint","urlTemplate":"https:\/\/www.scuola.cl\/sivm\/?s={search_term_string}"},"query-input":{"@type":"PropertyValueSpecification","valueRequired":true,"valueName":"search_term_string"}}],"inLanguage":"es"},{"@type":"Organization","@id":"https:\/\/www.scuola.cl\/sivm\/#organization","name":"Scuola Italiana Vittorio Montiglio","url":"https:\/\/www.scuola.cl\/sivm\/","logo":{"@type":"ImageObject","inLanguage":"es","@id":"https:\/\/www.scuola.cl\/sivm\/#\/schema\/logo\/image\/","url":"https:\/\/www.scuola.cl\/sivm\/wp-content\/uploads\/2019\/06\/Logo_Scuola-01-001-1000x1000.png","contentUrl":"https:\/\/www.scuola.cl\/sivm\/wp-content\/uploads\/2019\/06\/Logo_Scuola-01-001-1000x1000.png","width":1000,"height":1000,"caption":"Scuola Italiana Vittorio Montiglio"},"image":{"@id":"https:\/\/www.scuola.cl\/sivm\/#\/schema\/logo\/image\/"}},{"@type":"Person","@id":"https:\/\/www.scuola.cl\/sivm\/#\/schema\/person\/2ac68abc1b548ee6d8e16c4d3727d1b2","name":"Comunicaciones","image":{"@type":"ImageObject","inLanguage":"es","@id":"https:\/\/www.scuola.cl\/sivm\/#\/schema\/person\/image\/","url":"https:\/\/secure.gravatar.com\/avatar\/0b29fd7cdce1ec9939eded19ce85d6ed73acf03fb52d098b0641aed356fe6aeb?s=96&d=mm&r=g","contentUrl":"https:\/\/secure.gravatar.com\/avatar\/0b29fd7cdce1ec9939eded19ce85d6ed73acf03fb52d098b0641aed356fe6aeb?s=96&d=mm&r=g","caption":"Comunicaciones"},"url":"https:\/\/www.scuola.cl\/sivm\/author\/comunicaciones-scuola\/"}]}},"_links":{"self":[{"href":"https:\/\/www.scuola.cl\/sivm\/wp-json\/wp\/v2\/posts\/31932","targetHints":{"allow":["GET"]}}],"collection":[{"href":"https:\/\/www.scuola.cl\/sivm\/wp-json\/wp\/v2\/posts"}],"about":[{"href":"https:\/\/www.scuola.cl\/sivm\/wp-json\/wp\/v2\/types\/post"}],"author":[{"embeddable":true,"href":"https:\/\/www.scuola.cl\/sivm\/wp-json\/wp\/v2\/users\/2"}],"replies":[{"embeddable":true,"href":"https:\/\/www.scuola.cl\/sivm\/wp-json\/wp\/v2\/comments?post=31932"}],"version-history":[{"count":3,"href":"https:\/\/www.scuola.cl\/sivm\/wp-json\/wp\/v2\/posts\/31932\/revisions"}],"predecessor-version":[{"id":31956,"href":"https:\/\/www.scuola.cl\/sivm\/wp-json\/wp\/v2\/posts\/31932\/revisions\/31956"}],"wp:featuredmedia":[{"embeddable":true,"href":"https:\/\/www.scuola.cl\/sivm\/wp-json\/wp\/v2\/media\/31933"}],"wp:attachment":[{"href":"https:\/\/www.scuola.cl\/sivm\/wp-json\/wp\/v2\/media?parent=31932"}],"wp:term":[{"taxonomy":"category","embeddable":true,"href":"https:\/\/www.scuola.cl\/sivm\/wp-json\/wp\/v2\/categories?post=31932"},{"taxonomy":"post_tag","embeddable":true,"href":"https:\/\/www.scuola.cl\/sivm\/wp-json\/wp\/v2\/tags?post=31932"}],"curies":[{"name":"wp","href":"https:\/\/api.w.org\/{rel}","templated":true}]}}