{"id":31898,"date":"2025-11-26T12:45:00","date_gmt":"2025-11-26T15:45:00","guid":{"rendered":"https:\/\/www.scuola.cl\/sivm\/?p=31898"},"modified":"2025-12-01T16:47:29","modified_gmt":"2025-12-01T19:47:29","slug":"giochi-della-gioventu-2025","status":"publish","type":"post","link":"https:\/\/www.scuola.cl\/sivm\/giochi-della-gioventu-2025\/","title":{"rendered":"Giochi della Giovent\u00f9 2025"},"content":{"rendered":"\n<p><em>(Por profesor Daniel Mu\u00f1oz, Coordinador de Deportes)<\/em><\/p>\n<p>Los d\u00edas 22 y 23 de noviembre, nuestra squadra conformado por 140 \u00a0alumnos participaron en los Giochi della Giovent\u00f9, organizado por la Scuola Italiana Artuto dell\u2019 Oro de Valpara\u00edso, una instancia que volvi\u00f3 a reunir la tradici\u00f3n italiana y la energ\u00eda del deporte escolar.<\/p>\n<p>Durante estos 2 d\u00edas de competencias que se desarrollaron mayormente en la Escuela Naval, fuimos recibidos en un ambiente acogedor. La organizaci\u00f3n reflej\u00f3 el compromiso y la dedicaci\u00f3n del equipo anfitri\u00f3n, que trabaj\u00f3 con cari\u00f1o y profesionalismo para ofrecer jornadas inolvidables. La pantalla gigante, el uso de drones y otros elementos de producci\u00f3n aportaron un car\u00e1cter \u00fanico al evento, reforzando el esp\u00edritu de italianidad que distingue a estos Juegos. Nuestros alumnos se integraron con entusiasmo, disfrutando cada instancia deportiva con alegr\u00eda y motivaci\u00f3n.<\/p>\n<p>En el \u00e1mbito deportivo, los Giochi se vivieron con intensidad, respeto y camarader\u00eda. Nuestros alumnos enfrentaron cada desaf\u00edo con esp\u00edritu competitivo, determinaci\u00f3n y una actitud ejemplar. M\u00e1s all\u00e1 de los resultados, esta experiencia les permiti\u00f3 reforzar valores esenciales como la solidaridad, la disciplina y el trabajo en equipo, reafirmando la importancia del deporte como un pilar fundamental en su formaci\u00f3n integral.<\/p>\n<p>Con cada edici\u00f3n, los Giochi della Giovent\u00f9 2025 se consolidan como un espacio de encuentro, identidad y crecimiento. Sin duda, una vivencia que fortalece nuestro sentido de comunidad y proyecta los valores que deseamos cultivar a trav\u00e9s del deporte y la vida sana.<\/p>\n<p>Ci vediamo ai prossimi Giochi della Giovent\u00f9 2026!<\/p>\n<p><a href=\"https:\/\/docs.google.com\/spreadsheets\/d\/1e8JdF118olL8YjaeQFSRDIdLpNgEReum\/edit?usp=sharing&amp;ouid=114203037424464453891&amp;rtpof=true&amp;sd=true\" target=\"_blank\" rel=\"noopener\">Ver resultados<\/a><\/p>\n<p><a href=\"https:\/\/drive.google.com\/drive\/folders\/1_5OXcVjoOHxFXRDhH5hol1syckXySs_a?usp=sharing\" target=\"_blank\" rel=\"noopener\">Ver fotos<\/a><\/p>\n<hr \/>\n<p>\u00a0<\/p>\n<p>Il 22 e 23 novembre, la nostra squadra formata da 140 alunni ha partecipato ai Giochi della Giovent\u00f9 organizzati dalla Scuola Italiana Arturo dell&#8217;Oro di Valpara\u00edso, un evento che ha riunito la tradizione italiana e l&#8217;energia dello sport scolastico.<\/p>\n<p>Durante questi 2 giorni di competizioni che si sono svolte principalmente presso la Scuola Navale, siamo stati accolti in un&#8217;atmosfera accogliente. L&#8217;organizzazione riflette l&#8217;impegno e la dedizione del team ospitante, che ha lavorato con amore e professionalit\u00e0 per offrire giornate indimenticabili. Lo schermo gigante, l&#8217;uso di droni e altri elementi di produzione hanno dato un carattere unico all&#8217;evento, rafforzando lo spirito di italianit\u00e0 che contraddistingue questi Giochi. I nostri allievi si sono integrati con entusiasmo, godendo di ogni istanza sportiva con gioia e motivazione.<\/p>\n<p>In ambito sportivo, i Giochi sono stati vissuti con intensit\u00e0, rispetto e cameratismo. I nostri studenti hanno affrontato ogni sfida con spirito competitivo, determinazione e un atteggiamento esemplare. Al di l\u00e0 dei risultati, questa esperienza ha permesso loro di rafforzare valori essenziali come la solidariet\u00e0, la disciplina e il lavoro di squadra, riaffermando l&#8217;importanza dello sport come pilastro fondamentale nella loro formazione integrale.<\/p>\n<p>Con ogni edizione, i Giochi della Giovent\u00f9 2025 si consolidano come spazio di incontro, identit\u00e0 e crescita. Senza dubbio, un&#8217;esperienza che rafforza il nostro senso di comunit\u00e0 e proietta i valori che desideriamo coltivare attraverso lo sport e la vita sana.<\/p>\n<p>Ci vediamo ai prossimi Giochi della Giovent\u00f9 2026!<\/p>\n<p><img loading=\"lazy\" decoding=\"async\" width=\"700\" height=\"474\" class=\"alignnone size-large wp-image-31899\" src=\"https:\/\/www.scuola.cl\/sivm\/wp-content\/uploads\/2025\/11\/USAR-ESTA-Plantillas-IG-Scuola-900-x-610-px-13-700x474.jpg\" alt=\"\" srcset=\"https:\/\/www.scuola.cl\/sivm\/wp-content\/uploads\/2025\/11\/USAR-ESTA-Plantillas-IG-Scuola-900-x-610-px-13-700x474.jpg 700w, https:\/\/www.scuola.cl\/sivm\/wp-content\/uploads\/2025\/11\/USAR-ESTA-Plantillas-IG-Scuola-900-x-610-px-13-250x169.jpg 250w, https:\/\/www.scuola.cl\/sivm\/wp-content\/uploads\/2025\/11\/USAR-ESTA-Plantillas-IG-Scuola-900-x-610-px-13-768x521.jpg 768w, https:\/\/www.scuola.cl\/sivm\/wp-content\/uploads\/2025\/11\/USAR-ESTA-Plantillas-IG-Scuola-900-x-610-px-13-120x81.jpg 120w, https:\/\/www.scuola.cl\/sivm\/wp-content\/uploads\/2025\/11\/USAR-ESTA-Plantillas-IG-Scuola-900-x-610-px-13.jpg 900w\" sizes=\"auto, (max-width: 700px) 100vw, 700px\" \/><\/p>\n<p>\u00a0<\/p>\n","protected":false},"excerpt":{"rendered":"Los d\u00edas 22 y 23 de noviembre, nuestra squadra conformada por 140 alumnos particip\u00f3 en los Giochi della Giovent\u00f9, organizados por la Scuola Italiana de Valpara\u00edso, una instancia que reuni\u00f3 la tradici\u00f3n italiana y el deporte.","protected":false},"author":2,"featured_media":31899,"comment_status":"closed","ping_status":"closed","sticky":false,"template":"","format":"standard","meta":{"_acf_changed":false,"footnotes":""},"categories":[6,39,12,5],"tags":[],"class_list":["post-31898","post","type-post","status-publish","format-standard","has-post-thumbnail","hentry","category-actividades","category-deportes-2","category-deportes","category-noticias"],"acf":[],"yoast_head":"<!-- This site is optimized with the Yoast SEO plugin v27.1.1 - https:\/\/yoast.com\/product\/yoast-seo-wordpress\/ -->\n<title>Giochi della Giovent\u00f9 2025 - Scuola Italiana<\/title>\n<meta name=\"robots\" content=\"index, follow, max-snippet:-1, max-image-preview:large, max-video-preview:-1\" \/>\n<link rel=\"canonical\" href=\"https:\/\/www.scuola.cl\/sivm\/giochi-della-gioventu-2025\/\" \/>\n<meta property=\"og:locale\" content=\"es_ES\" \/>\n<meta property=\"og:type\" content=\"article\" \/>\n<meta property=\"og:title\" content=\"Giochi della Giovent\u00f9 2025 - Scuola Italiana\" \/>\n<meta property=\"og:description\" content=\"Los d\u00edas 22 y 23 de noviembre, nuestra squadra conformada por 140 alumnos particip\u00f3 en los Giochi della Giovent\u00f9, organizados por la Scuola Italiana de Valpara\u00edso, una instancia que reuni\u00f3 la tradici\u00f3n italiana y el deporte.\" \/>\n<meta property=\"og:url\" content=\"https:\/\/www.scuola.cl\/sivm\/giochi-della-gioventu-2025\/\" \/>\n<meta property=\"og:site_name\" content=\"Scuola Italiana\" \/>\n<meta property=\"article:published_time\" content=\"2025-11-26T15:45:00+00:00\" \/>\n<meta property=\"article:modified_time\" content=\"2025-12-01T19:47:29+00:00\" \/>\n<meta property=\"og:image\" content=\"https:\/\/www.scuola.cl\/sivm\/wp-content\/uploads\/2025\/11\/USAR-ESTA-Plantillas-IG-Scuola-900-x-610-px-13.jpg\" \/>\n\t<meta property=\"og:image:width\" content=\"900\" \/>\n\t<meta property=\"og:image:height\" content=\"610\" \/>\n\t<meta property=\"og:image:type\" content=\"image\/jpeg\" \/>\n<meta name=\"author\" content=\"Comunicaciones\" \/>\n<meta name=\"twitter:card\" content=\"summary_large_image\" \/>\n<meta name=\"twitter:label1\" content=\"Escrito por\" \/>\n\t<meta name=\"twitter:data1\" content=\"Comunicaciones\" \/>\n\t<meta name=\"twitter:label2\" content=\"Tiempo de lectura\" \/>\n\t<meta name=\"twitter:data2\" content=\"3 minutos\" \/>\n<script type=\"application\/ld+json\" class=\"yoast-schema-graph\">{\"@context\":\"https:\/\/schema.org\",\"@graph\":[{\"@type\":\"Article\",\"@id\":\"https:\/\/www.scuola.cl\/sivm\/giochi-della-gioventu-2025\/#article\",\"isPartOf\":{\"@id\":\"https:\/\/www.scuola.cl\/sivm\/giochi-della-gioventu-2025\/\"},\"author\":{\"name\":\"Comunicaciones\",\"@id\":\"https:\/\/www.scuola.cl\/sivm\/#\/schema\/person\/2ac68abc1b548ee6d8e16c4d3727d1b2\"},\"headline\":\"Giochi della Giovent\u00f9 2025\",\"datePublished\":\"2025-11-26T15:45:00+00:00\",\"dateModified\":\"2025-12-01T19:47:29+00:00\",\"mainEntityOfPage\":{\"@id\":\"https:\/\/www.scuola.cl\/sivm\/giochi-della-gioventu-2025\/\"},\"wordCount\":500,\"publisher\":{\"@id\":\"https:\/\/www.scuola.cl\/sivm\/#organization\"},\"image\":{\"@id\":\"https:\/\/www.scuola.cl\/sivm\/giochi-della-gioventu-2025\/#primaryimage\"},\"thumbnailUrl\":\"https:\/\/www.scuola.cl\/sivm\/wp-content\/uploads\/2025\/11\/USAR-ESTA-Plantillas-IG-Scuola-900-x-610-px-13.jpg\",\"articleSection\":[\"Actividades\",\"Deportes\",\"Deportes\",\"Noticias\"],\"inLanguage\":\"es\"},{\"@type\":\"WebPage\",\"@id\":\"https:\/\/www.scuola.cl\/sivm\/giochi-della-gioventu-2025\/\",\"url\":\"https:\/\/www.scuola.cl\/sivm\/giochi-della-gioventu-2025\/\",\"name\":\"Giochi della Giovent\u00f9 2025 - Scuola Italiana\",\"isPartOf\":{\"@id\":\"https:\/\/www.scuola.cl\/sivm\/#website\"},\"primaryImageOfPage\":{\"@id\":\"https:\/\/www.scuola.cl\/sivm\/giochi-della-gioventu-2025\/#primaryimage\"},\"image\":{\"@id\":\"https:\/\/www.scuola.cl\/sivm\/giochi-della-gioventu-2025\/#primaryimage\"},\"thumbnailUrl\":\"https:\/\/www.scuola.cl\/sivm\/wp-content\/uploads\/2025\/11\/USAR-ESTA-Plantillas-IG-Scuola-900-x-610-px-13.jpg\",\"datePublished\":\"2025-11-26T15:45:00+00:00\",\"dateModified\":\"2025-12-01T19:47:29+00:00\",\"breadcrumb\":{\"@id\":\"https:\/\/www.scuola.cl\/sivm\/giochi-della-gioventu-2025\/#breadcrumb\"},\"inLanguage\":\"es\",\"potentialAction\":[{\"@type\":\"ReadAction\",\"target\":[\"https:\/\/www.scuola.cl\/sivm\/giochi-della-gioventu-2025\/\"]}]},{\"@type\":\"ImageObject\",\"inLanguage\":\"es\",\"@id\":\"https:\/\/www.scuola.cl\/sivm\/giochi-della-gioventu-2025\/#primaryimage\",\"url\":\"https:\/\/www.scuola.cl\/sivm\/wp-content\/uploads\/2025\/11\/USAR-ESTA-Plantillas-IG-Scuola-900-x-610-px-13.jpg\",\"contentUrl\":\"https:\/\/www.scuola.cl\/sivm\/wp-content\/uploads\/2025\/11\/USAR-ESTA-Plantillas-IG-Scuola-900-x-610-px-13.jpg\",\"width\":900,\"height\":610},{\"@type\":\"BreadcrumbList\",\"@id\":\"https:\/\/www.scuola.cl\/sivm\/giochi-della-gioventu-2025\/#breadcrumb\",\"itemListElement\":[{\"@type\":\"ListItem\",\"position\":1,\"name\":\"Inicio\",\"item\":\"https:\/\/www.scuola.cl\/sivm\/\"},{\"@type\":\"ListItem\",\"position\":2,\"name\":\"Actividades\",\"item\":\"https:\/\/www.scuola.cl\/sivm\/category\/actividades\/\"},{\"@type\":\"ListItem\",\"position\":3,\"name\":\"Giochi della Giovent\u00f9 2025\"}]},{\"@type\":\"WebSite\",\"@id\":\"https:\/\/www.scuola.cl\/sivm\/#website\",\"url\":\"https:\/\/www.scuola.cl\/sivm\/\",\"name\":\"Scuola Italiana\",\"description\":\"Vittorio Montiglio\",\"publisher\":{\"@id\":\"https:\/\/www.scuola.cl\/sivm\/#organization\"},\"potentialAction\":[{\"@type\":\"SearchAction\",\"target\":{\"@type\":\"EntryPoint\",\"urlTemplate\":\"https:\/\/www.scuola.cl\/sivm\/?s={search_term_string}\"},\"query-input\":{\"@type\":\"PropertyValueSpecification\",\"valueRequired\":true,\"valueName\":\"search_term_string\"}}],\"inLanguage\":\"es\"},{\"@type\":\"Organization\",\"@id\":\"https:\/\/www.scuola.cl\/sivm\/#organization\",\"name\":\"Scuola Italiana Vittorio Montiglio\",\"url\":\"https:\/\/www.scuola.cl\/sivm\/\",\"logo\":{\"@type\":\"ImageObject\",\"inLanguage\":\"es\",\"@id\":\"https:\/\/www.scuola.cl\/sivm\/#\/schema\/logo\/image\/\",\"url\":\"https:\/\/www.scuola.cl\/sivm\/wp-content\/uploads\/2019\/06\/Logo_Scuola-01-001-1000x1000.png\",\"contentUrl\":\"https:\/\/www.scuola.cl\/sivm\/wp-content\/uploads\/2019\/06\/Logo_Scuola-01-001-1000x1000.png\",\"width\":1000,\"height\":1000,\"caption\":\"Scuola Italiana Vittorio Montiglio\"},\"image\":{\"@id\":\"https:\/\/www.scuola.cl\/sivm\/#\/schema\/logo\/image\/\"}},{\"@type\":\"Person\",\"@id\":\"https:\/\/www.scuola.cl\/sivm\/#\/schema\/person\/2ac68abc1b548ee6d8e16c4d3727d1b2\",\"name\":\"Comunicaciones\",\"image\":{\"@type\":\"ImageObject\",\"inLanguage\":\"es\",\"@id\":\"https:\/\/www.scuola.cl\/sivm\/#\/schema\/person\/image\/\",\"url\":\"https:\/\/secure.gravatar.com\/avatar\/0b29fd7cdce1ec9939eded19ce85d6ed73acf03fb52d098b0641aed356fe6aeb?s=96&d=mm&r=g\",\"contentUrl\":\"https:\/\/secure.gravatar.com\/avatar\/0b29fd7cdce1ec9939eded19ce85d6ed73acf03fb52d098b0641aed356fe6aeb?s=96&d=mm&r=g\",\"caption\":\"Comunicaciones\"},\"url\":\"https:\/\/www.scuola.cl\/sivm\/author\/comunicaciones-scuola\/\"}]}<\/script>\n<!-- \/ Yoast SEO plugin. -->","yoast_head_json":{"title":"Giochi della Giovent\u00f9 2025 - Scuola Italiana","robots":{"index":"index","follow":"follow","max-snippet":"max-snippet:-1","max-image-preview":"max-image-preview:large","max-video-preview":"max-video-preview:-1"},"canonical":"https:\/\/www.scuola.cl\/sivm\/giochi-della-gioventu-2025\/","og_locale":"es_ES","og_type":"article","og_title":"Giochi della Giovent\u00f9 2025 - Scuola Italiana","og_description":"Los d\u00edas 22 y 23 de noviembre, nuestra squadra conformada por 140 alumnos particip\u00f3 en los Giochi della Giovent\u00f9, organizados por la Scuola Italiana de Valpara\u00edso, una instancia que reuni\u00f3 la tradici\u00f3n italiana y el deporte.","og_url":"https:\/\/www.scuola.cl\/sivm\/giochi-della-gioventu-2025\/","og_site_name":"Scuola Italiana","article_published_time":"2025-11-26T15:45:00+00:00","article_modified_time":"2025-12-01T19:47:29+00:00","og_image":[{"width":900,"height":610,"url":"https:\/\/www.scuola.cl\/sivm\/wp-content\/uploads\/2025\/11\/USAR-ESTA-Plantillas-IG-Scuola-900-x-610-px-13.jpg","type":"image\/jpeg"}],"author":"Comunicaciones","twitter_card":"summary_large_image","twitter_misc":{"Escrito por":"Comunicaciones","Tiempo de lectura":"3 minutos"},"schema":{"@context":"https:\/\/schema.org","@graph":[{"@type":"Article","@id":"https:\/\/www.scuola.cl\/sivm\/giochi-della-gioventu-2025\/#article","isPartOf":{"@id":"https:\/\/www.scuola.cl\/sivm\/giochi-della-gioventu-2025\/"},"author":{"name":"Comunicaciones","@id":"https:\/\/www.scuola.cl\/sivm\/#\/schema\/person\/2ac68abc1b548ee6d8e16c4d3727d1b2"},"headline":"Giochi della Giovent\u00f9 2025","datePublished":"2025-11-26T15:45:00+00:00","dateModified":"2025-12-01T19:47:29+00:00","mainEntityOfPage":{"@id":"https:\/\/www.scuola.cl\/sivm\/giochi-della-gioventu-2025\/"},"wordCount":500,"publisher":{"@id":"https:\/\/www.scuola.cl\/sivm\/#organization"},"image":{"@id":"https:\/\/www.scuola.cl\/sivm\/giochi-della-gioventu-2025\/#primaryimage"},"thumbnailUrl":"https:\/\/www.scuola.cl\/sivm\/wp-content\/uploads\/2025\/11\/USAR-ESTA-Plantillas-IG-Scuola-900-x-610-px-13.jpg","articleSection":["Actividades","Deportes","Deportes","Noticias"],"inLanguage":"es"},{"@type":"WebPage","@id":"https:\/\/www.scuola.cl\/sivm\/giochi-della-gioventu-2025\/","url":"https:\/\/www.scuola.cl\/sivm\/giochi-della-gioventu-2025\/","name":"Giochi della Giovent\u00f9 2025 - Scuola Italiana","isPartOf":{"@id":"https:\/\/www.scuola.cl\/sivm\/#website"},"primaryImageOfPage":{"@id":"https:\/\/www.scuola.cl\/sivm\/giochi-della-gioventu-2025\/#primaryimage"},"image":{"@id":"https:\/\/www.scuola.cl\/sivm\/giochi-della-gioventu-2025\/#primaryimage"},"thumbnailUrl":"https:\/\/www.scuola.cl\/sivm\/wp-content\/uploads\/2025\/11\/USAR-ESTA-Plantillas-IG-Scuola-900-x-610-px-13.jpg","datePublished":"2025-11-26T15:45:00+00:00","dateModified":"2025-12-01T19:47:29+00:00","breadcrumb":{"@id":"https:\/\/www.scuola.cl\/sivm\/giochi-della-gioventu-2025\/#breadcrumb"},"inLanguage":"es","potentialAction":[{"@type":"ReadAction","target":["https:\/\/www.scuola.cl\/sivm\/giochi-della-gioventu-2025\/"]}]},{"@type":"ImageObject","inLanguage":"es","@id":"https:\/\/www.scuola.cl\/sivm\/giochi-della-gioventu-2025\/#primaryimage","url":"https:\/\/www.scuola.cl\/sivm\/wp-content\/uploads\/2025\/11\/USAR-ESTA-Plantillas-IG-Scuola-900-x-610-px-13.jpg","contentUrl":"https:\/\/www.scuola.cl\/sivm\/wp-content\/uploads\/2025\/11\/USAR-ESTA-Plantillas-IG-Scuola-900-x-610-px-13.jpg","width":900,"height":610},{"@type":"BreadcrumbList","@id":"https:\/\/www.scuola.cl\/sivm\/giochi-della-gioventu-2025\/#breadcrumb","itemListElement":[{"@type":"ListItem","position":1,"name":"Inicio","item":"https:\/\/www.scuola.cl\/sivm\/"},{"@type":"ListItem","position":2,"name":"Actividades","item":"https:\/\/www.scuola.cl\/sivm\/category\/actividades\/"},{"@type":"ListItem","position":3,"name":"Giochi della Giovent\u00f9 2025"}]},{"@type":"WebSite","@id":"https:\/\/www.scuola.cl\/sivm\/#website","url":"https:\/\/www.scuola.cl\/sivm\/","name":"Scuola Italiana","description":"Vittorio Montiglio","publisher":{"@id":"https:\/\/www.scuola.cl\/sivm\/#organization"},"potentialAction":[{"@type":"SearchAction","target":{"@type":"EntryPoint","urlTemplate":"https:\/\/www.scuola.cl\/sivm\/?s={search_term_string}"},"query-input":{"@type":"PropertyValueSpecification","valueRequired":true,"valueName":"search_term_string"}}],"inLanguage":"es"},{"@type":"Organization","@id":"https:\/\/www.scuola.cl\/sivm\/#organization","name":"Scuola Italiana Vittorio Montiglio","url":"https:\/\/www.scuola.cl\/sivm\/","logo":{"@type":"ImageObject","inLanguage":"es","@id":"https:\/\/www.scuola.cl\/sivm\/#\/schema\/logo\/image\/","url":"https:\/\/www.scuola.cl\/sivm\/wp-content\/uploads\/2019\/06\/Logo_Scuola-01-001-1000x1000.png","contentUrl":"https:\/\/www.scuola.cl\/sivm\/wp-content\/uploads\/2019\/06\/Logo_Scuola-01-001-1000x1000.png","width":1000,"height":1000,"caption":"Scuola Italiana Vittorio Montiglio"},"image":{"@id":"https:\/\/www.scuola.cl\/sivm\/#\/schema\/logo\/image\/"}},{"@type":"Person","@id":"https:\/\/www.scuola.cl\/sivm\/#\/schema\/person\/2ac68abc1b548ee6d8e16c4d3727d1b2","name":"Comunicaciones","image":{"@type":"ImageObject","inLanguage":"es","@id":"https:\/\/www.scuola.cl\/sivm\/#\/schema\/person\/image\/","url":"https:\/\/secure.gravatar.com\/avatar\/0b29fd7cdce1ec9939eded19ce85d6ed73acf03fb52d098b0641aed356fe6aeb?s=96&d=mm&r=g","contentUrl":"https:\/\/secure.gravatar.com\/avatar\/0b29fd7cdce1ec9939eded19ce85d6ed73acf03fb52d098b0641aed356fe6aeb?s=96&d=mm&r=g","caption":"Comunicaciones"},"url":"https:\/\/www.scuola.cl\/sivm\/author\/comunicaciones-scuola\/"}]}},"_links":{"self":[{"href":"https:\/\/www.scuola.cl\/sivm\/wp-json\/wp\/v2\/posts\/31898","targetHints":{"allow":["GET"]}}],"collection":[{"href":"https:\/\/www.scuola.cl\/sivm\/wp-json\/wp\/v2\/posts"}],"about":[{"href":"https:\/\/www.scuola.cl\/sivm\/wp-json\/wp\/v2\/types\/post"}],"author":[{"embeddable":true,"href":"https:\/\/www.scuola.cl\/sivm\/wp-json\/wp\/v2\/users\/2"}],"replies":[{"embeddable":true,"href":"https:\/\/www.scuola.cl\/sivm\/wp-json\/wp\/v2\/comments?post=31898"}],"version-history":[{"count":7,"href":"https:\/\/www.scuola.cl\/sivm\/wp-json\/wp\/v2\/posts\/31898\/revisions"}],"predecessor-version":[{"id":31954,"href":"https:\/\/www.scuola.cl\/sivm\/wp-json\/wp\/v2\/posts\/31898\/revisions\/31954"}],"wp:featuredmedia":[{"embeddable":true,"href":"https:\/\/www.scuola.cl\/sivm\/wp-json\/wp\/v2\/media\/31899"}],"wp:attachment":[{"href":"https:\/\/www.scuola.cl\/sivm\/wp-json\/wp\/v2\/media?parent=31898"}],"wp:term":[{"taxonomy":"category","embeddable":true,"href":"https:\/\/www.scuola.cl\/sivm\/wp-json\/wp\/v2\/categories?post=31898"},{"taxonomy":"post_tag","embeddable":true,"href":"https:\/\/www.scuola.cl\/sivm\/wp-json\/wp\/v2\/tags?post=31898"}],"curies":[{"name":"wp","href":"https:\/\/api.w.org\/{rel}","templated":true}]}}