{"id":31271,"date":"2025-10-15T11:36:41","date_gmt":"2025-10-15T14:36:41","guid":{"rendered":"https:\/\/www.scuola.cl\/sivm\/?p=31271"},"modified":"2025-10-16T01:06:25","modified_gmt":"2025-10-16T04:06:25","slug":"uniamoci-cantando-20","status":"publish","type":"post","link":"https:\/\/www.scuola.cl\/sivm\/uniamoci-cantando-20\/","title":{"rendered":"Uniamoci Cantando 2025"},"content":{"rendered":"\n<p data-start=\"161\" data-end=\"205\"><em>(Por Jorge Vitali, periodista y ex alumno).<\/em><\/p>\n<p data-start=\"207\" data-end=\"689\">Remontarse a la \u00e9poca del Imperio Romano sin duda que no es f\u00e1cil. Resumir 500 a\u00f1os de historia en cosa de minutos requiere conocimiento y dedicaci\u00f3n. Para esta oportunidad, nuestros III Medios tuvieron la dif\u00edcil tarea de transportarnos a esa \u00e9poca en sus presentaciones de obertura y escenograf\u00eda del evento. El mensaje fue claro: en medio del conflicto, siempre existir\u00e1 el espacio para celebrar y apreciar el trabajo en equipo, donde todos juntos pelean por un mismo objetivo.<\/p>\n<p data-start=\"691\" data-end=\"1072\">Un momento especialmente emotivo del Uniamoci fue el reconocimiento a una de las organizadoras m\u00e1s emblem\u00e1ticas de este evento tradicional de nuestra instituci\u00f3n: Anita Odone. El homenaje y reconocimiento fue entregado por la se\u00f1ora Claudia De Camino del Consiglio Direttivo, generando un instante lleno de cari\u00f1o y gratitud hacia su dedicaci\u00f3n y compromiso.<\/p>\n<p data-start=\"1074\" data-end=\"1371\">Felicitamos a todos los bailarines, animadores, m\u00fasicos y, sobre todo, a los valientes que mostraron sus dotes musicales en el escenario. Tambi\u00e9n agradecemos a los profesores de M\u00fasica, Arte y Educaci\u00f3n F\u00edsica que siempre est\u00e1n ah\u00ed para dar su tiempo e instrumentos para el \u00e9xito del Uniamoci.<\/p>\n<p data-start=\"1373\" data-end=\"1396\"><strong data-start=\"1373\" data-end=\"1394\">Ganadores Grupo A<\/strong><\/p>\n<ul data-start=\"1397\" data-end=\"1533\">\n<li data-start=\"1397\" data-end=\"1449\">\n<p data-start=\"1399\" data-end=\"1449\">Primer Lugar: Bruna La Rosa y Giulia Baccigalupo.<\/p>\n<\/li>\n<li data-start=\"1450\" data-end=\"1502\">\n<p data-start=\"1452\" data-end=\"1502\">Segundo Lugar: Isabelle Depetris (Bande Copiap\u00f3).<\/p>\n<\/li>\n<li data-start=\"1503\" data-end=\"1533\">\n<p data-start=\"1505\" data-end=\"1533\">Tercer Lugar: Tom\u00e1s Arzubi.<\/p>\n<\/li>\n<\/ul>\n<p data-start=\"1535\" data-end=\"1558\"><strong data-start=\"1535\" data-end=\"1556\">Ganadores Grupo B<\/strong><\/p>\n<ul data-start=\"1559\" data-end=\"1684\">\n<li data-start=\"1559\" data-end=\"1595\">\n<p data-start=\"1561\" data-end=\"1595\">Primer Lugar: Alessandra Mussuto.<\/p>\n<\/li>\n<li data-start=\"1596\" data-end=\"1649\">\n<p data-start=\"1598\" data-end=\"1649\">Segundo Lugar: Emma Montanori y Raffaela Calcagni.<\/p>\n<\/li>\n<li data-start=\"1650\" data-end=\"1684\">\n<p data-start=\"1652\" data-end=\"1684\">Tercer Lugar: Martina Bagnasco.<\/p>\n<\/li>\n<\/ul>\n<p data-start=\"1686\" data-end=\"1726\"><strong data-start=\"1686\" data-end=\"1706\">Premio Assoluto:<\/strong> Victoria Monardes.<\/p>\n<p data-start=\"1686\" data-end=\"1726\"><a href=\"https:\/\/drive.google.com\/drive\/folders\/1ikhboCx9H7ZxcKuWmHVtgN60_QuXw9Hs?usp=drive_link\" target=\"_blank\" rel=\"noopener\">Ver fotos<\/a><\/p>\n<hr \/>\n<p>\u00a0<\/p>\n<p>Risalire all&#8217;epoca dell&#8217;Impero Romano non \u00e8 certo facile. Riassumere 500 anni di storia in pochi minuti richiede conoscenza e dedizione. Per questa occasione, i nostri III Media hanno avuto il difficile compito di trasportarci a quell&#8217;epoca nelle loro presentazioni di apertura e scenografia dell&#8217;evento. Il messaggio era chiaro: in mezzo al conflitto, ci sar\u00e0 sempre spazio per celebrare e apprezzare il lavoro di squadra, dove tutti insieme combattono per lo stesso obiettivo.<\/p>\n<p>Un momento particolarmente emozionante di Uniamoci \u00e8 stato il riconoscimento ad una delle organizzatrici pi\u00f9 emblematiche di questo evento tradizionale della nostra istituzione: Anita Odone. L&#8217;omaggio e il riconoscimento sono stati consegnati dalla signora Claudia De Camino del Consiglio Direttivo, generando un istante pieno di affetto e gratitudine per la sua dedizione e impegno.<\/p>\n<p>Congratulazioni a tutti i ballerini, animatori, musicisti e soprattutto ai coraggiosi che hanno mostrato le loro doti musicali sul palco. Ringraziamo anche i professori di Musica, Arte e Educazione Fisica che sono sempre l\u00ec per dare il loro tempo e gli strumenti per il successo di Uniamoci.<\/p>\n<p><strong>Vincitori del Gruppo A<\/strong><\/p>\n<ul>\n<li>Primo posto: Bruna La Rosa e Giulia Baccigalupo.<\/li>\n<li>Secondo posto: Isabelle Depetris (Bande Copiap\u00f3).<\/li>\n<li>Terzo posto: Tom\u00e1s Arzubi.<\/li>\n<\/ul>\n<p><strong>Vincitori Gruppo B<\/strong><\/p>\n<ul>\n<li>Primo posto: Alessandra Mussuto.<\/li>\n<li>Secondo posto: Emma Montanori e Raffaela Calcagni.<\/li>\n<li>Terzo posto: Martina Bagnasco.<\/li>\n<\/ul>\n<p>Premio Assoluto: Victoria Monardes.<\/p>\n<p data-start=\"1686\" data-end=\"1726\"><img loading=\"lazy\" decoding=\"async\" width=\"700\" height=\"474\" class=\"alignnone size-large wp-image-31272\" src=\"https:\/\/www.scuola.cl\/sivm\/wp-content\/uploads\/2025\/10\/Uniamoci-web-700x474.jpg\" alt=\"\" srcset=\"https:\/\/www.scuola.cl\/sivm\/wp-content\/uploads\/2025\/10\/Uniamoci-web-700x474.jpg 700w, https:\/\/www.scuola.cl\/sivm\/wp-content\/uploads\/2025\/10\/Uniamoci-web-250x169.jpg 250w, https:\/\/www.scuola.cl\/sivm\/wp-content\/uploads\/2025\/10\/Uniamoci-web-768x521.jpg 768w, https:\/\/www.scuola.cl\/sivm\/wp-content\/uploads\/2025\/10\/Uniamoci-web-120x81.jpg 120w, https:\/\/www.scuola.cl\/sivm\/wp-content\/uploads\/2025\/10\/Uniamoci-web.jpg 900w\" sizes=\"auto, (max-width: 700px) 100vw, 700px\" \/><\/p>\n","protected":false},"excerpt":{"rendered":"El 14 de octubre se realiz\u00f3 la 39\u00b0 edici\u00f3n del Uniamoci Cantando, organizado por el Depto. de Educaci\u00f3n Art\u00edstica y los III Medios, quienes nos transportaron al Imperio Romano y celebraron el talento sobre el escenario.","protected":false},"author":2,"featured_media":31272,"comment_status":"closed","ping_status":"closed","sticky":false,"template":"","format":"standard","meta":{"_acf_changed":false,"footnotes":""},"categories":[6,22,40,5,24],"tags":[],"class_list":["post-31271","post","type-post","status-publish","format-standard","has-post-thumbnail","hentry","category-actividades","category-cultura","category-historicos","category-noticias","category-scuola"],"acf":[],"yoast_head":"<!-- This site is optimized with the Yoast SEO plugin v27.1.1 - https:\/\/yoast.com\/product\/yoast-seo-wordpress\/ -->\n<title>Uniamoci Cantando 2025 - Scuola Italiana<\/title>\n<meta name=\"robots\" content=\"index, follow, max-snippet:-1, max-image-preview:large, max-video-preview:-1\" \/>\n<link rel=\"canonical\" href=\"https:\/\/www.scuola.cl\/sivm\/uniamoci-cantando-20\/\" \/>\n<meta property=\"og:locale\" content=\"es_ES\" \/>\n<meta property=\"og:type\" content=\"article\" \/>\n<meta property=\"og:title\" content=\"Uniamoci Cantando 2025 - Scuola Italiana\" \/>\n<meta property=\"og:description\" content=\"El 14 de octubre se realiz\u00f3 la 39\u00b0 edici\u00f3n del Uniamoci Cantando, organizado por el Depto. de Educaci\u00f3n Art\u00edstica y los III Medios, quienes nos transportaron al Imperio Romano y celebraron el talento sobre el escenario.\" \/>\n<meta property=\"og:url\" content=\"https:\/\/www.scuola.cl\/sivm\/uniamoci-cantando-20\/\" \/>\n<meta property=\"og:site_name\" content=\"Scuola Italiana\" \/>\n<meta property=\"article:published_time\" content=\"2025-10-15T14:36:41+00:00\" \/>\n<meta property=\"article:modified_time\" content=\"2025-10-16T04:06:25+00:00\" \/>\n<meta property=\"og:image\" content=\"https:\/\/www.scuola.cl\/sivm\/wp-content\/uploads\/2025\/10\/Uniamoci-web.jpg\" \/>\n\t<meta property=\"og:image:width\" content=\"900\" \/>\n\t<meta property=\"og:image:height\" content=\"610\" \/>\n\t<meta property=\"og:image:type\" content=\"image\/jpeg\" \/>\n<meta name=\"author\" content=\"Comunicaciones\" \/>\n<meta name=\"twitter:card\" content=\"summary_large_image\" \/>\n<meta name=\"twitter:label1\" content=\"Escrito por\" \/>\n\t<meta name=\"twitter:data1\" content=\"Comunicaciones\" \/>\n\t<meta name=\"twitter:label2\" content=\"Tiempo de lectura\" \/>\n\t<meta name=\"twitter:data2\" content=\"3 minutos\" \/>\n<script type=\"application\/ld+json\" class=\"yoast-schema-graph\">{\"@context\":\"https:\/\/schema.org\",\"@graph\":[{\"@type\":\"Article\",\"@id\":\"https:\/\/www.scuola.cl\/sivm\/uniamoci-cantando-20\/#article\",\"isPartOf\":{\"@id\":\"https:\/\/www.scuola.cl\/sivm\/uniamoci-cantando-20\/\"},\"author\":{\"name\":\"Comunicaciones\",\"@id\":\"https:\/\/www.scuola.cl\/sivm\/#\/schema\/person\/2ac68abc1b548ee6d8e16c4d3727d1b2\"},\"headline\":\"Uniamoci Cantando 2025\",\"datePublished\":\"2025-10-15T14:36:41+00:00\",\"dateModified\":\"2025-10-16T04:06:25+00:00\",\"mainEntityOfPage\":{\"@id\":\"https:\/\/www.scuola.cl\/sivm\/uniamoci-cantando-20\/\"},\"wordCount\":464,\"publisher\":{\"@id\":\"https:\/\/www.scuola.cl\/sivm\/#organization\"},\"image\":{\"@id\":\"https:\/\/www.scuola.cl\/sivm\/uniamoci-cantando-20\/#primaryimage\"},\"thumbnailUrl\":\"https:\/\/www.scuola.cl\/sivm\/wp-content\/uploads\/2025\/10\/Uniamoci-web.jpg\",\"articleSection\":[\"Actividades\",\"Cultura\",\"Hist\u00f3ricos\",\"Noticias\",\"Scuola\"],\"inLanguage\":\"es\"},{\"@type\":\"WebPage\",\"@id\":\"https:\/\/www.scuola.cl\/sivm\/uniamoci-cantando-20\/\",\"url\":\"https:\/\/www.scuola.cl\/sivm\/uniamoci-cantando-20\/\",\"name\":\"Uniamoci Cantando 2025 - Scuola Italiana\",\"isPartOf\":{\"@id\":\"https:\/\/www.scuola.cl\/sivm\/#website\"},\"primaryImageOfPage\":{\"@id\":\"https:\/\/www.scuola.cl\/sivm\/uniamoci-cantando-20\/#primaryimage\"},\"image\":{\"@id\":\"https:\/\/www.scuola.cl\/sivm\/uniamoci-cantando-20\/#primaryimage\"},\"thumbnailUrl\":\"https:\/\/www.scuola.cl\/sivm\/wp-content\/uploads\/2025\/10\/Uniamoci-web.jpg\",\"datePublished\":\"2025-10-15T14:36:41+00:00\",\"dateModified\":\"2025-10-16T04:06:25+00:00\",\"breadcrumb\":{\"@id\":\"https:\/\/www.scuola.cl\/sivm\/uniamoci-cantando-20\/#breadcrumb\"},\"inLanguage\":\"es\",\"potentialAction\":[{\"@type\":\"ReadAction\",\"target\":[\"https:\/\/www.scuola.cl\/sivm\/uniamoci-cantando-20\/\"]}]},{\"@type\":\"ImageObject\",\"inLanguage\":\"es\",\"@id\":\"https:\/\/www.scuola.cl\/sivm\/uniamoci-cantando-20\/#primaryimage\",\"url\":\"https:\/\/www.scuola.cl\/sivm\/wp-content\/uploads\/2025\/10\/Uniamoci-web.jpg\",\"contentUrl\":\"https:\/\/www.scuola.cl\/sivm\/wp-content\/uploads\/2025\/10\/Uniamoci-web.jpg\",\"width\":900,\"height\":610},{\"@type\":\"BreadcrumbList\",\"@id\":\"https:\/\/www.scuola.cl\/sivm\/uniamoci-cantando-20\/#breadcrumb\",\"itemListElement\":[{\"@type\":\"ListItem\",\"position\":1,\"name\":\"Inicio\",\"item\":\"https:\/\/www.scuola.cl\/sivm\/\"},{\"@type\":\"ListItem\",\"position\":2,\"name\":\"Actividades\",\"item\":\"https:\/\/www.scuola.cl\/sivm\/category\/actividades\/\"},{\"@type\":\"ListItem\",\"position\":3,\"name\":\"Uniamoci Cantando 2025\"}]},{\"@type\":\"WebSite\",\"@id\":\"https:\/\/www.scuola.cl\/sivm\/#website\",\"url\":\"https:\/\/www.scuola.cl\/sivm\/\",\"name\":\"Scuola Italiana\",\"description\":\"Vittorio Montiglio\",\"publisher\":{\"@id\":\"https:\/\/www.scuola.cl\/sivm\/#organization\"},\"potentialAction\":[{\"@type\":\"SearchAction\",\"target\":{\"@type\":\"EntryPoint\",\"urlTemplate\":\"https:\/\/www.scuola.cl\/sivm\/?s={search_term_string}\"},\"query-input\":{\"@type\":\"PropertyValueSpecification\",\"valueRequired\":true,\"valueName\":\"search_term_string\"}}],\"inLanguage\":\"es\"},{\"@type\":\"Organization\",\"@id\":\"https:\/\/www.scuola.cl\/sivm\/#organization\",\"name\":\"Scuola Italiana Vittorio Montiglio\",\"url\":\"https:\/\/www.scuola.cl\/sivm\/\",\"logo\":{\"@type\":\"ImageObject\",\"inLanguage\":\"es\",\"@id\":\"https:\/\/www.scuola.cl\/sivm\/#\/schema\/logo\/image\/\",\"url\":\"https:\/\/www.scuola.cl\/sivm\/wp-content\/uploads\/2019\/06\/Logo_Scuola-01-001-1000x1000.png\",\"contentUrl\":\"https:\/\/www.scuola.cl\/sivm\/wp-content\/uploads\/2019\/06\/Logo_Scuola-01-001-1000x1000.png\",\"width\":1000,\"height\":1000,\"caption\":\"Scuola Italiana Vittorio Montiglio\"},\"image\":{\"@id\":\"https:\/\/www.scuola.cl\/sivm\/#\/schema\/logo\/image\/\"}},{\"@type\":\"Person\",\"@id\":\"https:\/\/www.scuola.cl\/sivm\/#\/schema\/person\/2ac68abc1b548ee6d8e16c4d3727d1b2\",\"name\":\"Comunicaciones\",\"image\":{\"@type\":\"ImageObject\",\"inLanguage\":\"es\",\"@id\":\"https:\/\/www.scuola.cl\/sivm\/#\/schema\/person\/image\/\",\"url\":\"https:\/\/secure.gravatar.com\/avatar\/0b29fd7cdce1ec9939eded19ce85d6ed73acf03fb52d098b0641aed356fe6aeb?s=96&d=mm&r=g\",\"contentUrl\":\"https:\/\/secure.gravatar.com\/avatar\/0b29fd7cdce1ec9939eded19ce85d6ed73acf03fb52d098b0641aed356fe6aeb?s=96&d=mm&r=g\",\"caption\":\"Comunicaciones\"},\"url\":\"https:\/\/www.scuola.cl\/sivm\/author\/comunicaciones-scuola\/\"}]}<\/script>\n<!-- \/ Yoast SEO plugin. -->","yoast_head_json":{"title":"Uniamoci Cantando 2025 - Scuola Italiana","robots":{"index":"index","follow":"follow","max-snippet":"max-snippet:-1","max-image-preview":"max-image-preview:large","max-video-preview":"max-video-preview:-1"},"canonical":"https:\/\/www.scuola.cl\/sivm\/uniamoci-cantando-20\/","og_locale":"es_ES","og_type":"article","og_title":"Uniamoci Cantando 2025 - Scuola Italiana","og_description":"El 14 de octubre se realiz\u00f3 la 39\u00b0 edici\u00f3n del Uniamoci Cantando, organizado por el Depto. de Educaci\u00f3n Art\u00edstica y los III Medios, quienes nos transportaron al Imperio Romano y celebraron el talento sobre el escenario.","og_url":"https:\/\/www.scuola.cl\/sivm\/uniamoci-cantando-20\/","og_site_name":"Scuola Italiana","article_published_time":"2025-10-15T14:36:41+00:00","article_modified_time":"2025-10-16T04:06:25+00:00","og_image":[{"width":900,"height":610,"url":"https:\/\/www.scuola.cl\/sivm\/wp-content\/uploads\/2025\/10\/Uniamoci-web.jpg","type":"image\/jpeg"}],"author":"Comunicaciones","twitter_card":"summary_large_image","twitter_misc":{"Escrito por":"Comunicaciones","Tiempo de lectura":"3 minutos"},"schema":{"@context":"https:\/\/schema.org","@graph":[{"@type":"Article","@id":"https:\/\/www.scuola.cl\/sivm\/uniamoci-cantando-20\/#article","isPartOf":{"@id":"https:\/\/www.scuola.cl\/sivm\/uniamoci-cantando-20\/"},"author":{"name":"Comunicaciones","@id":"https:\/\/www.scuola.cl\/sivm\/#\/schema\/person\/2ac68abc1b548ee6d8e16c4d3727d1b2"},"headline":"Uniamoci Cantando 2025","datePublished":"2025-10-15T14:36:41+00:00","dateModified":"2025-10-16T04:06:25+00:00","mainEntityOfPage":{"@id":"https:\/\/www.scuola.cl\/sivm\/uniamoci-cantando-20\/"},"wordCount":464,"publisher":{"@id":"https:\/\/www.scuola.cl\/sivm\/#organization"},"image":{"@id":"https:\/\/www.scuola.cl\/sivm\/uniamoci-cantando-20\/#primaryimage"},"thumbnailUrl":"https:\/\/www.scuola.cl\/sivm\/wp-content\/uploads\/2025\/10\/Uniamoci-web.jpg","articleSection":["Actividades","Cultura","Hist\u00f3ricos","Noticias","Scuola"],"inLanguage":"es"},{"@type":"WebPage","@id":"https:\/\/www.scuola.cl\/sivm\/uniamoci-cantando-20\/","url":"https:\/\/www.scuola.cl\/sivm\/uniamoci-cantando-20\/","name":"Uniamoci Cantando 2025 - Scuola Italiana","isPartOf":{"@id":"https:\/\/www.scuola.cl\/sivm\/#website"},"primaryImageOfPage":{"@id":"https:\/\/www.scuola.cl\/sivm\/uniamoci-cantando-20\/#primaryimage"},"image":{"@id":"https:\/\/www.scuola.cl\/sivm\/uniamoci-cantando-20\/#primaryimage"},"thumbnailUrl":"https:\/\/www.scuola.cl\/sivm\/wp-content\/uploads\/2025\/10\/Uniamoci-web.jpg","datePublished":"2025-10-15T14:36:41+00:00","dateModified":"2025-10-16T04:06:25+00:00","breadcrumb":{"@id":"https:\/\/www.scuola.cl\/sivm\/uniamoci-cantando-20\/#breadcrumb"},"inLanguage":"es","potentialAction":[{"@type":"ReadAction","target":["https:\/\/www.scuola.cl\/sivm\/uniamoci-cantando-20\/"]}]},{"@type":"ImageObject","inLanguage":"es","@id":"https:\/\/www.scuola.cl\/sivm\/uniamoci-cantando-20\/#primaryimage","url":"https:\/\/www.scuola.cl\/sivm\/wp-content\/uploads\/2025\/10\/Uniamoci-web.jpg","contentUrl":"https:\/\/www.scuola.cl\/sivm\/wp-content\/uploads\/2025\/10\/Uniamoci-web.jpg","width":900,"height":610},{"@type":"BreadcrumbList","@id":"https:\/\/www.scuola.cl\/sivm\/uniamoci-cantando-20\/#breadcrumb","itemListElement":[{"@type":"ListItem","position":1,"name":"Inicio","item":"https:\/\/www.scuola.cl\/sivm\/"},{"@type":"ListItem","position":2,"name":"Actividades","item":"https:\/\/www.scuola.cl\/sivm\/category\/actividades\/"},{"@type":"ListItem","position":3,"name":"Uniamoci Cantando 2025"}]},{"@type":"WebSite","@id":"https:\/\/www.scuola.cl\/sivm\/#website","url":"https:\/\/www.scuola.cl\/sivm\/","name":"Scuola Italiana","description":"Vittorio Montiglio","publisher":{"@id":"https:\/\/www.scuola.cl\/sivm\/#organization"},"potentialAction":[{"@type":"SearchAction","target":{"@type":"EntryPoint","urlTemplate":"https:\/\/www.scuola.cl\/sivm\/?s={search_term_string}"},"query-input":{"@type":"PropertyValueSpecification","valueRequired":true,"valueName":"search_term_string"}}],"inLanguage":"es"},{"@type":"Organization","@id":"https:\/\/www.scuola.cl\/sivm\/#organization","name":"Scuola Italiana Vittorio Montiglio","url":"https:\/\/www.scuola.cl\/sivm\/","logo":{"@type":"ImageObject","inLanguage":"es","@id":"https:\/\/www.scuola.cl\/sivm\/#\/schema\/logo\/image\/","url":"https:\/\/www.scuola.cl\/sivm\/wp-content\/uploads\/2019\/06\/Logo_Scuola-01-001-1000x1000.png","contentUrl":"https:\/\/www.scuola.cl\/sivm\/wp-content\/uploads\/2019\/06\/Logo_Scuola-01-001-1000x1000.png","width":1000,"height":1000,"caption":"Scuola Italiana Vittorio Montiglio"},"image":{"@id":"https:\/\/www.scuola.cl\/sivm\/#\/schema\/logo\/image\/"}},{"@type":"Person","@id":"https:\/\/www.scuola.cl\/sivm\/#\/schema\/person\/2ac68abc1b548ee6d8e16c4d3727d1b2","name":"Comunicaciones","image":{"@type":"ImageObject","inLanguage":"es","@id":"https:\/\/www.scuola.cl\/sivm\/#\/schema\/person\/image\/","url":"https:\/\/secure.gravatar.com\/avatar\/0b29fd7cdce1ec9939eded19ce85d6ed73acf03fb52d098b0641aed356fe6aeb?s=96&d=mm&r=g","contentUrl":"https:\/\/secure.gravatar.com\/avatar\/0b29fd7cdce1ec9939eded19ce85d6ed73acf03fb52d098b0641aed356fe6aeb?s=96&d=mm&r=g","caption":"Comunicaciones"},"url":"https:\/\/www.scuola.cl\/sivm\/author\/comunicaciones-scuola\/"}]}},"_links":{"self":[{"href":"https:\/\/www.scuola.cl\/sivm\/wp-json\/wp\/v2\/posts\/31271","targetHints":{"allow":["GET"]}}],"collection":[{"href":"https:\/\/www.scuola.cl\/sivm\/wp-json\/wp\/v2\/posts"}],"about":[{"href":"https:\/\/www.scuola.cl\/sivm\/wp-json\/wp\/v2\/types\/post"}],"author":[{"embeddable":true,"href":"https:\/\/www.scuola.cl\/sivm\/wp-json\/wp\/v2\/users\/2"}],"replies":[{"embeddable":true,"href":"https:\/\/www.scuola.cl\/sivm\/wp-json\/wp\/v2\/comments?post=31271"}],"version-history":[{"count":11,"href":"https:\/\/www.scuola.cl\/sivm\/wp-json\/wp\/v2\/posts\/31271\/revisions"}],"predecessor-version":[{"id":31298,"href":"https:\/\/www.scuola.cl\/sivm\/wp-json\/wp\/v2\/posts\/31271\/revisions\/31298"}],"wp:featuredmedia":[{"embeddable":true,"href":"https:\/\/www.scuola.cl\/sivm\/wp-json\/wp\/v2\/media\/31272"}],"wp:attachment":[{"href":"https:\/\/www.scuola.cl\/sivm\/wp-json\/wp\/v2\/media?parent=31271"}],"wp:term":[{"taxonomy":"category","embeddable":true,"href":"https:\/\/www.scuola.cl\/sivm\/wp-json\/wp\/v2\/categories?post=31271"},{"taxonomy":"post_tag","embeddable":true,"href":"https:\/\/www.scuola.cl\/sivm\/wp-json\/wp\/v2\/tags?post=31271"}],"curies":[{"name":"wp","href":"https:\/\/api.w.org\/{rel}","templated":true}]}}