{"id":31230,"date":"2025-10-14T08:51:44","date_gmt":"2025-10-14T11:51:44","guid":{"rendered":"https:\/\/www.scuola.cl\/sivm\/?p=31230"},"modified":"2025-10-16T11:30:26","modified_gmt":"2025-10-16T14:30:26","slug":"bicecampeones-torneo-mario-caracci","status":"publish","type":"post","link":"https:\/\/www.scuola.cl\/sivm\/bicecampeones-torneo-mario-caracci\/","title":{"rendered":"\u00a1Bicampeones en Tenis!"},"content":{"rendered":"\n<p><em>(Por profesor Javier Santelices)<\/em><\/p>\n<p data-start=\"111\" data-end=\"423\">El s\u00e1bado 11 y domingo 12 de octubre se disputaron los \u00faltimos encuentros del torneo escolar de tenis \u201cMario Caracci\u201d, donde nuestro equipo de 10 a\u00f1os varones, conformado por Ezequiel Sannazzaro y Hugo Toro, se consagr\u00f3 bicampe\u00f3n tras vencer en un emocionante partido al Colegio Verbo Divino.<\/p>\n<p data-start=\"425\" data-end=\"639\">En la categor\u00eda 12 a\u00f1os damas, integrada por Alicia Concha y Elena Borgeaud, nuestras representantes alcanzaron los cuartos de final, instancia en la que, pese a su gran esfuerzo, no lograron avanzar.<\/p>\n<p data-start=\"641\" data-end=\"851\">De igual forma, en la categor\u00eda 16 a\u00f1os damas, el equipo formado por Colomba Pattillo y Eva Saen lleg\u00f3 tambi\u00e9n hasta los cuartos de final, demostrando un alto nivel de juego y gran compromiso.<\/p>\n<p data-start=\"853\" data-end=\"1060\">Por su parte, en la categor\u00eda 12 a\u00f1os varones, el d\u00fao compuesto por Santiago Cort\u00e9s y Raimundo Stuardo alcanz\u00f3 las semifinales del torneo, mejorando su desempe\u00f1o respecto a la edici\u00f3n anterior.<\/p>\n<p data-start=\"1062\" data-end=\"1217\">Felicitamos a todos nuestros jugadores por su excelente participaci\u00f3n y por representar a la Scuola con compromiso, talento y esp\u00edritu deportivo.<\/p>\n<p data-start=\"1219\" data-end=\"1380\">Un reconocimiento especial a Ezequiel Sannazzaro y Hugo Toro, campeones del torneo, por este importante logro tanto personal como para nuestro colegio.<\/p>\n<p><a href=\"https:\/\/drive.google.com\/drive\/folders\/1EKe3YghqgCHMarZ5nXdY5tZou5pn1yhQ?usp=drive_link\" target=\"_blank\" rel=\"noopener\">Ver fotos<\/a><\/p>\n<hr \/>\n<p>\u00a0<\/p>\n<p>Sabato 11 e domenica 12 ottobre si sono disputati gli ultimi incontri del torneo scolastico di tennis \u00abMario Caracci\u00bb, dove la nostra squadra di 10 anni maschili, formata da Ezequiel Sannazzaro e Hugo Toro, ha conquistato due volte il titolo dopo aver vinto in una partita emozionante al \u201cColegio Verbo Divino\u201d.<\/p>\n<p>Nella categoria 12 anni donne, composta da Alicia Concha e Elena Borgeaud, le nostre rappresentanti hanno raggiunto i quarti di finale, dove, nonostante il loro grande sforzo, non sono riuscite a progredire.<br \/>Allo stesso modo, nella categoria 16 anni donne, la squadra formata da Colomba Pattillo ed Eva Saen \u00e8 arrivata ai quarti di finale, dimostrando un alto livello di gioco e grande impegno.<\/p>\n<p>Nella categoria maschile di 12 anni, il duo composto da Santiago Cort\u00e9s e Raimundo Stuardo ha raggiunto le semifinali del torneo, migliorando la sua prestazione rispetto all&#8217;edizione precedente.<br \/>Complimenti a tutti i nostri giocatori per l&#8217;ottima partecipazione e per rappresentare la Scuola con impegno, talento e spirito sportivo.<\/p>\n<p><img loading=\"lazy\" decoding=\"async\" width=\"700\" height=\"540\" class=\"alignnone size-large wp-image-31231\" src=\"https:\/\/www.scuola.cl\/sivm\/wp-content\/uploads\/2025\/10\/Captura-de-pantalla-2025-10-13-135009-700x540.png\" alt=\"\" srcset=\"https:\/\/www.scuola.cl\/sivm\/wp-content\/uploads\/2025\/10\/Captura-de-pantalla-2025-10-13-135009-700x540.png 700w, https:\/\/www.scuola.cl\/sivm\/wp-content\/uploads\/2025\/10\/Captura-de-pantalla-2025-10-13-135009-250x193.png 250w, https:\/\/www.scuola.cl\/sivm\/wp-content\/uploads\/2025\/10\/Captura-de-pantalla-2025-10-13-135009-768x593.png 768w, https:\/\/www.scuola.cl\/sivm\/wp-content\/uploads\/2025\/10\/Captura-de-pantalla-2025-10-13-135009-120x93.png 120w, https:\/\/www.scuola.cl\/sivm\/wp-content\/uploads\/2025\/10\/Captura-de-pantalla-2025-10-13-135009.png 801w\" sizes=\"auto, (max-width: 700px) 100vw, 700px\" \/><\/p>\n","protected":false},"excerpt":{"rendered":"El 11 y 12 de octubre se disputaron los \u00faltimos encuentros del torneo de tenis escolar \u201cMario Caracci\u201d, donde nuestro equipo conformado por Ezequiel Sannazzaro y Hugo Toro, se consagr\u00f3 bicampe\u00f3n.","protected":false},"author":2,"featured_media":31232,"comment_status":"closed","ping_status":"closed","sticky":false,"template":"","format":"standard","meta":{"_acf_changed":false,"footnotes":""},"categories":[6,12,5],"tags":[],"class_list":["post-31230","post","type-post","status-publish","format-standard","has-post-thumbnail","hentry","category-actividades","category-deportes","category-noticias"],"acf":[],"yoast_head":"<!-- This site is optimized with the Yoast SEO plugin v27.1.1 - https:\/\/yoast.com\/product\/yoast-seo-wordpress\/ -->\n<title>\u00a1Bicampeones en Tenis! - Scuola Italiana<\/title>\n<meta name=\"robots\" content=\"index, follow, max-snippet:-1, max-image-preview:large, max-video-preview:-1\" \/>\n<link rel=\"canonical\" href=\"https:\/\/www.scuola.cl\/sivm\/bicecampeones-torneo-mario-caracci\/\" \/>\n<meta property=\"og:locale\" content=\"es_ES\" \/>\n<meta property=\"og:type\" content=\"article\" \/>\n<meta property=\"og:title\" content=\"\u00a1Bicampeones en Tenis! - Scuola Italiana\" \/>\n<meta property=\"og:description\" content=\"El 11 y 12 de octubre se disputaron los \u00faltimos encuentros del torneo de tenis escolar \u201cMario Caracci\u201d, donde nuestro equipo conformado por Ezequiel Sannazzaro y Hugo Toro, se consagr\u00f3 bicampe\u00f3n.\" \/>\n<meta property=\"og:url\" content=\"https:\/\/www.scuola.cl\/sivm\/bicecampeones-torneo-mario-caracci\/\" \/>\n<meta property=\"og:site_name\" content=\"Scuola Italiana\" \/>\n<meta property=\"article:published_time\" content=\"2025-10-14T11:51:44+00:00\" \/>\n<meta property=\"article:modified_time\" content=\"2025-10-16T14:30:26+00:00\" \/>\n<meta property=\"og:image\" content=\"https:\/\/www.scuola.cl\/sivm\/wp-content\/uploads\/2025\/10\/Caraci-web.jpg\" \/>\n\t<meta property=\"og:image:width\" content=\"900\" \/>\n\t<meta property=\"og:image:height\" content=\"610\" \/>\n\t<meta property=\"og:image:type\" content=\"image\/jpeg\" \/>\n<meta name=\"author\" content=\"Comunicaciones\" \/>\n<meta name=\"twitter:card\" content=\"summary_large_image\" \/>\n<meta name=\"twitter:label1\" content=\"Escrito por\" \/>\n\t<meta name=\"twitter:data1\" content=\"Comunicaciones\" \/>\n\t<meta name=\"twitter:label2\" content=\"Tiempo de lectura\" \/>\n\t<meta name=\"twitter:data2\" content=\"3 minutos\" \/>\n<script type=\"application\/ld+json\" class=\"yoast-schema-graph\">{\"@context\":\"https:\/\/schema.org\",\"@graph\":[{\"@type\":\"Article\",\"@id\":\"https:\/\/www.scuola.cl\/sivm\/bicecampeones-torneo-mario-caracci\/#article\",\"isPartOf\":{\"@id\":\"https:\/\/www.scuola.cl\/sivm\/bicecampeones-torneo-mario-caracci\/\"},\"author\":{\"name\":\"Comunicaciones\",\"@id\":\"https:\/\/www.scuola.cl\/sivm\/#\/schema\/person\/2ac68abc1b548ee6d8e16c4d3727d1b2\"},\"headline\":\"\u00a1Bicampeones en Tenis!\",\"datePublished\":\"2025-10-14T11:51:44+00:00\",\"dateModified\":\"2025-10-16T14:30:26+00:00\",\"mainEntityOfPage\":{\"@id\":\"https:\/\/www.scuola.cl\/sivm\/bicecampeones-torneo-mario-caracci\/\"},\"wordCount\":363,\"publisher\":{\"@id\":\"https:\/\/www.scuola.cl\/sivm\/#organization\"},\"image\":{\"@id\":\"https:\/\/www.scuola.cl\/sivm\/bicecampeones-torneo-mario-caracci\/#primaryimage\"},\"thumbnailUrl\":\"https:\/\/www.scuola.cl\/sivm\/wp-content\/uploads\/2025\/10\/Caraci-web.jpg\",\"articleSection\":[\"Actividades\",\"Deportes\",\"Noticias\"],\"inLanguage\":\"es\"},{\"@type\":\"WebPage\",\"@id\":\"https:\/\/www.scuola.cl\/sivm\/bicecampeones-torneo-mario-caracci\/\",\"url\":\"https:\/\/www.scuola.cl\/sivm\/bicecampeones-torneo-mario-caracci\/\",\"name\":\"\u00a1Bicampeones en Tenis! - Scuola Italiana\",\"isPartOf\":{\"@id\":\"https:\/\/www.scuola.cl\/sivm\/#website\"},\"primaryImageOfPage\":{\"@id\":\"https:\/\/www.scuola.cl\/sivm\/bicecampeones-torneo-mario-caracci\/#primaryimage\"},\"image\":{\"@id\":\"https:\/\/www.scuola.cl\/sivm\/bicecampeones-torneo-mario-caracci\/#primaryimage\"},\"thumbnailUrl\":\"https:\/\/www.scuola.cl\/sivm\/wp-content\/uploads\/2025\/10\/Caraci-web.jpg\",\"datePublished\":\"2025-10-14T11:51:44+00:00\",\"dateModified\":\"2025-10-16T14:30:26+00:00\",\"breadcrumb\":{\"@id\":\"https:\/\/www.scuola.cl\/sivm\/bicecampeones-torneo-mario-caracci\/#breadcrumb\"},\"inLanguage\":\"es\",\"potentialAction\":[{\"@type\":\"ReadAction\",\"target\":[\"https:\/\/www.scuola.cl\/sivm\/bicecampeones-torneo-mario-caracci\/\"]}]},{\"@type\":\"ImageObject\",\"inLanguage\":\"es\",\"@id\":\"https:\/\/www.scuola.cl\/sivm\/bicecampeones-torneo-mario-caracci\/#primaryimage\",\"url\":\"https:\/\/www.scuola.cl\/sivm\/wp-content\/uploads\/2025\/10\/Caraci-web.jpg\",\"contentUrl\":\"https:\/\/www.scuola.cl\/sivm\/wp-content\/uploads\/2025\/10\/Caraci-web.jpg\",\"width\":900,\"height\":610},{\"@type\":\"BreadcrumbList\",\"@id\":\"https:\/\/www.scuola.cl\/sivm\/bicecampeones-torneo-mario-caracci\/#breadcrumb\",\"itemListElement\":[{\"@type\":\"ListItem\",\"position\":1,\"name\":\"Inicio\",\"item\":\"https:\/\/www.scuola.cl\/sivm\/\"},{\"@type\":\"ListItem\",\"position\":2,\"name\":\"Actividades\",\"item\":\"https:\/\/www.scuola.cl\/sivm\/category\/actividades\/\"},{\"@type\":\"ListItem\",\"position\":3,\"name\":\"\u00a1Bicampeones en Tenis!\"}]},{\"@type\":\"WebSite\",\"@id\":\"https:\/\/www.scuola.cl\/sivm\/#website\",\"url\":\"https:\/\/www.scuola.cl\/sivm\/\",\"name\":\"Scuola Italiana\",\"description\":\"Vittorio Montiglio\",\"publisher\":{\"@id\":\"https:\/\/www.scuola.cl\/sivm\/#organization\"},\"potentialAction\":[{\"@type\":\"SearchAction\",\"target\":{\"@type\":\"EntryPoint\",\"urlTemplate\":\"https:\/\/www.scuola.cl\/sivm\/?s={search_term_string}\"},\"query-input\":{\"@type\":\"PropertyValueSpecification\",\"valueRequired\":true,\"valueName\":\"search_term_string\"}}],\"inLanguage\":\"es\"},{\"@type\":\"Organization\",\"@id\":\"https:\/\/www.scuola.cl\/sivm\/#organization\",\"name\":\"Scuola Italiana Vittorio Montiglio\",\"url\":\"https:\/\/www.scuola.cl\/sivm\/\",\"logo\":{\"@type\":\"ImageObject\",\"inLanguage\":\"es\",\"@id\":\"https:\/\/www.scuola.cl\/sivm\/#\/schema\/logo\/image\/\",\"url\":\"https:\/\/www.scuola.cl\/sivm\/wp-content\/uploads\/2019\/06\/Logo_Scuola-01-001-1000x1000.png\",\"contentUrl\":\"https:\/\/www.scuola.cl\/sivm\/wp-content\/uploads\/2019\/06\/Logo_Scuola-01-001-1000x1000.png\",\"width\":1000,\"height\":1000,\"caption\":\"Scuola Italiana Vittorio Montiglio\"},\"image\":{\"@id\":\"https:\/\/www.scuola.cl\/sivm\/#\/schema\/logo\/image\/\"}},{\"@type\":\"Person\",\"@id\":\"https:\/\/www.scuola.cl\/sivm\/#\/schema\/person\/2ac68abc1b548ee6d8e16c4d3727d1b2\",\"name\":\"Comunicaciones\",\"image\":{\"@type\":\"ImageObject\",\"inLanguage\":\"es\",\"@id\":\"https:\/\/www.scuola.cl\/sivm\/#\/schema\/person\/image\/\",\"url\":\"https:\/\/secure.gravatar.com\/avatar\/0b29fd7cdce1ec9939eded19ce85d6ed73acf03fb52d098b0641aed356fe6aeb?s=96&d=mm&r=g\",\"contentUrl\":\"https:\/\/secure.gravatar.com\/avatar\/0b29fd7cdce1ec9939eded19ce85d6ed73acf03fb52d098b0641aed356fe6aeb?s=96&d=mm&r=g\",\"caption\":\"Comunicaciones\"},\"url\":\"https:\/\/www.scuola.cl\/sivm\/author\/comunicaciones-scuola\/\"}]}<\/script>\n<!-- \/ Yoast SEO plugin. -->","yoast_head_json":{"title":"\u00a1Bicampeones en Tenis! - Scuola Italiana","robots":{"index":"index","follow":"follow","max-snippet":"max-snippet:-1","max-image-preview":"max-image-preview:large","max-video-preview":"max-video-preview:-1"},"canonical":"https:\/\/www.scuola.cl\/sivm\/bicecampeones-torneo-mario-caracci\/","og_locale":"es_ES","og_type":"article","og_title":"\u00a1Bicampeones en Tenis! - Scuola Italiana","og_description":"El 11 y 12 de octubre se disputaron los \u00faltimos encuentros del torneo de tenis escolar \u201cMario Caracci\u201d, donde nuestro equipo conformado por Ezequiel Sannazzaro y Hugo Toro, se consagr\u00f3 bicampe\u00f3n.","og_url":"https:\/\/www.scuola.cl\/sivm\/bicecampeones-torneo-mario-caracci\/","og_site_name":"Scuola Italiana","article_published_time":"2025-10-14T11:51:44+00:00","article_modified_time":"2025-10-16T14:30:26+00:00","og_image":[{"width":900,"height":610,"url":"https:\/\/www.scuola.cl\/sivm\/wp-content\/uploads\/2025\/10\/Caraci-web.jpg","type":"image\/jpeg"}],"author":"Comunicaciones","twitter_card":"summary_large_image","twitter_misc":{"Escrito por":"Comunicaciones","Tiempo de lectura":"3 minutos"},"schema":{"@context":"https:\/\/schema.org","@graph":[{"@type":"Article","@id":"https:\/\/www.scuola.cl\/sivm\/bicecampeones-torneo-mario-caracci\/#article","isPartOf":{"@id":"https:\/\/www.scuola.cl\/sivm\/bicecampeones-torneo-mario-caracci\/"},"author":{"name":"Comunicaciones","@id":"https:\/\/www.scuola.cl\/sivm\/#\/schema\/person\/2ac68abc1b548ee6d8e16c4d3727d1b2"},"headline":"\u00a1Bicampeones en Tenis!","datePublished":"2025-10-14T11:51:44+00:00","dateModified":"2025-10-16T14:30:26+00:00","mainEntityOfPage":{"@id":"https:\/\/www.scuola.cl\/sivm\/bicecampeones-torneo-mario-caracci\/"},"wordCount":363,"publisher":{"@id":"https:\/\/www.scuola.cl\/sivm\/#organization"},"image":{"@id":"https:\/\/www.scuola.cl\/sivm\/bicecampeones-torneo-mario-caracci\/#primaryimage"},"thumbnailUrl":"https:\/\/www.scuola.cl\/sivm\/wp-content\/uploads\/2025\/10\/Caraci-web.jpg","articleSection":["Actividades","Deportes","Noticias"],"inLanguage":"es"},{"@type":"WebPage","@id":"https:\/\/www.scuola.cl\/sivm\/bicecampeones-torneo-mario-caracci\/","url":"https:\/\/www.scuola.cl\/sivm\/bicecampeones-torneo-mario-caracci\/","name":"\u00a1Bicampeones en Tenis! - Scuola Italiana","isPartOf":{"@id":"https:\/\/www.scuola.cl\/sivm\/#website"},"primaryImageOfPage":{"@id":"https:\/\/www.scuola.cl\/sivm\/bicecampeones-torneo-mario-caracci\/#primaryimage"},"image":{"@id":"https:\/\/www.scuola.cl\/sivm\/bicecampeones-torneo-mario-caracci\/#primaryimage"},"thumbnailUrl":"https:\/\/www.scuola.cl\/sivm\/wp-content\/uploads\/2025\/10\/Caraci-web.jpg","datePublished":"2025-10-14T11:51:44+00:00","dateModified":"2025-10-16T14:30:26+00:00","breadcrumb":{"@id":"https:\/\/www.scuola.cl\/sivm\/bicecampeones-torneo-mario-caracci\/#breadcrumb"},"inLanguage":"es","potentialAction":[{"@type":"ReadAction","target":["https:\/\/www.scuola.cl\/sivm\/bicecampeones-torneo-mario-caracci\/"]}]},{"@type":"ImageObject","inLanguage":"es","@id":"https:\/\/www.scuola.cl\/sivm\/bicecampeones-torneo-mario-caracci\/#primaryimage","url":"https:\/\/www.scuola.cl\/sivm\/wp-content\/uploads\/2025\/10\/Caraci-web.jpg","contentUrl":"https:\/\/www.scuola.cl\/sivm\/wp-content\/uploads\/2025\/10\/Caraci-web.jpg","width":900,"height":610},{"@type":"BreadcrumbList","@id":"https:\/\/www.scuola.cl\/sivm\/bicecampeones-torneo-mario-caracci\/#breadcrumb","itemListElement":[{"@type":"ListItem","position":1,"name":"Inicio","item":"https:\/\/www.scuola.cl\/sivm\/"},{"@type":"ListItem","position":2,"name":"Actividades","item":"https:\/\/www.scuola.cl\/sivm\/category\/actividades\/"},{"@type":"ListItem","position":3,"name":"\u00a1Bicampeones en Tenis!"}]},{"@type":"WebSite","@id":"https:\/\/www.scuola.cl\/sivm\/#website","url":"https:\/\/www.scuola.cl\/sivm\/","name":"Scuola Italiana","description":"Vittorio Montiglio","publisher":{"@id":"https:\/\/www.scuola.cl\/sivm\/#organization"},"potentialAction":[{"@type":"SearchAction","target":{"@type":"EntryPoint","urlTemplate":"https:\/\/www.scuola.cl\/sivm\/?s={search_term_string}"},"query-input":{"@type":"PropertyValueSpecification","valueRequired":true,"valueName":"search_term_string"}}],"inLanguage":"es"},{"@type":"Organization","@id":"https:\/\/www.scuola.cl\/sivm\/#organization","name":"Scuola Italiana Vittorio Montiglio","url":"https:\/\/www.scuola.cl\/sivm\/","logo":{"@type":"ImageObject","inLanguage":"es","@id":"https:\/\/www.scuola.cl\/sivm\/#\/schema\/logo\/image\/","url":"https:\/\/www.scuola.cl\/sivm\/wp-content\/uploads\/2019\/06\/Logo_Scuola-01-001-1000x1000.png","contentUrl":"https:\/\/www.scuola.cl\/sivm\/wp-content\/uploads\/2019\/06\/Logo_Scuola-01-001-1000x1000.png","width":1000,"height":1000,"caption":"Scuola Italiana Vittorio Montiglio"},"image":{"@id":"https:\/\/www.scuola.cl\/sivm\/#\/schema\/logo\/image\/"}},{"@type":"Person","@id":"https:\/\/www.scuola.cl\/sivm\/#\/schema\/person\/2ac68abc1b548ee6d8e16c4d3727d1b2","name":"Comunicaciones","image":{"@type":"ImageObject","inLanguage":"es","@id":"https:\/\/www.scuola.cl\/sivm\/#\/schema\/person\/image\/","url":"https:\/\/secure.gravatar.com\/avatar\/0b29fd7cdce1ec9939eded19ce85d6ed73acf03fb52d098b0641aed356fe6aeb?s=96&d=mm&r=g","contentUrl":"https:\/\/secure.gravatar.com\/avatar\/0b29fd7cdce1ec9939eded19ce85d6ed73acf03fb52d098b0641aed356fe6aeb?s=96&d=mm&r=g","caption":"Comunicaciones"},"url":"https:\/\/www.scuola.cl\/sivm\/author\/comunicaciones-scuola\/"}]}},"_links":{"self":[{"href":"https:\/\/www.scuola.cl\/sivm\/wp-json\/wp\/v2\/posts\/31230","targetHints":{"allow":["GET"]}}],"collection":[{"href":"https:\/\/www.scuola.cl\/sivm\/wp-json\/wp\/v2\/posts"}],"about":[{"href":"https:\/\/www.scuola.cl\/sivm\/wp-json\/wp\/v2\/types\/post"}],"author":[{"embeddable":true,"href":"https:\/\/www.scuola.cl\/sivm\/wp-json\/wp\/v2\/users\/2"}],"replies":[{"embeddable":true,"href":"https:\/\/www.scuola.cl\/sivm\/wp-json\/wp\/v2\/comments?post=31230"}],"version-history":[{"count":11,"href":"https:\/\/www.scuola.cl\/sivm\/wp-json\/wp\/v2\/posts\/31230\/revisions"}],"predecessor-version":[{"id":31299,"href":"https:\/\/www.scuola.cl\/sivm\/wp-json\/wp\/v2\/posts\/31230\/revisions\/31299"}],"wp:featuredmedia":[{"embeddable":true,"href":"https:\/\/www.scuola.cl\/sivm\/wp-json\/wp\/v2\/media\/31232"}],"wp:attachment":[{"href":"https:\/\/www.scuola.cl\/sivm\/wp-json\/wp\/v2\/media?parent=31230"}],"wp:term":[{"taxonomy":"category","embeddable":true,"href":"https:\/\/www.scuola.cl\/sivm\/wp-json\/wp\/v2\/categories?post=31230"},{"taxonomy":"post_tag","embeddable":true,"href":"https:\/\/www.scuola.cl\/sivm\/wp-json\/wp\/v2\/tags?post=31230"}],"curies":[{"name":"wp","href":"https:\/\/api.w.org\/{rel}","templated":true}]}}