{"id":31151,"date":"2025-10-09T10:04:00","date_gmt":"2025-10-09T13:04:00","guid":{"rendered":"https:\/\/www.scuola.cl\/sivm\/?p=31151"},"modified":"2025-10-13T17:34:46","modified_gmt":"2025-10-13T20:34:46","slug":"exitoso-edicion-incontro-corale","status":"publish","type":"post","link":"https:\/\/www.scuola.cl\/sivm\/exitoso-edicion-incontro-corale\/","title":{"rendered":"Exitoso Incontro Corale"},"content":{"rendered":"\n<p data-start=\"172\" data-end=\"575\">El mi\u00e9rcoles 8 de octubre se realiz\u00f3 la 16\u00aa edici\u00f3n del<em> Incontro Corale<\/em>, una velada llena de m\u00fasica, amistad y emoci\u00f3n. La jornada comenz\u00f3 con una agradable convivencia entre los cuatro coros participantes, quienes compartieron un grato momento de camarader\u00eda previo al concierto.<\/p>\n<p data-start=\"577\" data-end=\"856\">Luego, en el Teatro Verdi, nuestra Rectora Gabriela Chiuminatto dio la bienvenida al p\u00fablico, destacando la importancia de esta actividad que nos conecta con las tradiciones en torno al gusto y placer por la m\u00fasica, as\u00ed como el valor que tiene el arte en la cultura italiana y en nuestra comunidad.<\/p>\n<p data-start=\"858\" data-end=\"1093\">Antes del inicio del programa coral, las alumnas Elisa Lagos y Dominga Su\u00e1rez, de 4\u00b0 B\u00e1sico B y D, emocionaron al p\u00fablico con su interpretaci\u00f3n de la canci\u00f3n \u00abFelicit\u00e0\u00bb<em>,<\/em> dando un toque de ternura y frescura al inicio de la jornada.<\/p>\n<p data-start=\"1095\" data-end=\"1378\">Posteriormente, se dio paso a las presentaciones de los coros invitados: Coro Goodyear, Coro de la CEPAL y Coro En\u2019Canto Mozartiano, quienes ofrecieron interpretaciones llenas de sensibilidad, energ\u00eda y calidad vocal, reflejando la diversidad y riqueza del canto coral.<\/p>\n<p data-start=\"1380\" data-end=\"1529\">El cierre estuvo a cargo del Coro dei Genitori, dirigido por la maestra Carolina Aguayo que destac\u00f3 por su s\u00f3lida presentaci\u00f3n y entusiasmo, recibiendo una c\u00e1lida ovaci\u00f3n del p\u00fablico. En esta ocasi\u00f3n brindaron un variado y ecl\u00e9ctico repertorio que abarc\u00f3 canciones de The Beatles, boleros y\u00a0 canciones emblem\u00e1ticas Italianas como \u00abCon te partiro\u00bb.<\/p>\n<p data-start=\"1531\" data-end=\"1857\">El Incontro Corale concluy\u00f3 con un emotivo momento en el que todos los coros se unieron en el escenario para interpretar el c\u00e9lebre <em data-start=\"1665\" data-end=\"1679\">Va, pensiero<\/em> de Giuseppe Verdi, s\u00edmbolo de unidad y pasi\u00f3n por la m\u00fasica. As\u00ed culmin\u00f3 esta nueva edici\u00f3n, reafirmando el valor del arte como un espacio de encuentro, expresi\u00f3n y comunidad.<\/p>\n<p data-start=\"1531\" data-end=\"1857\"><a href=\"https:\/\/drive.google.com\/drive\/folders\/1pD-9FERrgSod7KEBF0ycLQBq4Cqjd4Y2?usp=drive_link\" target=\"_blank\" rel=\"noopener\">Ver fotos<\/a><\/p>\n<hr \/>\n<p data-start=\"1531\" data-end=\"1857\">\u00a0<\/p>\n<p data-start=\"1531\" data-end=\"1857\">Mercoled\u00ec 8 ottobre si \u00e8 svolta la 16a edizione dell&#8217;Incontro Corale, una serata ricca di musica, amicizia ed emozione. La giornata \u00e8 iniziata con una piacevole convivenza tra i quattro cori partecipanti, che hanno condiviso un piacevole momento di cameratismo prima del concerto.<\/p>\n<p data-start=\"1531\" data-end=\"1857\">Poi, al Teatro Verdi, la nostra Rettrice Gabriela Chiuminatto ha dato il benvenuto al pubblico, sottolineando l&#8217;importanza di questa attivit\u00e0 che ci collega con le tradizioni intorno al gusto e piacere per la musica, cos\u00ec come il valore dell&#8217;arte nella cultura italiana e nella nostra comunit\u00e0.<\/p>\n<p data-start=\"1531\" data-end=\"1857\">Prima dell&#8217;inizio del programma corale, le alunne Elisa Lagos e Dominga Su\u00e1rez, di 4\u00b0 basico B e D, hanno emozionato il pubblico con la loro interpretazione della canzone \u00abFelicit\u00e0\u00bb, dando un tocco di tenerezza e freschezza all&#8217;inizio della giornata.<\/p>\n<p data-start=\"1531\" data-end=\"1857\">Successivamente, sono state fatte le presentazioni dei cori ospiti: Coro Goodyear, Coro della CEPAL e Coro En&#8217;Canto Mozartiano, che hanno offerto interpretazioni piene di sensibilit\u00e0, energia e qualit\u00e0 vocale, riflettendo la diversit\u00e0 e la ricchezza del canto corale.<\/p>\n<p data-start=\"1531\" data-end=\"1857\">La chiusura \u00e8 stata curata dal Coro dei Genitori, diretto dalla maestra Carolina Aguayo che si \u00e8 distinta per la sua solida presentazione ed entusiasmo, ricevendo una calda ovazione dal pubblico. In questa occasione hanno fornito un repertorio vario ed eclettico che ha compreso canzoni dei Beatles, boleros, e canzoni emblematiche italiane come \u00abCon te partiro\u00bb.<\/p>\n<p data-start=\"1531\" data-end=\"1857\">L&#8217;Incontro Corale si \u00e8 concluso con un emozionante momento in cui tutti i cori si sono uniti sul palco per interpretare il celebre Va, pensiero di Giuseppe Verdi, simbolo di unit\u00e0 e passione per la musica. Cos\u00ec si \u00e8 conclusa questa nuova edizione, riaffermando il valore dell&#8217;arte come spazio di incontro, espressione e comunit\u00e0.<\/p>\n<p data-start=\"1531\" data-end=\"1857\"><img loading=\"lazy\" decoding=\"async\" width=\"700\" height=\"474\" class=\"alignnone size-large wp-image-31152\" src=\"https:\/\/www.scuola.cl\/sivm\/wp-content\/uploads\/2025\/10\/banner-Incontro-700x474.jpg\" alt=\"\" srcset=\"https:\/\/www.scuola.cl\/sivm\/wp-content\/uploads\/2025\/10\/banner-Incontro-700x474.jpg 700w, https:\/\/www.scuola.cl\/sivm\/wp-content\/uploads\/2025\/10\/banner-Incontro-250x169.jpg 250w, https:\/\/www.scuola.cl\/sivm\/wp-content\/uploads\/2025\/10\/banner-Incontro-768x521.jpg 768w, https:\/\/www.scuola.cl\/sivm\/wp-content\/uploads\/2025\/10\/banner-Incontro-120x81.jpg 120w, https:\/\/www.scuola.cl\/sivm\/wp-content\/uploads\/2025\/10\/banner-Incontro.jpg 900w\" sizes=\"auto, (max-width: 700px) 100vw, 700px\" \/><\/p>\n","protected":false},"excerpt":{"rendered":"El mi\u00e9rcoles 8 de octubre se realiz\u00f3 la 16\u00aa edici\u00f3n del Incontro Corale, una velada llena de m\u00fasica, amistad y emoci\u00f3n. La jornada comenz\u00f3 con una agradable convivencia entre los cuatro coros participantes.","protected":false},"author":2,"featured_media":31152,"comment_status":"closed","ping_status":"closed","sticky":false,"template":"","format":"standard","meta":{"_acf_changed":false,"footnotes":""},"categories":[6,18,22,5],"tags":[],"class_list":["post-31151","post","type-post","status-publish","format-standard","has-post-thumbnail","hentry","category-actividades","category-centrocultural","category-cultura","category-noticias"],"acf":[],"yoast_head":"<!-- This site is optimized with the Yoast SEO plugin v27.1.1 - https:\/\/yoast.com\/product\/yoast-seo-wordpress\/ -->\n<title>Exitoso Incontro Corale - Scuola Italiana<\/title>\n<meta name=\"robots\" content=\"index, follow, max-snippet:-1, max-image-preview:large, max-video-preview:-1\" \/>\n<link rel=\"canonical\" href=\"https:\/\/www.scuola.cl\/sivm\/exitoso-edicion-incontro-corale\/\" \/>\n<meta property=\"og:locale\" content=\"es_ES\" \/>\n<meta property=\"og:type\" content=\"article\" \/>\n<meta property=\"og:title\" content=\"Exitoso Incontro Corale - Scuola Italiana\" \/>\n<meta property=\"og:description\" content=\"El mi\u00e9rcoles 8 de octubre se realiz\u00f3 la 16\u00aa edici\u00f3n del Incontro Corale, una velada llena de m\u00fasica, amistad y emoci\u00f3n. La jornada comenz\u00f3 con una agradable convivencia entre los cuatro coros participantes.\" \/>\n<meta property=\"og:url\" content=\"https:\/\/www.scuola.cl\/sivm\/exitoso-edicion-incontro-corale\/\" \/>\n<meta property=\"og:site_name\" content=\"Scuola Italiana\" \/>\n<meta property=\"article:published_time\" content=\"2025-10-09T13:04:00+00:00\" \/>\n<meta property=\"article:modified_time\" content=\"2025-10-13T20:34:46+00:00\" \/>\n<meta property=\"og:image\" content=\"https:\/\/www.scuola.cl\/sivm\/wp-content\/uploads\/2025\/10\/banner-Incontro.jpg\" \/>\n\t<meta property=\"og:image:width\" content=\"900\" \/>\n\t<meta property=\"og:image:height\" content=\"610\" \/>\n\t<meta property=\"og:image:type\" content=\"image\/jpeg\" \/>\n<meta name=\"author\" content=\"Comunicaciones\" \/>\n<meta name=\"twitter:card\" content=\"summary_large_image\" \/>\n<meta name=\"twitter:label1\" content=\"Escrito por\" \/>\n\t<meta name=\"twitter:data1\" content=\"Comunicaciones\" \/>\n\t<meta name=\"twitter:label2\" content=\"Tiempo de lectura\" \/>\n\t<meta name=\"twitter:data2\" content=\"3 minutos\" \/>\n<script type=\"application\/ld+json\" class=\"yoast-schema-graph\">{\"@context\":\"https:\/\/schema.org\",\"@graph\":[{\"@type\":\"Article\",\"@id\":\"https:\/\/www.scuola.cl\/sivm\/exitoso-edicion-incontro-corale\/#article\",\"isPartOf\":{\"@id\":\"https:\/\/www.scuola.cl\/sivm\/exitoso-edicion-incontro-corale\/\"},\"author\":{\"name\":\"Comunicaciones\",\"@id\":\"https:\/\/www.scuola.cl\/sivm\/#\/schema\/person\/2ac68abc1b548ee6d8e16c4d3727d1b2\"},\"headline\":\"Exitoso Incontro Corale\",\"datePublished\":\"2025-10-09T13:04:00+00:00\",\"dateModified\":\"2025-10-13T20:34:46+00:00\",\"mainEntityOfPage\":{\"@id\":\"https:\/\/www.scuola.cl\/sivm\/exitoso-edicion-incontro-corale\/\"},\"wordCount\":580,\"publisher\":{\"@id\":\"https:\/\/www.scuola.cl\/sivm\/#organization\"},\"image\":{\"@id\":\"https:\/\/www.scuola.cl\/sivm\/exitoso-edicion-incontro-corale\/#primaryimage\"},\"thumbnailUrl\":\"https:\/\/www.scuola.cl\/sivm\/wp-content\/uploads\/2025\/10\/banner-Incontro.jpg\",\"articleSection\":[\"Actividades\",\"Centro Cultural\",\"Cultura\",\"Noticias\"],\"inLanguage\":\"es\"},{\"@type\":\"WebPage\",\"@id\":\"https:\/\/www.scuola.cl\/sivm\/exitoso-edicion-incontro-corale\/\",\"url\":\"https:\/\/www.scuola.cl\/sivm\/exitoso-edicion-incontro-corale\/\",\"name\":\"Exitoso Incontro Corale - Scuola Italiana\",\"isPartOf\":{\"@id\":\"https:\/\/www.scuola.cl\/sivm\/#website\"},\"primaryImageOfPage\":{\"@id\":\"https:\/\/www.scuola.cl\/sivm\/exitoso-edicion-incontro-corale\/#primaryimage\"},\"image\":{\"@id\":\"https:\/\/www.scuola.cl\/sivm\/exitoso-edicion-incontro-corale\/#primaryimage\"},\"thumbnailUrl\":\"https:\/\/www.scuola.cl\/sivm\/wp-content\/uploads\/2025\/10\/banner-Incontro.jpg\",\"datePublished\":\"2025-10-09T13:04:00+00:00\",\"dateModified\":\"2025-10-13T20:34:46+00:00\",\"breadcrumb\":{\"@id\":\"https:\/\/www.scuola.cl\/sivm\/exitoso-edicion-incontro-corale\/#breadcrumb\"},\"inLanguage\":\"es\",\"potentialAction\":[{\"@type\":\"ReadAction\",\"target\":[\"https:\/\/www.scuola.cl\/sivm\/exitoso-edicion-incontro-corale\/\"]}]},{\"@type\":\"ImageObject\",\"inLanguage\":\"es\",\"@id\":\"https:\/\/www.scuola.cl\/sivm\/exitoso-edicion-incontro-corale\/#primaryimage\",\"url\":\"https:\/\/www.scuola.cl\/sivm\/wp-content\/uploads\/2025\/10\/banner-Incontro.jpg\",\"contentUrl\":\"https:\/\/www.scuola.cl\/sivm\/wp-content\/uploads\/2025\/10\/banner-Incontro.jpg\",\"width\":900,\"height\":610},{\"@type\":\"BreadcrumbList\",\"@id\":\"https:\/\/www.scuola.cl\/sivm\/exitoso-edicion-incontro-corale\/#breadcrumb\",\"itemListElement\":[{\"@type\":\"ListItem\",\"position\":1,\"name\":\"Inicio\",\"item\":\"https:\/\/www.scuola.cl\/sivm\/\"},{\"@type\":\"ListItem\",\"position\":2,\"name\":\"Actividades\",\"item\":\"https:\/\/www.scuola.cl\/sivm\/category\/actividades\/\"},{\"@type\":\"ListItem\",\"position\":3,\"name\":\"Exitoso Incontro Corale\"}]},{\"@type\":\"WebSite\",\"@id\":\"https:\/\/www.scuola.cl\/sivm\/#website\",\"url\":\"https:\/\/www.scuola.cl\/sivm\/\",\"name\":\"Scuola Italiana\",\"description\":\"Vittorio Montiglio\",\"publisher\":{\"@id\":\"https:\/\/www.scuola.cl\/sivm\/#organization\"},\"potentialAction\":[{\"@type\":\"SearchAction\",\"target\":{\"@type\":\"EntryPoint\",\"urlTemplate\":\"https:\/\/www.scuola.cl\/sivm\/?s={search_term_string}\"},\"query-input\":{\"@type\":\"PropertyValueSpecification\",\"valueRequired\":true,\"valueName\":\"search_term_string\"}}],\"inLanguage\":\"es\"},{\"@type\":\"Organization\",\"@id\":\"https:\/\/www.scuola.cl\/sivm\/#organization\",\"name\":\"Scuola Italiana Vittorio Montiglio\",\"url\":\"https:\/\/www.scuola.cl\/sivm\/\",\"logo\":{\"@type\":\"ImageObject\",\"inLanguage\":\"es\",\"@id\":\"https:\/\/www.scuola.cl\/sivm\/#\/schema\/logo\/image\/\",\"url\":\"https:\/\/www.scuola.cl\/sivm\/wp-content\/uploads\/2019\/06\/Logo_Scuola-01-001-1000x1000.png\",\"contentUrl\":\"https:\/\/www.scuola.cl\/sivm\/wp-content\/uploads\/2019\/06\/Logo_Scuola-01-001-1000x1000.png\",\"width\":1000,\"height\":1000,\"caption\":\"Scuola Italiana Vittorio Montiglio\"},\"image\":{\"@id\":\"https:\/\/www.scuola.cl\/sivm\/#\/schema\/logo\/image\/\"}},{\"@type\":\"Person\",\"@id\":\"https:\/\/www.scuola.cl\/sivm\/#\/schema\/person\/2ac68abc1b548ee6d8e16c4d3727d1b2\",\"name\":\"Comunicaciones\",\"image\":{\"@type\":\"ImageObject\",\"inLanguage\":\"es\",\"@id\":\"https:\/\/www.scuola.cl\/sivm\/#\/schema\/person\/image\/\",\"url\":\"https:\/\/secure.gravatar.com\/avatar\/0b29fd7cdce1ec9939eded19ce85d6ed73acf03fb52d098b0641aed356fe6aeb?s=96&d=mm&r=g\",\"contentUrl\":\"https:\/\/secure.gravatar.com\/avatar\/0b29fd7cdce1ec9939eded19ce85d6ed73acf03fb52d098b0641aed356fe6aeb?s=96&d=mm&r=g\",\"caption\":\"Comunicaciones\"},\"url\":\"https:\/\/www.scuola.cl\/sivm\/author\/comunicaciones-scuola\/\"}]}<\/script>\n<!-- \/ Yoast SEO plugin. -->","yoast_head_json":{"title":"Exitoso Incontro Corale - Scuola Italiana","robots":{"index":"index","follow":"follow","max-snippet":"max-snippet:-1","max-image-preview":"max-image-preview:large","max-video-preview":"max-video-preview:-1"},"canonical":"https:\/\/www.scuola.cl\/sivm\/exitoso-edicion-incontro-corale\/","og_locale":"es_ES","og_type":"article","og_title":"Exitoso Incontro Corale - Scuola Italiana","og_description":"El mi\u00e9rcoles 8 de octubre se realiz\u00f3 la 16\u00aa edici\u00f3n del Incontro Corale, una velada llena de m\u00fasica, amistad y emoci\u00f3n. La jornada comenz\u00f3 con una agradable convivencia entre los cuatro coros participantes.","og_url":"https:\/\/www.scuola.cl\/sivm\/exitoso-edicion-incontro-corale\/","og_site_name":"Scuola Italiana","article_published_time":"2025-10-09T13:04:00+00:00","article_modified_time":"2025-10-13T20:34:46+00:00","og_image":[{"width":900,"height":610,"url":"https:\/\/www.scuola.cl\/sivm\/wp-content\/uploads\/2025\/10\/banner-Incontro.jpg","type":"image\/jpeg"}],"author":"Comunicaciones","twitter_card":"summary_large_image","twitter_misc":{"Escrito por":"Comunicaciones","Tiempo de lectura":"3 minutos"},"schema":{"@context":"https:\/\/schema.org","@graph":[{"@type":"Article","@id":"https:\/\/www.scuola.cl\/sivm\/exitoso-edicion-incontro-corale\/#article","isPartOf":{"@id":"https:\/\/www.scuola.cl\/sivm\/exitoso-edicion-incontro-corale\/"},"author":{"name":"Comunicaciones","@id":"https:\/\/www.scuola.cl\/sivm\/#\/schema\/person\/2ac68abc1b548ee6d8e16c4d3727d1b2"},"headline":"Exitoso Incontro Corale","datePublished":"2025-10-09T13:04:00+00:00","dateModified":"2025-10-13T20:34:46+00:00","mainEntityOfPage":{"@id":"https:\/\/www.scuola.cl\/sivm\/exitoso-edicion-incontro-corale\/"},"wordCount":580,"publisher":{"@id":"https:\/\/www.scuola.cl\/sivm\/#organization"},"image":{"@id":"https:\/\/www.scuola.cl\/sivm\/exitoso-edicion-incontro-corale\/#primaryimage"},"thumbnailUrl":"https:\/\/www.scuola.cl\/sivm\/wp-content\/uploads\/2025\/10\/banner-Incontro.jpg","articleSection":["Actividades","Centro Cultural","Cultura","Noticias"],"inLanguage":"es"},{"@type":"WebPage","@id":"https:\/\/www.scuola.cl\/sivm\/exitoso-edicion-incontro-corale\/","url":"https:\/\/www.scuola.cl\/sivm\/exitoso-edicion-incontro-corale\/","name":"Exitoso Incontro Corale - Scuola Italiana","isPartOf":{"@id":"https:\/\/www.scuola.cl\/sivm\/#website"},"primaryImageOfPage":{"@id":"https:\/\/www.scuola.cl\/sivm\/exitoso-edicion-incontro-corale\/#primaryimage"},"image":{"@id":"https:\/\/www.scuola.cl\/sivm\/exitoso-edicion-incontro-corale\/#primaryimage"},"thumbnailUrl":"https:\/\/www.scuola.cl\/sivm\/wp-content\/uploads\/2025\/10\/banner-Incontro.jpg","datePublished":"2025-10-09T13:04:00+00:00","dateModified":"2025-10-13T20:34:46+00:00","breadcrumb":{"@id":"https:\/\/www.scuola.cl\/sivm\/exitoso-edicion-incontro-corale\/#breadcrumb"},"inLanguage":"es","potentialAction":[{"@type":"ReadAction","target":["https:\/\/www.scuola.cl\/sivm\/exitoso-edicion-incontro-corale\/"]}]},{"@type":"ImageObject","inLanguage":"es","@id":"https:\/\/www.scuola.cl\/sivm\/exitoso-edicion-incontro-corale\/#primaryimage","url":"https:\/\/www.scuola.cl\/sivm\/wp-content\/uploads\/2025\/10\/banner-Incontro.jpg","contentUrl":"https:\/\/www.scuola.cl\/sivm\/wp-content\/uploads\/2025\/10\/banner-Incontro.jpg","width":900,"height":610},{"@type":"BreadcrumbList","@id":"https:\/\/www.scuola.cl\/sivm\/exitoso-edicion-incontro-corale\/#breadcrumb","itemListElement":[{"@type":"ListItem","position":1,"name":"Inicio","item":"https:\/\/www.scuola.cl\/sivm\/"},{"@type":"ListItem","position":2,"name":"Actividades","item":"https:\/\/www.scuola.cl\/sivm\/category\/actividades\/"},{"@type":"ListItem","position":3,"name":"Exitoso Incontro Corale"}]},{"@type":"WebSite","@id":"https:\/\/www.scuola.cl\/sivm\/#website","url":"https:\/\/www.scuola.cl\/sivm\/","name":"Scuola Italiana","description":"Vittorio Montiglio","publisher":{"@id":"https:\/\/www.scuola.cl\/sivm\/#organization"},"potentialAction":[{"@type":"SearchAction","target":{"@type":"EntryPoint","urlTemplate":"https:\/\/www.scuola.cl\/sivm\/?s={search_term_string}"},"query-input":{"@type":"PropertyValueSpecification","valueRequired":true,"valueName":"search_term_string"}}],"inLanguage":"es"},{"@type":"Organization","@id":"https:\/\/www.scuola.cl\/sivm\/#organization","name":"Scuola Italiana Vittorio Montiglio","url":"https:\/\/www.scuola.cl\/sivm\/","logo":{"@type":"ImageObject","inLanguage":"es","@id":"https:\/\/www.scuola.cl\/sivm\/#\/schema\/logo\/image\/","url":"https:\/\/www.scuola.cl\/sivm\/wp-content\/uploads\/2019\/06\/Logo_Scuola-01-001-1000x1000.png","contentUrl":"https:\/\/www.scuola.cl\/sivm\/wp-content\/uploads\/2019\/06\/Logo_Scuola-01-001-1000x1000.png","width":1000,"height":1000,"caption":"Scuola Italiana Vittorio Montiglio"},"image":{"@id":"https:\/\/www.scuola.cl\/sivm\/#\/schema\/logo\/image\/"}},{"@type":"Person","@id":"https:\/\/www.scuola.cl\/sivm\/#\/schema\/person\/2ac68abc1b548ee6d8e16c4d3727d1b2","name":"Comunicaciones","image":{"@type":"ImageObject","inLanguage":"es","@id":"https:\/\/www.scuola.cl\/sivm\/#\/schema\/person\/image\/","url":"https:\/\/secure.gravatar.com\/avatar\/0b29fd7cdce1ec9939eded19ce85d6ed73acf03fb52d098b0641aed356fe6aeb?s=96&d=mm&r=g","contentUrl":"https:\/\/secure.gravatar.com\/avatar\/0b29fd7cdce1ec9939eded19ce85d6ed73acf03fb52d098b0641aed356fe6aeb?s=96&d=mm&r=g","caption":"Comunicaciones"},"url":"https:\/\/www.scuola.cl\/sivm\/author\/comunicaciones-scuola\/"}]}},"_links":{"self":[{"href":"https:\/\/www.scuola.cl\/sivm\/wp-json\/wp\/v2\/posts\/31151","targetHints":{"allow":["GET"]}}],"collection":[{"href":"https:\/\/www.scuola.cl\/sivm\/wp-json\/wp\/v2\/posts"}],"about":[{"href":"https:\/\/www.scuola.cl\/sivm\/wp-json\/wp\/v2\/types\/post"}],"author":[{"embeddable":true,"href":"https:\/\/www.scuola.cl\/sivm\/wp-json\/wp\/v2\/users\/2"}],"replies":[{"embeddable":true,"href":"https:\/\/www.scuola.cl\/sivm\/wp-json\/wp\/v2\/comments?post=31151"}],"version-history":[{"count":9,"href":"https:\/\/www.scuola.cl\/sivm\/wp-json\/wp\/v2\/posts\/31151\/revisions"}],"predecessor-version":[{"id":31217,"href":"https:\/\/www.scuola.cl\/sivm\/wp-json\/wp\/v2\/posts\/31151\/revisions\/31217"}],"wp:featuredmedia":[{"embeddable":true,"href":"https:\/\/www.scuola.cl\/sivm\/wp-json\/wp\/v2\/media\/31152"}],"wp:attachment":[{"href":"https:\/\/www.scuola.cl\/sivm\/wp-json\/wp\/v2\/media?parent=31151"}],"wp:term":[{"taxonomy":"category","embeddable":true,"href":"https:\/\/www.scuola.cl\/sivm\/wp-json\/wp\/v2\/categories?post=31151"},{"taxonomy":"post_tag","embeddable":true,"href":"https:\/\/www.scuola.cl\/sivm\/wp-json\/wp\/v2\/tags?post=31151"}],"curies":[{"name":"wp","href":"https:\/\/api.w.org\/{rel}","templated":true}]}}