{"id":30928,"date":"2025-09-25T08:58:29","date_gmt":"2025-09-25T11:58:29","guid":{"rendered":"https:\/\/www.scuola.cl\/sivm\/?p=30928"},"modified":"2025-09-29T15:32:45","modified_gmt":"2025-09-29T18:32:45","slug":"dos-funciones-exitosas-de-la-tirana","status":"publish","type":"post","link":"https:\/\/www.scuola.cl\/sivm\/dos-funciones-exitosas-de-la-tirana\/","title":{"rendered":"Dos funciones exitosas de \u201cLa Tirana\u201d"},"content":{"rendered":"\n<p data-start=\"98\" data-end=\"256\">El jueves 25 de septiembre vivimos dos presentaciones memorables de la obra de teatro musical La Tirana, a cargo de la reconocida compa\u00f1\u00eda Tryo Teatro Banda. Una experiencia art\u00edstica y educativa que nos permiti\u00f3 cerrar las actividades del Mes de la Chilenidad.<\/p>\n<p data-start=\"258\" data-end=\"666\">En la ma\u00f1ana, nuestros alumnos de distintos niveles gozaron con un montaje din\u00e1mico, alegre y lleno de humor. Adem\u00e1s de las encantadoras actuaciones, pudieron aprender sobre la historia, gracias a una propuesta que combina lo educativo con lo art\u00edstico, acercando con ingenio y talento episodios relevantes de nuestro pa\u00eds; en este caso, el origen de una de las fiestas religiosas m\u00e1s importantes de Chile.<\/p>\n<p data-start=\"668\" data-end=\"829\">Por la noche, fue el turno de la comunidad en general, que ovacion\u00f3 con prolongados aplausos una puesta en escena vibrante, cargada de m\u00fasica, humor y energ\u00eda.<\/p>\n<p data-start=\"831\" data-end=\"1062\">Estas funciones no solo fueron un espacio de disfrute cultural, sino tambi\u00e9n una oportunidad para compartir y valorar nuestras tradiciones, confirmando una vez m\u00e1s el valor del arte para educar, emocionar y reunir a la comunidad.<\/p>\n<p data-start=\"831\" data-end=\"1062\"><a href=\"https:\/\/drive.google.com\/drive\/folders\/12iStNp_tJkSoE0lxN2JPo9e6Y-OcqLRa?usp=drive_link\" target=\"_blank\" rel=\"noopener\">Ver fotos<\/a><\/p>\n<hr \/>\n<p data-start=\"831\" data-end=\"1062\">\u00a0<\/p>\n<p>Gioved\u00ec 25 settembre abbiamo assistito a due memorabili esibizioni del musical La Tirana, a cura della\u00a0 compagnia Tryo Teatro Banda. Un&#8217;esperienza artistica e educativa che ci ha permesso di chiudere le attivit\u00e0 del Mese della \u00abChilenidad\u00bb.<\/p>\n<p>Al mattino, i nostri studenti di diversi livelli hanno goduto di un montaggio dinamico, allegro e pieno di umorismo. Oltre alle affascinanti esibizioni, hanno potuto conoscere la storia, grazie a una proposta che combina l&#8217;educativo con l&#8217;artistico, avvicinando con ingegno e talento episodi rilevanti del nostro paese; in questo caso, l&#8217;origine di una delle feste religiose pi\u00f9 importanti del Cile.<\/p>\n<p>La sera \u00e8 stato il turno della comunit\u00e0 in generale, che ha applaudito con prolungati applausi una messa in scena vibrante, carica di musica, umorismo ed energia.<\/p>\n<p>Queste funzioni non sono state solo uno spazio di godimento culturale, ma anche un&#8217;opportunit\u00e0 per condividere e valorizzare le nostre tradizioni, confermando ancora una volta il valore dell&#8217;arte per educare, emozionare e riunire la comunit\u00e0.<\/p>\n<p data-start=\"831\" data-end=\"1062\"><img loading=\"lazy\" decoding=\"async\" width=\"700\" height=\"474\" class=\"alignnone size-large wp-image-30929\" src=\"https:\/\/www.scuola.cl\/sivm\/wp-content\/uploads\/2025\/09\/Banner-Tirana-1-700x474.jpg\" alt=\"\" srcset=\"https:\/\/www.scuola.cl\/sivm\/wp-content\/uploads\/2025\/09\/Banner-Tirana-1-700x474.jpg 700w, https:\/\/www.scuola.cl\/sivm\/wp-content\/uploads\/2025\/09\/Banner-Tirana-1-250x169.jpg 250w, https:\/\/www.scuola.cl\/sivm\/wp-content\/uploads\/2025\/09\/Banner-Tirana-1-768x521.jpg 768w, https:\/\/www.scuola.cl\/sivm\/wp-content\/uploads\/2025\/09\/Banner-Tirana-1-120x81.jpg 120w, https:\/\/www.scuola.cl\/sivm\/wp-content\/uploads\/2025\/09\/Banner-Tirana-1.jpg 900w\" sizes=\"auto, (max-width: 700px) 100vw, 700px\" \/><\/p>\n<p data-start=\"555\" data-end=\"709\">\u00a0<\/p>\n<p data-start=\"711\" data-end=\"856\">\u00a0<\/p>\n","protected":false},"excerpt":{"rendered":"El jueves 25 de septiembre en el Teatro Giuseppe Verdi  vivimos dos presentaciones memorables de la obra de teatro musical La Tirana, a cargo de la reconocida compa\u00f1\u00eda Tryo Teatro Banda. ","protected":false},"author":2,"featured_media":30929,"comment_status":"closed","ping_status":"closed","sticky":false,"template":"","format":"standard","meta":{"_acf_changed":false,"footnotes":""},"categories":[6,18,22,5],"tags":[],"class_list":["post-30928","post","type-post","status-publish","format-standard","has-post-thumbnail","hentry","category-actividades","category-centrocultural","category-cultura","category-noticias"],"acf":[],"yoast_head":"<!-- This site is optimized with the Yoast SEO plugin v27.1.1 - https:\/\/yoast.com\/product\/yoast-seo-wordpress\/ -->\n<title>Dos funciones exitosas de \u201cLa Tirana\u201d - Scuola Italiana<\/title>\n<meta name=\"robots\" content=\"index, follow, max-snippet:-1, max-image-preview:large, max-video-preview:-1\" \/>\n<link rel=\"canonical\" href=\"https:\/\/www.scuola.cl\/sivm\/dos-funciones-exitosas-de-la-tirana\/\" \/>\n<meta property=\"og:locale\" content=\"es_ES\" \/>\n<meta property=\"og:type\" content=\"article\" \/>\n<meta property=\"og:title\" content=\"Dos funciones exitosas de \u201cLa Tirana\u201d - Scuola Italiana\" \/>\n<meta property=\"og:description\" content=\"El jueves 25 de septiembre en el Teatro Giuseppe Verdi vivimos dos presentaciones memorables de la obra de teatro musical La Tirana, a cargo de la reconocida compa\u00f1\u00eda Tryo Teatro Banda.\" \/>\n<meta property=\"og:url\" content=\"https:\/\/www.scuola.cl\/sivm\/dos-funciones-exitosas-de-la-tirana\/\" \/>\n<meta property=\"og:site_name\" content=\"Scuola Italiana\" \/>\n<meta property=\"article:published_time\" content=\"2025-09-25T11:58:29+00:00\" \/>\n<meta property=\"article:modified_time\" content=\"2025-09-29T18:32:45+00:00\" \/>\n<meta property=\"og:image\" content=\"https:\/\/www.scuola.cl\/sivm\/wp-content\/uploads\/2025\/09\/Banner-Tirana-1.jpg\" \/>\n\t<meta property=\"og:image:width\" content=\"900\" \/>\n\t<meta property=\"og:image:height\" content=\"610\" \/>\n\t<meta property=\"og:image:type\" content=\"image\/jpeg\" \/>\n<meta name=\"author\" content=\"Comunicaciones\" \/>\n<meta name=\"twitter:card\" content=\"summary_large_image\" \/>\n<meta name=\"twitter:label1\" content=\"Escrito por\" \/>\n\t<meta name=\"twitter:data1\" content=\"Comunicaciones\" \/>\n\t<meta name=\"twitter:label2\" content=\"Tiempo de lectura\" \/>\n\t<meta name=\"twitter:data2\" content=\"2 minutos\" \/>\n<script type=\"application\/ld+json\" class=\"yoast-schema-graph\">{\"@context\":\"https:\/\/schema.org\",\"@graph\":[{\"@type\":\"Article\",\"@id\":\"https:\/\/www.scuola.cl\/sivm\/dos-funciones-exitosas-de-la-tirana\/#article\",\"isPartOf\":{\"@id\":\"https:\/\/www.scuola.cl\/sivm\/dos-funciones-exitosas-de-la-tirana\/\"},\"author\":{\"name\":\"Comunicaciones\",\"@id\":\"https:\/\/www.scuola.cl\/sivm\/#\/schema\/person\/2ac68abc1b548ee6d8e16c4d3727d1b2\"},\"headline\":\"Dos funciones exitosas de \u201cLa Tirana\u201d\",\"datePublished\":\"2025-09-25T11:58:29+00:00\",\"dateModified\":\"2025-09-29T18:32:45+00:00\",\"mainEntityOfPage\":{\"@id\":\"https:\/\/www.scuola.cl\/sivm\/dos-funciones-exitosas-de-la-tirana\/\"},\"wordCount\":344,\"publisher\":{\"@id\":\"https:\/\/www.scuola.cl\/sivm\/#organization\"},\"image\":{\"@id\":\"https:\/\/www.scuola.cl\/sivm\/dos-funciones-exitosas-de-la-tirana\/#primaryimage\"},\"thumbnailUrl\":\"https:\/\/www.scuola.cl\/sivm\/wp-content\/uploads\/2025\/09\/Banner-Tirana-1.jpg\",\"articleSection\":[\"Actividades\",\"Centro Cultural\",\"Cultura\",\"Noticias\"],\"inLanguage\":\"es\"},{\"@type\":\"WebPage\",\"@id\":\"https:\/\/www.scuola.cl\/sivm\/dos-funciones-exitosas-de-la-tirana\/\",\"url\":\"https:\/\/www.scuola.cl\/sivm\/dos-funciones-exitosas-de-la-tirana\/\",\"name\":\"Dos funciones exitosas de \u201cLa Tirana\u201d - Scuola Italiana\",\"isPartOf\":{\"@id\":\"https:\/\/www.scuola.cl\/sivm\/#website\"},\"primaryImageOfPage\":{\"@id\":\"https:\/\/www.scuola.cl\/sivm\/dos-funciones-exitosas-de-la-tirana\/#primaryimage\"},\"image\":{\"@id\":\"https:\/\/www.scuola.cl\/sivm\/dos-funciones-exitosas-de-la-tirana\/#primaryimage\"},\"thumbnailUrl\":\"https:\/\/www.scuola.cl\/sivm\/wp-content\/uploads\/2025\/09\/Banner-Tirana-1.jpg\",\"datePublished\":\"2025-09-25T11:58:29+00:00\",\"dateModified\":\"2025-09-29T18:32:45+00:00\",\"breadcrumb\":{\"@id\":\"https:\/\/www.scuola.cl\/sivm\/dos-funciones-exitosas-de-la-tirana\/#breadcrumb\"},\"inLanguage\":\"es\",\"potentialAction\":[{\"@type\":\"ReadAction\",\"target\":[\"https:\/\/www.scuola.cl\/sivm\/dos-funciones-exitosas-de-la-tirana\/\"]}]},{\"@type\":\"ImageObject\",\"inLanguage\":\"es\",\"@id\":\"https:\/\/www.scuola.cl\/sivm\/dos-funciones-exitosas-de-la-tirana\/#primaryimage\",\"url\":\"https:\/\/www.scuola.cl\/sivm\/wp-content\/uploads\/2025\/09\/Banner-Tirana-1.jpg\",\"contentUrl\":\"https:\/\/www.scuola.cl\/sivm\/wp-content\/uploads\/2025\/09\/Banner-Tirana-1.jpg\",\"width\":900,\"height\":610},{\"@type\":\"BreadcrumbList\",\"@id\":\"https:\/\/www.scuola.cl\/sivm\/dos-funciones-exitosas-de-la-tirana\/#breadcrumb\",\"itemListElement\":[{\"@type\":\"ListItem\",\"position\":1,\"name\":\"Inicio\",\"item\":\"https:\/\/www.scuola.cl\/sivm\/\"},{\"@type\":\"ListItem\",\"position\":2,\"name\":\"Actividades\",\"item\":\"https:\/\/www.scuola.cl\/sivm\/category\/actividades\/\"},{\"@type\":\"ListItem\",\"position\":3,\"name\":\"Dos funciones exitosas de \u201cLa Tirana\u201d\"}]},{\"@type\":\"WebSite\",\"@id\":\"https:\/\/www.scuola.cl\/sivm\/#website\",\"url\":\"https:\/\/www.scuola.cl\/sivm\/\",\"name\":\"Scuola Italiana\",\"description\":\"Vittorio Montiglio\",\"publisher\":{\"@id\":\"https:\/\/www.scuola.cl\/sivm\/#organization\"},\"potentialAction\":[{\"@type\":\"SearchAction\",\"target\":{\"@type\":\"EntryPoint\",\"urlTemplate\":\"https:\/\/www.scuola.cl\/sivm\/?s={search_term_string}\"},\"query-input\":{\"@type\":\"PropertyValueSpecification\",\"valueRequired\":true,\"valueName\":\"search_term_string\"}}],\"inLanguage\":\"es\"},{\"@type\":\"Organization\",\"@id\":\"https:\/\/www.scuola.cl\/sivm\/#organization\",\"name\":\"Scuola Italiana Vittorio Montiglio\",\"url\":\"https:\/\/www.scuola.cl\/sivm\/\",\"logo\":{\"@type\":\"ImageObject\",\"inLanguage\":\"es\",\"@id\":\"https:\/\/www.scuola.cl\/sivm\/#\/schema\/logo\/image\/\",\"url\":\"https:\/\/www.scuola.cl\/sivm\/wp-content\/uploads\/2019\/06\/Logo_Scuola-01-001-1000x1000.png\",\"contentUrl\":\"https:\/\/www.scuola.cl\/sivm\/wp-content\/uploads\/2019\/06\/Logo_Scuola-01-001-1000x1000.png\",\"width\":1000,\"height\":1000,\"caption\":\"Scuola Italiana Vittorio Montiglio\"},\"image\":{\"@id\":\"https:\/\/www.scuola.cl\/sivm\/#\/schema\/logo\/image\/\"}},{\"@type\":\"Person\",\"@id\":\"https:\/\/www.scuola.cl\/sivm\/#\/schema\/person\/2ac68abc1b548ee6d8e16c4d3727d1b2\",\"name\":\"Comunicaciones\",\"image\":{\"@type\":\"ImageObject\",\"inLanguage\":\"es\",\"@id\":\"https:\/\/www.scuola.cl\/sivm\/#\/schema\/person\/image\/\",\"url\":\"https:\/\/secure.gravatar.com\/avatar\/0b29fd7cdce1ec9939eded19ce85d6ed73acf03fb52d098b0641aed356fe6aeb?s=96&d=mm&r=g\",\"contentUrl\":\"https:\/\/secure.gravatar.com\/avatar\/0b29fd7cdce1ec9939eded19ce85d6ed73acf03fb52d098b0641aed356fe6aeb?s=96&d=mm&r=g\",\"caption\":\"Comunicaciones\"},\"url\":\"https:\/\/www.scuola.cl\/sivm\/author\/comunicaciones-scuola\/\"}]}<\/script>\n<!-- \/ Yoast SEO plugin. -->","yoast_head_json":{"title":"Dos funciones exitosas de \u201cLa Tirana\u201d - Scuola Italiana","robots":{"index":"index","follow":"follow","max-snippet":"max-snippet:-1","max-image-preview":"max-image-preview:large","max-video-preview":"max-video-preview:-1"},"canonical":"https:\/\/www.scuola.cl\/sivm\/dos-funciones-exitosas-de-la-tirana\/","og_locale":"es_ES","og_type":"article","og_title":"Dos funciones exitosas de \u201cLa Tirana\u201d - Scuola Italiana","og_description":"El jueves 25 de septiembre en el Teatro Giuseppe Verdi vivimos dos presentaciones memorables de la obra de teatro musical La Tirana, a cargo de la reconocida compa\u00f1\u00eda Tryo Teatro Banda.","og_url":"https:\/\/www.scuola.cl\/sivm\/dos-funciones-exitosas-de-la-tirana\/","og_site_name":"Scuola Italiana","article_published_time":"2025-09-25T11:58:29+00:00","article_modified_time":"2025-09-29T18:32:45+00:00","og_image":[{"width":900,"height":610,"url":"https:\/\/www.scuola.cl\/sivm\/wp-content\/uploads\/2025\/09\/Banner-Tirana-1.jpg","type":"image\/jpeg"}],"author":"Comunicaciones","twitter_card":"summary_large_image","twitter_misc":{"Escrito por":"Comunicaciones","Tiempo de lectura":"2 minutos"},"schema":{"@context":"https:\/\/schema.org","@graph":[{"@type":"Article","@id":"https:\/\/www.scuola.cl\/sivm\/dos-funciones-exitosas-de-la-tirana\/#article","isPartOf":{"@id":"https:\/\/www.scuola.cl\/sivm\/dos-funciones-exitosas-de-la-tirana\/"},"author":{"name":"Comunicaciones","@id":"https:\/\/www.scuola.cl\/sivm\/#\/schema\/person\/2ac68abc1b548ee6d8e16c4d3727d1b2"},"headline":"Dos funciones exitosas de \u201cLa Tirana\u201d","datePublished":"2025-09-25T11:58:29+00:00","dateModified":"2025-09-29T18:32:45+00:00","mainEntityOfPage":{"@id":"https:\/\/www.scuola.cl\/sivm\/dos-funciones-exitosas-de-la-tirana\/"},"wordCount":344,"publisher":{"@id":"https:\/\/www.scuola.cl\/sivm\/#organization"},"image":{"@id":"https:\/\/www.scuola.cl\/sivm\/dos-funciones-exitosas-de-la-tirana\/#primaryimage"},"thumbnailUrl":"https:\/\/www.scuola.cl\/sivm\/wp-content\/uploads\/2025\/09\/Banner-Tirana-1.jpg","articleSection":["Actividades","Centro Cultural","Cultura","Noticias"],"inLanguage":"es"},{"@type":"WebPage","@id":"https:\/\/www.scuola.cl\/sivm\/dos-funciones-exitosas-de-la-tirana\/","url":"https:\/\/www.scuola.cl\/sivm\/dos-funciones-exitosas-de-la-tirana\/","name":"Dos funciones exitosas de \u201cLa Tirana\u201d - Scuola Italiana","isPartOf":{"@id":"https:\/\/www.scuola.cl\/sivm\/#website"},"primaryImageOfPage":{"@id":"https:\/\/www.scuola.cl\/sivm\/dos-funciones-exitosas-de-la-tirana\/#primaryimage"},"image":{"@id":"https:\/\/www.scuola.cl\/sivm\/dos-funciones-exitosas-de-la-tirana\/#primaryimage"},"thumbnailUrl":"https:\/\/www.scuola.cl\/sivm\/wp-content\/uploads\/2025\/09\/Banner-Tirana-1.jpg","datePublished":"2025-09-25T11:58:29+00:00","dateModified":"2025-09-29T18:32:45+00:00","breadcrumb":{"@id":"https:\/\/www.scuola.cl\/sivm\/dos-funciones-exitosas-de-la-tirana\/#breadcrumb"},"inLanguage":"es","potentialAction":[{"@type":"ReadAction","target":["https:\/\/www.scuola.cl\/sivm\/dos-funciones-exitosas-de-la-tirana\/"]}]},{"@type":"ImageObject","inLanguage":"es","@id":"https:\/\/www.scuola.cl\/sivm\/dos-funciones-exitosas-de-la-tirana\/#primaryimage","url":"https:\/\/www.scuola.cl\/sivm\/wp-content\/uploads\/2025\/09\/Banner-Tirana-1.jpg","contentUrl":"https:\/\/www.scuola.cl\/sivm\/wp-content\/uploads\/2025\/09\/Banner-Tirana-1.jpg","width":900,"height":610},{"@type":"BreadcrumbList","@id":"https:\/\/www.scuola.cl\/sivm\/dos-funciones-exitosas-de-la-tirana\/#breadcrumb","itemListElement":[{"@type":"ListItem","position":1,"name":"Inicio","item":"https:\/\/www.scuola.cl\/sivm\/"},{"@type":"ListItem","position":2,"name":"Actividades","item":"https:\/\/www.scuola.cl\/sivm\/category\/actividades\/"},{"@type":"ListItem","position":3,"name":"Dos funciones exitosas de \u201cLa Tirana\u201d"}]},{"@type":"WebSite","@id":"https:\/\/www.scuola.cl\/sivm\/#website","url":"https:\/\/www.scuola.cl\/sivm\/","name":"Scuola Italiana","description":"Vittorio Montiglio","publisher":{"@id":"https:\/\/www.scuola.cl\/sivm\/#organization"},"potentialAction":[{"@type":"SearchAction","target":{"@type":"EntryPoint","urlTemplate":"https:\/\/www.scuola.cl\/sivm\/?s={search_term_string}"},"query-input":{"@type":"PropertyValueSpecification","valueRequired":true,"valueName":"search_term_string"}}],"inLanguage":"es"},{"@type":"Organization","@id":"https:\/\/www.scuola.cl\/sivm\/#organization","name":"Scuola Italiana Vittorio Montiglio","url":"https:\/\/www.scuola.cl\/sivm\/","logo":{"@type":"ImageObject","inLanguage":"es","@id":"https:\/\/www.scuola.cl\/sivm\/#\/schema\/logo\/image\/","url":"https:\/\/www.scuola.cl\/sivm\/wp-content\/uploads\/2019\/06\/Logo_Scuola-01-001-1000x1000.png","contentUrl":"https:\/\/www.scuola.cl\/sivm\/wp-content\/uploads\/2019\/06\/Logo_Scuola-01-001-1000x1000.png","width":1000,"height":1000,"caption":"Scuola Italiana Vittorio Montiglio"},"image":{"@id":"https:\/\/www.scuola.cl\/sivm\/#\/schema\/logo\/image\/"}},{"@type":"Person","@id":"https:\/\/www.scuola.cl\/sivm\/#\/schema\/person\/2ac68abc1b548ee6d8e16c4d3727d1b2","name":"Comunicaciones","image":{"@type":"ImageObject","inLanguage":"es","@id":"https:\/\/www.scuola.cl\/sivm\/#\/schema\/person\/image\/","url":"https:\/\/secure.gravatar.com\/avatar\/0b29fd7cdce1ec9939eded19ce85d6ed73acf03fb52d098b0641aed356fe6aeb?s=96&d=mm&r=g","contentUrl":"https:\/\/secure.gravatar.com\/avatar\/0b29fd7cdce1ec9939eded19ce85d6ed73acf03fb52d098b0641aed356fe6aeb?s=96&d=mm&r=g","caption":"Comunicaciones"},"url":"https:\/\/www.scuola.cl\/sivm\/author\/comunicaciones-scuola\/"}]}},"_links":{"self":[{"href":"https:\/\/www.scuola.cl\/sivm\/wp-json\/wp\/v2\/posts\/30928","targetHints":{"allow":["GET"]}}],"collection":[{"href":"https:\/\/www.scuola.cl\/sivm\/wp-json\/wp\/v2\/posts"}],"about":[{"href":"https:\/\/www.scuola.cl\/sivm\/wp-json\/wp\/v2\/types\/post"}],"author":[{"embeddable":true,"href":"https:\/\/www.scuola.cl\/sivm\/wp-json\/wp\/v2\/users\/2"}],"replies":[{"embeddable":true,"href":"https:\/\/www.scuola.cl\/sivm\/wp-json\/wp\/v2\/comments?post=30928"}],"version-history":[{"count":4,"href":"https:\/\/www.scuola.cl\/sivm\/wp-json\/wp\/v2\/posts\/30928\/revisions"}],"predecessor-version":[{"id":30978,"href":"https:\/\/www.scuola.cl\/sivm\/wp-json\/wp\/v2\/posts\/30928\/revisions\/30978"}],"wp:featuredmedia":[{"embeddable":true,"href":"https:\/\/www.scuola.cl\/sivm\/wp-json\/wp\/v2\/media\/30929"}],"wp:attachment":[{"href":"https:\/\/www.scuola.cl\/sivm\/wp-json\/wp\/v2\/media?parent=30928"}],"wp:term":[{"taxonomy":"category","embeddable":true,"href":"https:\/\/www.scuola.cl\/sivm\/wp-json\/wp\/v2\/categories?post=30928"},{"taxonomy":"post_tag","embeddable":true,"href":"https:\/\/www.scuola.cl\/sivm\/wp-json\/wp\/v2\/tags?post=30928"}],"curies":[{"name":"wp","href":"https:\/\/api.w.org\/{rel}","templated":true}]}}