{"id":30838,"date":"2025-09-22T10:40:11","date_gmt":"2025-09-22T13:40:11","guid":{"rendered":"https:\/\/www.scuola.cl\/sivm\/?p=30838"},"modified":"2025-10-08T18:06:08","modified_gmt":"2025-10-08T21:06:08","slug":"16-incontro-corale","status":"publish","type":"post","link":"https:\/\/www.scuola.cl\/sivm\/16-incontro-corale\/","title":{"rendered":"16\u00b0 Incontro Corale"},"content":{"rendered":"\n<p>Los invitamos cordialmente a la 16\u00aa edici\u00f3n del Incontro Corale, que se llevar\u00e1 a cabo el mi\u00e9rcoles 8 de octubre a las 19:30 horas en el Teatro Giuseppe Verdi. La entrada es gratuita y abierta a todo p\u00fablico.<\/p>\n<p>Este encuentro, ya consolidado como una tradici\u00f3n en nuestra comunidad, es organizado por el Coro de Apoderados de la Scuola, bajo la direcci\u00f3n de la profesora Carolina Aguayo, con el apoyo del Centro Culturale Scuola.<\/p>\n<p>Cada a\u00f1o, este evento re\u00fane a destacadas agrupaciones corales de todo el pa\u00eds, ofreciendo un espacio para disfrutar de la armon\u00eda, la belleza y la emoci\u00f3n que solo el canto coral puede transmitir.<\/p>\n<p><strong>En esta ocasi\u00f3n contaremos con la participaci\u00f3n de los siguientes coros:<\/strong><\/p>\n<p><strong>\u2022 Coro Goodyear:<\/strong> Agrupaci\u00f3n con 60 a\u00f1os de trayectoria, cuyo repertorio abarca desde lo cl\u00e1sico hasta lo folcl\u00f3rico. Director: Juan Arroyo C.<\/p>\n<p><strong>\u2022 Coro de la Cepal: <\/strong>Agrupaci\u00f3n con 70 a\u00f1os de trayectoria,\u00a0 cuyos integrantes han sido funcionarios de la Cepal. Director Juan Pablo Villaroel.<\/p>\n<p><strong>\u2022 Coro en\u00b4canto Mozartiano:<\/strong> <span class=\"a_GcMg font-feature-liga-off font-feature-clig-off font-feature-calt-off text-decoration-none text-strikethrough-none\">Conjunto coral fundado en 2018 en Maip\u00fa, integrado por exintegrantes de coros infantiles de los a\u00f1os \u201980 y \u201990 que retomaron su pasi\u00f3n por el canto. Ensayan semanalmente , interpretando un repertorio variado que abarca m\u00fasica docta, popular, espirituals y temas de cine y teatro musical. Director: Gast\u00f3n Abarz\u00faa Lara.<\/span><\/p>\n<p><strong>\u2022 Coro dei Genitori della Scuola Italiana \u201cVittorio Montiglio\u201d<\/strong>: Fundado en 2008, surge con el prop\u00f3sito de reunir a apoderados, funcionarios y exalumnos con deseos de cantar, convirti\u00e9ndose en una agrupaci\u00f3n permanente que representa a nuestra instituci\u00f3n en el \u00e1mbito musical y cultural. Actualmente es dirigido por la maestra Carolina Aguayo.<\/p>\n<p>\u00a1Los esperamos!<\/p>\n<hr \/>\n<p>\u00a0<\/p>\n<p>Vi invitiamo cordialmente alla 16a edizione del Incontro Corale, che si svolger\u00e0 mercoled\u00ec 8 ottobre alle ore 19.30 presso il Teatro Giuseppe Verdi. L&#8217;ingresso \u00e8 gratuito e aperto a tutti.<br \/>Questo incontro, ormai consolidato come tradizione nella nostra comunit\u00e0, \u00e8 organizzato dal Coro dei Delegati della Scuola, sotto la direzione della professoressa Carolina Aguayo, con il sostegno del Centro Culturale Scuola.<\/p>\n<p>Ogni anno, questo evento riunisce importanti gruppi corali provenienti da tutto il paese, offrendo uno spazio per godere dell&#8217;armonia, la bellezza e l&#8217;emozione che solo il canto corale pu\u00f2 trasmettere.<\/p>\n<p>In questa occasione avremo la partecipazione dei seguenti cori:<br \/>\u2022 <strong>Coro Goodyear:<\/strong> gruppo con 60 anni di carriera, il cui repertorio spazia dal classico al folclore. Direttore: Juan Arroyo C.<br \/>\u2022 <strong>Coro della Cepal: <\/strong>Gruppo con 70 anni di attivit\u00e0, i cui membri sono stati funzionari della Cepal. Direttore Juan Pablo Villarroel.<br \/>\u2022 <strong>Coro Coro En\u00b4 Canto Mozartiano:<\/strong> Nasce come eredit\u00e0 del Coro di Padri e Delegati del Collegio Wolfgang Amadeus Mozart, fondato nel 1995. Dal 1998 \u00e8 diretto da Gast\u00f3n Abarz\u00faa Lara.<br \/>\u2022 <strong>Coro dei Genitori della Scuola Italiana \u00abVittorio Montiglio\u00bb<\/strong>: Fondato nel 2008, nasce con lo scopo di riunire delegati, funzionari ed ex alunni desiderosi di cantare, diventando un gruppo permanente che rappresenta la nostra istituzione in ambito musicale e culturale. Attualmente \u00e8 diretto dalla maestra Carolina Aguayo.<\/p>\n<p>Vi stiamo aspettando!<\/p>\n<p><img loading=\"lazy\" decoding=\"async\" width=\"700\" height=\"474\" class=\"alignnone size-large wp-image-30948\" src=\"https:\/\/www.scuola.cl\/sivm\/wp-content\/uploads\/2025\/09\/4-1-700x474.jpg\" alt=\"\" srcset=\"https:\/\/www.scuola.cl\/sivm\/wp-content\/uploads\/2025\/09\/4-1-700x474.jpg 700w, https:\/\/www.scuola.cl\/sivm\/wp-content\/uploads\/2025\/09\/4-1-250x169.jpg 250w, https:\/\/www.scuola.cl\/sivm\/wp-content\/uploads\/2025\/09\/4-1-768x521.jpg 768w, https:\/\/www.scuola.cl\/sivm\/wp-content\/uploads\/2025\/09\/4-1-120x81.jpg 120w, https:\/\/www.scuola.cl\/sivm\/wp-content\/uploads\/2025\/09\/4-1.jpg 900w\" sizes=\"auto, (max-width: 700px) 100vw, 700px\" \/><\/p>\n<p>\u00a0<\/p>\n<p>\u00a0<\/p>\n\n\n","protected":false},"excerpt":{"rendered":"Los invitamos cordialmente a la 16\u00aa edici\u00f3n del Incontro Corale, que se llevar\u00e1 a cabo el mi\u00e9rcoles 8 de octubre a las 19:30 horas en el Teatro Giuseppe Verdi. La entrada es gratuita y abierta a todo p\u00fablico.","protected":false},"author":2,"featured_media":30948,"comment_status":"closed","ping_status":"closed","sticky":false,"template":"","format":"standard","meta":{"_acf_changed":false,"footnotes":""},"categories":[6,18,36,22],"tags":[],"class_list":["post-30838","post","type-post","status-publish","format-standard","has-post-thumbnail","hentry","category-actividades","category-centrocultural","category-coro-scuola","category-cultura"],"acf":[],"yoast_head":"<!-- This site is optimized with the Yoast SEO plugin v27.1.1 - https:\/\/yoast.com\/product\/yoast-seo-wordpress\/ -->\n<title>16\u00b0 Incontro Corale - Scuola Italiana<\/title>\n<meta name=\"robots\" content=\"index, follow, max-snippet:-1, max-image-preview:large, max-video-preview:-1\" \/>\n<link rel=\"canonical\" href=\"https:\/\/www.scuola.cl\/sivm\/16-incontro-corale\/\" \/>\n<meta property=\"og:locale\" content=\"es_ES\" \/>\n<meta property=\"og:type\" content=\"article\" \/>\n<meta property=\"og:title\" content=\"16\u00b0 Incontro Corale - Scuola Italiana\" \/>\n<meta property=\"og:description\" content=\"Los invitamos cordialmente a la 16\u00aa edici\u00f3n del Incontro Corale, que se llevar\u00e1 a cabo el mi\u00e9rcoles 8 de octubre a las 19:30 horas en el Teatro Giuseppe Verdi. La entrada es gratuita y abierta a todo p\u00fablico.\" \/>\n<meta property=\"og:url\" content=\"https:\/\/www.scuola.cl\/sivm\/16-incontro-corale\/\" \/>\n<meta property=\"og:site_name\" content=\"Scuola Italiana\" \/>\n<meta property=\"article:published_time\" content=\"2025-09-22T13:40:11+00:00\" \/>\n<meta property=\"article:modified_time\" content=\"2025-10-08T21:06:08+00:00\" \/>\n<meta property=\"og:image\" content=\"https:\/\/www.scuola.cl\/sivm\/wp-content\/uploads\/2025\/09\/4-1.jpg\" \/>\n\t<meta property=\"og:image:width\" content=\"900\" \/>\n\t<meta property=\"og:image:height\" content=\"610\" \/>\n\t<meta property=\"og:image:type\" content=\"image\/jpeg\" \/>\n<meta name=\"author\" content=\"Comunicaciones\" \/>\n<meta name=\"twitter:card\" content=\"summary_large_image\" \/>\n<meta name=\"twitter:label1\" content=\"Escrito por\" \/>\n\t<meta name=\"twitter:data1\" content=\"Comunicaciones\" \/>\n\t<meta name=\"twitter:label2\" content=\"Tiempo de lectura\" \/>\n\t<meta name=\"twitter:data2\" content=\"3 minutos\" \/>\n<script type=\"application\/ld+json\" class=\"yoast-schema-graph\">{\"@context\":\"https:\/\/schema.org\",\"@graph\":[{\"@type\":\"Article\",\"@id\":\"https:\/\/www.scuola.cl\/sivm\/16-incontro-corale\/#article\",\"isPartOf\":{\"@id\":\"https:\/\/www.scuola.cl\/sivm\/16-incontro-corale\/\"},\"author\":{\"name\":\"Comunicaciones\",\"@id\":\"https:\/\/www.scuola.cl\/sivm\/#\/schema\/person\/2ac68abc1b548ee6d8e16c4d3727d1b2\"},\"headline\":\"16\u00b0 Incontro Corale\",\"datePublished\":\"2025-09-22T13:40:11+00:00\",\"dateModified\":\"2025-10-08T21:06:08+00:00\",\"mainEntityOfPage\":{\"@id\":\"https:\/\/www.scuola.cl\/sivm\/16-incontro-corale\/\"},\"wordCount\":496,\"publisher\":{\"@id\":\"https:\/\/www.scuola.cl\/sivm\/#organization\"},\"image\":{\"@id\":\"https:\/\/www.scuola.cl\/sivm\/16-incontro-corale\/#primaryimage\"},\"thumbnailUrl\":\"https:\/\/www.scuola.cl\/sivm\/wp-content\/uploads\/2025\/09\/4-1.jpg\",\"articleSection\":[\"Actividades\",\"Centro Cultural\",\"Coro Scuola\",\"Cultura\"],\"inLanguage\":\"es\"},{\"@type\":\"WebPage\",\"@id\":\"https:\/\/www.scuola.cl\/sivm\/16-incontro-corale\/\",\"url\":\"https:\/\/www.scuola.cl\/sivm\/16-incontro-corale\/\",\"name\":\"16\u00b0 Incontro Corale - Scuola Italiana\",\"isPartOf\":{\"@id\":\"https:\/\/www.scuola.cl\/sivm\/#website\"},\"primaryImageOfPage\":{\"@id\":\"https:\/\/www.scuola.cl\/sivm\/16-incontro-corale\/#primaryimage\"},\"image\":{\"@id\":\"https:\/\/www.scuola.cl\/sivm\/16-incontro-corale\/#primaryimage\"},\"thumbnailUrl\":\"https:\/\/www.scuola.cl\/sivm\/wp-content\/uploads\/2025\/09\/4-1.jpg\",\"datePublished\":\"2025-09-22T13:40:11+00:00\",\"dateModified\":\"2025-10-08T21:06:08+00:00\",\"breadcrumb\":{\"@id\":\"https:\/\/www.scuola.cl\/sivm\/16-incontro-corale\/#breadcrumb\"},\"inLanguage\":\"es\",\"potentialAction\":[{\"@type\":\"ReadAction\",\"target\":[\"https:\/\/www.scuola.cl\/sivm\/16-incontro-corale\/\"]}]},{\"@type\":\"ImageObject\",\"inLanguage\":\"es\",\"@id\":\"https:\/\/www.scuola.cl\/sivm\/16-incontro-corale\/#primaryimage\",\"url\":\"https:\/\/www.scuola.cl\/sivm\/wp-content\/uploads\/2025\/09\/4-1.jpg\",\"contentUrl\":\"https:\/\/www.scuola.cl\/sivm\/wp-content\/uploads\/2025\/09\/4-1.jpg\",\"width\":900,\"height\":610},{\"@type\":\"BreadcrumbList\",\"@id\":\"https:\/\/www.scuola.cl\/sivm\/16-incontro-corale\/#breadcrumb\",\"itemListElement\":[{\"@type\":\"ListItem\",\"position\":1,\"name\":\"Inicio\",\"item\":\"https:\/\/www.scuola.cl\/sivm\/\"},{\"@type\":\"ListItem\",\"position\":2,\"name\":\"Centro Cultural\",\"item\":\"https:\/\/www.scuola.cl\/sivm\/category\/centrocultural\/\"},{\"@type\":\"ListItem\",\"position\":3,\"name\":\"16\u00b0 Incontro Corale\"}]},{\"@type\":\"WebSite\",\"@id\":\"https:\/\/www.scuola.cl\/sivm\/#website\",\"url\":\"https:\/\/www.scuola.cl\/sivm\/\",\"name\":\"Scuola Italiana\",\"description\":\"Vittorio Montiglio\",\"publisher\":{\"@id\":\"https:\/\/www.scuola.cl\/sivm\/#organization\"},\"potentialAction\":[{\"@type\":\"SearchAction\",\"target\":{\"@type\":\"EntryPoint\",\"urlTemplate\":\"https:\/\/www.scuola.cl\/sivm\/?s={search_term_string}\"},\"query-input\":{\"@type\":\"PropertyValueSpecification\",\"valueRequired\":true,\"valueName\":\"search_term_string\"}}],\"inLanguage\":\"es\"},{\"@type\":\"Organization\",\"@id\":\"https:\/\/www.scuola.cl\/sivm\/#organization\",\"name\":\"Scuola Italiana Vittorio Montiglio\",\"url\":\"https:\/\/www.scuola.cl\/sivm\/\",\"logo\":{\"@type\":\"ImageObject\",\"inLanguage\":\"es\",\"@id\":\"https:\/\/www.scuola.cl\/sivm\/#\/schema\/logo\/image\/\",\"url\":\"https:\/\/www.scuola.cl\/sivm\/wp-content\/uploads\/2019\/06\/Logo_Scuola-01-001-1000x1000.png\",\"contentUrl\":\"https:\/\/www.scuola.cl\/sivm\/wp-content\/uploads\/2019\/06\/Logo_Scuola-01-001-1000x1000.png\",\"width\":1000,\"height\":1000,\"caption\":\"Scuola Italiana Vittorio Montiglio\"},\"image\":{\"@id\":\"https:\/\/www.scuola.cl\/sivm\/#\/schema\/logo\/image\/\"}},{\"@type\":\"Person\",\"@id\":\"https:\/\/www.scuola.cl\/sivm\/#\/schema\/person\/2ac68abc1b548ee6d8e16c4d3727d1b2\",\"name\":\"Comunicaciones\",\"image\":{\"@type\":\"ImageObject\",\"inLanguage\":\"es\",\"@id\":\"https:\/\/www.scuola.cl\/sivm\/#\/schema\/person\/image\/\",\"url\":\"https:\/\/secure.gravatar.com\/avatar\/0b29fd7cdce1ec9939eded19ce85d6ed73acf03fb52d098b0641aed356fe6aeb?s=96&d=mm&r=g\",\"contentUrl\":\"https:\/\/secure.gravatar.com\/avatar\/0b29fd7cdce1ec9939eded19ce85d6ed73acf03fb52d098b0641aed356fe6aeb?s=96&d=mm&r=g\",\"caption\":\"Comunicaciones\"},\"url\":\"https:\/\/www.scuola.cl\/sivm\/author\/comunicaciones-scuola\/\"}]}<\/script>\n<!-- \/ Yoast SEO plugin. -->","yoast_head_json":{"title":"16\u00b0 Incontro Corale - Scuola Italiana","robots":{"index":"index","follow":"follow","max-snippet":"max-snippet:-1","max-image-preview":"max-image-preview:large","max-video-preview":"max-video-preview:-1"},"canonical":"https:\/\/www.scuola.cl\/sivm\/16-incontro-corale\/","og_locale":"es_ES","og_type":"article","og_title":"16\u00b0 Incontro Corale - Scuola Italiana","og_description":"Los invitamos cordialmente a la 16\u00aa edici\u00f3n del Incontro Corale, que se llevar\u00e1 a cabo el mi\u00e9rcoles 8 de octubre a las 19:30 horas en el Teatro Giuseppe Verdi. La entrada es gratuita y abierta a todo p\u00fablico.","og_url":"https:\/\/www.scuola.cl\/sivm\/16-incontro-corale\/","og_site_name":"Scuola Italiana","article_published_time":"2025-09-22T13:40:11+00:00","article_modified_time":"2025-10-08T21:06:08+00:00","og_image":[{"width":900,"height":610,"url":"https:\/\/www.scuola.cl\/sivm\/wp-content\/uploads\/2025\/09\/4-1.jpg","type":"image\/jpeg"}],"author":"Comunicaciones","twitter_card":"summary_large_image","twitter_misc":{"Escrito por":"Comunicaciones","Tiempo de lectura":"3 minutos"},"schema":{"@context":"https:\/\/schema.org","@graph":[{"@type":"Article","@id":"https:\/\/www.scuola.cl\/sivm\/16-incontro-corale\/#article","isPartOf":{"@id":"https:\/\/www.scuola.cl\/sivm\/16-incontro-corale\/"},"author":{"name":"Comunicaciones","@id":"https:\/\/www.scuola.cl\/sivm\/#\/schema\/person\/2ac68abc1b548ee6d8e16c4d3727d1b2"},"headline":"16\u00b0 Incontro Corale","datePublished":"2025-09-22T13:40:11+00:00","dateModified":"2025-10-08T21:06:08+00:00","mainEntityOfPage":{"@id":"https:\/\/www.scuola.cl\/sivm\/16-incontro-corale\/"},"wordCount":496,"publisher":{"@id":"https:\/\/www.scuola.cl\/sivm\/#organization"},"image":{"@id":"https:\/\/www.scuola.cl\/sivm\/16-incontro-corale\/#primaryimage"},"thumbnailUrl":"https:\/\/www.scuola.cl\/sivm\/wp-content\/uploads\/2025\/09\/4-1.jpg","articleSection":["Actividades","Centro Cultural","Coro Scuola","Cultura"],"inLanguage":"es"},{"@type":"WebPage","@id":"https:\/\/www.scuola.cl\/sivm\/16-incontro-corale\/","url":"https:\/\/www.scuola.cl\/sivm\/16-incontro-corale\/","name":"16\u00b0 Incontro Corale - Scuola Italiana","isPartOf":{"@id":"https:\/\/www.scuola.cl\/sivm\/#website"},"primaryImageOfPage":{"@id":"https:\/\/www.scuola.cl\/sivm\/16-incontro-corale\/#primaryimage"},"image":{"@id":"https:\/\/www.scuola.cl\/sivm\/16-incontro-corale\/#primaryimage"},"thumbnailUrl":"https:\/\/www.scuola.cl\/sivm\/wp-content\/uploads\/2025\/09\/4-1.jpg","datePublished":"2025-09-22T13:40:11+00:00","dateModified":"2025-10-08T21:06:08+00:00","breadcrumb":{"@id":"https:\/\/www.scuola.cl\/sivm\/16-incontro-corale\/#breadcrumb"},"inLanguage":"es","potentialAction":[{"@type":"ReadAction","target":["https:\/\/www.scuola.cl\/sivm\/16-incontro-corale\/"]}]},{"@type":"ImageObject","inLanguage":"es","@id":"https:\/\/www.scuola.cl\/sivm\/16-incontro-corale\/#primaryimage","url":"https:\/\/www.scuola.cl\/sivm\/wp-content\/uploads\/2025\/09\/4-1.jpg","contentUrl":"https:\/\/www.scuola.cl\/sivm\/wp-content\/uploads\/2025\/09\/4-1.jpg","width":900,"height":610},{"@type":"BreadcrumbList","@id":"https:\/\/www.scuola.cl\/sivm\/16-incontro-corale\/#breadcrumb","itemListElement":[{"@type":"ListItem","position":1,"name":"Inicio","item":"https:\/\/www.scuola.cl\/sivm\/"},{"@type":"ListItem","position":2,"name":"Centro Cultural","item":"https:\/\/www.scuola.cl\/sivm\/category\/centrocultural\/"},{"@type":"ListItem","position":3,"name":"16\u00b0 Incontro Corale"}]},{"@type":"WebSite","@id":"https:\/\/www.scuola.cl\/sivm\/#website","url":"https:\/\/www.scuola.cl\/sivm\/","name":"Scuola Italiana","description":"Vittorio Montiglio","publisher":{"@id":"https:\/\/www.scuola.cl\/sivm\/#organization"},"potentialAction":[{"@type":"SearchAction","target":{"@type":"EntryPoint","urlTemplate":"https:\/\/www.scuola.cl\/sivm\/?s={search_term_string}"},"query-input":{"@type":"PropertyValueSpecification","valueRequired":true,"valueName":"search_term_string"}}],"inLanguage":"es"},{"@type":"Organization","@id":"https:\/\/www.scuola.cl\/sivm\/#organization","name":"Scuola Italiana Vittorio Montiglio","url":"https:\/\/www.scuola.cl\/sivm\/","logo":{"@type":"ImageObject","inLanguage":"es","@id":"https:\/\/www.scuola.cl\/sivm\/#\/schema\/logo\/image\/","url":"https:\/\/www.scuola.cl\/sivm\/wp-content\/uploads\/2019\/06\/Logo_Scuola-01-001-1000x1000.png","contentUrl":"https:\/\/www.scuola.cl\/sivm\/wp-content\/uploads\/2019\/06\/Logo_Scuola-01-001-1000x1000.png","width":1000,"height":1000,"caption":"Scuola Italiana Vittorio Montiglio"},"image":{"@id":"https:\/\/www.scuola.cl\/sivm\/#\/schema\/logo\/image\/"}},{"@type":"Person","@id":"https:\/\/www.scuola.cl\/sivm\/#\/schema\/person\/2ac68abc1b548ee6d8e16c4d3727d1b2","name":"Comunicaciones","image":{"@type":"ImageObject","inLanguage":"es","@id":"https:\/\/www.scuola.cl\/sivm\/#\/schema\/person\/image\/","url":"https:\/\/secure.gravatar.com\/avatar\/0b29fd7cdce1ec9939eded19ce85d6ed73acf03fb52d098b0641aed356fe6aeb?s=96&d=mm&r=g","contentUrl":"https:\/\/secure.gravatar.com\/avatar\/0b29fd7cdce1ec9939eded19ce85d6ed73acf03fb52d098b0641aed356fe6aeb?s=96&d=mm&r=g","caption":"Comunicaciones"},"url":"https:\/\/www.scuola.cl\/sivm\/author\/comunicaciones-scuola\/"}]}},"_links":{"self":[{"href":"https:\/\/www.scuola.cl\/sivm\/wp-json\/wp\/v2\/posts\/30838","targetHints":{"allow":["GET"]}}],"collection":[{"href":"https:\/\/www.scuola.cl\/sivm\/wp-json\/wp\/v2\/posts"}],"about":[{"href":"https:\/\/www.scuola.cl\/sivm\/wp-json\/wp\/v2\/types\/post"}],"author":[{"embeddable":true,"href":"https:\/\/www.scuola.cl\/sivm\/wp-json\/wp\/v2\/users\/2"}],"replies":[{"embeddable":true,"href":"https:\/\/www.scuola.cl\/sivm\/wp-json\/wp\/v2\/comments?post=30838"}],"version-history":[{"count":10,"href":"https:\/\/www.scuola.cl\/sivm\/wp-json\/wp\/v2\/posts\/30838\/revisions"}],"predecessor-version":[{"id":31107,"href":"https:\/\/www.scuola.cl\/sivm\/wp-json\/wp\/v2\/posts\/30838\/revisions\/31107"}],"wp:featuredmedia":[{"embeddable":true,"href":"https:\/\/www.scuola.cl\/sivm\/wp-json\/wp\/v2\/media\/30948"}],"wp:attachment":[{"href":"https:\/\/www.scuola.cl\/sivm\/wp-json\/wp\/v2\/media?parent=30838"}],"wp:term":[{"taxonomy":"category","embeddable":true,"href":"https:\/\/www.scuola.cl\/sivm\/wp-json\/wp\/v2\/categories?post=30838"},{"taxonomy":"post_tag","embeddable":true,"href":"https:\/\/www.scuola.cl\/sivm\/wp-json\/wp\/v2\/tags?post=30838"}],"curies":[{"name":"wp","href":"https:\/\/api.w.org\/{rel}","templated":true}]}}