{"id":29465,"date":"2025-06-05T11:59:51","date_gmt":"2025-06-05T14:59:51","guid":{"rendered":"https:\/\/www.scuola.cl\/sivm\/?p=29465"},"modified":"2025-06-12T16:47:58","modified_gmt":"2025-06-12T19:47:58","slug":"xiv-noche-con-el-arte","status":"publish","type":"post","link":"https:\/\/www.scuola.cl\/sivm\/xiv-noche-con-el-arte\/","title":{"rendered":"XIV Noche con el Arte"},"content":{"rendered":"\n<p>La Comisi\u00f3n <em>Viaggio in Italia<\/em> G&#8217;26 tiene el agrado de invitarlos a la<strong> \u201cXIV Gran Noche con el Arte\u201d.<\/strong> Disfrutaremos de un concierto l\u00edrico en vivo junto a la exposici\u00f3n de m\u00e1s de 200 obras de arte de destacados artistas tanto nacionales como extranjeros.<\/p>\n<p>Estas obras, que ser\u00e1n subastadas a precios preferenciales, ir\u00e1n en beneficio del viaje de la G&#8217;26.<\/p>\n<p>Los esperamos el\u00a0<strong>viernes 13 de junio a las 20:00 Hrs.<\/strong> en el Casino de la Scuola con un c\u00f3ctel, premios y muchas sorpresas m\u00e1s.<\/p>\n<p>Entrada liberada.<\/p>\n<p>Inscripci\u00f3n gratuita en: <a href=\"https:\/\/www.galeriacontacto.com\/scuola\" target=\"_blank\" rel=\"noopener\">www.galeriacontacto.com\/scuola<\/a><\/p>\n<hr \/>\n<p>\u00a0<\/p>\n<p>La Commissione Viaggio in Italia G&#8217;26 ha il piacere di invitarvi alla <strong>\u00abXIV Grande Notte con l&#8217;Arte\u00bb<\/strong>. Godremo di un concerto lirico dal vivo insieme alla mostra di oltre 200 opere d&#8217;arte di artisti nazionali e stranieri.<\/p>\n<p>Queste opere, che saranno messe all&#8217;asta a prezzi agevolati, andranno a beneficio del viaggio della G&#8217;26.<\/p>\n<p>Vi aspettiamo <strong>venerd\u00ec 13 giugno alle 20:00 Hrs.<\/strong> nella Mensa della Scuola con un cocktail, premi e tante altre sorprese.<\/p>\n<p>Ingresso libero.<\/p>\n<p>Iscrizione gratuita su: <a href=\"https:\/\/www.galeriacontacto.com\/scuola\" target=\"_blank\" rel=\"noopener\">www.galeriacontacto.com\/scuola<\/a>\u00a0<\/p>\n<p><img loading=\"lazy\" decoding=\"async\" width=\"700\" height=\"1244\" class=\"alignnone size-large wp-image-29466\" src=\"https:\/\/www.scuola.cl\/sivm\/wp-content\/uploads\/2025\/06\/1000053638-700x1244.jpg\" alt=\"\" srcset=\"https:\/\/www.scuola.cl\/sivm\/wp-content\/uploads\/2025\/06\/1000053638-700x1244.jpg 700w, https:\/\/www.scuola.cl\/sivm\/wp-content\/uploads\/2025\/06\/1000053638-250x444.jpg 250w, https:\/\/www.scuola.cl\/sivm\/wp-content\/uploads\/2025\/06\/1000053638-768x1365.jpg 768w, https:\/\/www.scuola.cl\/sivm\/wp-content\/uploads\/2025\/06\/1000053638-864x1536.jpg 864w, https:\/\/www.scuola.cl\/sivm\/wp-content\/uploads\/2025\/06\/1000053638-120x213.jpg 120w, https:\/\/www.scuola.cl\/sivm\/wp-content\/uploads\/2025\/06\/1000053638.jpg 900w\" sizes=\"auto, (max-width: 700px) 100vw, 700px\" \/><\/p>\n","protected":false},"excerpt":{"rendered":"La Comisi\u00f3n Viaje a Italia G&#8217;26 los invita a la \u201cXIV Gran Noche con el Arte\u201d. Disfrutar\u00e1n de un concierto l\u00edrico junto a la exposici\u00f3n de m\u00e1s de 200 obras de arte de destacados artistas tanto nacionales como extranjeros.","protected":false},"author":2,"featured_media":29467,"comment_status":"closed","ping_status":"closed","sticky":false,"template":"","format":"standard","meta":{"_acf_changed":false,"footnotes":""},"categories":[6,22,5],"tags":[],"class_list":["post-29465","post","type-post","status-publish","format-standard","has-post-thumbnail","hentry","category-actividades","category-cultura","category-noticias"],"acf":[],"yoast_head":"<!-- This site is optimized with the Yoast SEO plugin v27.1.1 - https:\/\/yoast.com\/product\/yoast-seo-wordpress\/ -->\n<title>XIV Noche con el Arte - Scuola Italiana<\/title>\n<meta name=\"robots\" content=\"index, follow, max-snippet:-1, max-image-preview:large, max-video-preview:-1\" \/>\n<link rel=\"canonical\" href=\"https:\/\/www.scuola.cl\/sivm\/xiv-noche-con-el-arte\/\" \/>\n<meta property=\"og:locale\" content=\"es_ES\" \/>\n<meta property=\"og:type\" content=\"article\" \/>\n<meta property=\"og:title\" content=\"XIV Noche con el Arte - Scuola Italiana\" \/>\n<meta property=\"og:description\" content=\"La Comisi\u00f3n Viaje a Italia G&#039;26 los invita a la \u201cXIV Gran Noche con el Arte\u201d. Disfrutar\u00e1n de un concierto l\u00edrico junto a la exposici\u00f3n de m\u00e1s de 200 obras de arte de destacados artistas tanto nacionales como extranjeros.\" \/>\n<meta property=\"og:url\" content=\"https:\/\/www.scuola.cl\/sivm\/xiv-noche-con-el-arte\/\" \/>\n<meta property=\"og:site_name\" content=\"Scuola Italiana\" \/>\n<meta property=\"article:published_time\" content=\"2025-06-05T14:59:51+00:00\" \/>\n<meta property=\"article:modified_time\" content=\"2025-06-12T19:47:58+00:00\" \/>\n<meta property=\"og:image\" content=\"https:\/\/www.scuola.cl\/sivm\/wp-content\/uploads\/2025\/06\/Diseno-sin-titulo-49.jpg\" \/>\n\t<meta property=\"og:image:width\" content=\"900\" \/>\n\t<meta property=\"og:image:height\" content=\"610\" \/>\n\t<meta property=\"og:image:type\" content=\"image\/jpeg\" \/>\n<meta name=\"author\" content=\"Comunicaciones\" \/>\n<meta name=\"twitter:card\" content=\"summary_large_image\" \/>\n<meta name=\"twitter:label1\" content=\"Escrito por\" \/>\n\t<meta name=\"twitter:data1\" content=\"Comunicaciones\" \/>\n\t<meta name=\"twitter:label2\" content=\"Tiempo de lectura\" \/>\n\t<meta name=\"twitter:data2\" content=\"2 minutos\" \/>\n<script type=\"application\/ld+json\" class=\"yoast-schema-graph\">{\"@context\":\"https:\/\/schema.org\",\"@graph\":[{\"@type\":\"Article\",\"@id\":\"https:\/\/www.scuola.cl\/sivm\/xiv-noche-con-el-arte\/#article\",\"isPartOf\":{\"@id\":\"https:\/\/www.scuola.cl\/sivm\/xiv-noche-con-el-arte\/\"},\"author\":{\"name\":\"Comunicaciones\",\"@id\":\"https:\/\/www.scuola.cl\/sivm\/#\/schema\/person\/2ac68abc1b548ee6d8e16c4d3727d1b2\"},\"headline\":\"XIV Noche con el Arte\",\"datePublished\":\"2025-06-05T14:59:51+00:00\",\"dateModified\":\"2025-06-12T19:47:58+00:00\",\"mainEntityOfPage\":{\"@id\":\"https:\/\/www.scuola.cl\/sivm\/xiv-noche-con-el-arte\/\"},\"wordCount\":184,\"publisher\":{\"@id\":\"https:\/\/www.scuola.cl\/sivm\/#organization\"},\"image\":{\"@id\":\"https:\/\/www.scuola.cl\/sivm\/xiv-noche-con-el-arte\/#primaryimage\"},\"thumbnailUrl\":\"https:\/\/www.scuola.cl\/sivm\/wp-content\/uploads\/2025\/06\/Diseno-sin-titulo-49.jpg\",\"articleSection\":[\"Actividades\",\"Cultura\",\"Noticias\"],\"inLanguage\":\"es\"},{\"@type\":\"WebPage\",\"@id\":\"https:\/\/www.scuola.cl\/sivm\/xiv-noche-con-el-arte\/\",\"url\":\"https:\/\/www.scuola.cl\/sivm\/xiv-noche-con-el-arte\/\",\"name\":\"XIV Noche con el Arte - Scuola Italiana\",\"isPartOf\":{\"@id\":\"https:\/\/www.scuola.cl\/sivm\/#website\"},\"primaryImageOfPage\":{\"@id\":\"https:\/\/www.scuola.cl\/sivm\/xiv-noche-con-el-arte\/#primaryimage\"},\"image\":{\"@id\":\"https:\/\/www.scuola.cl\/sivm\/xiv-noche-con-el-arte\/#primaryimage\"},\"thumbnailUrl\":\"https:\/\/www.scuola.cl\/sivm\/wp-content\/uploads\/2025\/06\/Diseno-sin-titulo-49.jpg\",\"datePublished\":\"2025-06-05T14:59:51+00:00\",\"dateModified\":\"2025-06-12T19:47:58+00:00\",\"breadcrumb\":{\"@id\":\"https:\/\/www.scuola.cl\/sivm\/xiv-noche-con-el-arte\/#breadcrumb\"},\"inLanguage\":\"es\",\"potentialAction\":[{\"@type\":\"ReadAction\",\"target\":[\"https:\/\/www.scuola.cl\/sivm\/xiv-noche-con-el-arte\/\"]}]},{\"@type\":\"ImageObject\",\"inLanguage\":\"es\",\"@id\":\"https:\/\/www.scuola.cl\/sivm\/xiv-noche-con-el-arte\/#primaryimage\",\"url\":\"https:\/\/www.scuola.cl\/sivm\/wp-content\/uploads\/2025\/06\/Diseno-sin-titulo-49.jpg\",\"contentUrl\":\"https:\/\/www.scuola.cl\/sivm\/wp-content\/uploads\/2025\/06\/Diseno-sin-titulo-49.jpg\",\"width\":900,\"height\":610},{\"@type\":\"BreadcrumbList\",\"@id\":\"https:\/\/www.scuola.cl\/sivm\/xiv-noche-con-el-arte\/#breadcrumb\",\"itemListElement\":[{\"@type\":\"ListItem\",\"position\":1,\"name\":\"Inicio\",\"item\":\"https:\/\/www.scuola.cl\/sivm\/\"},{\"@type\":\"ListItem\",\"position\":2,\"name\":\"Actividades\",\"item\":\"https:\/\/www.scuola.cl\/sivm\/category\/actividades\/\"},{\"@type\":\"ListItem\",\"position\":3,\"name\":\"XIV Noche con el Arte\"}]},{\"@type\":\"WebSite\",\"@id\":\"https:\/\/www.scuola.cl\/sivm\/#website\",\"url\":\"https:\/\/www.scuola.cl\/sivm\/\",\"name\":\"Scuola Italiana\",\"description\":\"Vittorio Montiglio\",\"publisher\":{\"@id\":\"https:\/\/www.scuola.cl\/sivm\/#organization\"},\"potentialAction\":[{\"@type\":\"SearchAction\",\"target\":{\"@type\":\"EntryPoint\",\"urlTemplate\":\"https:\/\/www.scuola.cl\/sivm\/?s={search_term_string}\"},\"query-input\":{\"@type\":\"PropertyValueSpecification\",\"valueRequired\":true,\"valueName\":\"search_term_string\"}}],\"inLanguage\":\"es\"},{\"@type\":\"Organization\",\"@id\":\"https:\/\/www.scuola.cl\/sivm\/#organization\",\"name\":\"Scuola Italiana Vittorio Montiglio\",\"url\":\"https:\/\/www.scuola.cl\/sivm\/\",\"logo\":{\"@type\":\"ImageObject\",\"inLanguage\":\"es\",\"@id\":\"https:\/\/www.scuola.cl\/sivm\/#\/schema\/logo\/image\/\",\"url\":\"https:\/\/www.scuola.cl\/sivm\/wp-content\/uploads\/2019\/06\/Logo_Scuola-01-001-1000x1000.png\",\"contentUrl\":\"https:\/\/www.scuola.cl\/sivm\/wp-content\/uploads\/2019\/06\/Logo_Scuola-01-001-1000x1000.png\",\"width\":1000,\"height\":1000,\"caption\":\"Scuola Italiana Vittorio Montiglio\"},\"image\":{\"@id\":\"https:\/\/www.scuola.cl\/sivm\/#\/schema\/logo\/image\/\"}},{\"@type\":\"Person\",\"@id\":\"https:\/\/www.scuola.cl\/sivm\/#\/schema\/person\/2ac68abc1b548ee6d8e16c4d3727d1b2\",\"name\":\"Comunicaciones\",\"image\":{\"@type\":\"ImageObject\",\"inLanguage\":\"es\",\"@id\":\"https:\/\/www.scuola.cl\/sivm\/#\/schema\/person\/image\/\",\"url\":\"https:\/\/secure.gravatar.com\/avatar\/0b29fd7cdce1ec9939eded19ce85d6ed73acf03fb52d098b0641aed356fe6aeb?s=96&d=mm&r=g\",\"contentUrl\":\"https:\/\/secure.gravatar.com\/avatar\/0b29fd7cdce1ec9939eded19ce85d6ed73acf03fb52d098b0641aed356fe6aeb?s=96&d=mm&r=g\",\"caption\":\"Comunicaciones\"},\"url\":\"https:\/\/www.scuola.cl\/sivm\/author\/comunicaciones-scuola\/\"}]}<\/script>\n<!-- \/ Yoast SEO plugin. -->","yoast_head_json":{"title":"XIV Noche con el Arte - Scuola Italiana","robots":{"index":"index","follow":"follow","max-snippet":"max-snippet:-1","max-image-preview":"max-image-preview:large","max-video-preview":"max-video-preview:-1"},"canonical":"https:\/\/www.scuola.cl\/sivm\/xiv-noche-con-el-arte\/","og_locale":"es_ES","og_type":"article","og_title":"XIV Noche con el Arte - Scuola Italiana","og_description":"La Comisi\u00f3n Viaje a Italia G'26 los invita a la \u201cXIV Gran Noche con el Arte\u201d. Disfrutar\u00e1n de un concierto l\u00edrico junto a la exposici\u00f3n de m\u00e1s de 200 obras de arte de destacados artistas tanto nacionales como extranjeros.","og_url":"https:\/\/www.scuola.cl\/sivm\/xiv-noche-con-el-arte\/","og_site_name":"Scuola Italiana","article_published_time":"2025-06-05T14:59:51+00:00","article_modified_time":"2025-06-12T19:47:58+00:00","og_image":[{"width":900,"height":610,"url":"https:\/\/www.scuola.cl\/sivm\/wp-content\/uploads\/2025\/06\/Diseno-sin-titulo-49.jpg","type":"image\/jpeg"}],"author":"Comunicaciones","twitter_card":"summary_large_image","twitter_misc":{"Escrito por":"Comunicaciones","Tiempo de lectura":"2 minutos"},"schema":{"@context":"https:\/\/schema.org","@graph":[{"@type":"Article","@id":"https:\/\/www.scuola.cl\/sivm\/xiv-noche-con-el-arte\/#article","isPartOf":{"@id":"https:\/\/www.scuola.cl\/sivm\/xiv-noche-con-el-arte\/"},"author":{"name":"Comunicaciones","@id":"https:\/\/www.scuola.cl\/sivm\/#\/schema\/person\/2ac68abc1b548ee6d8e16c4d3727d1b2"},"headline":"XIV Noche con el Arte","datePublished":"2025-06-05T14:59:51+00:00","dateModified":"2025-06-12T19:47:58+00:00","mainEntityOfPage":{"@id":"https:\/\/www.scuola.cl\/sivm\/xiv-noche-con-el-arte\/"},"wordCount":184,"publisher":{"@id":"https:\/\/www.scuola.cl\/sivm\/#organization"},"image":{"@id":"https:\/\/www.scuola.cl\/sivm\/xiv-noche-con-el-arte\/#primaryimage"},"thumbnailUrl":"https:\/\/www.scuola.cl\/sivm\/wp-content\/uploads\/2025\/06\/Diseno-sin-titulo-49.jpg","articleSection":["Actividades","Cultura","Noticias"],"inLanguage":"es"},{"@type":"WebPage","@id":"https:\/\/www.scuola.cl\/sivm\/xiv-noche-con-el-arte\/","url":"https:\/\/www.scuola.cl\/sivm\/xiv-noche-con-el-arte\/","name":"XIV Noche con el Arte - Scuola Italiana","isPartOf":{"@id":"https:\/\/www.scuola.cl\/sivm\/#website"},"primaryImageOfPage":{"@id":"https:\/\/www.scuola.cl\/sivm\/xiv-noche-con-el-arte\/#primaryimage"},"image":{"@id":"https:\/\/www.scuola.cl\/sivm\/xiv-noche-con-el-arte\/#primaryimage"},"thumbnailUrl":"https:\/\/www.scuola.cl\/sivm\/wp-content\/uploads\/2025\/06\/Diseno-sin-titulo-49.jpg","datePublished":"2025-06-05T14:59:51+00:00","dateModified":"2025-06-12T19:47:58+00:00","breadcrumb":{"@id":"https:\/\/www.scuola.cl\/sivm\/xiv-noche-con-el-arte\/#breadcrumb"},"inLanguage":"es","potentialAction":[{"@type":"ReadAction","target":["https:\/\/www.scuola.cl\/sivm\/xiv-noche-con-el-arte\/"]}]},{"@type":"ImageObject","inLanguage":"es","@id":"https:\/\/www.scuola.cl\/sivm\/xiv-noche-con-el-arte\/#primaryimage","url":"https:\/\/www.scuola.cl\/sivm\/wp-content\/uploads\/2025\/06\/Diseno-sin-titulo-49.jpg","contentUrl":"https:\/\/www.scuola.cl\/sivm\/wp-content\/uploads\/2025\/06\/Diseno-sin-titulo-49.jpg","width":900,"height":610},{"@type":"BreadcrumbList","@id":"https:\/\/www.scuola.cl\/sivm\/xiv-noche-con-el-arte\/#breadcrumb","itemListElement":[{"@type":"ListItem","position":1,"name":"Inicio","item":"https:\/\/www.scuola.cl\/sivm\/"},{"@type":"ListItem","position":2,"name":"Actividades","item":"https:\/\/www.scuola.cl\/sivm\/category\/actividades\/"},{"@type":"ListItem","position":3,"name":"XIV Noche con el Arte"}]},{"@type":"WebSite","@id":"https:\/\/www.scuola.cl\/sivm\/#website","url":"https:\/\/www.scuola.cl\/sivm\/","name":"Scuola Italiana","description":"Vittorio Montiglio","publisher":{"@id":"https:\/\/www.scuola.cl\/sivm\/#organization"},"potentialAction":[{"@type":"SearchAction","target":{"@type":"EntryPoint","urlTemplate":"https:\/\/www.scuola.cl\/sivm\/?s={search_term_string}"},"query-input":{"@type":"PropertyValueSpecification","valueRequired":true,"valueName":"search_term_string"}}],"inLanguage":"es"},{"@type":"Organization","@id":"https:\/\/www.scuola.cl\/sivm\/#organization","name":"Scuola Italiana Vittorio Montiglio","url":"https:\/\/www.scuola.cl\/sivm\/","logo":{"@type":"ImageObject","inLanguage":"es","@id":"https:\/\/www.scuola.cl\/sivm\/#\/schema\/logo\/image\/","url":"https:\/\/www.scuola.cl\/sivm\/wp-content\/uploads\/2019\/06\/Logo_Scuola-01-001-1000x1000.png","contentUrl":"https:\/\/www.scuola.cl\/sivm\/wp-content\/uploads\/2019\/06\/Logo_Scuola-01-001-1000x1000.png","width":1000,"height":1000,"caption":"Scuola Italiana Vittorio Montiglio"},"image":{"@id":"https:\/\/www.scuola.cl\/sivm\/#\/schema\/logo\/image\/"}},{"@type":"Person","@id":"https:\/\/www.scuola.cl\/sivm\/#\/schema\/person\/2ac68abc1b548ee6d8e16c4d3727d1b2","name":"Comunicaciones","image":{"@type":"ImageObject","inLanguage":"es","@id":"https:\/\/www.scuola.cl\/sivm\/#\/schema\/person\/image\/","url":"https:\/\/secure.gravatar.com\/avatar\/0b29fd7cdce1ec9939eded19ce85d6ed73acf03fb52d098b0641aed356fe6aeb?s=96&d=mm&r=g","contentUrl":"https:\/\/secure.gravatar.com\/avatar\/0b29fd7cdce1ec9939eded19ce85d6ed73acf03fb52d098b0641aed356fe6aeb?s=96&d=mm&r=g","caption":"Comunicaciones"},"url":"https:\/\/www.scuola.cl\/sivm\/author\/comunicaciones-scuola\/"}]}},"_links":{"self":[{"href":"https:\/\/www.scuola.cl\/sivm\/wp-json\/wp\/v2\/posts\/29465","targetHints":{"allow":["GET"]}}],"collection":[{"href":"https:\/\/www.scuola.cl\/sivm\/wp-json\/wp\/v2\/posts"}],"about":[{"href":"https:\/\/www.scuola.cl\/sivm\/wp-json\/wp\/v2\/types\/post"}],"author":[{"embeddable":true,"href":"https:\/\/www.scuola.cl\/sivm\/wp-json\/wp\/v2\/users\/2"}],"replies":[{"embeddable":true,"href":"https:\/\/www.scuola.cl\/sivm\/wp-json\/wp\/v2\/comments?post=29465"}],"version-history":[{"count":7,"href":"https:\/\/www.scuola.cl\/sivm\/wp-json\/wp\/v2\/posts\/29465\/revisions"}],"predecessor-version":[{"id":29493,"href":"https:\/\/www.scuola.cl\/sivm\/wp-json\/wp\/v2\/posts\/29465\/revisions\/29493"}],"wp:featuredmedia":[{"embeddable":true,"href":"https:\/\/www.scuola.cl\/sivm\/wp-json\/wp\/v2\/media\/29467"}],"wp:attachment":[{"href":"https:\/\/www.scuola.cl\/sivm\/wp-json\/wp\/v2\/media?parent=29465"}],"wp:term":[{"taxonomy":"category","embeddable":true,"href":"https:\/\/www.scuola.cl\/sivm\/wp-json\/wp\/v2\/categories?post=29465"},{"taxonomy":"post_tag","embeddable":true,"href":"https:\/\/www.scuola.cl\/sivm\/wp-json\/wp\/v2\/tags?post=29465"}],"curies":[{"name":"wp","href":"https:\/\/api.w.org\/{rel}","templated":true}]}}