{"id":28803,"date":"2025-04-18T11:29:02","date_gmt":"2025-04-18T14:29:02","guid":{"rendered":"https:\/\/www.scuola.cl\/sivm\/?p=28803"},"modified":"2025-05-05T13:20:55","modified_gmt":"2025-05-05T16:20:55","slug":"xvi-piccoli-campioni","status":"publish","type":"post","link":"https:\/\/www.scuola.cl\/sivm\/xvi-piccoli-campioni\/","title":{"rendered":"XVI Coppa Piccoli Campioni"},"content":{"rendered":"\n<p>Invitamos a todos los alumnos y alumnas de la Scuola dell\u2019Infanzia y Primaria, a participar en la \u00a0<strong>XVI versi\u00f3n de \u00abCoppa Piccoli Campioni\u201d<\/strong>, que este a\u00f1o se realizar\u00e1 el <strong>s\u00e1bado 10 de mayo<\/strong>, a partir de las 9:00 horas.<\/p>\n<p>Apoyemos en familia a nuestros peque\u00f1os deportistas en las competencias de barras y calcio (mixto).<\/p>\n<p><a href=\"https:\/\/drive.google.com\/file\/d\/1wpQC17aVNEFkI5VKga8rN6dFpWCcyKcL\/view?usp=drive_link\" target=\"_blank\" rel=\"noopener\"><strong>Ver bases aqu\u00ed <\/strong><\/a><\/p>\n<p><strong><u>Formas de Inscripci\u00f3n:<\/u><\/strong><\/p>\n<p>Los equipos deben estar compuestos por alumnos del mismo nivel, pudiendo ser compa\u00f1eros de curso o no.<\/p>\n<p>Los equipos pueden ser mixtos, tanto en Calcio como en Barras.<\/p>\n<p>Cada equipo debe ser inscrito por un delegado, que se har\u00e1 responsable de la inscripci\u00f3n y del pago.<\/p>\n<p><strong>La inscripci\u00f3n de los equipos es a trav\u00e9s del siguiente link:<\/strong>\u00a0<\/p>\n<p><a href=\"https:\/\/forms.gle\/JfqnPsWZkNyxWH8J7\">https:\/\/forms.gle\/JfqnPsWZkNyxWH8J7<\/a><\/p>\n<p><strong><u>Forma de Pago:<\/u><\/strong><\/p>\n<p>Para participar en Calcio o en Barras, cada equipo deber\u00e1:<\/p>\n<p>Cancelar un monto total de $70.000 por equipo, independiente del n\u00famero de participantes.<\/p>\n<p>Una vez inscrito el equipo, el delegado deber\u00e1 proceder al pago de la inscripci\u00f3n en el link: <a href=\"https:\/\/pagos.scuola.cl\/.\" target=\"_blank\" rel=\"noopener\">https:\/\/pagos.scuola.cl\/.<\/a><\/p>\n<p>Una vez ingresado en la web de pagos, seleccionar el men\u00fa de la izquierda \u00abTORNEOS INTERNOS\u00bb y realizar la compra de \u00abPICCOLI CALCIO\u00bb y\/o \u00abPICCOLI BARRAS\u00bb. <a href=\"https:\/\/drive.google.com\/file\/d\/1pZz1rW5d88JjwLp9FPa1KgcrUhoA9z5o\/view?usp=sharing\" target=\"_blank\" rel=\"noopener\">(Ver Tutorial)<\/a><\/p>\n<p>Es muy importante que, en el cuadro de observaciones, el delegado informe el nombre del equipo que est\u00e1 pagando, para poder identificarlo y as\u00ed completar el proceso.\u00a0<\/p>\n<p><strong><u>Fechas:<\/u><\/strong><\/p>\n<p>El plazo para inscribir y pagar ser\u00e1 hasta las <strong>12:00 horas del viernes 2 de mayo<\/strong>.<span style=\"text-decoration: underline;\"> Posterior a esta fecha, no ser\u00e1 posible inscribir a un equipo.<\/span><\/p>\n<p>Mayor informaci\u00f3n: deportes@scuola.cl \/Daniel Mu\u00f1oz, Coordinador de Deportes<\/p>\n<hr \/>\n<p>\u00a0<\/p>\n<p>Invitiamo tutti gli alunni della Scuola dell&#8217;Infanzia e Primaria, a partecipare alla <strong>XVI versione della \u00abCoppa Piccoli Campioni\u00bb<\/strong>, che quest&#8217;anno si svolger\u00e0 <strong>sabato 10 maggio<\/strong>, dalle ore 9.00.<\/p>\n<p>Sosteniamo in famiglia i nostri piccoli sportivi nelle competizioni di barre e calcio (misto).<\/p>\n<p><a href=\"https:\/\/drive.google.com\/file\/d\/1wpQC17aVNEFkI5VKga8rN6dFpWCcyKcL\/view?usp=drive_link\" target=\"_blank\" rel=\"noopener\">Vedere le basi qui<\/a><\/p>\n<p><span style=\"text-decoration: underline;\"><strong>Modalit\u00e0 di iscrizione:<\/strong><\/span><br \/>Le squadre devono essere composte da studenti dello stesso livello, che possono essere compagni di corso o meno.<br \/>Le squadre possono essere miste, sia in calcio che in barre.<br \/>Ogni squadra deve essere iscritta da un delegato, che sar\u00e0 responsabile della registrazione e del pagamento.<br \/>L&#8217;iscrizione delle squadre \u00e8 tramite il seguente link: <a href=\"https:\/\/forms.gle\/JfqnPsWZkNyxWH8J7\" target=\"_blank\" rel=\"noopener\">https:\/\/forms.gle\/JfqnPsWZkNyxWH8J7<\/a><\/p>\n<p><strong><span style=\"text-decoration: underline;\">Modalit\u00e0 di pagamento:<\/span><\/strong><br \/>Per partecipare al calcio o alle barre, ogni squadra deve:<br \/>Pagare l\u2019importo totale di $70.000 per squadra, indipendentemente dal numero dei partecipanti.<br \/>Una volta iscritta la squadra, il delegato dovr\u00e0 procedere al pagamento dell&#8217;iscrizione al link: <a href=\"https:\/\/pagos.scuola.cl\/\" target=\"_blank\" rel=\"noopener\">https:\/\/pagos.scuola.cl\/<\/a>.<\/p>\n<p>Una volta inserito nel sito di pagamento, selezionare il menu a sinistra \u00abTORNEI INTERNI\u00bb ed effettuare l&#8217;acquisto di \u00abPICCOLI CALCIO\u00bb e\/o \u00abPICCOLI BARRETTE\u00bb. (<a href=\"https:\/\/drive.google.com\/file\/d\/1pZz1rW5d88JjwLp9FPa1KgcrUhoA9z5o\/view?usp=sharing\">Vedi Tutorial<\/a>).<\/p>\n<p>\u00c8 molto importante che il delegato inserisca nella tabella delle osservazioni il nome della squadra che sta pagando, in modo da poterlo identificare e completare la procedura. <br \/>Date:<br \/>Il termine ultimo per iscriversi e pagare sar\u00e0 entro le ore <strong>12:00 di venerd\u00ec 2 maggio<\/strong>. <span style=\"text-decoration: underline;\">Dopo questa data, non sar\u00e0 possibile iscrivere una squadra.<\/span><\/p>\n<p>Maggiori informazioni: deportes@scuola.cl \/Daniel Mu\u00f1oz, coordinatore sportivo.<\/p>\n<p><img loading=\"lazy\" decoding=\"async\" class=\"alignnone wp-image-28807 size-large\" src=\"https:\/\/www.scuola.cl\/sivm\/wp-content\/uploads\/2025\/04\/Afiche_Piccoli_Campioni_Horizontal-2-700x474.jpg\" alt=\"\" width=\"700\" height=\"474\" srcset=\"https:\/\/www.scuola.cl\/sivm\/wp-content\/uploads\/2025\/04\/Afiche_Piccoli_Campioni_Horizontal-2-700x474.jpg 700w, https:\/\/www.scuola.cl\/sivm\/wp-content\/uploads\/2025\/04\/Afiche_Piccoli_Campioni_Horizontal-2-250x169.jpg 250w, https:\/\/www.scuola.cl\/sivm\/wp-content\/uploads\/2025\/04\/Afiche_Piccoli_Campioni_Horizontal-2-768x520.jpg 768w, https:\/\/www.scuola.cl\/sivm\/wp-content\/uploads\/2025\/04\/Afiche_Piccoli_Campioni_Horizontal-2-1536x1041.jpg 1536w, https:\/\/www.scuola.cl\/sivm\/wp-content\/uploads\/2025\/04\/Afiche_Piccoli_Campioni_Horizontal-2-2048x1388.jpg 2048w, https:\/\/www.scuola.cl\/sivm\/wp-content\/uploads\/2025\/04\/Afiche_Piccoli_Campioni_Horizontal-2-120x81.jpg 120w\" sizes=\"auto, (max-width: 700px) 100vw, 700px\" \/><\/p>\n","protected":false},"excerpt":{"rendered":"Invitamos a todos los alumnos y alumnas de la Scuola dell\u2019Infanzia y Primaria, a participar en la \u00a0XVI versi\u00f3n de \u00abCoppa Piccoli Campioni\u201d, que este a\u00f1o se realizar\u00e1 el s\u00e1bado 10 de mayo, a partir de las 9:00 horas.","protected":false},"author":2,"featured_media":28807,"comment_status":"closed","ping_status":"closed","sticky":false,"template":"","format":"standard","meta":{"_acf_changed":false,"footnotes":""},"categories":[6,5],"tags":[],"class_list":["post-28803","post","type-post","status-publish","format-standard","has-post-thumbnail","hentry","category-actividades","category-noticias"],"acf":[],"yoast_head":"<!-- This site is optimized with the Yoast SEO plugin v27.1.1 - https:\/\/yoast.com\/product\/yoast-seo-wordpress\/ -->\n<title>XVI Coppa Piccoli Campioni - Scuola Italiana<\/title>\n<meta name=\"robots\" content=\"index, follow, max-snippet:-1, max-image-preview:large, max-video-preview:-1\" \/>\n<link rel=\"canonical\" href=\"https:\/\/www.scuola.cl\/sivm\/xvi-piccoli-campioni\/\" \/>\n<meta property=\"og:locale\" content=\"es_ES\" \/>\n<meta property=\"og:type\" content=\"article\" \/>\n<meta property=\"og:title\" content=\"XVI Coppa Piccoli Campioni - Scuola Italiana\" \/>\n<meta property=\"og:description\" content=\"Invitamos a todos los alumnos y alumnas de la Scuola dell\u2019Infanzia y Primaria, a participar en la \u00a0XVI versi\u00f3n de &quot;Coppa Piccoli Campioni\u201d, que este a\u00f1o se realizar\u00e1 el s\u00e1bado 10 de mayo, a partir de las 9:00 horas.\" \/>\n<meta property=\"og:url\" content=\"https:\/\/www.scuola.cl\/sivm\/xvi-piccoli-campioni\/\" \/>\n<meta property=\"og:site_name\" content=\"Scuola Italiana\" \/>\n<meta property=\"article:published_time\" content=\"2025-04-18T14:29:02+00:00\" \/>\n<meta property=\"article:modified_time\" content=\"2025-05-05T16:20:55+00:00\" \/>\n<meta property=\"og:image\" content=\"https:\/\/www.scuola.cl\/sivm\/wp-content\/uploads\/2025\/04\/Afiche_Piccoli_Campioni_Horizontal-2-scaled.jpg\" \/>\n\t<meta property=\"og:image:width\" content=\"2560\" \/>\n\t<meta property=\"og:image:height\" content=\"1735\" \/>\n\t<meta property=\"og:image:type\" content=\"image\/jpeg\" \/>\n<meta name=\"author\" content=\"Comunicaciones\" \/>\n<meta name=\"twitter:card\" content=\"summary_large_image\" \/>\n<meta name=\"twitter:label1\" content=\"Escrito por\" \/>\n\t<meta name=\"twitter:data1\" content=\"Comunicaciones\" \/>\n\t<meta name=\"twitter:label2\" content=\"Tiempo de lectura\" \/>\n\t<meta name=\"twitter:data2\" content=\"3 minutos\" \/>\n<script type=\"application\/ld+json\" class=\"yoast-schema-graph\">{\"@context\":\"https:\/\/schema.org\",\"@graph\":[{\"@type\":\"Article\",\"@id\":\"https:\/\/www.scuola.cl\/sivm\/xvi-piccoli-campioni\/#article\",\"isPartOf\":{\"@id\":\"https:\/\/www.scuola.cl\/sivm\/xvi-piccoli-campioni\/\"},\"author\":{\"name\":\"Comunicaciones\",\"@id\":\"https:\/\/www.scuola.cl\/sivm\/#\/schema\/person\/2ac68abc1b548ee6d8e16c4d3727d1b2\"},\"headline\":\"XVI Coppa Piccoli Campioni\",\"datePublished\":\"2025-04-18T14:29:02+00:00\",\"dateModified\":\"2025-05-05T16:20:55+00:00\",\"mainEntityOfPage\":{\"@id\":\"https:\/\/www.scuola.cl\/sivm\/xvi-piccoli-campioni\/\"},\"wordCount\":509,\"publisher\":{\"@id\":\"https:\/\/www.scuola.cl\/sivm\/#organization\"},\"image\":{\"@id\":\"https:\/\/www.scuola.cl\/sivm\/xvi-piccoli-campioni\/#primaryimage\"},\"thumbnailUrl\":\"https:\/\/www.scuola.cl\/sivm\/wp-content\/uploads\/2025\/04\/Afiche_Piccoli_Campioni_Horizontal-2-scaled.jpg\",\"articleSection\":[\"Actividades\",\"Noticias\"],\"inLanguage\":\"es\"},{\"@type\":\"WebPage\",\"@id\":\"https:\/\/www.scuola.cl\/sivm\/xvi-piccoli-campioni\/\",\"url\":\"https:\/\/www.scuola.cl\/sivm\/xvi-piccoli-campioni\/\",\"name\":\"XVI Coppa Piccoli Campioni - Scuola Italiana\",\"isPartOf\":{\"@id\":\"https:\/\/www.scuola.cl\/sivm\/#website\"},\"primaryImageOfPage\":{\"@id\":\"https:\/\/www.scuola.cl\/sivm\/xvi-piccoli-campioni\/#primaryimage\"},\"image\":{\"@id\":\"https:\/\/www.scuola.cl\/sivm\/xvi-piccoli-campioni\/#primaryimage\"},\"thumbnailUrl\":\"https:\/\/www.scuola.cl\/sivm\/wp-content\/uploads\/2025\/04\/Afiche_Piccoli_Campioni_Horizontal-2-scaled.jpg\",\"datePublished\":\"2025-04-18T14:29:02+00:00\",\"dateModified\":\"2025-05-05T16:20:55+00:00\",\"breadcrumb\":{\"@id\":\"https:\/\/www.scuola.cl\/sivm\/xvi-piccoli-campioni\/#breadcrumb\"},\"inLanguage\":\"es\",\"potentialAction\":[{\"@type\":\"ReadAction\",\"target\":[\"https:\/\/www.scuola.cl\/sivm\/xvi-piccoli-campioni\/\"]}]},{\"@type\":\"ImageObject\",\"inLanguage\":\"es\",\"@id\":\"https:\/\/www.scuola.cl\/sivm\/xvi-piccoli-campioni\/#primaryimage\",\"url\":\"https:\/\/www.scuola.cl\/sivm\/wp-content\/uploads\/2025\/04\/Afiche_Piccoli_Campioni_Horizontal-2-scaled.jpg\",\"contentUrl\":\"https:\/\/www.scuola.cl\/sivm\/wp-content\/uploads\/2025\/04\/Afiche_Piccoli_Campioni_Horizontal-2-scaled.jpg\",\"width\":2560,\"height\":1735},{\"@type\":\"BreadcrumbList\",\"@id\":\"https:\/\/www.scuola.cl\/sivm\/xvi-piccoli-campioni\/#breadcrumb\",\"itemListElement\":[{\"@type\":\"ListItem\",\"position\":1,\"name\":\"Inicio\",\"item\":\"https:\/\/www.scuola.cl\/sivm\/\"},{\"@type\":\"ListItem\",\"position\":2,\"name\":\"Noticias\",\"item\":\"https:\/\/www.scuola.cl\/sivm\/category\/noticias\/\"},{\"@type\":\"ListItem\",\"position\":3,\"name\":\"XVI Coppa Piccoli Campioni\"}]},{\"@type\":\"WebSite\",\"@id\":\"https:\/\/www.scuola.cl\/sivm\/#website\",\"url\":\"https:\/\/www.scuola.cl\/sivm\/\",\"name\":\"Scuola Italiana\",\"description\":\"Vittorio Montiglio\",\"publisher\":{\"@id\":\"https:\/\/www.scuola.cl\/sivm\/#organization\"},\"potentialAction\":[{\"@type\":\"SearchAction\",\"target\":{\"@type\":\"EntryPoint\",\"urlTemplate\":\"https:\/\/www.scuola.cl\/sivm\/?s={search_term_string}\"},\"query-input\":{\"@type\":\"PropertyValueSpecification\",\"valueRequired\":true,\"valueName\":\"search_term_string\"}}],\"inLanguage\":\"es\"},{\"@type\":\"Organization\",\"@id\":\"https:\/\/www.scuola.cl\/sivm\/#organization\",\"name\":\"Scuola Italiana Vittorio Montiglio\",\"url\":\"https:\/\/www.scuola.cl\/sivm\/\",\"logo\":{\"@type\":\"ImageObject\",\"inLanguage\":\"es\",\"@id\":\"https:\/\/www.scuola.cl\/sivm\/#\/schema\/logo\/image\/\",\"url\":\"https:\/\/www.scuola.cl\/sivm\/wp-content\/uploads\/2019\/06\/Logo_Scuola-01-001-1000x1000.png\",\"contentUrl\":\"https:\/\/www.scuola.cl\/sivm\/wp-content\/uploads\/2019\/06\/Logo_Scuola-01-001-1000x1000.png\",\"width\":1000,\"height\":1000,\"caption\":\"Scuola Italiana Vittorio Montiglio\"},\"image\":{\"@id\":\"https:\/\/www.scuola.cl\/sivm\/#\/schema\/logo\/image\/\"}},{\"@type\":\"Person\",\"@id\":\"https:\/\/www.scuola.cl\/sivm\/#\/schema\/person\/2ac68abc1b548ee6d8e16c4d3727d1b2\",\"name\":\"Comunicaciones\",\"image\":{\"@type\":\"ImageObject\",\"inLanguage\":\"es\",\"@id\":\"https:\/\/www.scuola.cl\/sivm\/#\/schema\/person\/image\/\",\"url\":\"https:\/\/secure.gravatar.com\/avatar\/0b29fd7cdce1ec9939eded19ce85d6ed73acf03fb52d098b0641aed356fe6aeb?s=96&d=mm&r=g\",\"contentUrl\":\"https:\/\/secure.gravatar.com\/avatar\/0b29fd7cdce1ec9939eded19ce85d6ed73acf03fb52d098b0641aed356fe6aeb?s=96&d=mm&r=g\",\"caption\":\"Comunicaciones\"},\"url\":\"https:\/\/www.scuola.cl\/sivm\/author\/comunicaciones-scuola\/\"}]}<\/script>\n<!-- \/ Yoast SEO plugin. -->","yoast_head_json":{"title":"XVI Coppa Piccoli Campioni - Scuola Italiana","robots":{"index":"index","follow":"follow","max-snippet":"max-snippet:-1","max-image-preview":"max-image-preview:large","max-video-preview":"max-video-preview:-1"},"canonical":"https:\/\/www.scuola.cl\/sivm\/xvi-piccoli-campioni\/","og_locale":"es_ES","og_type":"article","og_title":"XVI Coppa Piccoli Campioni - Scuola Italiana","og_description":"Invitamos a todos los alumnos y alumnas de la Scuola dell\u2019Infanzia y Primaria, a participar en la \u00a0XVI versi\u00f3n de \"Coppa Piccoli Campioni\u201d, que este a\u00f1o se realizar\u00e1 el s\u00e1bado 10 de mayo, a partir de las 9:00 horas.","og_url":"https:\/\/www.scuola.cl\/sivm\/xvi-piccoli-campioni\/","og_site_name":"Scuola Italiana","article_published_time":"2025-04-18T14:29:02+00:00","article_modified_time":"2025-05-05T16:20:55+00:00","og_image":[{"width":2560,"height":1735,"url":"https:\/\/www.scuola.cl\/sivm\/wp-content\/uploads\/2025\/04\/Afiche_Piccoli_Campioni_Horizontal-2-scaled.jpg","type":"image\/jpeg"}],"author":"Comunicaciones","twitter_card":"summary_large_image","twitter_misc":{"Escrito por":"Comunicaciones","Tiempo de lectura":"3 minutos"},"schema":{"@context":"https:\/\/schema.org","@graph":[{"@type":"Article","@id":"https:\/\/www.scuola.cl\/sivm\/xvi-piccoli-campioni\/#article","isPartOf":{"@id":"https:\/\/www.scuola.cl\/sivm\/xvi-piccoli-campioni\/"},"author":{"name":"Comunicaciones","@id":"https:\/\/www.scuola.cl\/sivm\/#\/schema\/person\/2ac68abc1b548ee6d8e16c4d3727d1b2"},"headline":"XVI Coppa Piccoli Campioni","datePublished":"2025-04-18T14:29:02+00:00","dateModified":"2025-05-05T16:20:55+00:00","mainEntityOfPage":{"@id":"https:\/\/www.scuola.cl\/sivm\/xvi-piccoli-campioni\/"},"wordCount":509,"publisher":{"@id":"https:\/\/www.scuola.cl\/sivm\/#organization"},"image":{"@id":"https:\/\/www.scuola.cl\/sivm\/xvi-piccoli-campioni\/#primaryimage"},"thumbnailUrl":"https:\/\/www.scuola.cl\/sivm\/wp-content\/uploads\/2025\/04\/Afiche_Piccoli_Campioni_Horizontal-2-scaled.jpg","articleSection":["Actividades","Noticias"],"inLanguage":"es"},{"@type":"WebPage","@id":"https:\/\/www.scuola.cl\/sivm\/xvi-piccoli-campioni\/","url":"https:\/\/www.scuola.cl\/sivm\/xvi-piccoli-campioni\/","name":"XVI Coppa Piccoli Campioni - Scuola Italiana","isPartOf":{"@id":"https:\/\/www.scuola.cl\/sivm\/#website"},"primaryImageOfPage":{"@id":"https:\/\/www.scuola.cl\/sivm\/xvi-piccoli-campioni\/#primaryimage"},"image":{"@id":"https:\/\/www.scuola.cl\/sivm\/xvi-piccoli-campioni\/#primaryimage"},"thumbnailUrl":"https:\/\/www.scuola.cl\/sivm\/wp-content\/uploads\/2025\/04\/Afiche_Piccoli_Campioni_Horizontal-2-scaled.jpg","datePublished":"2025-04-18T14:29:02+00:00","dateModified":"2025-05-05T16:20:55+00:00","breadcrumb":{"@id":"https:\/\/www.scuola.cl\/sivm\/xvi-piccoli-campioni\/#breadcrumb"},"inLanguage":"es","potentialAction":[{"@type":"ReadAction","target":["https:\/\/www.scuola.cl\/sivm\/xvi-piccoli-campioni\/"]}]},{"@type":"ImageObject","inLanguage":"es","@id":"https:\/\/www.scuola.cl\/sivm\/xvi-piccoli-campioni\/#primaryimage","url":"https:\/\/www.scuola.cl\/sivm\/wp-content\/uploads\/2025\/04\/Afiche_Piccoli_Campioni_Horizontal-2-scaled.jpg","contentUrl":"https:\/\/www.scuola.cl\/sivm\/wp-content\/uploads\/2025\/04\/Afiche_Piccoli_Campioni_Horizontal-2-scaled.jpg","width":2560,"height":1735},{"@type":"BreadcrumbList","@id":"https:\/\/www.scuola.cl\/sivm\/xvi-piccoli-campioni\/#breadcrumb","itemListElement":[{"@type":"ListItem","position":1,"name":"Inicio","item":"https:\/\/www.scuola.cl\/sivm\/"},{"@type":"ListItem","position":2,"name":"Noticias","item":"https:\/\/www.scuola.cl\/sivm\/category\/noticias\/"},{"@type":"ListItem","position":3,"name":"XVI Coppa Piccoli Campioni"}]},{"@type":"WebSite","@id":"https:\/\/www.scuola.cl\/sivm\/#website","url":"https:\/\/www.scuola.cl\/sivm\/","name":"Scuola Italiana","description":"Vittorio Montiglio","publisher":{"@id":"https:\/\/www.scuola.cl\/sivm\/#organization"},"potentialAction":[{"@type":"SearchAction","target":{"@type":"EntryPoint","urlTemplate":"https:\/\/www.scuola.cl\/sivm\/?s={search_term_string}"},"query-input":{"@type":"PropertyValueSpecification","valueRequired":true,"valueName":"search_term_string"}}],"inLanguage":"es"},{"@type":"Organization","@id":"https:\/\/www.scuola.cl\/sivm\/#organization","name":"Scuola Italiana Vittorio Montiglio","url":"https:\/\/www.scuola.cl\/sivm\/","logo":{"@type":"ImageObject","inLanguage":"es","@id":"https:\/\/www.scuola.cl\/sivm\/#\/schema\/logo\/image\/","url":"https:\/\/www.scuola.cl\/sivm\/wp-content\/uploads\/2019\/06\/Logo_Scuola-01-001-1000x1000.png","contentUrl":"https:\/\/www.scuola.cl\/sivm\/wp-content\/uploads\/2019\/06\/Logo_Scuola-01-001-1000x1000.png","width":1000,"height":1000,"caption":"Scuola Italiana Vittorio Montiglio"},"image":{"@id":"https:\/\/www.scuola.cl\/sivm\/#\/schema\/logo\/image\/"}},{"@type":"Person","@id":"https:\/\/www.scuola.cl\/sivm\/#\/schema\/person\/2ac68abc1b548ee6d8e16c4d3727d1b2","name":"Comunicaciones","image":{"@type":"ImageObject","inLanguage":"es","@id":"https:\/\/www.scuola.cl\/sivm\/#\/schema\/person\/image\/","url":"https:\/\/secure.gravatar.com\/avatar\/0b29fd7cdce1ec9939eded19ce85d6ed73acf03fb52d098b0641aed356fe6aeb?s=96&d=mm&r=g","contentUrl":"https:\/\/secure.gravatar.com\/avatar\/0b29fd7cdce1ec9939eded19ce85d6ed73acf03fb52d098b0641aed356fe6aeb?s=96&d=mm&r=g","caption":"Comunicaciones"},"url":"https:\/\/www.scuola.cl\/sivm\/author\/comunicaciones-scuola\/"}]}},"_links":{"self":[{"href":"https:\/\/www.scuola.cl\/sivm\/wp-json\/wp\/v2\/posts\/28803","targetHints":{"allow":["GET"]}}],"collection":[{"href":"https:\/\/www.scuola.cl\/sivm\/wp-json\/wp\/v2\/posts"}],"about":[{"href":"https:\/\/www.scuola.cl\/sivm\/wp-json\/wp\/v2\/types\/post"}],"author":[{"embeddable":true,"href":"https:\/\/www.scuola.cl\/sivm\/wp-json\/wp\/v2\/users\/2"}],"replies":[{"embeddable":true,"href":"https:\/\/www.scuola.cl\/sivm\/wp-json\/wp\/v2\/comments?post=28803"}],"version-history":[{"count":8,"href":"https:\/\/www.scuola.cl\/sivm\/wp-json\/wp\/v2\/posts\/28803\/revisions"}],"predecessor-version":[{"id":28857,"href":"https:\/\/www.scuola.cl\/sivm\/wp-json\/wp\/v2\/posts\/28803\/revisions\/28857"}],"wp:featuredmedia":[{"embeddable":true,"href":"https:\/\/www.scuola.cl\/sivm\/wp-json\/wp\/v2\/media\/28807"}],"wp:attachment":[{"href":"https:\/\/www.scuola.cl\/sivm\/wp-json\/wp\/v2\/media?parent=28803"}],"wp:term":[{"taxonomy":"category","embeddable":true,"href":"https:\/\/www.scuola.cl\/sivm\/wp-json\/wp\/v2\/categories?post=28803"},{"taxonomy":"post_tag","embeddable":true,"href":"https:\/\/www.scuola.cl\/sivm\/wp-json\/wp\/v2\/tags?post=28803"}],"curies":[{"name":"wp","href":"https:\/\/api.w.org\/{rel}","templated":true}]}}