{"id":27573,"date":"2024-11-26T10:48:23","date_gmt":"2024-11-26T13:48:23","guid":{"rendered":"https:\/\/www.scuola.cl\/sivm\/?p=27573"},"modified":"2024-11-26T10:52:31","modified_gmt":"2024-11-26T13:52:31","slug":"gala-taller-dance-hip-hop","status":"publish","type":"post","link":"https:\/\/www.scuola.cl\/sivm\/gala-taller-dance-hip-hop\/","title":{"rendered":"Gala Taller Dance Hip Hop"},"content":{"rendered":"\n<p>(Por @<span style=\"color: initial;\">deportes_sivm)<\/span><\/p>\n<p>El s\u00e1bado 23 de noviembre, se llev\u00f3 a cabo la Gala del Taller Dance Hip Hop en el Teatro Giuseppe Verdi, donde nuestros talentosos bailarines de 1\u00b0 a 5\u00b0 B\u00e1sico dieron lo mejor de s\u00ed en un incre\u00edble espect\u00e1culo.<br \/><br \/>Queremos reconocer a todos y cada uno de los estudiantes que fueron protagonistas de esta maravillosa jornada de danza:<br \/><br \/>Matilde Prunes, Trinidad Ch\u00e1vez, Giulia Lioce, Filippa Ferrari, Dominga Su\u00e1rez, Luz Gaete, Luciano Mangiamarchi, Stefano Mangiamarchi, Josefina Pav\u00f3n, Sof\u00eda Gonz\u00e1lez, Violeta Pinochet, Vittoria Vercellino, Leonor Cruces, Filippa Davico, Olivia Zunino, Julieta Mitrano. Mayte Trujillo, Valentina Pertier, Emilia Tapia, Aurora Zunino y Giulia Alessandroni.<br \/>\u00a1Felicidades a todos por su esfuerzo, dedicaci\u00f3n y trabajo en equipo durante todo el semestre! <br \/><br \/>Agradecemos tambi\u00e9n a los apoderados por su presencia y apoyo en este evento, as\u00ed como por acompa\u00f1arnos en todas nuestras actividades. \u00a1Nos vemos en el pr\u00f3ximo desaf\u00edo!<\/p>\n<p><a href=\"https:\/\/www.instagram.com\/p\/DCy9-21uI5v\/?hl=es-la&amp;img_index=1\" target=\"_blank\" rel=\"noopener\">Ver fotos<\/a><\/p>\n<p><img loading=\"lazy\" decoding=\"async\" class=\"alignnone wp-image-27574 size-large\" src=\"https:\/\/www.scuola.cl\/sivm\/wp-content\/uploads\/2024\/11\/gala-gym-700x474.jpeg\" alt=\"\" width=\"700\" height=\"474\" srcset=\"https:\/\/www.scuola.cl\/sivm\/wp-content\/uploads\/2024\/11\/gala-gym-700x474.jpeg 700w, https:\/\/www.scuola.cl\/sivm\/wp-content\/uploads\/2024\/11\/gala-gym-250x169.jpeg 250w, https:\/\/www.scuola.cl\/sivm\/wp-content\/uploads\/2024\/11\/gala-gym-768x521.jpeg 768w, https:\/\/www.scuola.cl\/sivm\/wp-content\/uploads\/2024\/11\/gala-gym-120x81.jpeg 120w, https:\/\/www.scuola.cl\/sivm\/wp-content\/uploads\/2024\/11\/gala-gym.jpeg 900w\" sizes=\"auto, (max-width: 700px) 100vw, 700px\" \/><\/p>\n<p>\u00a0<\/p>\n","protected":false},"excerpt":{"rendered":"El 23 de noviembre, se llev\u00f3 a cabo la Gala del Taller Dance Hip Hop en el Teatro Verdi, donde nuestros bailarines de 1\u00b0 a 5\u00b0 B\u00e1sico dieron lo mejor de s\u00ed en un incre\u00edble espect\u00e1culo. Felicidades a todos por el trabajo realizado.","protected":false},"author":2,"featured_media":27574,"comment_status":"closed","ping_status":"closed","sticky":false,"template":"","format":"standard","meta":{"_acf_changed":false,"footnotes":""},"categories":[12,39,5],"tags":[],"class_list":["post-27573","post","type-post","status-publish","format-standard","has-post-thumbnail","hentry","category-deportes","category-deportes-2","category-noticias"],"acf":[],"yoast_head":"<!-- This site is optimized with the Yoast SEO plugin v27.1.1 - https:\/\/yoast.com\/product\/yoast-seo-wordpress\/ -->\n<title>Gala Taller Dance Hip Hop - Scuola Italiana<\/title>\n<meta name=\"robots\" content=\"index, follow, max-snippet:-1, max-image-preview:large, max-video-preview:-1\" \/>\n<link rel=\"canonical\" href=\"https:\/\/www.scuola.cl\/sivm\/gala-taller-dance-hip-hop\/\" \/>\n<meta property=\"og:locale\" content=\"es_ES\" \/>\n<meta property=\"og:type\" content=\"article\" \/>\n<meta property=\"og:title\" content=\"Gala Taller Dance Hip Hop - Scuola Italiana\" \/>\n<meta property=\"og:description\" content=\"El 23 de noviembre, se llev\u00f3 a cabo la Gala del Taller Dance Hip Hop en el Teatro Verdi, donde nuestros bailarines de 1\u00b0 a 5\u00b0 B\u00e1sico dieron lo mejor de s\u00ed en un incre\u00edble espect\u00e1culo. Felicidades a todos por el trabajo realizado.\" \/>\n<meta property=\"og:url\" content=\"https:\/\/www.scuola.cl\/sivm\/gala-taller-dance-hip-hop\/\" \/>\n<meta property=\"og:site_name\" content=\"Scuola Italiana\" \/>\n<meta property=\"article:published_time\" content=\"2024-11-26T13:48:23+00:00\" \/>\n<meta property=\"article:modified_time\" content=\"2024-11-26T13:52:31+00:00\" \/>\n<meta property=\"og:image\" content=\"https:\/\/www.scuola.cl\/sivm\/wp-content\/uploads\/2024\/11\/gala-gym.jpeg\" \/>\n\t<meta property=\"og:image:width\" content=\"900\" \/>\n\t<meta property=\"og:image:height\" content=\"610\" \/>\n\t<meta property=\"og:image:type\" content=\"image\/jpeg\" \/>\n<meta name=\"author\" content=\"Comunicaciones\" \/>\n<meta name=\"twitter:card\" content=\"summary_large_image\" \/>\n<meta name=\"twitter:label1\" content=\"Escrito por\" \/>\n\t<meta name=\"twitter:data1\" content=\"Comunicaciones\" \/>\n\t<meta name=\"twitter:label2\" content=\"Tiempo de lectura\" \/>\n\t<meta name=\"twitter:data2\" content=\"2 minutos\" \/>\n<script type=\"application\/ld+json\" class=\"yoast-schema-graph\">{\"@context\":\"https:\/\/schema.org\",\"@graph\":[{\"@type\":\"Article\",\"@id\":\"https:\/\/www.scuola.cl\/sivm\/gala-taller-dance-hip-hop\/#article\",\"isPartOf\":{\"@id\":\"https:\/\/www.scuola.cl\/sivm\/gala-taller-dance-hip-hop\/\"},\"author\":{\"name\":\"Comunicaciones\",\"@id\":\"https:\/\/www.scuola.cl\/sivm\/#\/schema\/person\/2ac68abc1b548ee6d8e16c4d3727d1b2\"},\"headline\":\"Gala Taller Dance Hip Hop\",\"datePublished\":\"2024-11-26T13:48:23+00:00\",\"dateModified\":\"2024-11-26T13:52:31+00:00\",\"mainEntityOfPage\":{\"@id\":\"https:\/\/www.scuola.cl\/sivm\/gala-taller-dance-hip-hop\/\"},\"wordCount\":164,\"publisher\":{\"@id\":\"https:\/\/www.scuola.cl\/sivm\/#organization\"},\"image\":{\"@id\":\"https:\/\/www.scuola.cl\/sivm\/gala-taller-dance-hip-hop\/#primaryimage\"},\"thumbnailUrl\":\"https:\/\/www.scuola.cl\/sivm\/wp-content\/uploads\/2024\/11\/gala-gym.jpeg\",\"articleSection\":[\"Deportes\",\"Deportes\",\"Noticias\"],\"inLanguage\":\"es\"},{\"@type\":\"WebPage\",\"@id\":\"https:\/\/www.scuola.cl\/sivm\/gala-taller-dance-hip-hop\/\",\"url\":\"https:\/\/www.scuola.cl\/sivm\/gala-taller-dance-hip-hop\/\",\"name\":\"Gala Taller Dance Hip Hop - Scuola Italiana\",\"isPartOf\":{\"@id\":\"https:\/\/www.scuola.cl\/sivm\/#website\"},\"primaryImageOfPage\":{\"@id\":\"https:\/\/www.scuola.cl\/sivm\/gala-taller-dance-hip-hop\/#primaryimage\"},\"image\":{\"@id\":\"https:\/\/www.scuola.cl\/sivm\/gala-taller-dance-hip-hop\/#primaryimage\"},\"thumbnailUrl\":\"https:\/\/www.scuola.cl\/sivm\/wp-content\/uploads\/2024\/11\/gala-gym.jpeg\",\"datePublished\":\"2024-11-26T13:48:23+00:00\",\"dateModified\":\"2024-11-26T13:52:31+00:00\",\"breadcrumb\":{\"@id\":\"https:\/\/www.scuola.cl\/sivm\/gala-taller-dance-hip-hop\/#breadcrumb\"},\"inLanguage\":\"es\",\"potentialAction\":[{\"@type\":\"ReadAction\",\"target\":[\"https:\/\/www.scuola.cl\/sivm\/gala-taller-dance-hip-hop\/\"]}]},{\"@type\":\"ImageObject\",\"inLanguage\":\"es\",\"@id\":\"https:\/\/www.scuola.cl\/sivm\/gala-taller-dance-hip-hop\/#primaryimage\",\"url\":\"https:\/\/www.scuola.cl\/sivm\/wp-content\/uploads\/2024\/11\/gala-gym.jpeg\",\"contentUrl\":\"https:\/\/www.scuola.cl\/sivm\/wp-content\/uploads\/2024\/11\/gala-gym.jpeg\",\"width\":900,\"height\":610},{\"@type\":\"BreadcrumbList\",\"@id\":\"https:\/\/www.scuola.cl\/sivm\/gala-taller-dance-hip-hop\/#breadcrumb\",\"itemListElement\":[{\"@type\":\"ListItem\",\"position\":1,\"name\":\"Inicio\",\"item\":\"https:\/\/www.scuola.cl\/sivm\/\"},{\"@type\":\"ListItem\",\"position\":2,\"name\":\"Noticias\",\"item\":\"https:\/\/www.scuola.cl\/sivm\/category\/noticias\/\"},{\"@type\":\"ListItem\",\"position\":3,\"name\":\"Gala Taller Dance Hip Hop\"}]},{\"@type\":\"WebSite\",\"@id\":\"https:\/\/www.scuola.cl\/sivm\/#website\",\"url\":\"https:\/\/www.scuola.cl\/sivm\/\",\"name\":\"Scuola Italiana\",\"description\":\"Vittorio Montiglio\",\"publisher\":{\"@id\":\"https:\/\/www.scuola.cl\/sivm\/#organization\"},\"potentialAction\":[{\"@type\":\"SearchAction\",\"target\":{\"@type\":\"EntryPoint\",\"urlTemplate\":\"https:\/\/www.scuola.cl\/sivm\/?s={search_term_string}\"},\"query-input\":{\"@type\":\"PropertyValueSpecification\",\"valueRequired\":true,\"valueName\":\"search_term_string\"}}],\"inLanguage\":\"es\"},{\"@type\":\"Organization\",\"@id\":\"https:\/\/www.scuola.cl\/sivm\/#organization\",\"name\":\"Scuola Italiana Vittorio Montiglio\",\"url\":\"https:\/\/www.scuola.cl\/sivm\/\",\"logo\":{\"@type\":\"ImageObject\",\"inLanguage\":\"es\",\"@id\":\"https:\/\/www.scuola.cl\/sivm\/#\/schema\/logo\/image\/\",\"url\":\"https:\/\/www.scuola.cl\/sivm\/wp-content\/uploads\/2019\/06\/Logo_Scuola-01-001-1000x1000.png\",\"contentUrl\":\"https:\/\/www.scuola.cl\/sivm\/wp-content\/uploads\/2019\/06\/Logo_Scuola-01-001-1000x1000.png\",\"width\":1000,\"height\":1000,\"caption\":\"Scuola Italiana Vittorio Montiglio\"},\"image\":{\"@id\":\"https:\/\/www.scuola.cl\/sivm\/#\/schema\/logo\/image\/\"}},{\"@type\":\"Person\",\"@id\":\"https:\/\/www.scuola.cl\/sivm\/#\/schema\/person\/2ac68abc1b548ee6d8e16c4d3727d1b2\",\"name\":\"Comunicaciones\",\"image\":{\"@type\":\"ImageObject\",\"inLanguage\":\"es\",\"@id\":\"https:\/\/www.scuola.cl\/sivm\/#\/schema\/person\/image\/\",\"url\":\"https:\/\/secure.gravatar.com\/avatar\/0b29fd7cdce1ec9939eded19ce85d6ed73acf03fb52d098b0641aed356fe6aeb?s=96&d=mm&r=g\",\"contentUrl\":\"https:\/\/secure.gravatar.com\/avatar\/0b29fd7cdce1ec9939eded19ce85d6ed73acf03fb52d098b0641aed356fe6aeb?s=96&d=mm&r=g\",\"caption\":\"Comunicaciones\"},\"url\":\"https:\/\/www.scuola.cl\/sivm\/author\/comunicaciones-scuola\/\"}]}<\/script>\n<!-- \/ Yoast SEO plugin. -->","yoast_head_json":{"title":"Gala Taller Dance Hip Hop - Scuola Italiana","robots":{"index":"index","follow":"follow","max-snippet":"max-snippet:-1","max-image-preview":"max-image-preview:large","max-video-preview":"max-video-preview:-1"},"canonical":"https:\/\/www.scuola.cl\/sivm\/gala-taller-dance-hip-hop\/","og_locale":"es_ES","og_type":"article","og_title":"Gala Taller Dance Hip Hop - Scuola Italiana","og_description":"El 23 de noviembre, se llev\u00f3 a cabo la Gala del Taller Dance Hip Hop en el Teatro Verdi, donde nuestros bailarines de 1\u00b0 a 5\u00b0 B\u00e1sico dieron lo mejor de s\u00ed en un incre\u00edble espect\u00e1culo. Felicidades a todos por el trabajo realizado.","og_url":"https:\/\/www.scuola.cl\/sivm\/gala-taller-dance-hip-hop\/","og_site_name":"Scuola Italiana","article_published_time":"2024-11-26T13:48:23+00:00","article_modified_time":"2024-11-26T13:52:31+00:00","og_image":[{"width":900,"height":610,"url":"https:\/\/www.scuola.cl\/sivm\/wp-content\/uploads\/2024\/11\/gala-gym.jpeg","type":"image\/jpeg"}],"author":"Comunicaciones","twitter_card":"summary_large_image","twitter_misc":{"Escrito por":"Comunicaciones","Tiempo de lectura":"2 minutos"},"schema":{"@context":"https:\/\/schema.org","@graph":[{"@type":"Article","@id":"https:\/\/www.scuola.cl\/sivm\/gala-taller-dance-hip-hop\/#article","isPartOf":{"@id":"https:\/\/www.scuola.cl\/sivm\/gala-taller-dance-hip-hop\/"},"author":{"name":"Comunicaciones","@id":"https:\/\/www.scuola.cl\/sivm\/#\/schema\/person\/2ac68abc1b548ee6d8e16c4d3727d1b2"},"headline":"Gala Taller Dance Hip Hop","datePublished":"2024-11-26T13:48:23+00:00","dateModified":"2024-11-26T13:52:31+00:00","mainEntityOfPage":{"@id":"https:\/\/www.scuola.cl\/sivm\/gala-taller-dance-hip-hop\/"},"wordCount":164,"publisher":{"@id":"https:\/\/www.scuola.cl\/sivm\/#organization"},"image":{"@id":"https:\/\/www.scuola.cl\/sivm\/gala-taller-dance-hip-hop\/#primaryimage"},"thumbnailUrl":"https:\/\/www.scuola.cl\/sivm\/wp-content\/uploads\/2024\/11\/gala-gym.jpeg","articleSection":["Deportes","Deportes","Noticias"],"inLanguage":"es"},{"@type":"WebPage","@id":"https:\/\/www.scuola.cl\/sivm\/gala-taller-dance-hip-hop\/","url":"https:\/\/www.scuola.cl\/sivm\/gala-taller-dance-hip-hop\/","name":"Gala Taller Dance Hip Hop - Scuola Italiana","isPartOf":{"@id":"https:\/\/www.scuola.cl\/sivm\/#website"},"primaryImageOfPage":{"@id":"https:\/\/www.scuola.cl\/sivm\/gala-taller-dance-hip-hop\/#primaryimage"},"image":{"@id":"https:\/\/www.scuola.cl\/sivm\/gala-taller-dance-hip-hop\/#primaryimage"},"thumbnailUrl":"https:\/\/www.scuola.cl\/sivm\/wp-content\/uploads\/2024\/11\/gala-gym.jpeg","datePublished":"2024-11-26T13:48:23+00:00","dateModified":"2024-11-26T13:52:31+00:00","breadcrumb":{"@id":"https:\/\/www.scuola.cl\/sivm\/gala-taller-dance-hip-hop\/#breadcrumb"},"inLanguage":"es","potentialAction":[{"@type":"ReadAction","target":["https:\/\/www.scuola.cl\/sivm\/gala-taller-dance-hip-hop\/"]}]},{"@type":"ImageObject","inLanguage":"es","@id":"https:\/\/www.scuola.cl\/sivm\/gala-taller-dance-hip-hop\/#primaryimage","url":"https:\/\/www.scuola.cl\/sivm\/wp-content\/uploads\/2024\/11\/gala-gym.jpeg","contentUrl":"https:\/\/www.scuola.cl\/sivm\/wp-content\/uploads\/2024\/11\/gala-gym.jpeg","width":900,"height":610},{"@type":"BreadcrumbList","@id":"https:\/\/www.scuola.cl\/sivm\/gala-taller-dance-hip-hop\/#breadcrumb","itemListElement":[{"@type":"ListItem","position":1,"name":"Inicio","item":"https:\/\/www.scuola.cl\/sivm\/"},{"@type":"ListItem","position":2,"name":"Noticias","item":"https:\/\/www.scuola.cl\/sivm\/category\/noticias\/"},{"@type":"ListItem","position":3,"name":"Gala Taller Dance Hip Hop"}]},{"@type":"WebSite","@id":"https:\/\/www.scuola.cl\/sivm\/#website","url":"https:\/\/www.scuola.cl\/sivm\/","name":"Scuola Italiana","description":"Vittorio Montiglio","publisher":{"@id":"https:\/\/www.scuola.cl\/sivm\/#organization"},"potentialAction":[{"@type":"SearchAction","target":{"@type":"EntryPoint","urlTemplate":"https:\/\/www.scuola.cl\/sivm\/?s={search_term_string}"},"query-input":{"@type":"PropertyValueSpecification","valueRequired":true,"valueName":"search_term_string"}}],"inLanguage":"es"},{"@type":"Organization","@id":"https:\/\/www.scuola.cl\/sivm\/#organization","name":"Scuola Italiana Vittorio Montiglio","url":"https:\/\/www.scuola.cl\/sivm\/","logo":{"@type":"ImageObject","inLanguage":"es","@id":"https:\/\/www.scuola.cl\/sivm\/#\/schema\/logo\/image\/","url":"https:\/\/www.scuola.cl\/sivm\/wp-content\/uploads\/2019\/06\/Logo_Scuola-01-001-1000x1000.png","contentUrl":"https:\/\/www.scuola.cl\/sivm\/wp-content\/uploads\/2019\/06\/Logo_Scuola-01-001-1000x1000.png","width":1000,"height":1000,"caption":"Scuola Italiana Vittorio Montiglio"},"image":{"@id":"https:\/\/www.scuola.cl\/sivm\/#\/schema\/logo\/image\/"}},{"@type":"Person","@id":"https:\/\/www.scuola.cl\/sivm\/#\/schema\/person\/2ac68abc1b548ee6d8e16c4d3727d1b2","name":"Comunicaciones","image":{"@type":"ImageObject","inLanguage":"es","@id":"https:\/\/www.scuola.cl\/sivm\/#\/schema\/person\/image\/","url":"https:\/\/secure.gravatar.com\/avatar\/0b29fd7cdce1ec9939eded19ce85d6ed73acf03fb52d098b0641aed356fe6aeb?s=96&d=mm&r=g","contentUrl":"https:\/\/secure.gravatar.com\/avatar\/0b29fd7cdce1ec9939eded19ce85d6ed73acf03fb52d098b0641aed356fe6aeb?s=96&d=mm&r=g","caption":"Comunicaciones"},"url":"https:\/\/www.scuola.cl\/sivm\/author\/comunicaciones-scuola\/"}]}},"_links":{"self":[{"href":"https:\/\/www.scuola.cl\/sivm\/wp-json\/wp\/v2\/posts\/27573","targetHints":{"allow":["GET"]}}],"collection":[{"href":"https:\/\/www.scuola.cl\/sivm\/wp-json\/wp\/v2\/posts"}],"about":[{"href":"https:\/\/www.scuola.cl\/sivm\/wp-json\/wp\/v2\/types\/post"}],"author":[{"embeddable":true,"href":"https:\/\/www.scuola.cl\/sivm\/wp-json\/wp\/v2\/users\/2"}],"replies":[{"embeddable":true,"href":"https:\/\/www.scuola.cl\/sivm\/wp-json\/wp\/v2\/comments?post=27573"}],"version-history":[{"count":7,"href":"https:\/\/www.scuola.cl\/sivm\/wp-json\/wp\/v2\/posts\/27573\/revisions"}],"predecessor-version":[{"id":27582,"href":"https:\/\/www.scuola.cl\/sivm\/wp-json\/wp\/v2\/posts\/27573\/revisions\/27582"}],"wp:featuredmedia":[{"embeddable":true,"href":"https:\/\/www.scuola.cl\/sivm\/wp-json\/wp\/v2\/media\/27574"}],"wp:attachment":[{"href":"https:\/\/www.scuola.cl\/sivm\/wp-json\/wp\/v2\/media?parent=27573"}],"wp:term":[{"taxonomy":"category","embeddable":true,"href":"https:\/\/www.scuola.cl\/sivm\/wp-json\/wp\/v2\/categories?post=27573"},{"taxonomy":"post_tag","embeddable":true,"href":"https:\/\/www.scuola.cl\/sivm\/wp-json\/wp\/v2\/tags?post=27573"}],"curies":[{"name":"wp","href":"https:\/\/api.w.org\/{rel}","templated":true}]}}