{"id":27530,"date":"2024-10-15T16:06:54","date_gmt":"2024-10-15T19:06:54","guid":{"rendered":"https:\/\/www.scuola.cl\/sivm\/?p=27530"},"modified":"2024-11-21T16:15:47","modified_gmt":"2024-11-21T19:15:47","slug":"masivo-de-basquetbol","status":"publish","type":"post","link":"https:\/\/www.scuola.cl\/sivm\/masivo-de-basquetbol\/","title":{"rendered":"Masivo de B\u00e1squetbol"},"content":{"rendered":"\n<p>(Por deportessivm)\u00a0\u00a0<\/p>\n<p>El s\u00e1bado 12 de octubre, las categor\u00edas formativas de nuestra Scuola fueron invitadas a participar a un Encuentro Masivo en el colegio Sagrados Corazones de Alameda.<br \/><br \/>Comenzaron jugando los chicos de 1\u00b0 y 2\u00b0 B\u00e1sico en la categor\u00eda U8, d\u00f3nde llegaron 12 ni\u00f1os y ni\u00f1as a representar al colegio. Esta fue su primera experiencia jugando con otros colegios y la verdad quedaron encantados.<br \/><br \/>Luego, los chicos 3\u00b0 y 4\u00b0 B\u00e1sico jugaron por m\u00e1s de 2 horas sin descanso, compartiendo con compa\u00f1eros de otros colegios de manera formativa.<br \/><br \/>Sin duda fue excelente experiencia que tendremos que repetir!\u00a0<\/p>\n<p><a href=\"https:\/\/www.instagram.com\/p\/DBGv-dguUyD\/?img_index=1\" target=\"_blank\" rel=\"noopener\">Ver fotos<\/a><\/p>\n<p><img loading=\"lazy\" decoding=\"async\" class=\"alignnone wp-image-27238 size-large\" src=\"https:\/\/www.scuola.cl\/sivm\/wp-content\/uploads\/2024\/11\/Captura-de-pantalla-2024-11-04-140731-700x511.jpg\" alt=\"\" width=\"700\" height=\"511\" srcset=\"https:\/\/www.scuola.cl\/sivm\/wp-content\/uploads\/2024\/11\/Captura-de-pantalla-2024-11-04-140731-700x511.jpg 700w, https:\/\/www.scuola.cl\/sivm\/wp-content\/uploads\/2024\/11\/Captura-de-pantalla-2024-11-04-140731-250x183.jpg 250w, https:\/\/www.scuola.cl\/sivm\/wp-content\/uploads\/2024\/11\/Captura-de-pantalla-2024-11-04-140731-768x561.jpg 768w, https:\/\/www.scuola.cl\/sivm\/wp-content\/uploads\/2024\/11\/Captura-de-pantalla-2024-11-04-140731-120x88.jpg 120w, https:\/\/www.scuola.cl\/sivm\/wp-content\/uploads\/2024\/11\/Captura-de-pantalla-2024-11-04-140731.jpg 793w\" sizes=\"auto, (max-width: 700px) 100vw, 700px\" \/><\/p>\n<p>\u00a0<\/p>\n<p>\u00a0<\/p>\n","protected":false},"excerpt":{"rendered":"El s\u00e1bado 12 de octubre, las categor\u00edas formativas de nuestra Scuola fueron invitadas a participar a un Encuentro Masivo en el colegio Sagrados Corazones de Alameda. Sin duda fue excelente experiencia que tendremos que repetir!","protected":false},"author":2,"featured_media":27238,"comment_status":"closed","ping_status":"closed","sticky":false,"template":"","format":"standard","meta":{"_acf_changed":false,"footnotes":""},"categories":[39,12,5,1],"tags":[],"class_list":["post-27530","post","type-post","status-publish","format-standard","has-post-thumbnail","hentry","category-deportes-2","category-deportes","category-noticias","category-sin-categoria"],"acf":[],"yoast_head":"<!-- This site is optimized with the Yoast SEO plugin v27.1.1 - https:\/\/yoast.com\/product\/yoast-seo-wordpress\/ -->\n<title>Masivo de B\u00e1squetbol - Scuola Italiana<\/title>\n<meta name=\"robots\" content=\"index, follow, max-snippet:-1, max-image-preview:large, max-video-preview:-1\" \/>\n<link rel=\"canonical\" href=\"https:\/\/www.scuola.cl\/sivm\/masivo-de-basquetbol\/\" \/>\n<meta property=\"og:locale\" content=\"es_ES\" \/>\n<meta property=\"og:type\" content=\"article\" \/>\n<meta property=\"og:title\" content=\"Masivo de B\u00e1squetbol - Scuola Italiana\" \/>\n<meta property=\"og:description\" content=\"El s\u00e1bado 12 de octubre, las categor\u00edas formativas de nuestra Scuola fueron invitadas a participar a un Encuentro Masivo en el colegio Sagrados Corazones de Alameda. Sin duda fue excelente experiencia que tendremos que repetir!\" \/>\n<meta property=\"og:url\" content=\"https:\/\/www.scuola.cl\/sivm\/masivo-de-basquetbol\/\" \/>\n<meta property=\"og:site_name\" content=\"Scuola Italiana\" \/>\n<meta property=\"article:published_time\" content=\"2024-10-15T19:06:54+00:00\" \/>\n<meta property=\"article:modified_time\" content=\"2024-11-21T19:15:47+00:00\" \/>\n<meta property=\"og:image\" content=\"https:\/\/www.scuola.cl\/sivm\/wp-content\/uploads\/2024\/11\/Captura-de-pantalla-2024-11-04-140731.jpg\" \/>\n\t<meta property=\"og:image:width\" content=\"793\" \/>\n\t<meta property=\"og:image:height\" content=\"579\" \/>\n\t<meta property=\"og:image:type\" content=\"image\/jpeg\" \/>\n<meta name=\"author\" content=\"Comunicaciones\" \/>\n<meta name=\"twitter:card\" content=\"summary_large_image\" \/>\n<meta name=\"twitter:label1\" content=\"Escrito por\" \/>\n\t<meta name=\"twitter:data1\" content=\"Comunicaciones\" \/>\n\t<meta name=\"twitter:label2\" content=\"Tiempo de lectura\" \/>\n\t<meta name=\"twitter:data2\" content=\"1 minuto\" \/>\n<script type=\"application\/ld+json\" class=\"yoast-schema-graph\">{\"@context\":\"https:\/\/schema.org\",\"@graph\":[{\"@type\":\"Article\",\"@id\":\"https:\/\/www.scuola.cl\/sivm\/masivo-de-basquetbol\/#article\",\"isPartOf\":{\"@id\":\"https:\/\/www.scuola.cl\/sivm\/masivo-de-basquetbol\/\"},\"author\":{\"name\":\"Comunicaciones\",\"@id\":\"https:\/\/www.scuola.cl\/sivm\/#\/schema\/person\/2ac68abc1b548ee6d8e16c4d3727d1b2\"},\"headline\":\"Masivo de B\u00e1squetbol\",\"datePublished\":\"2024-10-15T19:06:54+00:00\",\"dateModified\":\"2024-11-21T19:15:47+00:00\",\"mainEntityOfPage\":{\"@id\":\"https:\/\/www.scuola.cl\/sivm\/masivo-de-basquetbol\/\"},\"wordCount\":107,\"publisher\":{\"@id\":\"https:\/\/www.scuola.cl\/sivm\/#organization\"},\"image\":{\"@id\":\"https:\/\/www.scuola.cl\/sivm\/masivo-de-basquetbol\/#primaryimage\"},\"thumbnailUrl\":\"https:\/\/www.scuola.cl\/sivm\/wp-content\/uploads\/2024\/11\/Captura-de-pantalla-2024-11-04-140731.jpg\",\"articleSection\":[\"Deportes\",\"Deportes\",\"Noticias\"],\"inLanguage\":\"es\"},{\"@type\":\"WebPage\",\"@id\":\"https:\/\/www.scuola.cl\/sivm\/masivo-de-basquetbol\/\",\"url\":\"https:\/\/www.scuola.cl\/sivm\/masivo-de-basquetbol\/\",\"name\":\"Masivo de B\u00e1squetbol - Scuola Italiana\",\"isPartOf\":{\"@id\":\"https:\/\/www.scuola.cl\/sivm\/#website\"},\"primaryImageOfPage\":{\"@id\":\"https:\/\/www.scuola.cl\/sivm\/masivo-de-basquetbol\/#primaryimage\"},\"image\":{\"@id\":\"https:\/\/www.scuola.cl\/sivm\/masivo-de-basquetbol\/#primaryimage\"},\"thumbnailUrl\":\"https:\/\/www.scuola.cl\/sivm\/wp-content\/uploads\/2024\/11\/Captura-de-pantalla-2024-11-04-140731.jpg\",\"datePublished\":\"2024-10-15T19:06:54+00:00\",\"dateModified\":\"2024-11-21T19:15:47+00:00\",\"breadcrumb\":{\"@id\":\"https:\/\/www.scuola.cl\/sivm\/masivo-de-basquetbol\/#breadcrumb\"},\"inLanguage\":\"es\",\"potentialAction\":[{\"@type\":\"ReadAction\",\"target\":[\"https:\/\/www.scuola.cl\/sivm\/masivo-de-basquetbol\/\"]}]},{\"@type\":\"ImageObject\",\"inLanguage\":\"es\",\"@id\":\"https:\/\/www.scuola.cl\/sivm\/masivo-de-basquetbol\/#primaryimage\",\"url\":\"https:\/\/www.scuola.cl\/sivm\/wp-content\/uploads\/2024\/11\/Captura-de-pantalla-2024-11-04-140731.jpg\",\"contentUrl\":\"https:\/\/www.scuola.cl\/sivm\/wp-content\/uploads\/2024\/11\/Captura-de-pantalla-2024-11-04-140731.jpg\",\"width\":793,\"height\":579},{\"@type\":\"BreadcrumbList\",\"@id\":\"https:\/\/www.scuola.cl\/sivm\/masivo-de-basquetbol\/#breadcrumb\",\"itemListElement\":[{\"@type\":\"ListItem\",\"position\":1,\"name\":\"Inicio\",\"item\":\"https:\/\/www.scuola.cl\/sivm\/\"},{\"@type\":\"ListItem\",\"position\":2,\"name\":\"Sin categor\u00eda\",\"item\":\"https:\/\/www.scuola.cl\/sivm\/category\/sin-categoria\/\"},{\"@type\":\"ListItem\",\"position\":3,\"name\":\"Masivo de B\u00e1squetbol\"}]},{\"@type\":\"WebSite\",\"@id\":\"https:\/\/www.scuola.cl\/sivm\/#website\",\"url\":\"https:\/\/www.scuola.cl\/sivm\/\",\"name\":\"Scuola Italiana\",\"description\":\"Vittorio Montiglio\",\"publisher\":{\"@id\":\"https:\/\/www.scuola.cl\/sivm\/#organization\"},\"potentialAction\":[{\"@type\":\"SearchAction\",\"target\":{\"@type\":\"EntryPoint\",\"urlTemplate\":\"https:\/\/www.scuola.cl\/sivm\/?s={search_term_string}\"},\"query-input\":{\"@type\":\"PropertyValueSpecification\",\"valueRequired\":true,\"valueName\":\"search_term_string\"}}],\"inLanguage\":\"es\"},{\"@type\":\"Organization\",\"@id\":\"https:\/\/www.scuola.cl\/sivm\/#organization\",\"name\":\"Scuola Italiana Vittorio Montiglio\",\"url\":\"https:\/\/www.scuola.cl\/sivm\/\",\"logo\":{\"@type\":\"ImageObject\",\"inLanguage\":\"es\",\"@id\":\"https:\/\/www.scuola.cl\/sivm\/#\/schema\/logo\/image\/\",\"url\":\"https:\/\/www.scuola.cl\/sivm\/wp-content\/uploads\/2019\/06\/Logo_Scuola-01-001-1000x1000.png\",\"contentUrl\":\"https:\/\/www.scuola.cl\/sivm\/wp-content\/uploads\/2019\/06\/Logo_Scuola-01-001-1000x1000.png\",\"width\":1000,\"height\":1000,\"caption\":\"Scuola Italiana Vittorio Montiglio\"},\"image\":{\"@id\":\"https:\/\/www.scuola.cl\/sivm\/#\/schema\/logo\/image\/\"}},{\"@type\":\"Person\",\"@id\":\"https:\/\/www.scuola.cl\/sivm\/#\/schema\/person\/2ac68abc1b548ee6d8e16c4d3727d1b2\",\"name\":\"Comunicaciones\",\"image\":{\"@type\":\"ImageObject\",\"inLanguage\":\"es\",\"@id\":\"https:\/\/www.scuola.cl\/sivm\/#\/schema\/person\/image\/\",\"url\":\"https:\/\/secure.gravatar.com\/avatar\/0b29fd7cdce1ec9939eded19ce85d6ed73acf03fb52d098b0641aed356fe6aeb?s=96&d=mm&r=g\",\"contentUrl\":\"https:\/\/secure.gravatar.com\/avatar\/0b29fd7cdce1ec9939eded19ce85d6ed73acf03fb52d098b0641aed356fe6aeb?s=96&d=mm&r=g\",\"caption\":\"Comunicaciones\"},\"url\":\"https:\/\/www.scuola.cl\/sivm\/author\/comunicaciones-scuola\/\"}]}<\/script>\n<!-- \/ Yoast SEO plugin. -->","yoast_head_json":{"title":"Masivo de B\u00e1squetbol - Scuola Italiana","robots":{"index":"index","follow":"follow","max-snippet":"max-snippet:-1","max-image-preview":"max-image-preview:large","max-video-preview":"max-video-preview:-1"},"canonical":"https:\/\/www.scuola.cl\/sivm\/masivo-de-basquetbol\/","og_locale":"es_ES","og_type":"article","og_title":"Masivo de B\u00e1squetbol - Scuola Italiana","og_description":"El s\u00e1bado 12 de octubre, las categor\u00edas formativas de nuestra Scuola fueron invitadas a participar a un Encuentro Masivo en el colegio Sagrados Corazones de Alameda. Sin duda fue excelente experiencia que tendremos que repetir!","og_url":"https:\/\/www.scuola.cl\/sivm\/masivo-de-basquetbol\/","og_site_name":"Scuola Italiana","article_published_time":"2024-10-15T19:06:54+00:00","article_modified_time":"2024-11-21T19:15:47+00:00","og_image":[{"width":793,"height":579,"url":"https:\/\/www.scuola.cl\/sivm\/wp-content\/uploads\/2024\/11\/Captura-de-pantalla-2024-11-04-140731.jpg","type":"image\/jpeg"}],"author":"Comunicaciones","twitter_card":"summary_large_image","twitter_misc":{"Escrito por":"Comunicaciones","Tiempo de lectura":"1 minuto"},"schema":{"@context":"https:\/\/schema.org","@graph":[{"@type":"Article","@id":"https:\/\/www.scuola.cl\/sivm\/masivo-de-basquetbol\/#article","isPartOf":{"@id":"https:\/\/www.scuola.cl\/sivm\/masivo-de-basquetbol\/"},"author":{"name":"Comunicaciones","@id":"https:\/\/www.scuola.cl\/sivm\/#\/schema\/person\/2ac68abc1b548ee6d8e16c4d3727d1b2"},"headline":"Masivo de B\u00e1squetbol","datePublished":"2024-10-15T19:06:54+00:00","dateModified":"2024-11-21T19:15:47+00:00","mainEntityOfPage":{"@id":"https:\/\/www.scuola.cl\/sivm\/masivo-de-basquetbol\/"},"wordCount":107,"publisher":{"@id":"https:\/\/www.scuola.cl\/sivm\/#organization"},"image":{"@id":"https:\/\/www.scuola.cl\/sivm\/masivo-de-basquetbol\/#primaryimage"},"thumbnailUrl":"https:\/\/www.scuola.cl\/sivm\/wp-content\/uploads\/2024\/11\/Captura-de-pantalla-2024-11-04-140731.jpg","articleSection":["Deportes","Deportes","Noticias"],"inLanguage":"es"},{"@type":"WebPage","@id":"https:\/\/www.scuola.cl\/sivm\/masivo-de-basquetbol\/","url":"https:\/\/www.scuola.cl\/sivm\/masivo-de-basquetbol\/","name":"Masivo de B\u00e1squetbol - Scuola Italiana","isPartOf":{"@id":"https:\/\/www.scuola.cl\/sivm\/#website"},"primaryImageOfPage":{"@id":"https:\/\/www.scuola.cl\/sivm\/masivo-de-basquetbol\/#primaryimage"},"image":{"@id":"https:\/\/www.scuola.cl\/sivm\/masivo-de-basquetbol\/#primaryimage"},"thumbnailUrl":"https:\/\/www.scuola.cl\/sivm\/wp-content\/uploads\/2024\/11\/Captura-de-pantalla-2024-11-04-140731.jpg","datePublished":"2024-10-15T19:06:54+00:00","dateModified":"2024-11-21T19:15:47+00:00","breadcrumb":{"@id":"https:\/\/www.scuola.cl\/sivm\/masivo-de-basquetbol\/#breadcrumb"},"inLanguage":"es","potentialAction":[{"@type":"ReadAction","target":["https:\/\/www.scuola.cl\/sivm\/masivo-de-basquetbol\/"]}]},{"@type":"ImageObject","inLanguage":"es","@id":"https:\/\/www.scuola.cl\/sivm\/masivo-de-basquetbol\/#primaryimage","url":"https:\/\/www.scuola.cl\/sivm\/wp-content\/uploads\/2024\/11\/Captura-de-pantalla-2024-11-04-140731.jpg","contentUrl":"https:\/\/www.scuola.cl\/sivm\/wp-content\/uploads\/2024\/11\/Captura-de-pantalla-2024-11-04-140731.jpg","width":793,"height":579},{"@type":"BreadcrumbList","@id":"https:\/\/www.scuola.cl\/sivm\/masivo-de-basquetbol\/#breadcrumb","itemListElement":[{"@type":"ListItem","position":1,"name":"Inicio","item":"https:\/\/www.scuola.cl\/sivm\/"},{"@type":"ListItem","position":2,"name":"Sin categor\u00eda","item":"https:\/\/www.scuola.cl\/sivm\/category\/sin-categoria\/"},{"@type":"ListItem","position":3,"name":"Masivo de B\u00e1squetbol"}]},{"@type":"WebSite","@id":"https:\/\/www.scuola.cl\/sivm\/#website","url":"https:\/\/www.scuola.cl\/sivm\/","name":"Scuola Italiana","description":"Vittorio Montiglio","publisher":{"@id":"https:\/\/www.scuola.cl\/sivm\/#organization"},"potentialAction":[{"@type":"SearchAction","target":{"@type":"EntryPoint","urlTemplate":"https:\/\/www.scuola.cl\/sivm\/?s={search_term_string}"},"query-input":{"@type":"PropertyValueSpecification","valueRequired":true,"valueName":"search_term_string"}}],"inLanguage":"es"},{"@type":"Organization","@id":"https:\/\/www.scuola.cl\/sivm\/#organization","name":"Scuola Italiana Vittorio Montiglio","url":"https:\/\/www.scuola.cl\/sivm\/","logo":{"@type":"ImageObject","inLanguage":"es","@id":"https:\/\/www.scuola.cl\/sivm\/#\/schema\/logo\/image\/","url":"https:\/\/www.scuola.cl\/sivm\/wp-content\/uploads\/2019\/06\/Logo_Scuola-01-001-1000x1000.png","contentUrl":"https:\/\/www.scuola.cl\/sivm\/wp-content\/uploads\/2019\/06\/Logo_Scuola-01-001-1000x1000.png","width":1000,"height":1000,"caption":"Scuola Italiana Vittorio Montiglio"},"image":{"@id":"https:\/\/www.scuola.cl\/sivm\/#\/schema\/logo\/image\/"}},{"@type":"Person","@id":"https:\/\/www.scuola.cl\/sivm\/#\/schema\/person\/2ac68abc1b548ee6d8e16c4d3727d1b2","name":"Comunicaciones","image":{"@type":"ImageObject","inLanguage":"es","@id":"https:\/\/www.scuola.cl\/sivm\/#\/schema\/person\/image\/","url":"https:\/\/secure.gravatar.com\/avatar\/0b29fd7cdce1ec9939eded19ce85d6ed73acf03fb52d098b0641aed356fe6aeb?s=96&d=mm&r=g","contentUrl":"https:\/\/secure.gravatar.com\/avatar\/0b29fd7cdce1ec9939eded19ce85d6ed73acf03fb52d098b0641aed356fe6aeb?s=96&d=mm&r=g","caption":"Comunicaciones"},"url":"https:\/\/www.scuola.cl\/sivm\/author\/comunicaciones-scuola\/"}]}},"_links":{"self":[{"href":"https:\/\/www.scuola.cl\/sivm\/wp-json\/wp\/v2\/posts\/27530","targetHints":{"allow":["GET"]}}],"collection":[{"href":"https:\/\/www.scuola.cl\/sivm\/wp-json\/wp\/v2\/posts"}],"about":[{"href":"https:\/\/www.scuola.cl\/sivm\/wp-json\/wp\/v2\/types\/post"}],"author":[{"embeddable":true,"href":"https:\/\/www.scuola.cl\/sivm\/wp-json\/wp\/v2\/users\/2"}],"replies":[{"embeddable":true,"href":"https:\/\/www.scuola.cl\/sivm\/wp-json\/wp\/v2\/comments?post=27530"}],"version-history":[{"count":2,"href":"https:\/\/www.scuola.cl\/sivm\/wp-json\/wp\/v2\/posts\/27530\/revisions"}],"predecessor-version":[{"id":27532,"href":"https:\/\/www.scuola.cl\/sivm\/wp-json\/wp\/v2\/posts\/27530\/revisions\/27532"}],"wp:featuredmedia":[{"embeddable":true,"href":"https:\/\/www.scuola.cl\/sivm\/wp-json\/wp\/v2\/media\/27238"}],"wp:attachment":[{"href":"https:\/\/www.scuola.cl\/sivm\/wp-json\/wp\/v2\/media?parent=27530"}],"wp:term":[{"taxonomy":"category","embeddable":true,"href":"https:\/\/www.scuola.cl\/sivm\/wp-json\/wp\/v2\/categories?post=27530"},{"taxonomy":"post_tag","embeddable":true,"href":"https:\/\/www.scuola.cl\/sivm\/wp-json\/wp\/v2\/tags?post=27530"}],"curies":[{"name":"wp","href":"https:\/\/api.w.org\/{rel}","templated":true}]}}